{"id":9504,"date":"2023-10-05T10:30:00","date_gmt":"2023-10-05T08:30:00","guid":{"rendered":"https:\/\/www.frecan.es\/blog\/?p=9504"},"modified":"2023-10-03T09:01:45","modified_gmt":"2023-10-03T07:01:45","slug":"comment-fuir-de-lennui-au-design-de-votre-cuisine","status":"publish","type":"post","link":"https:\/\/www.frecan.es\/blog\/fr\/comment-fuir-de-lennui-au-design-de-votre-cuisine\/","title":{"rendered":"Comment fuir de l\u2019ennui au design de votre cuisine ?"},"content":{"rendered":"<h2 style=\"color: #949494; font-size: 24px; line-height: 26px; margin-top: -20px;\">Laisse-nous vous emmener vers un monde de possibilit\u00e9s !<\/h2>\n<h4><!--more--><\/h4>\n<p>Les hottes de cuisine invisibles sont une tendance croissante, et c\u2019est d\u00fb \u00e0 son int\u00e9gration dans n\u2019importe quel design et style de cuisine, devenant pratiquement imperceptibles.<\/p>\n<p>Cherchez-vous \u00e0 \u00e9viter que la hotte attire l&rsquo;attention pour permettre \u00e0 d&rsquo;autres \u00e9l\u00e9ments de la cuisine, comme les meubles ou l&rsquo;\u00e9clairage, de se d\u00e9marquer ?<\/p>\n<p>Aujourd\u2019hui on vous raconte pourquoi la <strong>hotte plan de travail Flow 5 de Frecan<\/strong> est la meilleure option :<\/p>\n<p data-wp-editing=\"1\"><a href=\"https:\/\/www.frecan.fr\/hottes\/de-plan-de-travail\/flow-5\/\" target=\"_blank\" rel=\"noopener\"><img loading=\"lazy\" decoding=\"async\" width=\"1200\" height=\"675\" class=\"aligncenter wp-image-9452 size-full\" src=\"https:\/\/www.frecan.es\/blog\/wp-content\/uploads\/2023\/10\/frecan.jpg\" class=\"light\" srcset=\"https:\/\/www.frecan.es\/blog\/wp-content\/uploads\/2023\/10\/frecan.jpg 1200w, https:\/\/www.frecan.es\/blog\/wp-content\/uploads\/2023\/10\/frecan-300x169.jpg 300w, https:\/\/www.frecan.es\/blog\/wp-content\/uploads\/2023\/10\/frecan-1024x576.jpg 1024w, https:\/\/www.frecan.es\/blog\/wp-content\/uploads\/2023\/10\/frecan-768x432.jpg 768w, https:\/\/www.frecan.es\/blog\/wp-content\/uploads\/2023\/10\/frecan-800x450.jpg 800w\" sizes=\"auto, (max-width: 1200px) 100vw, 1200px\" \/><\/a><\/p>\n<p>Cette hotte ne g\u00eane ni la vue ni la lumi\u00e8re dans la cuisine et nous permet de voir ce que nous cuisinons sans obstacles, ce qui <strong>am\u00e9liore la s\u00e9curit\u00e9 et le confort<\/strong> lors de la cuisson.<\/p>\n<p>De plus, le Flow 5 a une <strong>esth\u00e9tique minimaliste<\/strong> qui le rend facile \u00e0 int\u00e9grer dans une grande vari\u00e9t\u00e9 de styles de conception de cuisine, du contemporain au traditionnel.<\/p>\n<p>De m\u00eame, son \u00e9l\u00e9gante finition en verre noir, sa s\u00e9rigraphie discr\u00e8te et sa commande tactile r\u00e9tro\u00e9clair\u00e9e rendent son utilisation extr\u00eamement simple et intuitive avec une l\u00e9g\u00e8re touche.<\/p>\n<p data-wp-editing=\"1\"><a href=\"https:\/\/www.frecan.fr\/hottes\/de-plan-de-travail\/flow-5\/\" target=\"_blank\" rel=\"noopener\"><img loading=\"lazy\" decoding=\"async\" width=\"1200\" height=\"378\" class=\"aligncenter wp-image-9484 size-full\" src=\"https:\/\/www.frecan.es\/blog\/wp-content\/uploads\/2023\/10\/Flow.jpg\" class=\"light\" srcset=\"https:\/\/www.frecan.es\/blog\/wp-content\/uploads\/2023\/10\/Flow.jpg 1200w, https:\/\/www.frecan.es\/blog\/wp-content\/uploads\/2023\/10\/Flow-300x95.jpg 300w, https:\/\/www.frecan.es\/blog\/wp-content\/uploads\/2023\/10\/Flow-1024x323.jpg 1024w, https:\/\/www.frecan.es\/blog\/wp-content\/uploads\/2023\/10\/Flow-768x242.jpg 768w, https:\/\/www.frecan.es\/blog\/wp-content\/uploads\/2023\/10\/Flow-800x252.jpg 800w\" sizes=\"auto, (max-width: 1200px) 100vw, 1200px\" \/><\/a><\/p>\n<p>Mais&#8230; Est-ce la meilleure option pour garder l&rsquo;air de la cuisine toujours frais ?<\/p>\n<p>Cela n\u00e9cessite-t-il un effort suppl\u00e9mentaire ? La hotte de surface Flow 5, avec son <strong>puissant syst\u00e8me d&rsquo;aspiration int\u00e9gr\u00e9<\/strong>, fait dispara\u00eetre les fum\u00e9es et les odeurs dans un clin d&rsquo;\u0153il.<\/p>\n<p>Ce mod\u00e8le est capable de g\u00e9n\u00e9rer un flux d&rsquo;air \u00e0 grande vitesse qui attire et \u00e9limine les fum\u00e9es et les graisses directement l\u00e0 o\u00f9 elles sont produites, au centre de la plaque de cuisson.<\/p>\n<p>Mais qu&rsquo;en est-il du bruit ? La hotte de surface Flow 5 est \u00e9quip\u00e9e du <strong>moteur R1300<\/strong>, si <strong>silencieux<\/strong> que vous n&rsquo;entendrez que le son que produisent les aliments lors de la cuisson.<\/p>\n<p>D&rsquo;autre part, Frecan s\u2019enorgueillie d&rsquo;offrir des produits d\u2019haute qualit\u00e9, qui r\u00e9sistent \u00e0 l&rsquo;\u00e9preuve du temps et sont faciles \u00e0 entretenir.<\/p>\n<p>Ce mod\u00e8le dispose donc d\u2019un <strong>bac de r\u00e9cup\u00e9ration des liquides<\/strong> enti\u00e8rement amovible pour un nettoyage en profondeur. Et tous les <strong>filtres inclus<\/strong> sont facilement d\u00e9montables et lavables au lave-vaisselle.<\/p>\n<p>&nbsp;<\/p>\n<p data-wp-editing=\"1\"><a href=\"https:\/\/www.frecan.fr\/hottes\/de-plan-de-travail\/flow-5\/\" target=\"_blank\" rel=\"noopener\"><img loading=\"lazy\" decoding=\"async\" width=\"900\" height=\"453\" class=\"aligncenter wp-image-9478\" src=\"https:\/\/www.frecan.es\/blog\/wp-content\/uploads\/2023\/10\/flow2.gif\" class=\"light\"><\/a><\/p>\n<p>Un moment\u2026<\/p>\n<p>Il y a encore plus : il est possible de cr\u00e9er le tandem parfait en combinant cette hotte de surface avec un <strong>syst\u00e8me de purification de l&rsquo;air<\/strong> tel que le <strong>filtre<\/strong> <strong>plasma FrecanAir<\/strong>, un filtre qui repr\u00e9sente la derni\u00e8re technologie en mati\u00e8re de purification de l&rsquo;air \u00e0 la maison.<\/p>\n<p>La hotte Flow 5 est tr\u00e8s bonne pour \u00e9liminer efficacement la fum\u00e9e et les odeurs, tandis que le filtre plasma FrecanAir s\u2019en charge d&rsquo;\u00e9liminer les particules, les bact\u00e9ries et les odeurs d\u00e9sagr\u00e9ables.<\/p>\n<p>Cette <strong>combinaison puissante<\/strong> permet d&rsquo;obtenir une cuisine plus propre et plus saine, avec une approche durable en r\u00e9duisant le besoin de ventilation vers l&rsquo;ext\u00e9rieur.<\/p>\n<p>Il s&rsquo;agit d&rsquo;une solution avanc\u00e9e que garantit un environnement frais et confortable, soutenue par l&rsquo;expertise de pointe de FrecanAir en mati\u00e8re de filtration plasma.<\/p>\n<p>Mais&#8230; Vous pensez que c&rsquo;\u00e9tait tout ? Nous vous proposons <strong>quatre options d&rsquo;installation<\/strong> afin que vous puissiez choisir celle qui correspond le mieux \u00e0 vos besoins. La hotte Flow 5 s&rsquo;adaptera \u00e0 votre projet de cuisine, et non l&rsquo;inverse.<\/p>\n<p>Si vous avez encore des questions, jetez un \u0153il \u00e0 nos <strong>vid\u00e9os d&rsquo;installation<\/strong>. Le Flow 5 est pr\u00eat \u00e0 devenir le compagnon id\u00e9al.<\/p>\n<ul>\n<li><a href=\"https:\/\/www.youtube.com\/watch?v=4o8jLgmB5H8&amp;t=14s\">Flow 5 avec Sortie Ext\u00e9rieure<\/a><\/li>\n<li><a href=\"https:\/\/www.youtube.com\/watch?v=i25Gh2Iad7g&amp;t=2s\">Flow 5 avec Filtre Plasma<\/a><\/li>\n<li><a href=\"https:\/\/www.youtube.com\/watch?v=18aox_KnPfc\">Flow 5 + Filtre Helsa H5<\/a><\/li>\n<li><a href=\"https:\/\/www.youtube.com\/watch?v=O9xoa6TGVg4\">Flow 5 + Carbone<\/a><\/li>\n<\/ul>\n<p>D\u00e9cid\u00e9ment, la recherche d&rsquo;une hotte adapt\u00e9e \u00e0 l&rsquo;architecture et au design sp\u00e9cifique de la cuisine est termin\u00e9e, et surtout, finies de cuisiner inclin\u00e9s.<\/p>\n<p>Donnez \u00e0 votre projet de cuisine la touche d&rsquo;\u00e9l\u00e9gance et de fonctionnalit\u00e9 qu&rsquo;il m\u00e9rite avec la hotte en surface Flow 5 !<\/p>\n<p><a href=\"https:\/\/www.frecan.fr\/hottes\/de-plan-de-travail\/flow-5\/\">Plus d&rsquo;informations sur notre site internet<\/a><\/p>\n<p><strong>D\u00e9couvrir plus<\/strong><\/p>\n<blockquote class=\"wp-embedded-content\" data-secret=\"YfFnLJLQ8l\"><p><a href=\"https:\/\/www.frecan.es\/blog\/fr\/le-secret-de-la-hotte-integrable-tersa\/\">Le secret de la hotte int\u00e9grable Tersa<\/a><\/p><\/blockquote>\n<p><iframe loading=\"lazy\" class=\"wp-embedded-content\" sandbox=\"allow-scripts\" security=\"restricted\" style=\"position: absolute; clip: rect(1px, 1px, 1px, 1px);\" title=\"\u00ab\u00a0Le secret de la hotte int\u00e9grable Tersa\u00a0\u00bb &#8212; Blog de Frecan\" src=\"https:\/\/www.frecan.es\/blog\/fr\/le-secret-de-la-hotte-integrable-tersa\/embed\/#?secret=YGBTxSyZMx#?secret=YfFnLJLQ8l\" data-secret=\"YfFnLJLQ8l\" width=\"600\" height=\"338\" frameborder=\"0\" marginwidth=\"0\" marginheight=\"0\" scrolling=\"no\"><\/iframe><\/p>\n<blockquote class=\"wp-embedded-content\" data-secret=\"rBH0o8jTSJ\"><p><a href=\"https:\/\/www.frecan.es\/blog\/fr\/extraction-des-odeurs\/\">\u00ab\u00a0Ne touchez pas votre nez\u00a0\u00bb. \u00c9limine les odeurs.<\/a><\/p><\/blockquote>\n<p><iframe loading=\"lazy\" class=\"wp-embedded-content\" sandbox=\"allow-scripts\" security=\"restricted\" style=\"position: absolute; clip: rect(1px, 1px, 1px, 1px);\" title=\"\u00ab\u00a0\u00ab\u00a0Ne touchez pas votre nez\u00a0\u00bb. \u00c9limine les odeurs.\u00a0\u00bb &#8212; Blog de Frecan\" src=\"https:\/\/www.frecan.es\/blog\/fr\/extraction-des-odeurs\/embed\/#?secret=heKOIa5IvH#?secret=rBH0o8jTSJ\" data-secret=\"rBH0o8jTSJ\" width=\"600\" height=\"338\" frameborder=\"0\" marginwidth=\"0\" marginheight=\"0\" scrolling=\"no\"><\/iframe><\/p>\n","protected":false},"excerpt":{"rendered":"<p>Laisse-nous vous emmener vers un monde de possibilit\u00e9s !<\/p>\n","protected":false},"author":8,"featured_media":9454,"comment_status":"open","ping_status":"open","sticky":false,"template":"","format":"standard","meta":{"footnotes":""},"categories":[68,64],"tags":[],"class_list":{"0":"post-9504","1":"post","2":"type-post","3":"status-publish","4":"format-standard","5":"has-post-thumbnail","7":"category-cuisines-design","8":"category-hottes"},"yoast_head":"<!-- This site is optimized with the Yoast SEO plugin v24.7 - https:\/\/yoast.com\/wordpress\/plugins\/seo\/ -->\n<title>Comment fuir de l\u2019ennui au design de votre cuisine ? - Blog de Frecan<\/title>\n<meta name=\"description\" content=\"La recherche d&#039;une hotte adapt\u00e9e \u00e0 l&#039;architecture et au design sp\u00e9cifique de la cuisine est termin\u00e9e, et surtout, finies de cuisiner inclin\u00e9s.\" \/>\n<meta name=\"robots\" content=\"index, follow, max-snippet:-1, max-image-preview:large, max-video-preview:-1\" \/>\n<link rel=\"canonical\" href=\"https:\/\/www.frecan.es\/blog\/fr\/comment-fuir-de-lennui-au-design-de-votre-cuisine\/\" \/>\n<meta property=\"og:locale\" content=\"fr_FR\" \/>\n<meta property=\"og:type\" content=\"article\" \/>\n<meta property=\"og:title\" content=\"Comment fuir de l\u2019ennui au design de votre cuisine ? - Blog de Frecan\" \/>\n<meta property=\"og:description\" content=\"La recherche d&#039;une hotte adapt\u00e9e \u00e0 l&#039;architecture et au design sp\u00e9cifique de la cuisine est termin\u00e9e, et surtout, finies de cuisiner inclin\u00e9s.\" \/>\n<meta property=\"og:url\" content=\"https:\/\/www.frecan.es\/blog\/fr\/comment-fuir-de-lennui-au-design-de-votre-cuisine\/\" \/>\n<meta property=\"og:site_name\" content=\"Blog de Frecan\" \/>\n<meta property=\"article:published_time\" content=\"2023-10-05T08:30:00+00:00\" \/>\n<meta property=\"og:image\" content=\"https:\/\/www.frecan.es\/blog\/wp-content\/uploads\/2023\/10\/frecan.jpg\" \/>\n\t<meta property=\"og:image:width\" content=\"1200\" \/>\n\t<meta property=\"og:image:height\" content=\"675\" \/>\n\t<meta property=\"og:image:type\" content=\"image\/jpeg\" \/>\n<meta name=\"author\" content=\"Tha\u00efs Alcal\u00e1\" \/>\n<meta name=\"twitter:card\" content=\"summary_large_image\" \/>\n<meta name=\"twitter:label1\" content=\"\u00c9crit par\" \/>\n\t<meta name=\"twitter:data1\" content=\"Tha\u00efs Alcal\u00e1\" \/>\n\t<meta name=\"twitter:label2\" content=\"Dur\u00e9e de lecture estim\u00e9e\" \/>\n\t<meta name=\"twitter:data2\" content=\"4 minutes\" \/>\n<script type=\"application\/ld+json\" class=\"yoast-schema-graph\">{\"@context\":\"https:\/\/schema.org\",\"@graph\":[{\"@type\":\"Article\",\"@id\":\"https:\/\/www.frecan.es\/blog\/fr\/comment-fuir-de-lennui-au-design-de-votre-cuisine\/#article\",\"isPartOf\":{\"@id\":\"https:\/\/www.frecan.es\/blog\/fr\/comment-fuir-de-lennui-au-design-de-votre-cuisine\/\"},\"author\":{\"name\":\"Tha\u00efs Alcal\u00e1\",\"@id\":\"https:\/\/www.frecan.es\/blog\/fr\/#\/schema\/person\/807ea11d2c3f88890ae67a52637b8b3c\"},\"headline\":\"Comment fuir de l\u2019ennui au design de votre cuisine ?\",\"datePublished\":\"2023-10-05T08:30:00+00:00\",\"mainEntityOfPage\":{\"@id\":\"https:\/\/www.frecan.es\/blog\/fr\/comment-fuir-de-lennui-au-design-de-votre-cuisine\/\"},\"wordCount\":662,\"commentCount\":0,\"publisher\":{\"@id\":\"https:\/\/www.frecan.es\/blog\/fr\/#organization\"},\"image\":{\"@id\":\"https:\/\/www.frecan.es\/blog\/fr\/comment-fuir-de-lennui-au-design-de-votre-cuisine\/#primaryimage\"},\"thumbnailUrl\":\"https:\/\/www.frecan.es\/blog\/wp-content\/uploads\/2023\/10\/frecan.jpg\",\"articleSection\":[\"Cuisines design\",\"Syst\u00e8mes d'extraction \/ hottes\"],\"inLanguage\":\"fr-FR\",\"potentialAction\":[{\"@type\":\"CommentAction\",\"name\":\"Comment\",\"target\":[\"https:\/\/www.frecan.es\/blog\/fr\/comment-fuir-de-lennui-au-design-de-votre-cuisine\/#respond\"]}]},{\"@type\":\"WebPage\",\"@id\":\"https:\/\/www.frecan.es\/blog\/fr\/comment-fuir-de-lennui-au-design-de-votre-cuisine\/\",\"url\":\"https:\/\/www.frecan.es\/blog\/fr\/comment-fuir-de-lennui-au-design-de-votre-cuisine\/\",\"name\":\"Comment fuir de l\u2019ennui au design de votre cuisine ? - Blog de Frecan\",\"isPartOf\":{\"@id\":\"https:\/\/www.frecan.es\/blog\/fr\/#website\"},\"primaryImageOfPage\":{\"@id\":\"https:\/\/www.frecan.es\/blog\/fr\/comment-fuir-de-lennui-au-design-de-votre-cuisine\/#primaryimage\"},\"image\":{\"@id\":\"https:\/\/www.frecan.es\/blog\/fr\/comment-fuir-de-lennui-au-design-de-votre-cuisine\/#primaryimage\"},\"thumbnailUrl\":\"https:\/\/www.frecan.es\/blog\/wp-content\/uploads\/2023\/10\/frecan.jpg\",\"datePublished\":\"2023-10-05T08:30:00+00:00\",\"description\":\"La recherche d'une hotte adapt\u00e9e \u00e0 l'architecture et au design sp\u00e9cifique de la cuisine est termin\u00e9e, et surtout, finies de cuisiner inclin\u00e9s.\",\"breadcrumb\":{\"@id\":\"https:\/\/www.frecan.es\/blog\/fr\/comment-fuir-de-lennui-au-design-de-votre-cuisine\/#breadcrumb\"},\"inLanguage\":\"fr-FR\",\"potentialAction\":[{\"@type\":\"ReadAction\",\"target\":[\"https:\/\/www.frecan.es\/blog\/fr\/comment-fuir-de-lennui-au-design-de-votre-cuisine\/\"]}]},{\"@type\":\"ImageObject\",\"inLanguage\":\"fr-FR\",\"@id\":\"https:\/\/www.frecan.es\/blog\/fr\/comment-fuir-de-lennui-au-design-de-votre-cuisine\/#primaryimage\",\"url\":\"https:\/\/www.frecan.es\/blog\/wp-content\/uploads\/2023\/10\/frecan.jpg\",\"contentUrl\":\"https:\/\/www.frecan.es\/blog\/wp-content\/uploads\/2023\/10\/frecan.jpg\",\"width\":1200,\"height\":675,\"caption\":\"Extractor\"},{\"@type\":\"BreadcrumbList\",\"@id\":\"https:\/\/www.frecan.es\/blog\/fr\/comment-fuir-de-lennui-au-design-de-votre-cuisine\/#breadcrumb\",\"itemListElement\":[{\"@type\":\"ListItem\",\"position\":1,\"name\":\"Page de Couverture\",\"item\":\"https:\/\/www.frecan.es\/blog\/fr\/\"},{\"@type\":\"ListItem\",\"position\":2,\"name\":\"Comment fuir de l\u2019ennui au design de votre cuisine ?\"}]},{\"@type\":\"WebSite\",\"@id\":\"https:\/\/www.frecan.es\/blog\/fr\/#website\",\"url\":\"https:\/\/www.frecan.es\/blog\/fr\/\",\"name\":\"Blog de Frecan\",\"description\":\"Artisanat, technologie et avant-garde au c\u0153ur de votre cuisine\",\"publisher\":{\"@id\":\"https:\/\/www.frecan.es\/blog\/fr\/#organization\"},\"potentialAction\":[{\"@type\":\"SearchAction\",\"target\":{\"@type\":\"EntryPoint\",\"urlTemplate\":\"https:\/\/www.frecan.es\/blog\/fr\/?s={search_term_string}\"},\"query-input\":{\"@type\":\"PropertyValueSpecification\",\"valueRequired\":true,\"valueName\":\"search_term_string\"}}],\"inLanguage\":\"fr-FR\"},{\"@type\":\"Organization\",\"@id\":\"https:\/\/www.frecan.es\/blog\/fr\/#organization\",\"name\":\"Frecan\",\"url\":\"https:\/\/www.frecan.es\/blog\/fr\/\",\"logo\":{\"@type\":\"ImageObject\",\"inLanguage\":\"fr-FR\",\"@id\":\"https:\/\/www.frecan.es\/blog\/fr\/#\/schema\/logo\/image\/\",\"url\":\"https:\/\/www.frecan.es\/blog\/wp-content\/uploads\/2016\/02\/logo-frecan.png\",\"contentUrl\":\"https:\/\/www.frecan.es\/blog\/wp-content\/uploads\/2016\/02\/logo-frecan.png\",\"width\":250,\"height\":27,\"caption\":\"Frecan\"},\"image\":{\"@id\":\"https:\/\/www.frecan.es\/blog\/fr\/#\/schema\/logo\/image\/\"}},{\"@type\":\"Person\",\"@id\":\"https:\/\/www.frecan.es\/blog\/fr\/#\/schema\/person\/807ea11d2c3f88890ae67a52637b8b3c\",\"name\":\"Tha\u00efs Alcal\u00e1\",\"image\":{\"@type\":\"ImageObject\",\"inLanguage\":\"fr-FR\",\"@id\":\"https:\/\/www.frecan.es\/blog\/fr\/#\/schema\/person\/image\/\",\"url\":\"https:\/\/secure.gravatar.com\/avatar\/ad063cd811075f52af0714b5e973cd08?s=96&d=mm&r=g\",\"contentUrl\":\"https:\/\/secure.gravatar.com\/avatar\/ad063cd811075f52af0714b5e973cd08?s=96&d=mm&r=g\",\"caption\":\"Tha\u00efs Alcal\u00e1\"},\"sameAs\":[\"http:\/\/www.frecan.es\"]}]}<\/script>\n<!-- \/ Yoast SEO plugin. -->","yoast_head_json":{"title":"Comment fuir de l\u2019ennui au design de votre cuisine ? - Blog de Frecan","description":"La recherche d'une hotte adapt\u00e9e \u00e0 l'architecture et au design sp\u00e9cifique de la cuisine est termin\u00e9e, et surtout, finies de cuisiner inclin\u00e9s.","robots":{"index":"index","follow":"follow","max-snippet":"max-snippet:-1","max-image-preview":"max-image-preview:large","max-video-preview":"max-video-preview:-1"},"canonical":"https:\/\/www.frecan.es\/blog\/fr\/comment-fuir-de-lennui-au-design-de-votre-cuisine\/","og_locale":"fr_FR","og_type":"article","og_title":"Comment fuir de l\u2019ennui au design de votre cuisine ? - Blog de Frecan","og_description":"La recherche d'une hotte adapt\u00e9e \u00e0 l'architecture et au design sp\u00e9cifique de la cuisine est termin\u00e9e, et surtout, finies de cuisiner inclin\u00e9s.","og_url":"https:\/\/www.frecan.es\/blog\/fr\/comment-fuir-de-lennui-au-design-de-votre-cuisine\/","og_site_name":"Blog de Frecan","article_published_time":"2023-10-05T08:30:00+00:00","og_image":[{"width":1200,"height":675,"url":"https:\/\/www.frecan.es\/blog\/wp-content\/uploads\/2023\/10\/frecan.jpg","type":"image\/jpeg"}],"author":"Tha\u00efs Alcal\u00e1","twitter_card":"summary_large_image","twitter_misc":{"\u00c9crit par":"Tha\u00efs Alcal\u00e1","Dur\u00e9e de lecture estim\u00e9e":"4 minutes"},"schema":{"@context":"https:\/\/schema.org","@graph":[{"@type":"Article","@id":"https:\/\/www.frecan.es\/blog\/fr\/comment-fuir-de-lennui-au-design-de-votre-cuisine\/#article","isPartOf":{"@id":"https:\/\/www.frecan.es\/blog\/fr\/comment-fuir-de-lennui-au-design-de-votre-cuisine\/"},"author":{"name":"Tha\u00efs Alcal\u00e1","@id":"https:\/\/www.frecan.es\/blog\/fr\/#\/schema\/person\/807ea11d2c3f88890ae67a52637b8b3c"},"headline":"Comment fuir de l\u2019ennui au design de votre cuisine ?","datePublished":"2023-10-05T08:30:00+00:00","mainEntityOfPage":{"@id":"https:\/\/www.frecan.es\/blog\/fr\/comment-fuir-de-lennui-au-design-de-votre-cuisine\/"},"wordCount":662,"commentCount":0,"publisher":{"@id":"https:\/\/www.frecan.es\/blog\/fr\/#organization"},"image":{"@id":"https:\/\/www.frecan.es\/blog\/fr\/comment-fuir-de-lennui-au-design-de-votre-cuisine\/#primaryimage"},"thumbnailUrl":"https:\/\/www.frecan.es\/blog\/wp-content\/uploads\/2023\/10\/frecan.jpg","articleSection":["Cuisines design","Syst\u00e8mes d'extraction \/ hottes"],"inLanguage":"fr-FR","potentialAction":[{"@type":"CommentAction","name":"Comment","target":["https:\/\/www.frecan.es\/blog\/fr\/comment-fuir-de-lennui-au-design-de-votre-cuisine\/#respond"]}]},{"@type":"WebPage","@id":"https:\/\/www.frecan.es\/blog\/fr\/comment-fuir-de-lennui-au-design-de-votre-cuisine\/","url":"https:\/\/www.frecan.es\/blog\/fr\/comment-fuir-de-lennui-au-design-de-votre-cuisine\/","name":"Comment fuir de l\u2019ennui au design de votre cuisine ? - Blog de Frecan","isPartOf":{"@id":"https:\/\/www.frecan.es\/blog\/fr\/#website"},"primaryImageOfPage":{"@id":"https:\/\/www.frecan.es\/blog\/fr\/comment-fuir-de-lennui-au-design-de-votre-cuisine\/#primaryimage"},"image":{"@id":"https:\/\/www.frecan.es\/blog\/fr\/comment-fuir-de-lennui-au-design-de-votre-cuisine\/#primaryimage"},"thumbnailUrl":"https:\/\/www.frecan.es\/blog\/wp-content\/uploads\/2023\/10\/frecan.jpg","datePublished":"2023-10-05T08:30:00+00:00","description":"La recherche d'une hotte adapt\u00e9e \u00e0 l'architecture et au design sp\u00e9cifique de la cuisine est termin\u00e9e, et surtout, finies de cuisiner inclin\u00e9s.","breadcrumb":{"@id":"https:\/\/www.frecan.es\/blog\/fr\/comment-fuir-de-lennui-au-design-de-votre-cuisine\/#breadcrumb"},"inLanguage":"fr-FR","potentialAction":[{"@type":"ReadAction","target":["https:\/\/www.frecan.es\/blog\/fr\/comment-fuir-de-lennui-au-design-de-votre-cuisine\/"]}]},{"@type":"ImageObject","inLanguage":"fr-FR","@id":"https:\/\/www.frecan.es\/blog\/fr\/comment-fuir-de-lennui-au-design-de-votre-cuisine\/#primaryimage","url":"https:\/\/www.frecan.es\/blog\/wp-content\/uploads\/2023\/10\/frecan.jpg","contentUrl":"https:\/\/www.frecan.es\/blog\/wp-content\/uploads\/2023\/10\/frecan.jpg","width":1200,"height":675,"caption":"Extractor"},{"@type":"BreadcrumbList","@id":"https:\/\/www.frecan.es\/blog\/fr\/comment-fuir-de-lennui-au-design-de-votre-cuisine\/#breadcrumb","itemListElement":[{"@type":"ListItem","position":1,"name":"Page de Couverture","item":"https:\/\/www.frecan.es\/blog\/fr\/"},{"@type":"ListItem","position":2,"name":"Comment fuir de l\u2019ennui au design de votre cuisine ?"}]},{"@type":"WebSite","@id":"https:\/\/www.frecan.es\/blog\/fr\/#website","url":"https:\/\/www.frecan.es\/blog\/fr\/","name":"Blog de Frecan","description":"Artisanat, technologie et avant-garde au c\u0153ur de votre cuisine","publisher":{"@id":"https:\/\/www.frecan.es\/blog\/fr\/#organization"},"potentialAction":[{"@type":"SearchAction","target":{"@type":"EntryPoint","urlTemplate":"https:\/\/www.frecan.es\/blog\/fr\/?s={search_term_string}"},"query-input":{"@type":"PropertyValueSpecification","valueRequired":true,"valueName":"search_term_string"}}],"inLanguage":"fr-FR"},{"@type":"Organization","@id":"https:\/\/www.frecan.es\/blog\/fr\/#organization","name":"Frecan","url":"https:\/\/www.frecan.es\/blog\/fr\/","logo":{"@type":"ImageObject","inLanguage":"fr-FR","@id":"https:\/\/www.frecan.es\/blog\/fr\/#\/schema\/logo\/image\/","url":"https:\/\/www.frecan.es\/blog\/wp-content\/uploads\/2016\/02\/logo-frecan.png","contentUrl":"https:\/\/www.frecan.es\/blog\/wp-content\/uploads\/2016\/02\/logo-frecan.png","width":250,"height":27,"caption":"Frecan"},"image":{"@id":"https:\/\/www.frecan.es\/blog\/fr\/#\/schema\/logo\/image\/"}},{"@type":"Person","@id":"https:\/\/www.frecan.es\/blog\/fr\/#\/schema\/person\/807ea11d2c3f88890ae67a52637b8b3c","name":"Tha\u00efs Alcal\u00e1","image":{"@type":"ImageObject","inLanguage":"fr-FR","@id":"https:\/\/www.frecan.es\/blog\/fr\/#\/schema\/person\/image\/","url":"https:\/\/secure.gravatar.com\/avatar\/ad063cd811075f52af0714b5e973cd08?s=96&d=mm&r=g","contentUrl":"https:\/\/secure.gravatar.com\/avatar\/ad063cd811075f52af0714b5e973cd08?s=96&d=mm&r=g","caption":"Tha\u00efs Alcal\u00e1"},"sameAs":["http:\/\/www.frecan.es"]}]}},"_links":{"self":[{"href":"https:\/\/www.frecan.es\/blog\/fr\/wp-json\/wp\/v2\/posts\/9504","targetHints":{"allow":["GET"]}}],"collection":[{"href":"https:\/\/www.frecan.es\/blog\/fr\/wp-json\/wp\/v2\/posts"}],"about":[{"href":"https:\/\/www.frecan.es\/blog\/fr\/wp-json\/wp\/v2\/types\/post"}],"author":[{"embeddable":true,"href":"https:\/\/www.frecan.es\/blog\/fr\/wp-json\/wp\/v2\/users\/8"}],"replies":[{"embeddable":true,"href":"https:\/\/www.frecan.es\/blog\/fr\/wp-json\/wp\/v2\/comments?post=9504"}],"version-history":[{"count":5,"href":"https:\/\/www.frecan.es\/blog\/fr\/wp-json\/wp\/v2\/posts\/9504\/revisions"}],"predecessor-version":[{"id":9510,"href":"https:\/\/www.frecan.es\/blog\/fr\/wp-json\/wp\/v2\/posts\/9504\/revisions\/9510"}],"wp:featuredmedia":[{"embeddable":true,"href":"https:\/\/www.frecan.es\/blog\/fr\/wp-json\/wp\/v2\/media\/9454"}],"wp:attachment":[{"href":"https:\/\/www.frecan.es\/blog\/fr\/wp-json\/wp\/v2\/media?parent=9504"}],"wp:term":[{"taxonomy":"category","embeddable":true,"href":"https:\/\/www.frecan.es\/blog\/fr\/wp-json\/wp\/v2\/categories?post=9504"},{"taxonomy":"post_tag","embeddable":true,"href":"https:\/\/www.frecan.es\/blog\/fr\/wp-json\/wp\/v2\/tags?post=9504"}],"curies":[{"name":"wp","href":"https:\/\/api.w.org\/{rel}","templated":true}]}}