{"id":9236,"date":"2023-08-24T10:30:47","date_gmt":"2023-08-24T08:30:47","guid":{"rendered":"https:\/\/www.frecan.es\/blog\/?p=9236"},"modified":"2023-07-28T11:41:14","modified_gmt":"2023-07-28T09:41:14","slug":"moteurs-exterieures-frecan","status":"publish","type":"post","link":"https:\/\/www.frecan.es\/blog\/fr\/moteurs-exterieures-frecan\/","title":{"rendered":"Ce que personne ne vous dit sur les moteurs ext\u00e9rieures"},"content":{"rendered":"<h2><strong>Les moteurs ext\u00e9rieures sont le choix parfait si vous cherchez une cuisine plus tranquille et efficace <\/strong><\/h2>\n<h4><!--more--><\/h4>\n<h2>Avec ses puissantes performances, ces moteurs r\u00e9duisent consid\u00e9rablement la sonorit\u00e9 et am\u00e9liorent la capacite d\u2019absorption des hottes de cuisine, tout en cr\u00e9ant un ambiance plus calme et une meilleure exp\u00e9rience en cuisine.<\/h2>\n<p>Les moteurs ext\u00e9rieures sont un grand choix surtout quand la sortie vers l\u2019ext\u00e9rieur est plac\u00e9e \u00e0 plus de 8 m\u00e8tres de la hotte, car il compense la perte de pression qui se produit couramment dans les canalisations longue distance.<\/p>\n<p>Cependant, savez-vous qu\u2019il y a 3 types de moteurs ext\u00e9rieurs ? Continuez \u00e0 lire et d\u00e9couvrez-les ci-dessous :<\/p>\n<p data-wp-editing=\"1\"><a href=\"https:\/\/www.frecan.fr\/hottes\/moteurs-externes\/\" target=\"_blank\" rel=\"noopener\"><img loading=\"lazy\" decoding=\"async\" width=\"1406\" height=\"1006\" class=\"aligncenter wp-image-9192 size-full\" src=\"https:\/\/www.frecan.es\/blog\/wp-content\/uploads\/2023\/07\/Mot.Ext_H.gif\" class=\"light\"><\/a><\/p>\n<h3><strong>Moteurs ext\u00e9rieures<\/strong><strong> In-line<\/strong><\/h3>\n<p>Les moteurs in-line sont sp\u00e9cialement con\u00e7us pour s\u2019installer entre la hotte et la sortie \u00e0 l\u2019ext\u00e9rieur du foyer.<\/p>\n<p>D&rsquo;une puissance exceptionnelle, ils sont la solution id\u00e9ale pour compenser les pertes de charge dans les installations longue distance, sup\u00e9rieures \u00e0 5-7 m\u00e8tres.<\/p>\n<p>Le mieux c\u2019est que, en \u00e9tant situ\u00e9s \u00e0 un point interm\u00e9diaire, ils r\u00e9duisent consid\u00e9rablement la perception du son \u00e0 l&rsquo;int\u00e9rieur de la maison, en offrant une exp\u00e9rience plus agr\u00e9able et silencieuse dans la cuisine.<\/p>\n<h3><strong>Moteurs ext\u00e9rieures<\/strong><strong> murales<\/strong><\/h3>\n<p>Les moteurs murales sont plac\u00e9s dans la fa\u00e7ade ext\u00e9rieure du logement, en \u00e9loignant tout bruit qu\u2019ils peuvent g\u00e9n\u00e9rer et en offrant une performance puissante.<\/p>\n<p>Gr\u00e2ce \u00e0 leur construction robuste, r\u00e9sistante aux intemp\u00e9ries et \u00e0 la corrosion, ces moteurs d&rsquo;ext\u00e9rieur garantissent une longue dur\u00e9e de vie avec un minimum d&rsquo;entretien.<\/p>\n<p>Vous ne profiterez que d\u2019une cuisine plus silencieuse, sinon que vous aussi profiterez de la puissance n\u00e9cessaire pour garder votre cuisine exempte de fum\u00e9e et d&rsquo;odeurs ind\u00e9sirables.<\/p>\n<h3><strong>Moteurs ext\u00e9rieures ext toiture<\/strong><\/h3>\n<p>Les moteurs toiture, comme leur nom l\u2019indique, s\u2019installent strat\u00e9giquement au toiture de la maison, en assurant que le bruit est \u00e9loign\u00e9 de l&rsquo;int\u00e9rieur de la cuisine.<\/p>\n<p>De plus, gr\u00e2ce \u00e0 ses hautes performances, ces moteurs ext\u00e9rieures sont capables de travailler avec des longues conduites et de fournir une augmentation notable de la puissance d&rsquo;aspiration de la hotte, id\u00e9ale pour les cuisines qui n\u00e9cessitent une plus grande capacit\u00e9 d&rsquo;aspiration.<\/p>\n<p>Sa construction robuste, r\u00e9sistante aux intemp\u00e9ries et \u00e0 la corrosion, assure une longue dur\u00e9e de vie avec un minimum d&rsquo;entretien, en vous offrant tranquillit\u00e9 d&rsquo;esprit et confiance au fil du temps.<\/p>\n<p>Chez Frecan, nous comprenons que chaque cuisine a des besoins uniques, qu&rsquo;il s&rsquo;agisse de plus de puissance pour une cuisson active ou de la recherche d&rsquo;un environnement plus calme \u00e0 l&rsquo;int\u00e9rieur de la maison.<\/p>\n<p>Pour cette raison, nous proposons une large gamme de moteurs externes qui s&rsquo;adaptent parfaitement \u00e0 tous les besoins.<\/p>\n<h4><strong>Connaissez toutes les options\u00a0:<\/strong><\/h4>\n<ul>\n<li><a href=\"https:\/\/www.frecan.fr\/hottes\/moteurs-externes\/il1300ec\/\">In-Line &#8211; IL1300EC<\/a><\/li>\n<li><a href=\"https:\/\/www.frecan.fr\/hottes\/moteurs-externes\/il2200ec\/\">In-Line &#8211; IL2200EC<\/a><\/li>\n<li><a href=\"https:\/\/www.frecan.fr\/hottes\/moteurs-externes\/pa1200ec\/\">Mur &#8211; PA1200EC<\/a><\/li>\n<li><a href=\"https:\/\/www.frecan.fr\/hottes\/moteurs-externes\/tj2000ec\/\">Moteur Toiture &#8211; TJ2000EC<\/a><\/li>\n<li><a href=\"https:\/\/www.frecan.fr\/hottes\/moteurs-externes\/tj2500ec\/\">Moteur Toiture &#8211; TJ2500EC<\/a><\/li>\n<\/ul>\n<p>Il est important de tenir compte le fait que l&rsquo;installation d&rsquo;un moteur externe de forte puissance n\u00e9cessite des conduits de plus grand diam\u00e8tre, avec 200 mm tout le long du capot au moteur, et m\u00eame dans la section externe dans le cas des moteurs interm\u00e9diaires.<\/p>\n<p>Lors du calcul des besoins d&rsquo;un moteur ext\u00e9rieur, il est essentiel de prendre en compte plusieurs facteurs, tels que le volume de la cuisine, le type de cuisson, les dimensions de la zone de cuisson, le type de hotte et, surtout, la distance au \u00e0 l&rsquo;ext\u00e9rieur, car le trajet influe directement sur la perte de charge.<\/p>\n<p>Si l&rsquo;objectif est le silence, il faut accorder une grande importance au type de conduits, car une grande partie du solide que nous percevons depuis la hotte est produite par le frottement de l&rsquo;air dans les conduits.<\/p>\n<p>L&rsquo;utilisation de conduits rigides et de qualit\u00e9 et l&rsquo;\u00e9vitement des itin\u00e9raires avec de nombreux virages sont tr\u00e8s importants pour garantir un faible \u00e9mission sonore.<\/p>\n<p>Maintenant, vous savez d\u00e9j\u00e0 que les moteurs d&rsquo;ext\u00e9rieur sont un choix optimal si vous recherchez une cuisine plus efficace et silencieuse, sans compromettre les performances.<\/p>\n<p>Consultez les recommandations pour les moteurs externes selon les mod\u00e8les et les mesures \u00e0 la page. 181 de notre <a href=\"https:\/\/www.frecan.fr\/descarga-frecan-fr.html\"><u>catalogue aspiration et cuisson 2023.<\/u><\/a><\/p>\n<h4><strong>D\u00e9couvrir plus<\/strong><\/h4>\n<div class=\"columns medium-4\">\n<blockquote class=\"wp-embedded-content\" data-secret=\"Lxo2AVXz2Y\"><p><a href=\"https:\/\/www.frecan.es\/blog\/fr\/hottes-de-cuisine-silencieuses\/\">Hottes de cuisine silencieuses<\/a><\/p><\/blockquote>\n<p><iframe loading=\"lazy\" class=\"wp-embedded-content\" sandbox=\"allow-scripts\" security=\"restricted\" style=\"position: absolute; clip: rect(1px, 1px, 1px, 1px);\" title=\"\u00ab\u00a0Hottes de cuisine silencieuses\u00a0\u00bb &#8212; Blog de Frecan\" src=\"https:\/\/www.frecan.es\/blog\/fr\/hottes-de-cuisine-silencieuses\/embed\/#?secret=3qiwxixHo6#?secret=Lxo2AVXz2Y\" data-secret=\"Lxo2AVXz2Y\" width=\"600\" height=\"338\" frameborder=\"0\" marginwidth=\"0\" marginheight=\"0\" scrolling=\"no\"><\/iframe><\/p>\n<blockquote class=\"wp-embedded-content\" data-secret=\"e4ZggzPasf\"><p><a href=\"https:\/\/www.frecan.es\/blog\/fr\/nouvelle-hotte-plafond-astro\/\">D\u00e9couvrir la nouvelle hotte de plafond Astro!<\/a><\/p><\/blockquote>\n<p><iframe loading=\"lazy\" class=\"wp-embedded-content\" sandbox=\"allow-scripts\" security=\"restricted\" style=\"position: absolute; clip: rect(1px, 1px, 1px, 1px);\" title=\"\u00ab\u00a0D\u00e9couvrir la nouvelle hotte de plafond Astro!\u00a0\u00bb &#8212; Blog de Frecan\" src=\"https:\/\/www.frecan.es\/blog\/fr\/nouvelle-hotte-plafond-astro\/embed\/#?secret=15xU8L8TYz#?secret=e4ZggzPasf\" data-secret=\"e4ZggzPasf\" width=\"600\" height=\"338\" frameborder=\"0\" marginwidth=\"0\" marginheight=\"0\" scrolling=\"no\"><\/iframe><\/p>\n<\/div>\n<p>&nbsp;<\/p>\n","protected":false},"excerpt":{"rendered":"<p>Les moteurs ext\u00e9rieures sont le choix parfait si vous cherchez une cuisine plus tranquille et efficace <\/p>\n","protected":false},"author":8,"featured_media":9198,"comment_status":"open","ping_status":"open","sticky":false,"template":"","format":"standard","meta":{"footnotes":""},"categories":[65],"tags":[],"class_list":{"0":"post-9236","1":"post","2":"type-post","3":"status-publish","4":"format-standard","5":"has-post-thumbnail","7":"category-autres"},"yoast_head":"<!-- This site is optimized with the Yoast SEO plugin v24.7 - https:\/\/yoast.com\/wordpress\/plugins\/seo\/ -->\n<title>Ce que personne ne vous dit sur les moteurs ext\u00e9rieures - Blog de Frecan<\/title>\n<meta name=\"description\" content=\"Les moteurs ext\u00e9rieures sont un choix optimal pour une cuisine plus efficace et silencieuse, sans compromettre les performances.\" \/>\n<meta name=\"robots\" content=\"index, follow, max-snippet:-1, max-image-preview:large, max-video-preview:-1\" \/>\n<link rel=\"canonical\" href=\"https:\/\/www.frecan.es\/blog\/fr\/moteurs-exterieures-frecan\/\" \/>\n<meta property=\"og:locale\" content=\"fr_FR\" \/>\n<meta property=\"og:type\" content=\"article\" \/>\n<meta property=\"og:title\" content=\"Ce que personne ne vous dit sur les moteurs ext\u00e9rieures - Blog de Frecan\" \/>\n<meta property=\"og:description\" content=\"Les moteurs ext\u00e9rieures sont un choix optimal pour une cuisine plus efficace et silencieuse, sans compromettre les performances.\" \/>\n<meta property=\"og:url\" content=\"https:\/\/www.frecan.es\/blog\/fr\/moteurs-exterieures-frecan\/\" \/>\n<meta property=\"og:site_name\" content=\"Blog de Frecan\" \/>\n<meta property=\"article:published_time\" content=\"2023-08-24T08:30:47+00:00\" \/>\n<meta property=\"og:image\" content=\"https:\/\/www.frecan.es\/blog\/wp-content\/uploads\/2023\/08\/habitacion-insonorizada3-e1690282892642.jpg\" \/>\n\t<meta property=\"og:image:width\" content=\"2500\" \/>\n\t<meta property=\"og:image:height\" content=\"1098\" \/>\n\t<meta property=\"og:image:type\" content=\"image\/jpeg\" \/>\n<meta name=\"author\" content=\"Tha\u00efs Alcal\u00e1\" \/>\n<meta name=\"twitter:card\" content=\"summary_large_image\" \/>\n<meta name=\"twitter:label1\" content=\"\u00c9crit par\" \/>\n\t<meta name=\"twitter:data1\" content=\"Tha\u00efs Alcal\u00e1\" \/>\n\t<meta name=\"twitter:label2\" content=\"Dur\u00e9e de lecture estim\u00e9e\" \/>\n\t<meta name=\"twitter:data2\" content=\"4 minutes\" \/>\n<script type=\"application\/ld+json\" class=\"yoast-schema-graph\">{\"@context\":\"https:\/\/schema.org\",\"@graph\":[{\"@type\":\"Article\",\"@id\":\"https:\/\/www.frecan.es\/blog\/fr\/moteurs-exterieures-frecan\/#article\",\"isPartOf\":{\"@id\":\"https:\/\/www.frecan.es\/blog\/fr\/moteurs-exterieures-frecan\/\"},\"author\":{\"name\":\"Tha\u00efs Alcal\u00e1\",\"@id\":\"https:\/\/www.frecan.es\/blog\/fr\/#\/schema\/person\/807ea11d2c3f88890ae67a52637b8b3c\"},\"headline\":\"Ce que personne ne vous dit sur les moteurs ext\u00e9rieures\",\"datePublished\":\"2023-08-24T08:30:47+00:00\",\"mainEntityOfPage\":{\"@id\":\"https:\/\/www.frecan.es\/blog\/fr\/moteurs-exterieures-frecan\/\"},\"wordCount\":735,\"commentCount\":0,\"publisher\":{\"@id\":\"https:\/\/www.frecan.es\/blog\/fr\/#organization\"},\"image\":{\"@id\":\"https:\/\/www.frecan.es\/blog\/fr\/moteurs-exterieures-frecan\/#primaryimage\"},\"thumbnailUrl\":\"https:\/\/www.frecan.es\/blog\/wp-content\/uploads\/2023\/08\/habitacion-insonorizada3-e1690282892642.jpg\",\"articleSection\":[\"Autres\"],\"inLanguage\":\"fr-FR\",\"potentialAction\":[{\"@type\":\"CommentAction\",\"name\":\"Comment\",\"target\":[\"https:\/\/www.frecan.es\/blog\/fr\/moteurs-exterieures-frecan\/#respond\"]}]},{\"@type\":\"WebPage\",\"@id\":\"https:\/\/www.frecan.es\/blog\/fr\/moteurs-exterieures-frecan\/\",\"url\":\"https:\/\/www.frecan.es\/blog\/fr\/moteurs-exterieures-frecan\/\",\"name\":\"Ce que personne ne vous dit sur les moteurs ext\u00e9rieures - Blog de Frecan\",\"isPartOf\":{\"@id\":\"https:\/\/www.frecan.es\/blog\/fr\/#website\"},\"primaryImageOfPage\":{\"@id\":\"https:\/\/www.frecan.es\/blog\/fr\/moteurs-exterieures-frecan\/#primaryimage\"},\"image\":{\"@id\":\"https:\/\/www.frecan.es\/blog\/fr\/moteurs-exterieures-frecan\/#primaryimage\"},\"thumbnailUrl\":\"https:\/\/www.frecan.es\/blog\/wp-content\/uploads\/2023\/08\/habitacion-insonorizada3-e1690282892642.jpg\",\"datePublished\":\"2023-08-24T08:30:47+00:00\",\"description\":\"Les moteurs ext\u00e9rieures sont un choix optimal pour une cuisine plus efficace et silencieuse, sans compromettre les performances.\",\"breadcrumb\":{\"@id\":\"https:\/\/www.frecan.es\/blog\/fr\/moteurs-exterieures-frecan\/#breadcrumb\"},\"inLanguage\":\"fr-FR\",\"potentialAction\":[{\"@type\":\"ReadAction\",\"target\":[\"https:\/\/www.frecan.es\/blog\/fr\/moteurs-exterieures-frecan\/\"]}]},{\"@type\":\"ImageObject\",\"inLanguage\":\"fr-FR\",\"@id\":\"https:\/\/www.frecan.es\/blog\/fr\/moteurs-exterieures-frecan\/#primaryimage\",\"url\":\"https:\/\/www.frecan.es\/blog\/wp-content\/uploads\/2023\/08\/habitacion-insonorizada3-e1690282892642.jpg\",\"contentUrl\":\"https:\/\/www.frecan.es\/blog\/wp-content\/uploads\/2023\/08\/habitacion-insonorizada3-e1690282892642.jpg\",\"width\":2500,\"height\":1098,\"caption\":\"Motores Exteriores - Frecan\"},{\"@type\":\"BreadcrumbList\",\"@id\":\"https:\/\/www.frecan.es\/blog\/fr\/moteurs-exterieures-frecan\/#breadcrumb\",\"itemListElement\":[{\"@type\":\"ListItem\",\"position\":1,\"name\":\"Page de Couverture\",\"item\":\"https:\/\/www.frecan.es\/blog\/fr\/\"},{\"@type\":\"ListItem\",\"position\":2,\"name\":\"Ce que personne ne vous dit sur les moteurs ext\u00e9rieures\"}]},{\"@type\":\"WebSite\",\"@id\":\"https:\/\/www.frecan.es\/blog\/fr\/#website\",\"url\":\"https:\/\/www.frecan.es\/blog\/fr\/\",\"name\":\"Blog de Frecan\",\"description\":\"Artisanat, technologie et avant-garde au c\u0153ur de votre cuisine\",\"publisher\":{\"@id\":\"https:\/\/www.frecan.es\/blog\/fr\/#organization\"},\"potentialAction\":[{\"@type\":\"SearchAction\",\"target\":{\"@type\":\"EntryPoint\",\"urlTemplate\":\"https:\/\/www.frecan.es\/blog\/fr\/?s={search_term_string}\"},\"query-input\":{\"@type\":\"PropertyValueSpecification\",\"valueRequired\":true,\"valueName\":\"search_term_string\"}}],\"inLanguage\":\"fr-FR\"},{\"@type\":\"Organization\",\"@id\":\"https:\/\/www.frecan.es\/blog\/fr\/#organization\",\"name\":\"Frecan\",\"url\":\"https:\/\/www.frecan.es\/blog\/fr\/\",\"logo\":{\"@type\":\"ImageObject\",\"inLanguage\":\"fr-FR\",\"@id\":\"https:\/\/www.frecan.es\/blog\/fr\/#\/schema\/logo\/image\/\",\"url\":\"https:\/\/www.frecan.es\/blog\/wp-content\/uploads\/2016\/02\/logo-frecan.png\",\"contentUrl\":\"https:\/\/www.frecan.es\/blog\/wp-content\/uploads\/2016\/02\/logo-frecan.png\",\"width\":250,\"height\":27,\"caption\":\"Frecan\"},\"image\":{\"@id\":\"https:\/\/www.frecan.es\/blog\/fr\/#\/schema\/logo\/image\/\"}},{\"@type\":\"Person\",\"@id\":\"https:\/\/www.frecan.es\/blog\/fr\/#\/schema\/person\/807ea11d2c3f88890ae67a52637b8b3c\",\"name\":\"Tha\u00efs Alcal\u00e1\",\"image\":{\"@type\":\"ImageObject\",\"inLanguage\":\"fr-FR\",\"@id\":\"https:\/\/www.frecan.es\/blog\/fr\/#\/schema\/person\/image\/\",\"url\":\"https:\/\/secure.gravatar.com\/avatar\/ad063cd811075f52af0714b5e973cd08?s=96&d=mm&r=g\",\"contentUrl\":\"https:\/\/secure.gravatar.com\/avatar\/ad063cd811075f52af0714b5e973cd08?s=96&d=mm&r=g\",\"caption\":\"Tha\u00efs Alcal\u00e1\"},\"sameAs\":[\"http:\/\/www.frecan.es\"]}]}<\/script>\n<!-- \/ Yoast SEO plugin. -->","yoast_head_json":{"title":"Ce que personne ne vous dit sur les moteurs ext\u00e9rieures - Blog de Frecan","description":"Les moteurs ext\u00e9rieures sont un choix optimal pour une cuisine plus efficace et silencieuse, sans compromettre les performances.","robots":{"index":"index","follow":"follow","max-snippet":"max-snippet:-1","max-image-preview":"max-image-preview:large","max-video-preview":"max-video-preview:-1"},"canonical":"https:\/\/www.frecan.es\/blog\/fr\/moteurs-exterieures-frecan\/","og_locale":"fr_FR","og_type":"article","og_title":"Ce que personne ne vous dit sur les moteurs ext\u00e9rieures - Blog de Frecan","og_description":"Les moteurs ext\u00e9rieures sont un choix optimal pour une cuisine plus efficace et silencieuse, sans compromettre les performances.","og_url":"https:\/\/www.frecan.es\/blog\/fr\/moteurs-exterieures-frecan\/","og_site_name":"Blog de Frecan","article_published_time":"2023-08-24T08:30:47+00:00","og_image":[{"width":2500,"height":1098,"url":"https:\/\/www.frecan.es\/blog\/wp-content\/uploads\/2023\/08\/habitacion-insonorizada3-e1690282892642.jpg","type":"image\/jpeg"}],"author":"Tha\u00efs Alcal\u00e1","twitter_card":"summary_large_image","twitter_misc":{"\u00c9crit par":"Tha\u00efs Alcal\u00e1","Dur\u00e9e de lecture estim\u00e9e":"4 minutes"},"schema":{"@context":"https:\/\/schema.org","@graph":[{"@type":"Article","@id":"https:\/\/www.frecan.es\/blog\/fr\/moteurs-exterieures-frecan\/#article","isPartOf":{"@id":"https:\/\/www.frecan.es\/blog\/fr\/moteurs-exterieures-frecan\/"},"author":{"name":"Tha\u00efs Alcal\u00e1","@id":"https:\/\/www.frecan.es\/blog\/fr\/#\/schema\/person\/807ea11d2c3f88890ae67a52637b8b3c"},"headline":"Ce que personne ne vous dit sur les moteurs ext\u00e9rieures","datePublished":"2023-08-24T08:30:47+00:00","mainEntityOfPage":{"@id":"https:\/\/www.frecan.es\/blog\/fr\/moteurs-exterieures-frecan\/"},"wordCount":735,"commentCount":0,"publisher":{"@id":"https:\/\/www.frecan.es\/blog\/fr\/#organization"},"image":{"@id":"https:\/\/www.frecan.es\/blog\/fr\/moteurs-exterieures-frecan\/#primaryimage"},"thumbnailUrl":"https:\/\/www.frecan.es\/blog\/wp-content\/uploads\/2023\/08\/habitacion-insonorizada3-e1690282892642.jpg","articleSection":["Autres"],"inLanguage":"fr-FR","potentialAction":[{"@type":"CommentAction","name":"Comment","target":["https:\/\/www.frecan.es\/blog\/fr\/moteurs-exterieures-frecan\/#respond"]}]},{"@type":"WebPage","@id":"https:\/\/www.frecan.es\/blog\/fr\/moteurs-exterieures-frecan\/","url":"https:\/\/www.frecan.es\/blog\/fr\/moteurs-exterieures-frecan\/","name":"Ce que personne ne vous dit sur les moteurs ext\u00e9rieures - Blog de Frecan","isPartOf":{"@id":"https:\/\/www.frecan.es\/blog\/fr\/#website"},"primaryImageOfPage":{"@id":"https:\/\/www.frecan.es\/blog\/fr\/moteurs-exterieures-frecan\/#primaryimage"},"image":{"@id":"https:\/\/www.frecan.es\/blog\/fr\/moteurs-exterieures-frecan\/#primaryimage"},"thumbnailUrl":"https:\/\/www.frecan.es\/blog\/wp-content\/uploads\/2023\/08\/habitacion-insonorizada3-e1690282892642.jpg","datePublished":"2023-08-24T08:30:47+00:00","description":"Les moteurs ext\u00e9rieures sont un choix optimal pour une cuisine plus efficace et silencieuse, sans compromettre les performances.","breadcrumb":{"@id":"https:\/\/www.frecan.es\/blog\/fr\/moteurs-exterieures-frecan\/#breadcrumb"},"inLanguage":"fr-FR","potentialAction":[{"@type":"ReadAction","target":["https:\/\/www.frecan.es\/blog\/fr\/moteurs-exterieures-frecan\/"]}]},{"@type":"ImageObject","inLanguage":"fr-FR","@id":"https:\/\/www.frecan.es\/blog\/fr\/moteurs-exterieures-frecan\/#primaryimage","url":"https:\/\/www.frecan.es\/blog\/wp-content\/uploads\/2023\/08\/habitacion-insonorizada3-e1690282892642.jpg","contentUrl":"https:\/\/www.frecan.es\/blog\/wp-content\/uploads\/2023\/08\/habitacion-insonorizada3-e1690282892642.jpg","width":2500,"height":1098,"caption":"Motores Exteriores - Frecan"},{"@type":"BreadcrumbList","@id":"https:\/\/www.frecan.es\/blog\/fr\/moteurs-exterieures-frecan\/#breadcrumb","itemListElement":[{"@type":"ListItem","position":1,"name":"Page de Couverture","item":"https:\/\/www.frecan.es\/blog\/fr\/"},{"@type":"ListItem","position":2,"name":"Ce que personne ne vous dit sur les moteurs ext\u00e9rieures"}]},{"@type":"WebSite","@id":"https:\/\/www.frecan.es\/blog\/fr\/#website","url":"https:\/\/www.frecan.es\/blog\/fr\/","name":"Blog de Frecan","description":"Artisanat, technologie et avant-garde au c\u0153ur de votre cuisine","publisher":{"@id":"https:\/\/www.frecan.es\/blog\/fr\/#organization"},"potentialAction":[{"@type":"SearchAction","target":{"@type":"EntryPoint","urlTemplate":"https:\/\/www.frecan.es\/blog\/fr\/?s={search_term_string}"},"query-input":{"@type":"PropertyValueSpecification","valueRequired":true,"valueName":"search_term_string"}}],"inLanguage":"fr-FR"},{"@type":"Organization","@id":"https:\/\/www.frecan.es\/blog\/fr\/#organization","name":"Frecan","url":"https:\/\/www.frecan.es\/blog\/fr\/","logo":{"@type":"ImageObject","inLanguage":"fr-FR","@id":"https:\/\/www.frecan.es\/blog\/fr\/#\/schema\/logo\/image\/","url":"https:\/\/www.frecan.es\/blog\/wp-content\/uploads\/2016\/02\/logo-frecan.png","contentUrl":"https:\/\/www.frecan.es\/blog\/wp-content\/uploads\/2016\/02\/logo-frecan.png","width":250,"height":27,"caption":"Frecan"},"image":{"@id":"https:\/\/www.frecan.es\/blog\/fr\/#\/schema\/logo\/image\/"}},{"@type":"Person","@id":"https:\/\/www.frecan.es\/blog\/fr\/#\/schema\/person\/807ea11d2c3f88890ae67a52637b8b3c","name":"Tha\u00efs Alcal\u00e1","image":{"@type":"ImageObject","inLanguage":"fr-FR","@id":"https:\/\/www.frecan.es\/blog\/fr\/#\/schema\/person\/image\/","url":"https:\/\/secure.gravatar.com\/avatar\/ad063cd811075f52af0714b5e973cd08?s=96&d=mm&r=g","contentUrl":"https:\/\/secure.gravatar.com\/avatar\/ad063cd811075f52af0714b5e973cd08?s=96&d=mm&r=g","caption":"Tha\u00efs Alcal\u00e1"},"sameAs":["http:\/\/www.frecan.es"]}]}},"_links":{"self":[{"href":"https:\/\/www.frecan.es\/blog\/fr\/wp-json\/wp\/v2\/posts\/9236","targetHints":{"allow":["GET"]}}],"collection":[{"href":"https:\/\/www.frecan.es\/blog\/fr\/wp-json\/wp\/v2\/posts"}],"about":[{"href":"https:\/\/www.frecan.es\/blog\/fr\/wp-json\/wp\/v2\/types\/post"}],"author":[{"embeddable":true,"href":"https:\/\/www.frecan.es\/blog\/fr\/wp-json\/wp\/v2\/users\/8"}],"replies":[{"embeddable":true,"href":"https:\/\/www.frecan.es\/blog\/fr\/wp-json\/wp\/v2\/comments?post=9236"}],"version-history":[{"count":5,"href":"https:\/\/www.frecan.es\/blog\/fr\/wp-json\/wp\/v2\/posts\/9236\/revisions"}],"predecessor-version":[{"id":9242,"href":"https:\/\/www.frecan.es\/blog\/fr\/wp-json\/wp\/v2\/posts\/9236\/revisions\/9242"}],"wp:featuredmedia":[{"embeddable":true,"href":"https:\/\/www.frecan.es\/blog\/fr\/wp-json\/wp\/v2\/media\/9198"}],"wp:attachment":[{"href":"https:\/\/www.frecan.es\/blog\/fr\/wp-json\/wp\/v2\/media?parent=9236"}],"wp:term":[{"taxonomy":"category","embeddable":true,"href":"https:\/\/www.frecan.es\/blog\/fr\/wp-json\/wp\/v2\/categories?post=9236"},{"taxonomy":"post_tag","embeddable":true,"href":"https:\/\/www.frecan.es\/blog\/fr\/wp-json\/wp\/v2\/tags?post=9236"}],"curies":[{"name":"wp","href":"https:\/\/api.w.org\/{rel}","templated":true}]}}