{"id":9170,"date":"2023-07-27T10:30:57","date_gmt":"2023-07-27T08:30:57","guid":{"rendered":"https:\/\/www.frecan.es\/blog\/?p=9170"},"modified":"2023-07-21T11:08:57","modified_gmt":"2023-07-21T09:08:57","slug":"hottes-de-cuisine-silencieuses","status":"publish","type":"post","link":"https:\/\/www.frecan.es\/blog\/fr\/hottes-de-cuisine-silencieuses\/","title":{"rendered":"Hottes de cuisine silencieuses"},"content":{"rendered":"<h2 style=\"color: #949494; font-size: 24px; line-height: 26px; margin-top: -20px;\">Explorez la s\u00e9r\u00e9nit\u00e9 de votre foyer avec nos hottes de cuisine silencieuses, chacune a sa propre personnalit\u00e9, mais toutes au m\u00eame but : cr\u00e9er une ambiance accueillant et faire devenir la cuisine le parfait lieu de rencontre.<\/h2>\n<h3><!--more--><\/h3>\n<p>Nos hottes se d\u00e9marquent par ses <strong>conceptions uniques<\/strong>, et sans que vous l\u2019aperceviez, la hotte de cuisine silencieuse Frecan deviendra votre complice pour cr\u00e9er des moments uniques et irrempla\u00e7ables.<\/p>\n<p>Chez Frecan, nous recherchons la perfection m\u00eame pour chacun de nos designs, tenant en compte <strong>la performance et confort comme piliers fondamentaux<\/strong> dans chaque produit que nous offrons. Notre <strong>large gamme d\u2019hottes aspirantes<\/strong> est disponible pour sa personnalisation, en les fabriquant sur mesure et en prenant soin de chaque d\u00e9tail, d\u00e8s sa conception jusqu\u2019\u00e0 la production finale.<\/p>\n<p>&nbsp;<\/p>\n<div class=\"columns medium-4\" style=\"padding: 0 25px 20px 0; font-size: 13px;\"><a href=\"https:\/\/www.frecan.fr\/hottes\/encastrables\/hit-s8\/\" target=\"_blank\" rel=\"noopener\"><img loading=\"lazy\" decoding=\"async\" width=\"1024\" height=\"714\" class=\"aligncenter wp-image-9142 size-full\" src=\"https:\/\/www.frecan.es\/blog\/wp-content\/uploads\/2023\/07\/hit-g1-1.jpg\" class=\"light\" srcset=\"https:\/\/www.frecan.es\/blog\/wp-content\/uploads\/2023\/07\/hit-g1-1.jpg 1024w, https:\/\/www.frecan.es\/blog\/wp-content\/uploads\/2023\/07\/hit-g1-1-300x209.jpg 300w, https:\/\/www.frecan.es\/blog\/wp-content\/uploads\/2023\/07\/hit-g1-1-768x536.jpg 768w, https:\/\/www.frecan.es\/blog\/wp-content\/uploads\/2023\/07\/hit-g1-1-800x558.jpg 800w\" sizes=\"auto, (max-width: 1024px) 100vw, 1024px\" \/><\/a><\/div>\n<div class=\"columns medium-4\" style=\"padding: 0 25px 20px 0; font-size: 13px;\"><a href=\"https:\/\/www.frecan.fr\/hottes\/encastrables\/integratta-s8\/\" target=\"_blank\" rel=\"noopener\"><img loading=\"lazy\" decoding=\"async\" width=\"1024\" height=\"714\" class=\"aligncenter wp-image-9146 size-full\" src=\"https:\/\/www.frecan.es\/blog\/wp-content\/uploads\/2023\/07\/Integratta-g1.jpg\" class=\"light\" srcset=\"https:\/\/www.frecan.es\/blog\/wp-content\/uploads\/2023\/07\/Integratta-g1.jpg 1024w, https:\/\/www.frecan.es\/blog\/wp-content\/uploads\/2023\/07\/Integratta-g1-300x209.jpg 300w, https:\/\/www.frecan.es\/blog\/wp-content\/uploads\/2023\/07\/Integratta-g1-768x536.jpg 768w, https:\/\/www.frecan.es\/blog\/wp-content\/uploads\/2023\/07\/Integratta-g1-800x558.jpg 800w\" sizes=\"auto, (max-width: 1024px) 100vw, 1024px\" \/><\/a><\/div>\n<div class=\"columns medium-4\" style=\"padding: 0 25px 20px 0; font-size: 13px;\"><a href=\"https:\/\/www.frecan.fr\/hottes\/encastrables\/feel-s8\/\" target=\"_blank\" rel=\"noopener\"><img loading=\"lazy\" decoding=\"async\" width=\"1024\" height=\"714\" class=\"aligncenter wp-image-9149 size-full\" src=\"https:\/\/www.frecan.es\/blog\/wp-content\/uploads\/2023\/07\/feel-g1.jpg\" class=\"light\" srcset=\"https:\/\/www.frecan.es\/blog\/wp-content\/uploads\/2023\/07\/feel-g1.jpg 1024w, https:\/\/www.frecan.es\/blog\/wp-content\/uploads\/2023\/07\/feel-g1-300x209.jpg 300w, https:\/\/www.frecan.es\/blog\/wp-content\/uploads\/2023\/07\/feel-g1-768x536.jpg 768w, https:\/\/www.frecan.es\/blog\/wp-content\/uploads\/2023\/07\/feel-g1-800x558.jpg 800w\" sizes=\"auto, (max-width: 1024px) 100vw, 1024px\" \/><\/a><\/div>\n<div class=\"columns medium-4\" style=\"padding: 0 25px 20px 0; font-size: 13px;\"><\/div>\n<p>D\u2019un autre c\u00f4t\u00e9, la hotte id\u00e9ale doit aspirer les odeurs et les fum\u00e9es de la cuisine efficacement et avec le minimum de bruit donc, chez Frecan, nous fabriquons toujours des<strong> produits silencieuses<\/strong> pour que vous puissiez profiter de ce qui compte vraiment. Mais, est-ce que les hottes aspirantes silencieuses sont aussi puissantes ?<\/p>\n<p>Trouver la <strong>combinaison parfaite entre efficacit\u00e9, silence et esth\u00e9tique<\/strong> dans une hotte pour notre cuisine peut \u00eatre tout un d\u00e9fi. Cependant, \u00e0 Frecan, nous avons r\u00e9ussi \u00e0 cr\u00e9er une ligne d\u2019hottes exceptionnellement silencieuses, efficaces et visuellement agr\u00e9ables.<\/p>\n<p>Nous comprenons que la performance et la tranquillit\u00e9 d&rsquo;esprit sont des aspects essentiels dans le choix d&rsquo;une hotte aspirante. C\u2019est pour \u00e1 que nous nous avons d\u00e9di\u00e9 a perfectionner nos hottes de cuisine pour vous offrir un <strong>niveau de silence in\u00e9galable<\/strong>. Gr\u00e2ce \u00e0 notre technologie innovante, vous pourrez profiter d\u2019une <strong>ambiance calme et sans bruits<\/strong> pendant que vous cuisinez.<\/p>\n<p>Aussi que son fonctionnement silencieux, nos hottes se d\u00e9marquent aussi par son <strong>design et style d\u00e9coratif<\/strong>. Nous avons soign\u00e9 chaque d\u00e9tail pour vous offrir des <strong>options esth\u00e9tiques<\/strong> qui s&rsquo;int\u00e8grent harmonieusement dans votre cuisine, compl\u00e9tant votre espace avec <strong>\u00e9l\u00e9gance et sophistication<\/strong>.<\/p>\n<p>De m\u00eame, chez Frecan, nous nous soucions du soin de <strong>notre plan\u00e8te<\/strong>. Nous sommes fiers d&rsquo;offrir les meilleures <strong>performances \u00e9nerg\u00e9tiques<\/strong>, en respectant l&rsquo;environnement \u00e0 chaque pas que nous faisons et dans chaque hotte que nous fabriquons.<\/p>\n<p><strong>Frecan est synonyme d\u2019artisanat, technologie et avant-garde.<\/strong> Nous vous ouvrons les portes pour en d\u00e9couvrir un peu plus sur nous. \u00cates-vous pr\u00eat pour une exp\u00e9rience unique dans votre cuisine ?<\/p>\n<p><a href=\"https:\/\/www.frecan.fr\/\">Plus d&rsquo;informations sur notre site<\/a><\/p>\n<p><strong>D\u00e9couvrir plus<\/strong><\/p>\n<blockquote class=\"wp-embedded-content\" data-secret=\"h9rXosFEPg\"><p><a href=\"https:\/\/www.frecan.es\/blog\/fr\/hotte-plafond-sense-360\/\">Voulez-vous donner une touche de magie \u00e0 votre cuisine ?<\/a><\/p><\/blockquote>\n<p><iframe loading=\"lazy\" class=\"wp-embedded-content\" sandbox=\"allow-scripts\" security=\"restricted\" style=\"position: absolute; clip: rect(1px, 1px, 1px, 1px);\" title=\"\u00ab\u00a0Voulez-vous donner une touche de magie \u00e0 votre cuisine ?\u00a0\u00bb &#8212; Blog de Frecan\" src=\"https:\/\/www.frecan.es\/blog\/fr\/hotte-plafond-sense-360\/embed\/#?secret=qGwe5MAZQd#?secret=h9rXosFEPg\" data-secret=\"h9rXosFEPg\" width=\"600\" height=\"338\" frameborder=\"0\" marginwidth=\"0\" marginheight=\"0\" scrolling=\"no\"><\/iframe><\/p>\n<blockquote class=\"wp-embedded-content\" data-secret=\"Z309EKzDAj\"><p><a href=\"https:\/\/www.frecan.es\/blog\/fr\/flow-5-mas-que-una-simple-campana\/\">Flow 5 | Plus qu&rsquo;une simple hotte<\/a><\/p><\/blockquote>\n<p><iframe loading=\"lazy\" class=\"wp-embedded-content\" sandbox=\"allow-scripts\" security=\"restricted\" style=\"position: absolute; clip: rect(1px, 1px, 1px, 1px);\" title=\"\u00ab\u00a0Flow 5 | Plus qu&rsquo;une simple hotte\u00a0\u00bb &#8212; Blog de Frecan\" src=\"https:\/\/www.frecan.es\/blog\/fr\/flow-5-mas-que-una-simple-campana\/embed\/#?secret=B1rDQErdRd#?secret=Z309EKzDAj\" data-secret=\"Z309EKzDAj\" width=\"600\" height=\"338\" frameborder=\"0\" marginwidth=\"0\" marginheight=\"0\" scrolling=\"no\"><\/iframe><\/p>\n","protected":false},"excerpt":{"rendered":"<p>Explorez la s\u00e9r\u00e9nit\u00e9 de votre foyer avec nos hottes de cuisine silencieuses, chacune a sa propre personnalit\u00e9, mais toutes au m\u00eame but : cr\u00e9er une ambiance accueillant et faire devenir la cuisine le parfait lieu de rencontre.<\/p>\n","protected":false},"author":8,"featured_media":9154,"comment_status":"open","ping_status":"open","sticky":false,"template":"","format":"standard","meta":{"footnotes":""},"categories":[64],"tags":[],"class_list":{"0":"post-9170","1":"post","2":"type-post","3":"status-publish","4":"format-standard","5":"has-post-thumbnail","7":"category-hottes"},"yoast_head":"<!-- This site is optimized with the Yoast SEO plugin v24.7 - https:\/\/yoast.com\/wordpress\/plugins\/seo\/ -->\n<title>Hottes de cuisine silencieuses - Blog de Frecan<\/title>\n<meta name=\"description\" content=\"Explorez la s\u00e9r\u00e9nit\u00e9 de votre foyer avec nos hottes de cuisine silencieuses, chacune a sa propre personnalit\u00e9, mais toutes au m\u00eame but.\" \/>\n<meta name=\"robots\" content=\"index, follow, max-snippet:-1, max-image-preview:large, max-video-preview:-1\" \/>\n<link rel=\"canonical\" href=\"https:\/\/www.frecan.es\/blog\/fr\/hottes-de-cuisine-silencieuses\/\" \/>\n<meta property=\"og:locale\" content=\"fr_FR\" \/>\n<meta property=\"og:type\" content=\"article\" \/>\n<meta property=\"og:title\" content=\"Hottes de cuisine silencieuses - Blog de Frecan\" \/>\n<meta property=\"og:description\" content=\"Explorez la s\u00e9r\u00e9nit\u00e9 de votre foyer avec nos hottes de cuisine silencieuses, chacune a sa propre personnalit\u00e9, mais toutes au m\u00eame but.\" \/>\n<meta property=\"og:url\" content=\"https:\/\/www.frecan.es\/blog\/fr\/hottes-de-cuisine-silencieuses\/\" \/>\n<meta property=\"og:site_name\" content=\"Blog de Frecan\" \/>\n<meta property=\"article:published_time\" content=\"2023-07-27T08:30:57+00:00\" \/>\n<meta property=\"og:image\" content=\"https:\/\/www.frecan.es\/blog\/wp-content\/uploads\/2023\/07\/silence.gif\" \/>\n\t<meta property=\"og:image:width\" content=\"1024\" \/>\n\t<meta property=\"og:image:height\" content=\"714\" \/>\n\t<meta property=\"og:image:type\" content=\"image\/gif\" \/>\n<meta name=\"author\" content=\"Tha\u00efs Alcal\u00e1\" \/>\n<meta name=\"twitter:card\" content=\"summary_large_image\" \/>\n<meta name=\"twitter:label1\" content=\"\u00c9crit par\" \/>\n\t<meta name=\"twitter:data1\" content=\"Tha\u00efs Alcal\u00e1\" \/>\n\t<meta name=\"twitter:label2\" content=\"Dur\u00e9e de lecture estim\u00e9e\" \/>\n\t<meta name=\"twitter:data2\" content=\"3 minutes\" \/>\n<script type=\"application\/ld+json\" class=\"yoast-schema-graph\">{\"@context\":\"https:\/\/schema.org\",\"@graph\":[{\"@type\":\"Article\",\"@id\":\"https:\/\/www.frecan.es\/blog\/fr\/hottes-de-cuisine-silencieuses\/#article\",\"isPartOf\":{\"@id\":\"https:\/\/www.frecan.es\/blog\/fr\/hottes-de-cuisine-silencieuses\/\"},\"author\":{\"name\":\"Tha\u00efs Alcal\u00e1\",\"@id\":\"https:\/\/www.frecan.es\/blog\/fr\/#\/schema\/person\/807ea11d2c3f88890ae67a52637b8b3c\"},\"headline\":\"Hottes de cuisine silencieuses\",\"datePublished\":\"2023-07-27T08:30:57+00:00\",\"mainEntityOfPage\":{\"@id\":\"https:\/\/www.frecan.es\/blog\/fr\/hottes-de-cuisine-silencieuses\/\"},\"wordCount\":439,\"commentCount\":0,\"publisher\":{\"@id\":\"https:\/\/www.frecan.es\/blog\/fr\/#organization\"},\"image\":{\"@id\":\"https:\/\/www.frecan.es\/blog\/fr\/hottes-de-cuisine-silencieuses\/#primaryimage\"},\"thumbnailUrl\":\"https:\/\/www.frecan.es\/blog\/wp-content\/uploads\/2023\/07\/silence.gif\",\"articleSection\":[\"Syst\u00e8mes d'extraction \/ hottes\"],\"inLanguage\":\"fr-FR\",\"potentialAction\":[{\"@type\":\"CommentAction\",\"name\":\"Comment\",\"target\":[\"https:\/\/www.frecan.es\/blog\/fr\/hottes-de-cuisine-silencieuses\/#respond\"]}]},{\"@type\":\"WebPage\",\"@id\":\"https:\/\/www.frecan.es\/blog\/fr\/hottes-de-cuisine-silencieuses\/\",\"url\":\"https:\/\/www.frecan.es\/blog\/fr\/hottes-de-cuisine-silencieuses\/\",\"name\":\"Hottes de cuisine silencieuses - Blog de Frecan\",\"isPartOf\":{\"@id\":\"https:\/\/www.frecan.es\/blog\/fr\/#website\"},\"primaryImageOfPage\":{\"@id\":\"https:\/\/www.frecan.es\/blog\/fr\/hottes-de-cuisine-silencieuses\/#primaryimage\"},\"image\":{\"@id\":\"https:\/\/www.frecan.es\/blog\/fr\/hottes-de-cuisine-silencieuses\/#primaryimage\"},\"thumbnailUrl\":\"https:\/\/www.frecan.es\/blog\/wp-content\/uploads\/2023\/07\/silence.gif\",\"datePublished\":\"2023-07-27T08:30:57+00:00\",\"description\":\"Explorez la s\u00e9r\u00e9nit\u00e9 de votre foyer avec nos hottes de cuisine silencieuses, chacune a sa propre personnalit\u00e9, mais toutes au m\u00eame but.\",\"breadcrumb\":{\"@id\":\"https:\/\/www.frecan.es\/blog\/fr\/hottes-de-cuisine-silencieuses\/#breadcrumb\"},\"inLanguage\":\"fr-FR\",\"potentialAction\":[{\"@type\":\"ReadAction\",\"target\":[\"https:\/\/www.frecan.es\/blog\/fr\/hottes-de-cuisine-silencieuses\/\"]}]},{\"@type\":\"ImageObject\",\"inLanguage\":\"fr-FR\",\"@id\":\"https:\/\/www.frecan.es\/blog\/fr\/hottes-de-cuisine-silencieuses\/#primaryimage\",\"url\":\"https:\/\/www.frecan.es\/blog\/wp-content\/uploads\/2023\/07\/silence.gif\",\"contentUrl\":\"https:\/\/www.frecan.es\/blog\/wp-content\/uploads\/2023\/07\/silence.gif\",\"width\":1024,\"height\":714,\"caption\":\"Campanas silenciosas - Frecan\"},{\"@type\":\"BreadcrumbList\",\"@id\":\"https:\/\/www.frecan.es\/blog\/fr\/hottes-de-cuisine-silencieuses\/#breadcrumb\",\"itemListElement\":[{\"@type\":\"ListItem\",\"position\":1,\"name\":\"Page de Couverture\",\"item\":\"https:\/\/www.frecan.es\/blog\/fr\/\"},{\"@type\":\"ListItem\",\"position\":2,\"name\":\"Hottes de cuisine silencieuses\"}]},{\"@type\":\"WebSite\",\"@id\":\"https:\/\/www.frecan.es\/blog\/fr\/#website\",\"url\":\"https:\/\/www.frecan.es\/blog\/fr\/\",\"name\":\"Blog de Frecan\",\"description\":\"Artisanat, technologie et avant-garde au c\u0153ur de votre cuisine\",\"publisher\":{\"@id\":\"https:\/\/www.frecan.es\/blog\/fr\/#organization\"},\"potentialAction\":[{\"@type\":\"SearchAction\",\"target\":{\"@type\":\"EntryPoint\",\"urlTemplate\":\"https:\/\/www.frecan.es\/blog\/fr\/?s={search_term_string}\"},\"query-input\":{\"@type\":\"PropertyValueSpecification\",\"valueRequired\":true,\"valueName\":\"search_term_string\"}}],\"inLanguage\":\"fr-FR\"},{\"@type\":\"Organization\",\"@id\":\"https:\/\/www.frecan.es\/blog\/fr\/#organization\",\"name\":\"Frecan\",\"url\":\"https:\/\/www.frecan.es\/blog\/fr\/\",\"logo\":{\"@type\":\"ImageObject\",\"inLanguage\":\"fr-FR\",\"@id\":\"https:\/\/www.frecan.es\/blog\/fr\/#\/schema\/logo\/image\/\",\"url\":\"https:\/\/www.frecan.es\/blog\/wp-content\/uploads\/2016\/02\/logo-frecan.png\",\"contentUrl\":\"https:\/\/www.frecan.es\/blog\/wp-content\/uploads\/2016\/02\/logo-frecan.png\",\"width\":250,\"height\":27,\"caption\":\"Frecan\"},\"image\":{\"@id\":\"https:\/\/www.frecan.es\/blog\/fr\/#\/schema\/logo\/image\/\"}},{\"@type\":\"Person\",\"@id\":\"https:\/\/www.frecan.es\/blog\/fr\/#\/schema\/person\/807ea11d2c3f88890ae67a52637b8b3c\",\"name\":\"Tha\u00efs Alcal\u00e1\",\"image\":{\"@type\":\"ImageObject\",\"inLanguage\":\"fr-FR\",\"@id\":\"https:\/\/www.frecan.es\/blog\/fr\/#\/schema\/person\/image\/\",\"url\":\"https:\/\/secure.gravatar.com\/avatar\/ad063cd811075f52af0714b5e973cd08?s=96&d=mm&r=g\",\"contentUrl\":\"https:\/\/secure.gravatar.com\/avatar\/ad063cd811075f52af0714b5e973cd08?s=96&d=mm&r=g\",\"caption\":\"Tha\u00efs Alcal\u00e1\"},\"sameAs\":[\"http:\/\/www.frecan.es\"]}]}<\/script>\n<!-- \/ Yoast SEO plugin. -->","yoast_head_json":{"title":"Hottes de cuisine silencieuses - Blog de Frecan","description":"Explorez la s\u00e9r\u00e9nit\u00e9 de votre foyer avec nos hottes de cuisine silencieuses, chacune a sa propre personnalit\u00e9, mais toutes au m\u00eame but.","robots":{"index":"index","follow":"follow","max-snippet":"max-snippet:-1","max-image-preview":"max-image-preview:large","max-video-preview":"max-video-preview:-1"},"canonical":"https:\/\/www.frecan.es\/blog\/fr\/hottes-de-cuisine-silencieuses\/","og_locale":"fr_FR","og_type":"article","og_title":"Hottes de cuisine silencieuses - Blog de Frecan","og_description":"Explorez la s\u00e9r\u00e9nit\u00e9 de votre foyer avec nos hottes de cuisine silencieuses, chacune a sa propre personnalit\u00e9, mais toutes au m\u00eame but.","og_url":"https:\/\/www.frecan.es\/blog\/fr\/hottes-de-cuisine-silencieuses\/","og_site_name":"Blog de Frecan","article_published_time":"2023-07-27T08:30:57+00:00","og_image":[{"width":1024,"height":714,"url":"https:\/\/www.frecan.es\/blog\/wp-content\/uploads\/2023\/07\/silence.gif","type":"image\/gif"}],"author":"Tha\u00efs Alcal\u00e1","twitter_card":"summary_large_image","twitter_misc":{"\u00c9crit par":"Tha\u00efs Alcal\u00e1","Dur\u00e9e de lecture estim\u00e9e":"3 minutes"},"schema":{"@context":"https:\/\/schema.org","@graph":[{"@type":"Article","@id":"https:\/\/www.frecan.es\/blog\/fr\/hottes-de-cuisine-silencieuses\/#article","isPartOf":{"@id":"https:\/\/www.frecan.es\/blog\/fr\/hottes-de-cuisine-silencieuses\/"},"author":{"name":"Tha\u00efs Alcal\u00e1","@id":"https:\/\/www.frecan.es\/blog\/fr\/#\/schema\/person\/807ea11d2c3f88890ae67a52637b8b3c"},"headline":"Hottes de cuisine silencieuses","datePublished":"2023-07-27T08:30:57+00:00","mainEntityOfPage":{"@id":"https:\/\/www.frecan.es\/blog\/fr\/hottes-de-cuisine-silencieuses\/"},"wordCount":439,"commentCount":0,"publisher":{"@id":"https:\/\/www.frecan.es\/blog\/fr\/#organization"},"image":{"@id":"https:\/\/www.frecan.es\/blog\/fr\/hottes-de-cuisine-silencieuses\/#primaryimage"},"thumbnailUrl":"https:\/\/www.frecan.es\/blog\/wp-content\/uploads\/2023\/07\/silence.gif","articleSection":["Syst\u00e8mes d'extraction \/ hottes"],"inLanguage":"fr-FR","potentialAction":[{"@type":"CommentAction","name":"Comment","target":["https:\/\/www.frecan.es\/blog\/fr\/hottes-de-cuisine-silencieuses\/#respond"]}]},{"@type":"WebPage","@id":"https:\/\/www.frecan.es\/blog\/fr\/hottes-de-cuisine-silencieuses\/","url":"https:\/\/www.frecan.es\/blog\/fr\/hottes-de-cuisine-silencieuses\/","name":"Hottes de cuisine silencieuses - Blog de Frecan","isPartOf":{"@id":"https:\/\/www.frecan.es\/blog\/fr\/#website"},"primaryImageOfPage":{"@id":"https:\/\/www.frecan.es\/blog\/fr\/hottes-de-cuisine-silencieuses\/#primaryimage"},"image":{"@id":"https:\/\/www.frecan.es\/blog\/fr\/hottes-de-cuisine-silencieuses\/#primaryimage"},"thumbnailUrl":"https:\/\/www.frecan.es\/blog\/wp-content\/uploads\/2023\/07\/silence.gif","datePublished":"2023-07-27T08:30:57+00:00","description":"Explorez la s\u00e9r\u00e9nit\u00e9 de votre foyer avec nos hottes de cuisine silencieuses, chacune a sa propre personnalit\u00e9, mais toutes au m\u00eame but.","breadcrumb":{"@id":"https:\/\/www.frecan.es\/blog\/fr\/hottes-de-cuisine-silencieuses\/#breadcrumb"},"inLanguage":"fr-FR","potentialAction":[{"@type":"ReadAction","target":["https:\/\/www.frecan.es\/blog\/fr\/hottes-de-cuisine-silencieuses\/"]}]},{"@type":"ImageObject","inLanguage":"fr-FR","@id":"https:\/\/www.frecan.es\/blog\/fr\/hottes-de-cuisine-silencieuses\/#primaryimage","url":"https:\/\/www.frecan.es\/blog\/wp-content\/uploads\/2023\/07\/silence.gif","contentUrl":"https:\/\/www.frecan.es\/blog\/wp-content\/uploads\/2023\/07\/silence.gif","width":1024,"height":714,"caption":"Campanas silenciosas - Frecan"},{"@type":"BreadcrumbList","@id":"https:\/\/www.frecan.es\/blog\/fr\/hottes-de-cuisine-silencieuses\/#breadcrumb","itemListElement":[{"@type":"ListItem","position":1,"name":"Page de Couverture","item":"https:\/\/www.frecan.es\/blog\/fr\/"},{"@type":"ListItem","position":2,"name":"Hottes de cuisine silencieuses"}]},{"@type":"WebSite","@id":"https:\/\/www.frecan.es\/blog\/fr\/#website","url":"https:\/\/www.frecan.es\/blog\/fr\/","name":"Blog de Frecan","description":"Artisanat, technologie et avant-garde au c\u0153ur de votre cuisine","publisher":{"@id":"https:\/\/www.frecan.es\/blog\/fr\/#organization"},"potentialAction":[{"@type":"SearchAction","target":{"@type":"EntryPoint","urlTemplate":"https:\/\/www.frecan.es\/blog\/fr\/?s={search_term_string}"},"query-input":{"@type":"PropertyValueSpecification","valueRequired":true,"valueName":"search_term_string"}}],"inLanguage":"fr-FR"},{"@type":"Organization","@id":"https:\/\/www.frecan.es\/blog\/fr\/#organization","name":"Frecan","url":"https:\/\/www.frecan.es\/blog\/fr\/","logo":{"@type":"ImageObject","inLanguage":"fr-FR","@id":"https:\/\/www.frecan.es\/blog\/fr\/#\/schema\/logo\/image\/","url":"https:\/\/www.frecan.es\/blog\/wp-content\/uploads\/2016\/02\/logo-frecan.png","contentUrl":"https:\/\/www.frecan.es\/blog\/wp-content\/uploads\/2016\/02\/logo-frecan.png","width":250,"height":27,"caption":"Frecan"},"image":{"@id":"https:\/\/www.frecan.es\/blog\/fr\/#\/schema\/logo\/image\/"}},{"@type":"Person","@id":"https:\/\/www.frecan.es\/blog\/fr\/#\/schema\/person\/807ea11d2c3f88890ae67a52637b8b3c","name":"Tha\u00efs Alcal\u00e1","image":{"@type":"ImageObject","inLanguage":"fr-FR","@id":"https:\/\/www.frecan.es\/blog\/fr\/#\/schema\/person\/image\/","url":"https:\/\/secure.gravatar.com\/avatar\/ad063cd811075f52af0714b5e973cd08?s=96&d=mm&r=g","contentUrl":"https:\/\/secure.gravatar.com\/avatar\/ad063cd811075f52af0714b5e973cd08?s=96&d=mm&r=g","caption":"Tha\u00efs Alcal\u00e1"},"sameAs":["http:\/\/www.frecan.es"]}]}},"_links":{"self":[{"href":"https:\/\/www.frecan.es\/blog\/fr\/wp-json\/wp\/v2\/posts\/9170","targetHints":{"allow":["GET"]}}],"collection":[{"href":"https:\/\/www.frecan.es\/blog\/fr\/wp-json\/wp\/v2\/posts"}],"about":[{"href":"https:\/\/www.frecan.es\/blog\/fr\/wp-json\/wp\/v2\/types\/post"}],"author":[{"embeddable":true,"href":"https:\/\/www.frecan.es\/blog\/fr\/wp-json\/wp\/v2\/users\/8"}],"replies":[{"embeddable":true,"href":"https:\/\/www.frecan.es\/blog\/fr\/wp-json\/wp\/v2\/comments?post=9170"}],"version-history":[{"count":4,"href":"https:\/\/www.frecan.es\/blog\/fr\/wp-json\/wp\/v2\/posts\/9170\/revisions"}],"predecessor-version":[{"id":9179,"href":"https:\/\/www.frecan.es\/blog\/fr\/wp-json\/wp\/v2\/posts\/9170\/revisions\/9179"}],"wp:featuredmedia":[{"embeddable":true,"href":"https:\/\/www.frecan.es\/blog\/fr\/wp-json\/wp\/v2\/media\/9154"}],"wp:attachment":[{"href":"https:\/\/www.frecan.es\/blog\/fr\/wp-json\/wp\/v2\/media?parent=9170"}],"wp:term":[{"taxonomy":"category","embeddable":true,"href":"https:\/\/www.frecan.es\/blog\/fr\/wp-json\/wp\/v2\/categories?post=9170"},{"taxonomy":"post_tag","embeddable":true,"href":"https:\/\/www.frecan.es\/blog\/fr\/wp-json\/wp\/v2\/tags?post=9170"}],"curies":[{"name":"wp","href":"https:\/\/api.w.org\/{rel}","templated":true}]}}