{"id":9105,"date":"2023-07-20T10:30:20","date_gmt":"2023-07-20T08:30:20","guid":{"rendered":"https:\/\/www.frecan.es\/blog\/?p=9105"},"modified":"2023-07-17T08:02:10","modified_gmt":"2023-07-17T06:02:10","slug":"hotte-plafond-sense-360","status":"publish","type":"post","link":"https:\/\/www.frecan.es\/blog\/fr\/hotte-plafond-sense-360\/","title":{"rendered":"Voulez-vous donner une touche de magie \u00e0 votre cuisine ?"},"content":{"rendered":"<h2 style=\"color: #949494; font-size: 24px; line-height: 26px; margin-top: -20px;\">Nous vous pr\u00e9sentons la version am\u00e9lior\u00e9e de la hotte plafond Sense 360, un chef d\u2019\u0153uvre en termes de fonctionnalit\u00e9 et style !<\/h2>\n<h4><!--more--><\/h4>\n<p data-wp-editing=\"1\"><a href=\"https:\/\/www.frecan.fr\/hottes\/plafonnieres\/sense-360\/\" target=\"_blank\" rel=\"noopener\"><img loading=\"lazy\" decoding=\"async\" width=\"1024\" height=\"714\" class=\"aligncenter wp-image-9045 size-full\" src=\"https:\/\/www.frecan.es\/blog\/wp-content\/uploads\/2023\/07\/sense-360-g1.jpg\" class=\"light\" srcset=\"https:\/\/www.frecan.es\/blog\/wp-content\/uploads\/2023\/07\/sense-360-g1.jpg 1024w, https:\/\/www.frecan.es\/blog\/wp-content\/uploads\/2023\/07\/sense-360-g1-300x209.jpg 300w, https:\/\/www.frecan.es\/blog\/wp-content\/uploads\/2023\/07\/sense-360-g1-768x536.jpg 768w, https:\/\/www.frecan.es\/blog\/wp-content\/uploads\/2023\/07\/sense-360-g1-800x558.jpg 800w\" sizes=\"auto, (max-width: 1024px) 100vw, 1024px\" \/><\/a><\/p>\n<p>L\u2019<strong>aspect \u00e9l\u00e9gant<\/strong> et la modernit\u00e9 si caract\u00e9ristiques de la hotte plafond Sense 360, transformeront votre cuisine dans le centre de l\u2019attention tandis qu\u2019elle donne de l&rsquo;air frais et un \u00e9clairage incroyablement polyvalent.<\/p>\n<p>Imaginez- vous de cuisiner vos plats pr\u00e9f\u00e9r\u00e9s sous la <strong>douce lumi\u00e8re<\/strong> de la Sense 360. Cette hotte est \u00e9quip\u00e9e d\u2019une illumination que vous permet de r\u00e9gler la brillance et la temp\u00e9rature de l\u2019illumination selon votre humeur ou vos besoins culinaires. Une ambiance accueillante pour un rendez-vous amoureux ? Pas de probl\u00e8me ! Une illumination \u00e9clatante et claire pour voir chaque d\u00e9tail ? Bien s\u00fbr !<\/p>\n<p>Mais la Sense 360 n\u2019est pas seulement <strong>esth\u00e9tiquement agr\u00e9able<\/strong> \u00e0 l\u2019ext\u00e9rieur, mais elle est aussi <strong>puissante<\/strong> \u00e0 l\u2019int\u00e9rieur. Son syst\u00e8me d\u2019extraction garantit l\u2019\u00e9<strong>limination efficace des odeurs et vapeurs<\/strong>, en gardant votre <strong>cuisine fra\u00eeche et sans fum\u00e9es<\/strong>. Pr\u00e9parez vos plats les plus d\u00e9licieuses sans vous inqui\u00e9ter par les odeurs persistantes !<\/p>\n<p>En plus, n\u2019oubliez pas que la Sense 360 est con\u00e7ue pour votre commodit\u00e9. Gr\u00e2ce \u00e0 sa <strong>t\u00e9l\u00e9commande intuitive<\/strong>, vous pouvez r\u00e9gler la vitesse d&rsquo;extraction, l&rsquo;\u00e9clairage et d\u2019autres fonctions \u00e0 l\u2019aide d\u2019un simple bouton. Cuisiner n&rsquo;a jamais \u00e9t\u00e9 aussi facile et agr\u00e9able !<\/p>\n<div style=\"float: left;\">\n<div class=\"columns medium-6\" style=\"padding: 0 10px 20px 0; font-size: 13px;\"><a href=\"https:\/\/www.frecan.fr\/hottes\/plafonnieres\/sense-360\/\" target=\"_blank\" rel=\"noopener\"><img loading=\"lazy\" decoding=\"async\" width=\"1200\" height=\"631\" class=\"aligncenter wp-image-9082 size-full\" src=\"https:\/\/www.frecan.es\/blog\/wp-content\/uploads\/2023\/07\/Sense-detalle.jpg\" class=\"light\" srcset=\"https:\/\/www.frecan.es\/blog\/wp-content\/uploads\/2023\/07\/Sense-detalle.jpg 1200w, https:\/\/www.frecan.es\/blog\/wp-content\/uploads\/2023\/07\/Sense-detalle-300x158.jpg 300w, https:\/\/www.frecan.es\/blog\/wp-content\/uploads\/2023\/07\/Sense-detalle-1024x538.jpg 1024w, https:\/\/www.frecan.es\/blog\/wp-content\/uploads\/2023\/07\/Sense-detalle-768x404.jpg 768w, https:\/\/www.frecan.es\/blog\/wp-content\/uploads\/2023\/07\/Sense-detalle-800x421.jpg 800w\" sizes=\"auto, (max-width: 1200px) 100vw, 1200px\" \/><\/a><\/div>\n<div class=\"columns medium-6\" style=\"padding: 0 10px 20px 0; font-size: 13px;\"><a href=\"https:\/\/www.frecan.fr\/hottes\/plafonnieres\/sense-360\/\" target=\"_blank\" rel=\"noopener\"><img loading=\"lazy\" decoding=\"async\" width=\"1200\" height=\"631\" class=\"aligncenter wp-image-9085 size-full\" src=\"https:\/\/www.frecan.es\/blog\/wp-content\/uploads\/2023\/07\/Sense-negra-detalle.jpg\" class=\"light\" srcset=\"https:\/\/www.frecan.es\/blog\/wp-content\/uploads\/2023\/07\/Sense-negra-detalle.jpg 1200w, https:\/\/www.frecan.es\/blog\/wp-content\/uploads\/2023\/07\/Sense-negra-detalle-300x158.jpg 300w, https:\/\/www.frecan.es\/blog\/wp-content\/uploads\/2023\/07\/Sense-negra-detalle-1024x538.jpg 1024w, https:\/\/www.frecan.es\/blog\/wp-content\/uploads\/2023\/07\/Sense-negra-detalle-768x404.jpg 768w, https:\/\/www.frecan.es\/blog\/wp-content\/uploads\/2023\/07\/Sense-negra-detalle-800x421.jpg 800w\" sizes=\"auto, (max-width: 1200px) 100vw, 1200px\" \/><\/a><\/div>\n<p>Que vous cuisiniez pour vous-m\u00eame, votre famille ou vos invit\u00e9s, la hotte de cuisine au plafond Sense 360 est pr\u00eate \u00e0 \u00eatre votre meilleure amie dans la cuisine. Non seulement cela vous aidera \u00e0 garder l&rsquo;environnement propre et frais, mais cela ajoutera \u00e9galement une touche de style et de <strong>sophistication<\/strong> \u00e0 votre espace culinaire, car elle passe pratiquement inaper\u00e7ue et s&rsquo;int\u00e8gre parfaitement dans votre cuisine.<\/p>\n<p>D\u00e9couvrez une nouvelle dimension dans la cuisine avec cette hotte aspirante de plafond et son \u00e9clairage r\u00e9glable <strong>de 3000K \u00e0 6000K<\/strong> ! Laissez la magie et la fonctionnalit\u00e9 fusionner dans votre cuisine, en cr\u00e9ant un environnement unique o\u00f9 vos comp\u00e9tences culinaires brillent de toute leur splendeur. \u00cates-vous pr\u00eats \u00e0 <strong>d\u00e9couvrir la diff\u00e9rence<\/strong> avec le Sense 360 ?<\/p>\n<p><a href=\"https:\/\/www.frecan.fr\/hottes\/plafonnieres\/sense-360\/\"><strong>Plus d&rsquo;informations sur notre site<\/strong><\/a><\/p>\n<p><strong>D\u00e9couvrir plus<\/strong><\/p>\n<blockquote class=\"wp-embedded-content\" data-secret=\"lACYt96sks\"><p><a href=\"https:\/\/www.frecan.es\/blog\/fr\/ice-maker-experience-extraordinaire\/\">Ice Maker | Le froid, devient une exp\u00e9rience extraordinaire<\/a><\/p><\/blockquote>\n<p><iframe loading=\"lazy\" class=\"wp-embedded-content\" sandbox=\"allow-scripts\" security=\"restricted\" style=\"position: absolute; clip: rect(1px, 1px, 1px, 1px);\" title=\"\u00ab\u00a0Ice Maker | Le froid, devient une exp\u00e9rience extraordinaire\u00a0\u00bb &#8212; Blog de Frecan\" src=\"https:\/\/www.frecan.es\/blog\/fr\/ice-maker-experience-extraordinaire\/embed\/#?secret=qnYtiy7AVH#?secret=lACYt96sks\" data-secret=\"lACYt96sks\" width=\"600\" height=\"338\" frameborder=\"0\" marginwidth=\"0\" marginheight=\"0\" scrolling=\"no\"><\/iframe><\/p>\n<blockquote class=\"wp-embedded-content\" data-secret=\"iIRVdj7TCe\"><p><a href=\"https:\/\/www.frecan.es\/blog\/fr\/flow-5-mas-que-una-simple-campana\/\">Flow 5 | Plus qu&rsquo;une simple hotte<\/a><\/p><\/blockquote>\n<p><iframe loading=\"lazy\" class=\"wp-embedded-content\" sandbox=\"allow-scripts\" security=\"restricted\" style=\"position: absolute; clip: rect(1px, 1px, 1px, 1px);\" title=\"\u00ab\u00a0Flow 5 | Plus qu&rsquo;une simple hotte\u00a0\u00bb &#8212; Blog de Frecan\" src=\"https:\/\/www.frecan.es\/blog\/fr\/flow-5-mas-que-una-simple-campana\/embed\/#?secret=UFrhgXUAdj#?secret=iIRVdj7TCe\" data-secret=\"iIRVdj7TCe\" width=\"600\" height=\"338\" frameborder=\"0\" marginwidth=\"0\" marginheight=\"0\" scrolling=\"no\"><\/iframe><\/p>\n<\/div>\n","protected":false},"excerpt":{"rendered":"<p>Nous vous pr\u00e9sentons la version am\u00e9lior\u00e9e de la hotte plafond Sense 360, un chef d\u2019\u0153uvre en termes de fonctionnalit\u00e9 et style !<\/p>\n","protected":false},"author":8,"featured_media":9036,"comment_status":"open","ping_status":"open","sticky":false,"template":"","format":"standard","meta":{"footnotes":""},"categories":[64],"tags":[],"class_list":{"0":"post-9105","1":"post","2":"type-post","3":"status-publish","4":"format-standard","5":"has-post-thumbnail","7":"category-hottes"},"yoast_head":"<!-- This site is optimized with the Yoast SEO plugin v24.7 - https:\/\/yoast.com\/wordpress\/plugins\/seo\/ -->\n<title>Voulez-vous donner une touche de magie \u00e0 votre cuisine ? - Blog de Frecan<\/title>\n<meta name=\"description\" content=\"Nous vous pr\u00e9sentons la version am\u00e9lior\u00e9e de la hotte plafond Sense 360, un chef d\u2019\u0153uvre en termes de fonctionnalit\u00e9 et style !\" \/>\n<meta name=\"robots\" content=\"index, follow, max-snippet:-1, max-image-preview:large, max-video-preview:-1\" \/>\n<link rel=\"canonical\" href=\"https:\/\/www.frecan.es\/blog\/fr\/hotte-plafond-sense-360\/\" \/>\n<meta property=\"og:locale\" content=\"fr_FR\" \/>\n<meta property=\"og:type\" content=\"article\" \/>\n<meta property=\"og:title\" content=\"Voulez-vous donner une touche de magie \u00e0 votre cuisine ? - Blog de Frecan\" \/>\n<meta property=\"og:description\" content=\"Nous vous pr\u00e9sentons la version am\u00e9lior\u00e9e de la hotte plafond Sense 360, un chef d\u2019\u0153uvre en termes de fonctionnalit\u00e9 et style !\" \/>\n<meta property=\"og:url\" content=\"https:\/\/www.frecan.es\/blog\/fr\/hotte-plafond-sense-360\/\" \/>\n<meta property=\"og:site_name\" content=\"Blog de Frecan\" \/>\n<meta property=\"article:published_time\" content=\"2023-07-20T08:30:20+00:00\" \/>\n<meta property=\"og:image\" content=\"https:\/\/www.frecan.es\/blog\/wp-content\/uploads\/2023\/07\/Sense-Ambiente-e1688551316639.jpg\" \/>\n\t<meta property=\"og:image:width\" content=\"1200\" \/>\n\t<meta property=\"og:image:height\" content=\"986\" \/>\n\t<meta property=\"og:image:type\" content=\"image\/jpeg\" \/>\n<meta name=\"author\" content=\"Tha\u00efs Alcal\u00e1\" \/>\n<meta name=\"twitter:card\" content=\"summary_large_image\" \/>\n<meta name=\"twitter:label1\" content=\"\u00c9crit par\" \/>\n\t<meta name=\"twitter:data1\" content=\"Tha\u00efs Alcal\u00e1\" \/>\n\t<meta name=\"twitter:label2\" content=\"Dur\u00e9e de lecture estim\u00e9e\" \/>\n\t<meta name=\"twitter:data2\" content=\"3 minutes\" \/>\n<script type=\"application\/ld+json\" class=\"yoast-schema-graph\">{\"@context\":\"https:\/\/schema.org\",\"@graph\":[{\"@type\":\"Article\",\"@id\":\"https:\/\/www.frecan.es\/blog\/fr\/hotte-plafond-sense-360\/#article\",\"isPartOf\":{\"@id\":\"https:\/\/www.frecan.es\/blog\/fr\/hotte-plafond-sense-360\/\"},\"author\":{\"name\":\"Tha\u00efs Alcal\u00e1\",\"@id\":\"https:\/\/www.frecan.es\/blog\/fr\/#\/schema\/person\/807ea11d2c3f88890ae67a52637b8b3c\"},\"headline\":\"Voulez-vous donner une touche de magie \u00e0 votre cuisine ?\",\"datePublished\":\"2023-07-20T08:30:20+00:00\",\"mainEntityOfPage\":{\"@id\":\"https:\/\/www.frecan.es\/blog\/fr\/hotte-plafond-sense-360\/\"},\"wordCount\":398,\"commentCount\":0,\"publisher\":{\"@id\":\"https:\/\/www.frecan.es\/blog\/fr\/#organization\"},\"image\":{\"@id\":\"https:\/\/www.frecan.es\/blog\/fr\/hotte-plafond-sense-360\/#primaryimage\"},\"thumbnailUrl\":\"https:\/\/www.frecan.es\/blog\/wp-content\/uploads\/2023\/07\/Sense-Ambiente-e1688551316639.jpg\",\"articleSection\":[\"Syst\u00e8mes d'extraction \/ hottes\"],\"inLanguage\":\"fr-FR\",\"potentialAction\":[{\"@type\":\"CommentAction\",\"name\":\"Comment\",\"target\":[\"https:\/\/www.frecan.es\/blog\/fr\/hotte-plafond-sense-360\/#respond\"]}]},{\"@type\":\"WebPage\",\"@id\":\"https:\/\/www.frecan.es\/blog\/fr\/hotte-plafond-sense-360\/\",\"url\":\"https:\/\/www.frecan.es\/blog\/fr\/hotte-plafond-sense-360\/\",\"name\":\"Voulez-vous donner une touche de magie \u00e0 votre cuisine ? - Blog de Frecan\",\"isPartOf\":{\"@id\":\"https:\/\/www.frecan.es\/blog\/fr\/#website\"},\"primaryImageOfPage\":{\"@id\":\"https:\/\/www.frecan.es\/blog\/fr\/hotte-plafond-sense-360\/#primaryimage\"},\"image\":{\"@id\":\"https:\/\/www.frecan.es\/blog\/fr\/hotte-plafond-sense-360\/#primaryimage\"},\"thumbnailUrl\":\"https:\/\/www.frecan.es\/blog\/wp-content\/uploads\/2023\/07\/Sense-Ambiente-e1688551316639.jpg\",\"datePublished\":\"2023-07-20T08:30:20+00:00\",\"description\":\"Nous vous pr\u00e9sentons la version am\u00e9lior\u00e9e de la hotte plafond Sense 360, un chef d\u2019\u0153uvre en termes de fonctionnalit\u00e9 et style !\",\"breadcrumb\":{\"@id\":\"https:\/\/www.frecan.es\/blog\/fr\/hotte-plafond-sense-360\/#breadcrumb\"},\"inLanguage\":\"fr-FR\",\"potentialAction\":[{\"@type\":\"ReadAction\",\"target\":[\"https:\/\/www.frecan.es\/blog\/fr\/hotte-plafond-sense-360\/\"]}]},{\"@type\":\"ImageObject\",\"inLanguage\":\"fr-FR\",\"@id\":\"https:\/\/www.frecan.es\/blog\/fr\/hotte-plafond-sense-360\/#primaryimage\",\"url\":\"https:\/\/www.frecan.es\/blog\/wp-content\/uploads\/2023\/07\/Sense-Ambiente-e1688551316639.jpg\",\"contentUrl\":\"https:\/\/www.frecan.es\/blog\/wp-content\/uploads\/2023\/07\/Sense-Ambiente-e1688551316639.jpg\",\"width\":1200,\"height\":986,\"caption\":\"Campana de techo Sense 360 de Frecan\"},{\"@type\":\"BreadcrumbList\",\"@id\":\"https:\/\/www.frecan.es\/blog\/fr\/hotte-plafond-sense-360\/#breadcrumb\",\"itemListElement\":[{\"@type\":\"ListItem\",\"position\":1,\"name\":\"Page de Couverture\",\"item\":\"https:\/\/www.frecan.es\/blog\/fr\/\"},{\"@type\":\"ListItem\",\"position\":2,\"name\":\"Voulez-vous donner une touche de magie \u00e0 votre cuisine ?\"}]},{\"@type\":\"WebSite\",\"@id\":\"https:\/\/www.frecan.es\/blog\/fr\/#website\",\"url\":\"https:\/\/www.frecan.es\/blog\/fr\/\",\"name\":\"Blog de Frecan\",\"description\":\"Artisanat, technologie et avant-garde au c\u0153ur de votre cuisine\",\"publisher\":{\"@id\":\"https:\/\/www.frecan.es\/blog\/fr\/#organization\"},\"potentialAction\":[{\"@type\":\"SearchAction\",\"target\":{\"@type\":\"EntryPoint\",\"urlTemplate\":\"https:\/\/www.frecan.es\/blog\/fr\/?s={search_term_string}\"},\"query-input\":{\"@type\":\"PropertyValueSpecification\",\"valueRequired\":true,\"valueName\":\"search_term_string\"}}],\"inLanguage\":\"fr-FR\"},{\"@type\":\"Organization\",\"@id\":\"https:\/\/www.frecan.es\/blog\/fr\/#organization\",\"name\":\"Frecan\",\"url\":\"https:\/\/www.frecan.es\/blog\/fr\/\",\"logo\":{\"@type\":\"ImageObject\",\"inLanguage\":\"fr-FR\",\"@id\":\"https:\/\/www.frecan.es\/blog\/fr\/#\/schema\/logo\/image\/\",\"url\":\"https:\/\/www.frecan.es\/blog\/wp-content\/uploads\/2016\/02\/logo-frecan.png\",\"contentUrl\":\"https:\/\/www.frecan.es\/blog\/wp-content\/uploads\/2016\/02\/logo-frecan.png\",\"width\":250,\"height\":27,\"caption\":\"Frecan\"},\"image\":{\"@id\":\"https:\/\/www.frecan.es\/blog\/fr\/#\/schema\/logo\/image\/\"}},{\"@type\":\"Person\",\"@id\":\"https:\/\/www.frecan.es\/blog\/fr\/#\/schema\/person\/807ea11d2c3f88890ae67a52637b8b3c\",\"name\":\"Tha\u00efs Alcal\u00e1\",\"image\":{\"@type\":\"ImageObject\",\"inLanguage\":\"fr-FR\",\"@id\":\"https:\/\/www.frecan.es\/blog\/fr\/#\/schema\/person\/image\/\",\"url\":\"https:\/\/secure.gravatar.com\/avatar\/ad063cd811075f52af0714b5e973cd08?s=96&d=mm&r=g\",\"contentUrl\":\"https:\/\/secure.gravatar.com\/avatar\/ad063cd811075f52af0714b5e973cd08?s=96&d=mm&r=g\",\"caption\":\"Tha\u00efs Alcal\u00e1\"},\"sameAs\":[\"http:\/\/www.frecan.es\"]}]}<\/script>\n<!-- \/ Yoast SEO plugin. -->","yoast_head_json":{"title":"Voulez-vous donner une touche de magie \u00e0 votre cuisine ? - Blog de Frecan","description":"Nous vous pr\u00e9sentons la version am\u00e9lior\u00e9e de la hotte plafond Sense 360, un chef d\u2019\u0153uvre en termes de fonctionnalit\u00e9 et style !","robots":{"index":"index","follow":"follow","max-snippet":"max-snippet:-1","max-image-preview":"max-image-preview:large","max-video-preview":"max-video-preview:-1"},"canonical":"https:\/\/www.frecan.es\/blog\/fr\/hotte-plafond-sense-360\/","og_locale":"fr_FR","og_type":"article","og_title":"Voulez-vous donner une touche de magie \u00e0 votre cuisine ? - Blog de Frecan","og_description":"Nous vous pr\u00e9sentons la version am\u00e9lior\u00e9e de la hotte plafond Sense 360, un chef d\u2019\u0153uvre en termes de fonctionnalit\u00e9 et style !","og_url":"https:\/\/www.frecan.es\/blog\/fr\/hotte-plafond-sense-360\/","og_site_name":"Blog de Frecan","article_published_time":"2023-07-20T08:30:20+00:00","og_image":[{"width":1200,"height":986,"url":"https:\/\/www.frecan.es\/blog\/wp-content\/uploads\/2023\/07\/Sense-Ambiente-e1688551316639.jpg","type":"image\/jpeg"}],"author":"Tha\u00efs Alcal\u00e1","twitter_card":"summary_large_image","twitter_misc":{"\u00c9crit par":"Tha\u00efs Alcal\u00e1","Dur\u00e9e de lecture estim\u00e9e":"3 minutes"},"schema":{"@context":"https:\/\/schema.org","@graph":[{"@type":"Article","@id":"https:\/\/www.frecan.es\/blog\/fr\/hotte-plafond-sense-360\/#article","isPartOf":{"@id":"https:\/\/www.frecan.es\/blog\/fr\/hotte-plafond-sense-360\/"},"author":{"name":"Tha\u00efs Alcal\u00e1","@id":"https:\/\/www.frecan.es\/blog\/fr\/#\/schema\/person\/807ea11d2c3f88890ae67a52637b8b3c"},"headline":"Voulez-vous donner une touche de magie \u00e0 votre cuisine ?","datePublished":"2023-07-20T08:30:20+00:00","mainEntityOfPage":{"@id":"https:\/\/www.frecan.es\/blog\/fr\/hotte-plafond-sense-360\/"},"wordCount":398,"commentCount":0,"publisher":{"@id":"https:\/\/www.frecan.es\/blog\/fr\/#organization"},"image":{"@id":"https:\/\/www.frecan.es\/blog\/fr\/hotte-plafond-sense-360\/#primaryimage"},"thumbnailUrl":"https:\/\/www.frecan.es\/blog\/wp-content\/uploads\/2023\/07\/Sense-Ambiente-e1688551316639.jpg","articleSection":["Syst\u00e8mes d'extraction \/ hottes"],"inLanguage":"fr-FR","potentialAction":[{"@type":"CommentAction","name":"Comment","target":["https:\/\/www.frecan.es\/blog\/fr\/hotte-plafond-sense-360\/#respond"]}]},{"@type":"WebPage","@id":"https:\/\/www.frecan.es\/blog\/fr\/hotte-plafond-sense-360\/","url":"https:\/\/www.frecan.es\/blog\/fr\/hotte-plafond-sense-360\/","name":"Voulez-vous donner une touche de magie \u00e0 votre cuisine ? - Blog de Frecan","isPartOf":{"@id":"https:\/\/www.frecan.es\/blog\/fr\/#website"},"primaryImageOfPage":{"@id":"https:\/\/www.frecan.es\/blog\/fr\/hotte-plafond-sense-360\/#primaryimage"},"image":{"@id":"https:\/\/www.frecan.es\/blog\/fr\/hotte-plafond-sense-360\/#primaryimage"},"thumbnailUrl":"https:\/\/www.frecan.es\/blog\/wp-content\/uploads\/2023\/07\/Sense-Ambiente-e1688551316639.jpg","datePublished":"2023-07-20T08:30:20+00:00","description":"Nous vous pr\u00e9sentons la version am\u00e9lior\u00e9e de la hotte plafond Sense 360, un chef d\u2019\u0153uvre en termes de fonctionnalit\u00e9 et style !","breadcrumb":{"@id":"https:\/\/www.frecan.es\/blog\/fr\/hotte-plafond-sense-360\/#breadcrumb"},"inLanguage":"fr-FR","potentialAction":[{"@type":"ReadAction","target":["https:\/\/www.frecan.es\/blog\/fr\/hotte-plafond-sense-360\/"]}]},{"@type":"ImageObject","inLanguage":"fr-FR","@id":"https:\/\/www.frecan.es\/blog\/fr\/hotte-plafond-sense-360\/#primaryimage","url":"https:\/\/www.frecan.es\/blog\/wp-content\/uploads\/2023\/07\/Sense-Ambiente-e1688551316639.jpg","contentUrl":"https:\/\/www.frecan.es\/blog\/wp-content\/uploads\/2023\/07\/Sense-Ambiente-e1688551316639.jpg","width":1200,"height":986,"caption":"Campana de techo Sense 360 de Frecan"},{"@type":"BreadcrumbList","@id":"https:\/\/www.frecan.es\/blog\/fr\/hotte-plafond-sense-360\/#breadcrumb","itemListElement":[{"@type":"ListItem","position":1,"name":"Page de Couverture","item":"https:\/\/www.frecan.es\/blog\/fr\/"},{"@type":"ListItem","position":2,"name":"Voulez-vous donner une touche de magie \u00e0 votre cuisine ?"}]},{"@type":"WebSite","@id":"https:\/\/www.frecan.es\/blog\/fr\/#website","url":"https:\/\/www.frecan.es\/blog\/fr\/","name":"Blog de Frecan","description":"Artisanat, technologie et avant-garde au c\u0153ur de votre cuisine","publisher":{"@id":"https:\/\/www.frecan.es\/blog\/fr\/#organization"},"potentialAction":[{"@type":"SearchAction","target":{"@type":"EntryPoint","urlTemplate":"https:\/\/www.frecan.es\/blog\/fr\/?s={search_term_string}"},"query-input":{"@type":"PropertyValueSpecification","valueRequired":true,"valueName":"search_term_string"}}],"inLanguage":"fr-FR"},{"@type":"Organization","@id":"https:\/\/www.frecan.es\/blog\/fr\/#organization","name":"Frecan","url":"https:\/\/www.frecan.es\/blog\/fr\/","logo":{"@type":"ImageObject","inLanguage":"fr-FR","@id":"https:\/\/www.frecan.es\/blog\/fr\/#\/schema\/logo\/image\/","url":"https:\/\/www.frecan.es\/blog\/wp-content\/uploads\/2016\/02\/logo-frecan.png","contentUrl":"https:\/\/www.frecan.es\/blog\/wp-content\/uploads\/2016\/02\/logo-frecan.png","width":250,"height":27,"caption":"Frecan"},"image":{"@id":"https:\/\/www.frecan.es\/blog\/fr\/#\/schema\/logo\/image\/"}},{"@type":"Person","@id":"https:\/\/www.frecan.es\/blog\/fr\/#\/schema\/person\/807ea11d2c3f88890ae67a52637b8b3c","name":"Tha\u00efs Alcal\u00e1","image":{"@type":"ImageObject","inLanguage":"fr-FR","@id":"https:\/\/www.frecan.es\/blog\/fr\/#\/schema\/person\/image\/","url":"https:\/\/secure.gravatar.com\/avatar\/ad063cd811075f52af0714b5e973cd08?s=96&d=mm&r=g","contentUrl":"https:\/\/secure.gravatar.com\/avatar\/ad063cd811075f52af0714b5e973cd08?s=96&d=mm&r=g","caption":"Tha\u00efs Alcal\u00e1"},"sameAs":["http:\/\/www.frecan.es"]}]}},"_links":{"self":[{"href":"https:\/\/www.frecan.es\/blog\/fr\/wp-json\/wp\/v2\/posts\/9105","targetHints":{"allow":["GET"]}}],"collection":[{"href":"https:\/\/www.frecan.es\/blog\/fr\/wp-json\/wp\/v2\/posts"}],"about":[{"href":"https:\/\/www.frecan.es\/blog\/fr\/wp-json\/wp\/v2\/types\/post"}],"author":[{"embeddable":true,"href":"https:\/\/www.frecan.es\/blog\/fr\/wp-json\/wp\/v2\/users\/8"}],"replies":[{"embeddable":true,"href":"https:\/\/www.frecan.es\/blog\/fr\/wp-json\/wp\/v2\/comments?post=9105"}],"version-history":[{"count":4,"href":"https:\/\/www.frecan.es\/blog\/fr\/wp-json\/wp\/v2\/posts\/9105\/revisions"}],"predecessor-version":[{"id":9135,"href":"https:\/\/www.frecan.es\/blog\/fr\/wp-json\/wp\/v2\/posts\/9105\/revisions\/9135"}],"wp:featuredmedia":[{"embeddable":true,"href":"https:\/\/www.frecan.es\/blog\/fr\/wp-json\/wp\/v2\/media\/9036"}],"wp:attachment":[{"href":"https:\/\/www.frecan.es\/blog\/fr\/wp-json\/wp\/v2\/media?parent=9105"}],"wp:term":[{"taxonomy":"category","embeddable":true,"href":"https:\/\/www.frecan.es\/blog\/fr\/wp-json\/wp\/v2\/categories?post=9105"},{"taxonomy":"post_tag","embeddable":true,"href":"https:\/\/www.frecan.es\/blog\/fr\/wp-json\/wp\/v2\/tags?post=9105"}],"curies":[{"name":"wp","href":"https:\/\/api.w.org\/{rel}","templated":true}]}}