{"id":8860,"date":"2023-06-01T10:30:58","date_gmt":"2023-06-01T08:30:58","guid":{"rendered":"https:\/\/www.frecan.es\/blog\/?p=8860"},"modified":"2023-06-01T10:01:31","modified_gmt":"2023-06-01T08:01:31","slug":"hotte-encastrable-tersa","status":"publish","type":"post","link":"https:\/\/www.frecan.es\/blog\/fr\/hotte-encastrable-tersa\/","title":{"rendered":"Nouvelle hotte encastrable Tersa: el\u00e9gance et fonctionnalit\u00e9"},"content":{"rendered":"<h2 style=\"color: #949494; font-size: 24px; line-height: 26px; margin-top: -20px;\">Si vous cherchez une nouvelle hotte de cuisine qui m\u00e9lange parfaitement design, efficacit\u00e9 et technologie, le hotte encastrable Tersa est le choix id\u00e9al pour vous.<\/h2>\n<p><!--more--><\/p>\n<p>Le hotte encastrable Tersa, finie en <strong>acier inoxydable<\/strong> avec une visi\u00e8re en verre transparent, offre un <strong>style moderne et polyvalent<\/strong> qui s&rsquo;adaptera \u00e0 tout type de cuisine, de la plus traditionnelle \u00e0 la plus avant-gardiste.<\/p>\n<p><a href=\"https:\/\/www.frecan.es\/blog\/fr\/hotte-encastrable-note\/\" target=\"_blank\" rel=\"noopener\"><img loading=\"lazy\" decoding=\"async\" width=\"844\" height=\"714\" class=\"aligncenter wp-image-8832 size-full\" src=\"https:\/\/www.frecan.es\/blog\/wp-content\/uploads\/2023\/05\/tersa-g1-e1685516557414.jpg\" class=\"light\" srcset=\"https:\/\/www.frecan.es\/blog\/wp-content\/uploads\/2023\/05\/tersa-g1-e1685516557414.jpg 844w, https:\/\/www.frecan.es\/blog\/wp-content\/uploads\/2023\/05\/tersa-g1-e1685516557414-300x254.jpg 300w, https:\/\/www.frecan.es\/blog\/wp-content\/uploads\/2023\/05\/tersa-g1-e1685516557414-768x650.jpg 768w, https:\/\/www.frecan.es\/blog\/wp-content\/uploads\/2023\/05\/tersa-g1-e1685516557414-800x677.jpg 800w\" sizes=\"auto, (max-width: 844px) 100vw, 844px\" \/><\/a><\/p>\n<p>Fatigu\u00e9 des hottes de cuisine qui ne parviennent pas \u00e0 pi\u00e9ger toutes les fum\u00e9es et les odeurs ? La hotte Tersa est la solution !<\/p>\n<p>Une des caract\u00e9ristiques les plus c\u00e9l\u00e8bres de cette hotte est sons <strong>syst\u00e8me d\u2019aspiration p\u00e9rim\u00e9tral<\/strong>. L\u2019air est aspir\u00e9 par tout le p\u00e9rim\u00e8tre de la hotte, ce qui garantit une extraction <strong>puissante et efficace<\/strong>.<\/p>\n<p>Oubliez les odeurs persistantes et l\u2019accumulation de fum\u00e9e dans votre cuisine !<\/p>\n<p>En plus, gr\u00e2ce \u00e0 son design p\u00e9rim\u00e9tral, elle offre un <strong>look \u00e9l\u00e9gant<\/strong> sans perturber l\u2019esth\u00e9tique g\u00e9n\u00e9rale de la cuisine, car les filtres restent cach\u00e9s sous le p\u00e9rim\u00e8tre en facilitant leur nettoyage.<\/p>\n<p><a href=\"https:\/\/www.frecan.es\/blog\/fr\/hotte-encastrable-note\/\" target=\"_blank\" rel=\"noopener\"><img loading=\"lazy\" decoding=\"async\" width=\"1024\" height=\"714\" class=\"aligncenter wp-image-8852 size-full\" src=\"https:\/\/www.frecan.es\/blog\/wp-content\/uploads\/2023\/06\/tersa-g5.jpg\" class=\"light\" srcset=\"https:\/\/www.frecan.es\/blog\/wp-content\/uploads\/2023\/06\/tersa-g5.jpg 1024w, https:\/\/www.frecan.es\/blog\/wp-content\/uploads\/2023\/06\/tersa-g5-300x209.jpg 300w, https:\/\/www.frecan.es\/blog\/wp-content\/uploads\/2023\/06\/tersa-g5-768x536.jpg 768w, https:\/\/www.frecan.es\/blog\/wp-content\/uploads\/2023\/06\/tersa-g5-800x558.jpg 800w\" sizes=\"auto, (max-width: 1024px) 100vw, 1024px\" \/><\/a><\/p>\n<h3>Avantages indispensables<\/h3>\n<p>Son <strong>illumination LED r\u00e9glable<\/strong>, laquelle fournit une illumination claire et brillante d\u00e8s 3000K vers 4000K au-dessus de la plaque de cuisson, en cr\u00e9ant une ambiance agr\u00e9able et fonctionnel.<\/p>\n<p>Vous n&rsquo;aurez plus \u00e0 vous soucier du manque de visibilit\u00e9 lors de la cuisson, puisque le Tersa \u00e9clairera uniform\u00e9ment chaque recoin de votre cuisine.<\/p>\n<p>Outre son design et sa fonctionnalit\u00e9, le Tersa se distingue \u00e9galement par sa <strong>facilit\u00e9 d&rsquo;utilisation<\/strong>.<br \/>\nIl int\u00e8gre un panneau de boutons \u00e9lectroniques et une t\u00e9l\u00e9commande qui le rend <strong>tr\u00e8s intuitif<\/strong> et permet \u00e9galement de r\u00e9gler facilement et rapidement la vitesse d&rsquo;extraction et l&rsquo;\u00e9clairage.<\/p>\n<p>De m\u00eame, il dispose de <strong>diff\u00e9rents niveaux de puissance<\/strong> pour s&rsquo;adapter \u00e0 tout moment \u00e0 vos besoins de cuisson sp\u00e9cifiques.<\/p>\n<p><a href=\"https:\/\/www.frecan.es\/blog\/fr\/hotte-encastrable-note\/\" target=\"_blank\" rel=\"noopener\"><img loading=\"lazy\" decoding=\"async\" width=\"1024\" height=\"522\" class=\"aligncenter wp-image-8844 size-full\" src=\"https:\/\/www.frecan.es\/blog\/wp-content\/uploads\/2023\/06\/tersa-g2-1.jpg\" class=\"light\" srcset=\"https:\/\/www.frecan.es\/blog\/wp-content\/uploads\/2023\/06\/tersa-g2-1.jpg 1024w, https:\/\/www.frecan.es\/blog\/wp-content\/uploads\/2023\/06\/tersa-g2-1-300x153.jpg 300w, https:\/\/www.frecan.es\/blog\/wp-content\/uploads\/2023\/06\/tersa-g2-1-768x392.jpg 768w, https:\/\/www.frecan.es\/blog\/wp-content\/uploads\/2023\/06\/tersa-g2-1-800x408.jpg 800w\" sizes=\"auto, (max-width: 1024px) 100vw, 1024px\" \/><\/a><\/p>\n<p>Mais ce n&rsquo;est pas tout, elle est \u00e9galement compatible avec les <strong>plaques H-Connect<\/strong>, permettant ainsi de piloter toutes les fonctions de la hotte depuis une commande situ\u00e9e sur la plaque pour plus de confort.<\/p>\n<p>En r\u00e9sum\u00e9, la hotte Tersa est le compl\u00e9ment parfaite pour votre cuisine, non seulement pour son <strong>esth\u00e9tique moderne et polyvalente<\/strong>, mais aussi pour son <strong>efficacit\u00e9<\/strong> <strong>et<\/strong> ses <strong>performances<\/strong>.<\/p>\n<p>Profitez d&rsquo;un environnement exempt de fum\u00e9e et d&rsquo;odeurs pendant que vous cuisinez vos plats pr\u00e9f\u00e9r\u00e9s!<\/p>\n<p>Avec la hotte aspirante Tersa, votre cuisine deviendra l&rsquo;espace id\u00e9al pour lib\u00e9rer votre cr\u00e9ativit\u00e9 culinaire.<\/p>\n<p><a href=\"https:\/\/www.youtube.com\/watch?v=7ZsKEpm5NHk&amp;t=1s\">&#8211; Regarder la vid\u00e9o d&rsquo;installation ici &#8211;<\/a><\/p>\n<p><a href=\"https:\/\/www.frecan.com\/hoods\/built-in\/tersa\/\" target=\"_blank\" rel=\"noopener\">More information on our website<\/a><\/p>\n<p><strong>D\u00e9couvrir plus<\/strong><\/p>\n<blockquote class=\"wp-embedded-content\" data-secret=\"03eENTJZAr\"><p><a href=\"https:\/\/www.frecan.es\/blog\/fr\/eclairage-led-reglable\/\">Cr\u00e9ez l\u2019ambiance parfait dans votre cuisine avec l\u2019\u00e9clairage LED r\u00e9glable<\/a><\/p><\/blockquote>\n<p><iframe loading=\"lazy\" class=\"wp-embedded-content\" sandbox=\"allow-scripts\" security=\"restricted\" style=\"position: absolute; clip: rect(1px, 1px, 1px, 1px);\" title=\"\u00ab\u00a0Cr\u00e9ez l\u2019ambiance parfait dans votre cuisine avec l\u2019\u00e9clairage LED r\u00e9glable\u00a0\u00bb &#8212; Blog de Frecan\" src=\"https:\/\/www.frecan.es\/blog\/fr\/eclairage-led-reglable\/embed\/#?secret=JLeA0AZqmM#?secret=03eENTJZAr\" data-secret=\"03eENTJZAr\" width=\"600\" height=\"338\" frameborder=\"0\" marginwidth=\"0\" marginheight=\"0\" scrolling=\"no\"><\/iframe><\/p>\n<blockquote class=\"wp-embedded-content\" data-secret=\"rmMC3n59s0\"><p><a href=\"https:\/\/www.frecan.es\/blog\/fr\/hotte-encastrable-note\/\">Le hotte encastrable Note \u00e0 un autre niveau<\/a><\/p><\/blockquote>\n<p><iframe loading=\"lazy\" class=\"wp-embedded-content\" sandbox=\"allow-scripts\" security=\"restricted\" style=\"position: absolute; clip: rect(1px, 1px, 1px, 1px);\" title=\"\u00ab\u00a0Le hotte encastrable Note \u00e0 un autre niveau\u00a0\u00bb &#8212; Blog de Frecan\" src=\"https:\/\/www.frecan.es\/blog\/fr\/hotte-encastrable-note\/embed\/#?secret=ASRvCja5Vs#?secret=rmMC3n59s0\" data-secret=\"rmMC3n59s0\" width=\"600\" height=\"338\" frameborder=\"0\" marginwidth=\"0\" marginheight=\"0\" scrolling=\"no\"><\/iframe><\/p>\n","protected":false},"excerpt":{"rendered":"<p>Si vous cherchez une nouvelle hotte de cuisine qui m\u00e9lange parfaitement design, efficacit\u00e9 et technologie, le hotte encastrable Tersa est le choix id\u00e9al pour vous.<\/p>\n","protected":false},"author":8,"featured_media":8834,"comment_status":"open","ping_status":"open","sticky":false,"template":"","format":"standard","meta":{"footnotes":""},"categories":[68,64],"tags":[],"class_list":{"0":"post-8860","1":"post","2":"type-post","3":"status-publish","4":"format-standard","5":"has-post-thumbnail","7":"category-cuisines-design","8":"category-hottes"},"yoast_head":"<!-- This site is optimized with the Yoast SEO plugin v24.7 - https:\/\/yoast.com\/wordpress\/plugins\/seo\/ -->\n<title>Nouvelle hotte encastrable Tersa: el\u00e9gance et fonctionnalit\u00e9 - Blog de Frecan<\/title>\n<meta name=\"description\" content=\"Nouvelle hotte encastrable Tersa, le choix id\u00e9al si vous cherchez m\u00e9lange perfaitament design, efficacit\u00e9 et technologie.\" \/>\n<meta name=\"robots\" content=\"index, follow, max-snippet:-1, max-image-preview:large, max-video-preview:-1\" \/>\n<link rel=\"canonical\" href=\"https:\/\/www.frecan.es\/blog\/fr\/hotte-encastrable-tersa\/\" \/>\n<meta property=\"og:locale\" content=\"fr_FR\" \/>\n<meta property=\"og:type\" content=\"article\" \/>\n<meta property=\"og:title\" content=\"Nouvelle hotte encastrable Tersa: el\u00e9gance et fonctionnalit\u00e9 - Blog de Frecan\" \/>\n<meta property=\"og:description\" content=\"Nouvelle hotte encastrable Tersa, le choix id\u00e9al si vous cherchez m\u00e9lange perfaitament design, efficacit\u00e9 et technologie.\" \/>\n<meta property=\"og:url\" content=\"https:\/\/www.frecan.es\/blog\/fr\/hotte-encastrable-tersa\/\" \/>\n<meta property=\"og:site_name\" content=\"Blog de Frecan\" \/>\n<meta property=\"article:published_time\" content=\"2023-06-01T08:30:58+00:00\" \/>\n<meta property=\"og:image\" content=\"https:\/\/www.frecan.es\/blog\/wp-content\/uploads\/2023\/05\/tersa-g1-e1685516557414.jpg\" \/>\n\t<meta property=\"og:image:width\" content=\"1024\" \/>\n\t<meta property=\"og:image:height\" content=\"714\" \/>\n\t<meta property=\"og:image:type\" content=\"image\/jpeg\" \/>\n<meta name=\"author\" content=\"Tha\u00efs Alcal\u00e1\" \/>\n<meta name=\"twitter:card\" content=\"summary_large_image\" \/>\n<meta name=\"twitter:label1\" content=\"\u00c9crit par\" \/>\n\t<meta name=\"twitter:data1\" content=\"Tha\u00efs Alcal\u00e1\" \/>\n\t<meta name=\"twitter:label2\" content=\"Dur\u00e9e de lecture estim\u00e9e\" \/>\n\t<meta name=\"twitter:data2\" content=\"3 minutes\" \/>\n<script type=\"application\/ld+json\" class=\"yoast-schema-graph\">{\"@context\":\"https:\/\/schema.org\",\"@graph\":[{\"@type\":\"Article\",\"@id\":\"https:\/\/www.frecan.es\/blog\/fr\/hotte-encastrable-tersa\/#article\",\"isPartOf\":{\"@id\":\"https:\/\/www.frecan.es\/blog\/fr\/hotte-encastrable-tersa\/\"},\"author\":{\"name\":\"Tha\u00efs Alcal\u00e1\",\"@id\":\"https:\/\/www.frecan.es\/blog\/fr\/#\/schema\/person\/807ea11d2c3f88890ae67a52637b8b3c\"},\"headline\":\"Nouvelle hotte encastrable Tersa: el\u00e9gance et fonctionnalit\u00e9\",\"datePublished\":\"2023-06-01T08:30:58+00:00\",\"mainEntityOfPage\":{\"@id\":\"https:\/\/www.frecan.es\/blog\/fr\/hotte-encastrable-tersa\/\"},\"wordCount\":450,\"commentCount\":0,\"publisher\":{\"@id\":\"https:\/\/www.frecan.es\/blog\/fr\/#organization\"},\"image\":{\"@id\":\"https:\/\/www.frecan.es\/blog\/fr\/hotte-encastrable-tersa\/#primaryimage\"},\"thumbnailUrl\":\"https:\/\/www.frecan.es\/blog\/wp-content\/uploads\/2023\/05\/tersa-g1-e1685516557414.jpg\",\"articleSection\":[\"Cuisines design\",\"Syst\u00e8mes d'extraction \/ hottes\"],\"inLanguage\":\"fr-FR\",\"potentialAction\":[{\"@type\":\"CommentAction\",\"name\":\"Comment\",\"target\":[\"https:\/\/www.frecan.es\/blog\/fr\/hotte-encastrable-tersa\/#respond\"]}]},{\"@type\":\"WebPage\",\"@id\":\"https:\/\/www.frecan.es\/blog\/fr\/hotte-encastrable-tersa\/\",\"url\":\"https:\/\/www.frecan.es\/blog\/fr\/hotte-encastrable-tersa\/\",\"name\":\"Nouvelle hotte encastrable Tersa: el\u00e9gance et fonctionnalit\u00e9 - Blog de Frecan\",\"isPartOf\":{\"@id\":\"https:\/\/www.frecan.es\/blog\/fr\/#website\"},\"primaryImageOfPage\":{\"@id\":\"https:\/\/www.frecan.es\/blog\/fr\/hotte-encastrable-tersa\/#primaryimage\"},\"image\":{\"@id\":\"https:\/\/www.frecan.es\/blog\/fr\/hotte-encastrable-tersa\/#primaryimage\"},\"thumbnailUrl\":\"https:\/\/www.frecan.es\/blog\/wp-content\/uploads\/2023\/05\/tersa-g1-e1685516557414.jpg\",\"datePublished\":\"2023-06-01T08:30:58+00:00\",\"description\":\"Nouvelle hotte encastrable Tersa, le choix id\u00e9al si vous cherchez m\u00e9lange perfaitament design, efficacit\u00e9 et technologie.\",\"breadcrumb\":{\"@id\":\"https:\/\/www.frecan.es\/blog\/fr\/hotte-encastrable-tersa\/#breadcrumb\"},\"inLanguage\":\"fr-FR\",\"potentialAction\":[{\"@type\":\"ReadAction\",\"target\":[\"https:\/\/www.frecan.es\/blog\/fr\/hotte-encastrable-tersa\/\"]}]},{\"@type\":\"ImageObject\",\"inLanguage\":\"fr-FR\",\"@id\":\"https:\/\/www.frecan.es\/blog\/fr\/hotte-encastrable-tersa\/#primaryimage\",\"url\":\"https:\/\/www.frecan.es\/blog\/wp-content\/uploads\/2023\/05\/tersa-g1-e1685516557414.jpg\",\"contentUrl\":\"https:\/\/www.frecan.es\/blog\/wp-content\/uploads\/2023\/05\/tersa-g1-e1685516557414.jpg\",\"width\":1024,\"height\":714,\"caption\":\"Campana de integraci\u00f3n Tersa\"},{\"@type\":\"BreadcrumbList\",\"@id\":\"https:\/\/www.frecan.es\/blog\/fr\/hotte-encastrable-tersa\/#breadcrumb\",\"itemListElement\":[{\"@type\":\"ListItem\",\"position\":1,\"name\":\"Page de Couverture\",\"item\":\"https:\/\/www.frecan.es\/blog\/fr\/\"},{\"@type\":\"ListItem\",\"position\":2,\"name\":\"Nouvelle hotte encastrable Tersa: el\u00e9gance et fonctionnalit\u00e9\"}]},{\"@type\":\"WebSite\",\"@id\":\"https:\/\/www.frecan.es\/blog\/fr\/#website\",\"url\":\"https:\/\/www.frecan.es\/blog\/fr\/\",\"name\":\"Blog de Frecan\",\"description\":\"Artisanat, technologie et avant-garde au c\u0153ur de votre cuisine\",\"publisher\":{\"@id\":\"https:\/\/www.frecan.es\/blog\/fr\/#organization\"},\"potentialAction\":[{\"@type\":\"SearchAction\",\"target\":{\"@type\":\"EntryPoint\",\"urlTemplate\":\"https:\/\/www.frecan.es\/blog\/fr\/?s={search_term_string}\"},\"query-input\":{\"@type\":\"PropertyValueSpecification\",\"valueRequired\":true,\"valueName\":\"search_term_string\"}}],\"inLanguage\":\"fr-FR\"},{\"@type\":\"Organization\",\"@id\":\"https:\/\/www.frecan.es\/blog\/fr\/#organization\",\"name\":\"Frecan\",\"url\":\"https:\/\/www.frecan.es\/blog\/fr\/\",\"logo\":{\"@type\":\"ImageObject\",\"inLanguage\":\"fr-FR\",\"@id\":\"https:\/\/www.frecan.es\/blog\/fr\/#\/schema\/logo\/image\/\",\"url\":\"https:\/\/www.frecan.es\/blog\/wp-content\/uploads\/2016\/02\/logo-frecan.png\",\"contentUrl\":\"https:\/\/www.frecan.es\/blog\/wp-content\/uploads\/2016\/02\/logo-frecan.png\",\"width\":250,\"height\":27,\"caption\":\"Frecan\"},\"image\":{\"@id\":\"https:\/\/www.frecan.es\/blog\/fr\/#\/schema\/logo\/image\/\"}},{\"@type\":\"Person\",\"@id\":\"https:\/\/www.frecan.es\/blog\/fr\/#\/schema\/person\/807ea11d2c3f88890ae67a52637b8b3c\",\"name\":\"Tha\u00efs Alcal\u00e1\",\"image\":{\"@type\":\"ImageObject\",\"inLanguage\":\"fr-FR\",\"@id\":\"https:\/\/www.frecan.es\/blog\/fr\/#\/schema\/person\/image\/\",\"url\":\"https:\/\/secure.gravatar.com\/avatar\/ad063cd811075f52af0714b5e973cd08?s=96&d=mm&r=g\",\"contentUrl\":\"https:\/\/secure.gravatar.com\/avatar\/ad063cd811075f52af0714b5e973cd08?s=96&d=mm&r=g\",\"caption\":\"Tha\u00efs Alcal\u00e1\"},\"sameAs\":[\"http:\/\/www.frecan.es\"]}]}<\/script>\n<!-- \/ Yoast SEO plugin. -->","yoast_head_json":{"title":"Nouvelle hotte encastrable Tersa: el\u00e9gance et fonctionnalit\u00e9 - Blog de Frecan","description":"Nouvelle hotte encastrable Tersa, le choix id\u00e9al si vous cherchez m\u00e9lange perfaitament design, efficacit\u00e9 et technologie.","robots":{"index":"index","follow":"follow","max-snippet":"max-snippet:-1","max-image-preview":"max-image-preview:large","max-video-preview":"max-video-preview:-1"},"canonical":"https:\/\/www.frecan.es\/blog\/fr\/hotte-encastrable-tersa\/","og_locale":"fr_FR","og_type":"article","og_title":"Nouvelle hotte encastrable Tersa: el\u00e9gance et fonctionnalit\u00e9 - Blog de Frecan","og_description":"Nouvelle hotte encastrable Tersa, le choix id\u00e9al si vous cherchez m\u00e9lange perfaitament design, efficacit\u00e9 et technologie.","og_url":"https:\/\/www.frecan.es\/blog\/fr\/hotte-encastrable-tersa\/","og_site_name":"Blog de Frecan","article_published_time":"2023-06-01T08:30:58+00:00","og_image":[{"width":1024,"height":714,"url":"https:\/\/www.frecan.es\/blog\/wp-content\/uploads\/2023\/05\/tersa-g1-e1685516557414.jpg","type":"image\/jpeg"}],"author":"Tha\u00efs Alcal\u00e1","twitter_card":"summary_large_image","twitter_misc":{"\u00c9crit par":"Tha\u00efs Alcal\u00e1","Dur\u00e9e de lecture estim\u00e9e":"3 minutes"},"schema":{"@context":"https:\/\/schema.org","@graph":[{"@type":"Article","@id":"https:\/\/www.frecan.es\/blog\/fr\/hotte-encastrable-tersa\/#article","isPartOf":{"@id":"https:\/\/www.frecan.es\/blog\/fr\/hotte-encastrable-tersa\/"},"author":{"name":"Tha\u00efs Alcal\u00e1","@id":"https:\/\/www.frecan.es\/blog\/fr\/#\/schema\/person\/807ea11d2c3f88890ae67a52637b8b3c"},"headline":"Nouvelle hotte encastrable Tersa: el\u00e9gance et fonctionnalit\u00e9","datePublished":"2023-06-01T08:30:58+00:00","mainEntityOfPage":{"@id":"https:\/\/www.frecan.es\/blog\/fr\/hotte-encastrable-tersa\/"},"wordCount":450,"commentCount":0,"publisher":{"@id":"https:\/\/www.frecan.es\/blog\/fr\/#organization"},"image":{"@id":"https:\/\/www.frecan.es\/blog\/fr\/hotte-encastrable-tersa\/#primaryimage"},"thumbnailUrl":"https:\/\/www.frecan.es\/blog\/wp-content\/uploads\/2023\/05\/tersa-g1-e1685516557414.jpg","articleSection":["Cuisines design","Syst\u00e8mes d'extraction \/ hottes"],"inLanguage":"fr-FR","potentialAction":[{"@type":"CommentAction","name":"Comment","target":["https:\/\/www.frecan.es\/blog\/fr\/hotte-encastrable-tersa\/#respond"]}]},{"@type":"WebPage","@id":"https:\/\/www.frecan.es\/blog\/fr\/hotte-encastrable-tersa\/","url":"https:\/\/www.frecan.es\/blog\/fr\/hotte-encastrable-tersa\/","name":"Nouvelle hotte encastrable Tersa: el\u00e9gance et fonctionnalit\u00e9 - Blog de Frecan","isPartOf":{"@id":"https:\/\/www.frecan.es\/blog\/fr\/#website"},"primaryImageOfPage":{"@id":"https:\/\/www.frecan.es\/blog\/fr\/hotte-encastrable-tersa\/#primaryimage"},"image":{"@id":"https:\/\/www.frecan.es\/blog\/fr\/hotte-encastrable-tersa\/#primaryimage"},"thumbnailUrl":"https:\/\/www.frecan.es\/blog\/wp-content\/uploads\/2023\/05\/tersa-g1-e1685516557414.jpg","datePublished":"2023-06-01T08:30:58+00:00","description":"Nouvelle hotte encastrable Tersa, le choix id\u00e9al si vous cherchez m\u00e9lange perfaitament design, efficacit\u00e9 et technologie.","breadcrumb":{"@id":"https:\/\/www.frecan.es\/blog\/fr\/hotte-encastrable-tersa\/#breadcrumb"},"inLanguage":"fr-FR","potentialAction":[{"@type":"ReadAction","target":["https:\/\/www.frecan.es\/blog\/fr\/hotte-encastrable-tersa\/"]}]},{"@type":"ImageObject","inLanguage":"fr-FR","@id":"https:\/\/www.frecan.es\/blog\/fr\/hotte-encastrable-tersa\/#primaryimage","url":"https:\/\/www.frecan.es\/blog\/wp-content\/uploads\/2023\/05\/tersa-g1-e1685516557414.jpg","contentUrl":"https:\/\/www.frecan.es\/blog\/wp-content\/uploads\/2023\/05\/tersa-g1-e1685516557414.jpg","width":1024,"height":714,"caption":"Campana de integraci\u00f3n Tersa"},{"@type":"BreadcrumbList","@id":"https:\/\/www.frecan.es\/blog\/fr\/hotte-encastrable-tersa\/#breadcrumb","itemListElement":[{"@type":"ListItem","position":1,"name":"Page de Couverture","item":"https:\/\/www.frecan.es\/blog\/fr\/"},{"@type":"ListItem","position":2,"name":"Nouvelle hotte encastrable Tersa: el\u00e9gance et fonctionnalit\u00e9"}]},{"@type":"WebSite","@id":"https:\/\/www.frecan.es\/blog\/fr\/#website","url":"https:\/\/www.frecan.es\/blog\/fr\/","name":"Blog de Frecan","description":"Artisanat, technologie et avant-garde au c\u0153ur de votre cuisine","publisher":{"@id":"https:\/\/www.frecan.es\/blog\/fr\/#organization"},"potentialAction":[{"@type":"SearchAction","target":{"@type":"EntryPoint","urlTemplate":"https:\/\/www.frecan.es\/blog\/fr\/?s={search_term_string}"},"query-input":{"@type":"PropertyValueSpecification","valueRequired":true,"valueName":"search_term_string"}}],"inLanguage":"fr-FR"},{"@type":"Organization","@id":"https:\/\/www.frecan.es\/blog\/fr\/#organization","name":"Frecan","url":"https:\/\/www.frecan.es\/blog\/fr\/","logo":{"@type":"ImageObject","inLanguage":"fr-FR","@id":"https:\/\/www.frecan.es\/blog\/fr\/#\/schema\/logo\/image\/","url":"https:\/\/www.frecan.es\/blog\/wp-content\/uploads\/2016\/02\/logo-frecan.png","contentUrl":"https:\/\/www.frecan.es\/blog\/wp-content\/uploads\/2016\/02\/logo-frecan.png","width":250,"height":27,"caption":"Frecan"},"image":{"@id":"https:\/\/www.frecan.es\/blog\/fr\/#\/schema\/logo\/image\/"}},{"@type":"Person","@id":"https:\/\/www.frecan.es\/blog\/fr\/#\/schema\/person\/807ea11d2c3f88890ae67a52637b8b3c","name":"Tha\u00efs Alcal\u00e1","image":{"@type":"ImageObject","inLanguage":"fr-FR","@id":"https:\/\/www.frecan.es\/blog\/fr\/#\/schema\/person\/image\/","url":"https:\/\/secure.gravatar.com\/avatar\/ad063cd811075f52af0714b5e973cd08?s=96&d=mm&r=g","contentUrl":"https:\/\/secure.gravatar.com\/avatar\/ad063cd811075f52af0714b5e973cd08?s=96&d=mm&r=g","caption":"Tha\u00efs Alcal\u00e1"},"sameAs":["http:\/\/www.frecan.es"]}]}},"_links":{"self":[{"href":"https:\/\/www.frecan.es\/blog\/fr\/wp-json\/wp\/v2\/posts\/8860","targetHints":{"allow":["GET"]}}],"collection":[{"href":"https:\/\/www.frecan.es\/blog\/fr\/wp-json\/wp\/v2\/posts"}],"about":[{"href":"https:\/\/www.frecan.es\/blog\/fr\/wp-json\/wp\/v2\/types\/post"}],"author":[{"embeddable":true,"href":"https:\/\/www.frecan.es\/blog\/fr\/wp-json\/wp\/v2\/users\/8"}],"replies":[{"embeddable":true,"href":"https:\/\/www.frecan.es\/blog\/fr\/wp-json\/wp\/v2\/comments?post=8860"}],"version-history":[{"count":7,"href":"https:\/\/www.frecan.es\/blog\/fr\/wp-json\/wp\/v2\/posts\/8860\/revisions"}],"predecessor-version":[{"id":8869,"href":"https:\/\/www.frecan.es\/blog\/fr\/wp-json\/wp\/v2\/posts\/8860\/revisions\/8869"}],"wp:featuredmedia":[{"embeddable":true,"href":"https:\/\/www.frecan.es\/blog\/fr\/wp-json\/wp\/v2\/media\/8834"}],"wp:attachment":[{"href":"https:\/\/www.frecan.es\/blog\/fr\/wp-json\/wp\/v2\/media?parent=8860"}],"wp:term":[{"taxonomy":"category","embeddable":true,"href":"https:\/\/www.frecan.es\/blog\/fr\/wp-json\/wp\/v2\/categories?post=8860"},{"taxonomy":"post_tag","embeddable":true,"href":"https:\/\/www.frecan.es\/blog\/fr\/wp-json\/wp\/v2\/tags?post=8860"}],"curies":[{"name":"wp","href":"https:\/\/api.w.org\/{rel}","templated":true}]}}