{"id":8756,"date":"2023-05-18T10:30:42","date_gmt":"2023-05-18T08:30:42","guid":{"rendered":"https:\/\/www.frecan.es\/blog\/?p=8756"},"modified":"2023-05-16T12:22:50","modified_gmt":"2023-05-16T10:22:50","slug":"eclairage-led-reglable","status":"publish","type":"post","link":"https:\/\/www.frecan.es\/blog\/fr\/eclairage-led-reglable\/","title":{"rendered":"Cr\u00e9ez l\u2019ambiance parfait dans votre cuisine avec l\u2019\u00e9clairage LED r\u00e9glable"},"content":{"rendered":"<h2 style=\"color: #949494; font-size: 24px; line-height: 26px; margin-top: -20px;\"><b>Choisissez entre des couleurs chaudes, neutres et froides pour la nouvelle <\/b><\/h2>\n<p><!--more--><\/p>\n<p><img loading=\"lazy\" decoding=\"async\" class=\"alignnone wp-image-8749 size-full\" src=\"https:\/\/www.frecan.es\/blog\/wp-content\/uploads\/2023\/05\/Led-R.gif\" alt=\"Iluminaci\u00f3n LED regulable\" width=\"1280\" height=\"720\" \/><\/p>\n<p><span style=\"color: #000000;\">Frecan est en \u00e9volution constante, c\u2019est pour \u00e7a que nous avons recon\u00e7u et am\u00e9lior\u00e9 la plupart de nos mod\u00e8les ; ils maintenant permettent de cr\u00e9er des ambiances diff\u00e9rentes et changer l\u2019humeur que l\u2019espace transmettre. Frecan permet de changer l\u2019aspect visuel de votre cuisine avec le nouvel \u00e9clairage LED r\u00e9glable ; cet illumination permet de programmer l\u2019<b>intensit\u00e9<\/b> (Fonction Dimmer) et la <b>temp\u00e9rature<\/b> de l\u2019illumination d\u00e8s 2700K aux 6500K (Selon model). En permettant de choisir entre des couleurs chaudes, neutres et froides pour s\u2019adapter \u00e0 l\u2019illumination auxiliaire, transforment l\u2019ambiance, l\u2019espace et l\u2019exp\u00e9rience.<\/span><\/p>\n<h3>L\u2019importance de l\u2019\u00e9clairage dans nos espaces<\/h3>\n<p><span style=\"color: #000000;\">L\u2019\u00e9clairage joue un r\u00f4le essentiel dans la fa\u00e7on dont nous percevons et vivons notre environnement. L\u2019\u00e9clairage correcte peut mettre en valeur la beaut\u00e9 d&rsquo;un espace, am\u00e9liorer notre humeur et augmenter la productivit\u00e9.<\/span><\/p>\n<p><span style=\"color: #000000;\">D\u2019un autre c\u00f4t\u00e9, un faible \u00e9clairage peut cr\u00e9er des ambiances peu accueillants et provoquer une fatigue oculaire. C\u2019est l\u00e0 ou l\u2019\u00e9clairage LED r\u00e9glable rentre dans ce jeu-l\u00e0.<\/span><\/p>\n<p><span style=\"color: #000000;\">L\u2019\u00e9clairage LED r\u00e9glable, en plus d&rsquo;\u00eatre <b>tr\u00e8s efficaces \u00e9nerg\u00e9tiquement<\/b> et d&rsquo;avoir une <b>longue dur\u00e9e de vie<\/b>, ils offrent une flexibilit\u00e9 additionnelle gr\u00e2ce \u00e0 sa capacit\u00e9 de r\u00e9gler l\u2019intensit\u00e9 et la temp\u00e9rature des couleurs.<\/span><\/p>\n<p><span style=\"color: #000000;\">Contrairement aux lumi\u00e8res conventionnelles, nous pouvons les ajuster \u00e0 nos besoins et pr\u00e9f\u00e9rences ; vous pouvez choisir une lumi\u00e8re <b>vive et froide<\/b> lorsque la concentration est requise dans la cuisine, et une lumi\u00e8re <b>chaude et t\u00e9nu<\/b> pour vous d\u00e9tendre au d\u00eener apr\u00e8s une longue journ\u00e9e.<\/span><\/p>\n<p><span style=\"color: #000000;\">Selon chaque mod\u00e8le d\u2019hotte Frecan, il existe plusieurs et diff\u00e9rents <b>options de recirculation <\/b>: r\u00e9gulation avec clavier \u00e9lectronique, t\u00e9l\u00e9commande, clavier \u00e9lectronique avec t\u00e9l\u00e9commande et clavier tactile.<\/span><\/p>\n<p><span style=\"color: #000000;\">De m\u00eame, l\u2019\u00e9clairage LED r\u00e9glable, ainsi que la flexibilit\u00e9 et capacit\u00e9 de programmation, offre d\u2019<b>autres avantages ; <\/b>\u00e9tant des lampes tr\u00e8s efficaces, elles consomment moins d&rsquo;\u00e9nergie que les lampes traditionnelles, ce qui se traduit par des <b>\u00e9conomies sur vos factures<\/b> d&rsquo;\u00e9lectricit\u00e9, et le fait qu&rsquo;elles aient une dur\u00e9e de vie plus longue r\u00e9duise le besoin de remplacer fr\u00e9quemment les ampoules.<\/span><\/p>\n<p><span style=\"color: #000000;\">En r\u00e9sum\u00e9, l\u2019\u00e9clairage LED r\u00e9glable offre <b>commodit\u00e9<\/b> ; il est une <b>solution versatile et personnalisable<\/b> laquelle vous permettra de cr\u00e9er l\u2019atmosph\u00e8re parfaite dans votre cuisine.<\/span><\/p>\n<p><span style=\"color: #000000;\">Ci-dessous, vous pourrez acc\u00e9der aux <b>vid\u00e9os d\u00e9monstratifs <\/b>ou nous vous montrons comment r\u00e9gler l\u2019\u00e9clairage rapidement.<\/span><\/p>\n<ul>\n<li><a href=\"https:\/\/www.youtube.com\/watch?v=fWImnq-ehgQ&amp;list=PLG7g31-z9eBwAxi4WSRVI20QgCmjt5nBM&amp;index=1\"><strong> \u00c9clairage r\u00e9glable &#8211; Clavier \u00e9lectronique<\/strong><\/a><\/li>\n<li><strong><a href=\"https:\/\/www.youtube.com\/watch?v=nLDXdZPlKcA&amp;list=PLG7g31-z9eBwAxi4WSRVI20QgCmjt5nBM&amp;index=2\">\u00c9clairage r\u00e9glable &#8211; T\u00e9l\u00e9commande<\/a><\/strong><\/li>\n<li><strong><a href=\"https:\/\/www.youtube.com\/watch?v=vYwB9OMqwyg&amp;list=PLG7g31-z9eBwAxi4WSRVI20QgCmjt5nBM&amp;index=3\">\u00c9clairage r\u00e9glable &#8211; Clavier \u00e9lectronique avec t\u00e9l\u00e9commande <\/a><\/strong><\/li>\n<li><strong><a href=\"https:\/\/www.youtube.com\/watch?v=PJg5cAPqVuQ&amp;list=PLG7g31-z9eBwAxi4WSRVI20QgCmjt5nBM&amp;index=4\">\u00c9clairage r\u00e9glable &#8211; Clavier tactile<\/a><\/strong><\/li>\n<\/ul>\n<p><a href=\"https:\/\/www.frecan.es\/caracteristicas-familia\/?familia=1&amp;caract=2\">Plus d&rsquo;info dans notre page web<\/a><\/p>\n<h4>Descubre m\u00e1s<\/h4>\n<blockquote class=\"wp-embedded-content\" data-secret=\"N4wRzeaBxc\"><p><a href=\"https:\/\/www.frecan.es\/blog\/campana-integrada-hit-mas-versatiles-catalogo\/\">La campana integrada Hit es una de las m\u00e1s vers\u00e1tiles de nuestro cat\u00e1logo.<\/a><\/p><\/blockquote>\n<p><iframe loading=\"lazy\" class=\"wp-embedded-content\" sandbox=\"allow-scripts\" security=\"restricted\" style=\"position: absolute; clip: rect(1px, 1px, 1px, 1px);\" title=\"\u00abLa campana integrada Hit es una de las m\u00e1s vers\u00e1tiles de nuestro cat\u00e1logo.\u00bb \u2014 Blog de Frecan\" src=\"https:\/\/www.frecan.es\/blog\/campana-integrada-hit-mas-versatiles-catalogo\/embed\/#?secret=giGqAjNjlu#?secret=N4wRzeaBxc\" data-secret=\"N4wRzeaBxc\" width=\"600\" height=\"338\" frameborder=\"0\" marginwidth=\"0\" marginheight=\"0\" scrolling=\"no\"><\/iframe><\/p>\n<blockquote class=\"wp-embedded-content\" data-secret=\"UeneqnVrhI\"><p><a href=\"https:\/\/www.frecan.es\/blog\/campana-de-superficie-flow-5\/\">Campana de superficie Flow 5. Dise\u00f1o elegante, discreto y oculto.<\/a><\/p><\/blockquote>\n<p><iframe loading=\"lazy\" class=\"wp-embedded-content\" sandbox=\"allow-scripts\" security=\"restricted\" style=\"position: absolute; clip: rect(1px, 1px, 1px, 1px);\" title=\"\u00abCampana de superficie Flow 5. Dise\u00f1o elegante, discreto y oculto.\u00bb \u2014 Blog de Frecan\" src=\"https:\/\/www.frecan.es\/blog\/campana-de-superficie-flow-5\/embed\/#?secret=3KRotsi5FJ#?secret=UeneqnVrhI\" data-secret=\"UeneqnVrhI\" width=\"600\" height=\"338\" frameborder=\"0\" marginwidth=\"0\" marginheight=\"0\" scrolling=\"no\"><\/iframe><\/p>\n","protected":false},"excerpt":{"rendered":"<p>Choisissez entre des couleurs chaudes, neutres et froides pour la nouvelle <\/p>\n","protected":false},"author":8,"featured_media":8755,"comment_status":"open","ping_status":"open","sticky":false,"template":"","format":"standard","meta":{"footnotes":""},"categories":[68,60],"tags":[],"class_list":{"0":"post-8756","1":"post","2":"type-post","3":"status-publish","4":"format-standard","5":"has-post-thumbnail","7":"category-cuisines-design","8":"category-fabricants-hottes-haut-de-gamme-fr"},"yoast_head":"<!-- This site is optimized with the Yoast SEO plugin v24.7 - https:\/\/yoast.com\/wordpress\/plugins\/seo\/ -->\n<title>Cr\u00e9ez l\u2019ambiance parfait dans votre cuisine avec l\u2019\u00e9clairage LED r\u00e9glable - Blog de Frecan<\/title>\n<meta name=\"description\" content=\"Avec le nouvel \u00e9clairage LED Frecan r\u00e9glable, vous pouvez choisir entre des tons chauds, neutres et froids pour transformer l&#039;ambiance.\" \/>\n<meta name=\"robots\" content=\"index, follow, max-snippet:-1, max-image-preview:large, max-video-preview:-1\" \/>\n<link rel=\"canonical\" href=\"https:\/\/www.frecan.es\/blog\/fr\/eclairage-led-reglable\/\" \/>\n<meta property=\"og:locale\" content=\"fr_FR\" \/>\n<meta property=\"og:type\" content=\"article\" \/>\n<meta property=\"og:title\" content=\"Cr\u00e9ez l\u2019ambiance parfait dans votre cuisine avec l\u2019\u00e9clairage LED r\u00e9glable - Blog de Frecan\" \/>\n<meta property=\"og:description\" content=\"Avec le nouvel \u00e9clairage LED Frecan r\u00e9glable, vous pouvez choisir entre des tons chauds, neutres et froids pour transformer l&#039;ambiance.\" \/>\n<meta property=\"og:url\" content=\"https:\/\/www.frecan.es\/blog\/fr\/eclairage-led-reglable\/\" \/>\n<meta property=\"og:site_name\" content=\"Blog de Frecan\" \/>\n<meta property=\"article:published_time\" content=\"2023-05-18T08:30:42+00:00\" \/>\n<meta property=\"og:image\" content=\"https:\/\/www.frecan.es\/blog\/wp-content\/uploads\/2023\/05\/Led-R-ambient-2.jpg\" \/>\n\t<meta property=\"og:image:width\" content=\"1771\" \/>\n\t<meta property=\"og:image:height\" content=\"1328\" \/>\n\t<meta property=\"og:image:type\" content=\"image\/jpeg\" \/>\n<meta name=\"author\" content=\"Tha\u00efs Alcal\u00e1\" \/>\n<meta name=\"twitter:card\" content=\"summary_large_image\" \/>\n<meta name=\"twitter:label1\" content=\"\u00c9crit par\" \/>\n\t<meta name=\"twitter:data1\" content=\"Tha\u00efs Alcal\u00e1\" \/>\n\t<meta name=\"twitter:label2\" content=\"Dur\u00e9e de lecture estim\u00e9e\" \/>\n\t<meta name=\"twitter:data2\" content=\"3 minutes\" \/>\n<script type=\"application\/ld+json\" class=\"yoast-schema-graph\">{\"@context\":\"https:\/\/schema.org\",\"@graph\":[{\"@type\":\"Article\",\"@id\":\"https:\/\/www.frecan.es\/blog\/fr\/eclairage-led-reglable\/#article\",\"isPartOf\":{\"@id\":\"https:\/\/www.frecan.es\/blog\/fr\/eclairage-led-reglable\/\"},\"author\":{\"name\":\"Tha\u00efs Alcal\u00e1\",\"@id\":\"https:\/\/www.frecan.es\/blog\/fr\/#\/schema\/person\/807ea11d2c3f88890ae67a52637b8b3c\"},\"headline\":\"Cr\u00e9ez l\u2019ambiance parfait dans votre cuisine avec l\u2019\u00e9clairage LED r\u00e9glable\",\"datePublished\":\"2023-05-18T08:30:42+00:00\",\"mainEntityOfPage\":{\"@id\":\"https:\/\/www.frecan.es\/blog\/fr\/eclairage-led-reglable\/\"},\"wordCount\":507,\"commentCount\":0,\"publisher\":{\"@id\":\"https:\/\/www.frecan.es\/blog\/fr\/#organization\"},\"image\":{\"@id\":\"https:\/\/www.frecan.es\/blog\/fr\/eclairage-led-reglable\/#primaryimage\"},\"thumbnailUrl\":\"https:\/\/www.frecan.es\/blog\/wp-content\/uploads\/2023\/05\/Led-R-ambient-2.jpg\",\"articleSection\":[\"Cuisines design\",\"Fabricants de hottes haut de gamme\"],\"inLanguage\":\"fr-FR\",\"potentialAction\":[{\"@type\":\"CommentAction\",\"name\":\"Comment\",\"target\":[\"https:\/\/www.frecan.es\/blog\/fr\/eclairage-led-reglable\/#respond\"]}]},{\"@type\":\"WebPage\",\"@id\":\"https:\/\/www.frecan.es\/blog\/fr\/eclairage-led-reglable\/\",\"url\":\"https:\/\/www.frecan.es\/blog\/fr\/eclairage-led-reglable\/\",\"name\":\"Cr\u00e9ez l\u2019ambiance parfait dans votre cuisine avec l\u2019\u00e9clairage LED r\u00e9glable - Blog de Frecan\",\"isPartOf\":{\"@id\":\"https:\/\/www.frecan.es\/blog\/fr\/#website\"},\"primaryImageOfPage\":{\"@id\":\"https:\/\/www.frecan.es\/blog\/fr\/eclairage-led-reglable\/#primaryimage\"},\"image\":{\"@id\":\"https:\/\/www.frecan.es\/blog\/fr\/eclairage-led-reglable\/#primaryimage\"},\"thumbnailUrl\":\"https:\/\/www.frecan.es\/blog\/wp-content\/uploads\/2023\/05\/Led-R-ambient-2.jpg\",\"datePublished\":\"2023-05-18T08:30:42+00:00\",\"description\":\"Avec le nouvel \u00e9clairage LED Frecan r\u00e9glable, vous pouvez choisir entre des tons chauds, neutres et froids pour transformer l'ambiance.\",\"breadcrumb\":{\"@id\":\"https:\/\/www.frecan.es\/blog\/fr\/eclairage-led-reglable\/#breadcrumb\"},\"inLanguage\":\"fr-FR\",\"potentialAction\":[{\"@type\":\"ReadAction\",\"target\":[\"https:\/\/www.frecan.es\/blog\/fr\/eclairage-led-reglable\/\"]}]},{\"@type\":\"ImageObject\",\"inLanguage\":\"fr-FR\",\"@id\":\"https:\/\/www.frecan.es\/blog\/fr\/eclairage-led-reglable\/#primaryimage\",\"url\":\"https:\/\/www.frecan.es\/blog\/wp-content\/uploads\/2023\/05\/Led-R-ambient-2.jpg\",\"contentUrl\":\"https:\/\/www.frecan.es\/blog\/wp-content\/uploads\/2023\/05\/Led-R-ambient-2.jpg\",\"width\":1771,\"height\":1328,\"caption\":\"Iluminaci\u00f3n LED Regulable Frecan\"},{\"@type\":\"BreadcrumbList\",\"@id\":\"https:\/\/www.frecan.es\/blog\/fr\/eclairage-led-reglable\/#breadcrumb\",\"itemListElement\":[{\"@type\":\"ListItem\",\"position\":1,\"name\":\"Page de Couverture\",\"item\":\"https:\/\/www.frecan.es\/blog\/fr\/\"},{\"@type\":\"ListItem\",\"position\":2,\"name\":\"Cr\u00e9ez l\u2019ambiance parfait dans votre cuisine avec l\u2019\u00e9clairage LED r\u00e9glable\"}]},{\"@type\":\"WebSite\",\"@id\":\"https:\/\/www.frecan.es\/blog\/fr\/#website\",\"url\":\"https:\/\/www.frecan.es\/blog\/fr\/\",\"name\":\"Blog de Frecan\",\"description\":\"Artisanat, technologie et avant-garde au c\u0153ur de votre cuisine\",\"publisher\":{\"@id\":\"https:\/\/www.frecan.es\/blog\/fr\/#organization\"},\"potentialAction\":[{\"@type\":\"SearchAction\",\"target\":{\"@type\":\"EntryPoint\",\"urlTemplate\":\"https:\/\/www.frecan.es\/blog\/fr\/?s={search_term_string}\"},\"query-input\":{\"@type\":\"PropertyValueSpecification\",\"valueRequired\":true,\"valueName\":\"search_term_string\"}}],\"inLanguage\":\"fr-FR\"},{\"@type\":\"Organization\",\"@id\":\"https:\/\/www.frecan.es\/blog\/fr\/#organization\",\"name\":\"Frecan\",\"url\":\"https:\/\/www.frecan.es\/blog\/fr\/\",\"logo\":{\"@type\":\"ImageObject\",\"inLanguage\":\"fr-FR\",\"@id\":\"https:\/\/www.frecan.es\/blog\/fr\/#\/schema\/logo\/image\/\",\"url\":\"https:\/\/www.frecan.es\/blog\/wp-content\/uploads\/2016\/02\/logo-frecan.png\",\"contentUrl\":\"https:\/\/www.frecan.es\/blog\/wp-content\/uploads\/2016\/02\/logo-frecan.png\",\"width\":250,\"height\":27,\"caption\":\"Frecan\"},\"image\":{\"@id\":\"https:\/\/www.frecan.es\/blog\/fr\/#\/schema\/logo\/image\/\"}},{\"@type\":\"Person\",\"@id\":\"https:\/\/www.frecan.es\/blog\/fr\/#\/schema\/person\/807ea11d2c3f88890ae67a52637b8b3c\",\"name\":\"Tha\u00efs Alcal\u00e1\",\"image\":{\"@type\":\"ImageObject\",\"inLanguage\":\"fr-FR\",\"@id\":\"https:\/\/www.frecan.es\/blog\/fr\/#\/schema\/person\/image\/\",\"url\":\"https:\/\/secure.gravatar.com\/avatar\/ad063cd811075f52af0714b5e973cd08?s=96&d=mm&r=g\",\"contentUrl\":\"https:\/\/secure.gravatar.com\/avatar\/ad063cd811075f52af0714b5e973cd08?s=96&d=mm&r=g\",\"caption\":\"Tha\u00efs Alcal\u00e1\"},\"sameAs\":[\"http:\/\/www.frecan.es\"]}]}<\/script>\n<!-- \/ Yoast SEO plugin. -->","yoast_head_json":{"title":"Cr\u00e9ez l\u2019ambiance parfait dans votre cuisine avec l\u2019\u00e9clairage LED r\u00e9glable - Blog de Frecan","description":"Avec le nouvel \u00e9clairage LED Frecan r\u00e9glable, vous pouvez choisir entre des tons chauds, neutres et froids pour transformer l'ambiance.","robots":{"index":"index","follow":"follow","max-snippet":"max-snippet:-1","max-image-preview":"max-image-preview:large","max-video-preview":"max-video-preview:-1"},"canonical":"https:\/\/www.frecan.es\/blog\/fr\/eclairage-led-reglable\/","og_locale":"fr_FR","og_type":"article","og_title":"Cr\u00e9ez l\u2019ambiance parfait dans votre cuisine avec l\u2019\u00e9clairage LED r\u00e9glable - Blog de Frecan","og_description":"Avec le nouvel \u00e9clairage LED Frecan r\u00e9glable, vous pouvez choisir entre des tons chauds, neutres et froids pour transformer l'ambiance.","og_url":"https:\/\/www.frecan.es\/blog\/fr\/eclairage-led-reglable\/","og_site_name":"Blog de Frecan","article_published_time":"2023-05-18T08:30:42+00:00","og_image":[{"width":1771,"height":1328,"url":"https:\/\/www.frecan.es\/blog\/wp-content\/uploads\/2023\/05\/Led-R-ambient-2.jpg","type":"image\/jpeg"}],"author":"Tha\u00efs Alcal\u00e1","twitter_card":"summary_large_image","twitter_misc":{"\u00c9crit par":"Tha\u00efs Alcal\u00e1","Dur\u00e9e de lecture estim\u00e9e":"3 minutes"},"schema":{"@context":"https:\/\/schema.org","@graph":[{"@type":"Article","@id":"https:\/\/www.frecan.es\/blog\/fr\/eclairage-led-reglable\/#article","isPartOf":{"@id":"https:\/\/www.frecan.es\/blog\/fr\/eclairage-led-reglable\/"},"author":{"name":"Tha\u00efs Alcal\u00e1","@id":"https:\/\/www.frecan.es\/blog\/fr\/#\/schema\/person\/807ea11d2c3f88890ae67a52637b8b3c"},"headline":"Cr\u00e9ez l\u2019ambiance parfait dans votre cuisine avec l\u2019\u00e9clairage LED r\u00e9glable","datePublished":"2023-05-18T08:30:42+00:00","mainEntityOfPage":{"@id":"https:\/\/www.frecan.es\/blog\/fr\/eclairage-led-reglable\/"},"wordCount":507,"commentCount":0,"publisher":{"@id":"https:\/\/www.frecan.es\/blog\/fr\/#organization"},"image":{"@id":"https:\/\/www.frecan.es\/blog\/fr\/eclairage-led-reglable\/#primaryimage"},"thumbnailUrl":"https:\/\/www.frecan.es\/blog\/wp-content\/uploads\/2023\/05\/Led-R-ambient-2.jpg","articleSection":["Cuisines design","Fabricants de hottes haut de gamme"],"inLanguage":"fr-FR","potentialAction":[{"@type":"CommentAction","name":"Comment","target":["https:\/\/www.frecan.es\/blog\/fr\/eclairage-led-reglable\/#respond"]}]},{"@type":"WebPage","@id":"https:\/\/www.frecan.es\/blog\/fr\/eclairage-led-reglable\/","url":"https:\/\/www.frecan.es\/blog\/fr\/eclairage-led-reglable\/","name":"Cr\u00e9ez l\u2019ambiance parfait dans votre cuisine avec l\u2019\u00e9clairage LED r\u00e9glable - Blog de Frecan","isPartOf":{"@id":"https:\/\/www.frecan.es\/blog\/fr\/#website"},"primaryImageOfPage":{"@id":"https:\/\/www.frecan.es\/blog\/fr\/eclairage-led-reglable\/#primaryimage"},"image":{"@id":"https:\/\/www.frecan.es\/blog\/fr\/eclairage-led-reglable\/#primaryimage"},"thumbnailUrl":"https:\/\/www.frecan.es\/blog\/wp-content\/uploads\/2023\/05\/Led-R-ambient-2.jpg","datePublished":"2023-05-18T08:30:42+00:00","description":"Avec le nouvel \u00e9clairage LED Frecan r\u00e9glable, vous pouvez choisir entre des tons chauds, neutres et froids pour transformer l'ambiance.","breadcrumb":{"@id":"https:\/\/www.frecan.es\/blog\/fr\/eclairage-led-reglable\/#breadcrumb"},"inLanguage":"fr-FR","potentialAction":[{"@type":"ReadAction","target":["https:\/\/www.frecan.es\/blog\/fr\/eclairage-led-reglable\/"]}]},{"@type":"ImageObject","inLanguage":"fr-FR","@id":"https:\/\/www.frecan.es\/blog\/fr\/eclairage-led-reglable\/#primaryimage","url":"https:\/\/www.frecan.es\/blog\/wp-content\/uploads\/2023\/05\/Led-R-ambient-2.jpg","contentUrl":"https:\/\/www.frecan.es\/blog\/wp-content\/uploads\/2023\/05\/Led-R-ambient-2.jpg","width":1771,"height":1328,"caption":"Iluminaci\u00f3n LED Regulable Frecan"},{"@type":"BreadcrumbList","@id":"https:\/\/www.frecan.es\/blog\/fr\/eclairage-led-reglable\/#breadcrumb","itemListElement":[{"@type":"ListItem","position":1,"name":"Page de Couverture","item":"https:\/\/www.frecan.es\/blog\/fr\/"},{"@type":"ListItem","position":2,"name":"Cr\u00e9ez l\u2019ambiance parfait dans votre cuisine avec l\u2019\u00e9clairage LED r\u00e9glable"}]},{"@type":"WebSite","@id":"https:\/\/www.frecan.es\/blog\/fr\/#website","url":"https:\/\/www.frecan.es\/blog\/fr\/","name":"Blog de Frecan","description":"Artisanat, technologie et avant-garde au c\u0153ur de votre cuisine","publisher":{"@id":"https:\/\/www.frecan.es\/blog\/fr\/#organization"},"potentialAction":[{"@type":"SearchAction","target":{"@type":"EntryPoint","urlTemplate":"https:\/\/www.frecan.es\/blog\/fr\/?s={search_term_string}"},"query-input":{"@type":"PropertyValueSpecification","valueRequired":true,"valueName":"search_term_string"}}],"inLanguage":"fr-FR"},{"@type":"Organization","@id":"https:\/\/www.frecan.es\/blog\/fr\/#organization","name":"Frecan","url":"https:\/\/www.frecan.es\/blog\/fr\/","logo":{"@type":"ImageObject","inLanguage":"fr-FR","@id":"https:\/\/www.frecan.es\/blog\/fr\/#\/schema\/logo\/image\/","url":"https:\/\/www.frecan.es\/blog\/wp-content\/uploads\/2016\/02\/logo-frecan.png","contentUrl":"https:\/\/www.frecan.es\/blog\/wp-content\/uploads\/2016\/02\/logo-frecan.png","width":250,"height":27,"caption":"Frecan"},"image":{"@id":"https:\/\/www.frecan.es\/blog\/fr\/#\/schema\/logo\/image\/"}},{"@type":"Person","@id":"https:\/\/www.frecan.es\/blog\/fr\/#\/schema\/person\/807ea11d2c3f88890ae67a52637b8b3c","name":"Tha\u00efs Alcal\u00e1","image":{"@type":"ImageObject","inLanguage":"fr-FR","@id":"https:\/\/www.frecan.es\/blog\/fr\/#\/schema\/person\/image\/","url":"https:\/\/secure.gravatar.com\/avatar\/ad063cd811075f52af0714b5e973cd08?s=96&d=mm&r=g","contentUrl":"https:\/\/secure.gravatar.com\/avatar\/ad063cd811075f52af0714b5e973cd08?s=96&d=mm&r=g","caption":"Tha\u00efs Alcal\u00e1"},"sameAs":["http:\/\/www.frecan.es"]}]}},"_links":{"self":[{"href":"https:\/\/www.frecan.es\/blog\/fr\/wp-json\/wp\/v2\/posts\/8756","targetHints":{"allow":["GET"]}}],"collection":[{"href":"https:\/\/www.frecan.es\/blog\/fr\/wp-json\/wp\/v2\/posts"}],"about":[{"href":"https:\/\/www.frecan.es\/blog\/fr\/wp-json\/wp\/v2\/types\/post"}],"author":[{"embeddable":true,"href":"https:\/\/www.frecan.es\/blog\/fr\/wp-json\/wp\/v2\/users\/8"}],"replies":[{"embeddable":true,"href":"https:\/\/www.frecan.es\/blog\/fr\/wp-json\/wp\/v2\/comments?post=8756"}],"version-history":[{"count":2,"href":"https:\/\/www.frecan.es\/blog\/fr\/wp-json\/wp\/v2\/posts\/8756\/revisions"}],"predecessor-version":[{"id":8758,"href":"https:\/\/www.frecan.es\/blog\/fr\/wp-json\/wp\/v2\/posts\/8756\/revisions\/8758"}],"wp:featuredmedia":[{"embeddable":true,"href":"https:\/\/www.frecan.es\/blog\/fr\/wp-json\/wp\/v2\/media\/8755"}],"wp:attachment":[{"href":"https:\/\/www.frecan.es\/blog\/fr\/wp-json\/wp\/v2\/media?parent=8756"}],"wp:term":[{"taxonomy":"category","embeddable":true,"href":"https:\/\/www.frecan.es\/blog\/fr\/wp-json\/wp\/v2\/categories?post=8756"},{"taxonomy":"post_tag","embeddable":true,"href":"https:\/\/www.frecan.es\/blog\/fr\/wp-json\/wp\/v2\/tags?post=8756"}],"curies":[{"name":"wp","href":"https:\/\/api.w.org\/{rel}","templated":true}]}}