{"id":8595,"date":"2023-04-19T10:19:23","date_gmt":"2023-04-19T08:19:23","guid":{"rendered":"https:\/\/www.frecan.es\/blog\/extraccion-de-olores\/"},"modified":"2023-04-20T12:31:13","modified_gmt":"2023-04-20T12:31:13","slug":"extraction-des-odeurs","status":"publish","type":"post","link":"https:\/\/www.frecan.es\/blog\/fr\/extraction-des-odeurs\/","title":{"rendered":"\u00ab\u00a0Ne touchez pas votre nez\u00a0\u00bb. \u00c9limine les odeurs."},"content":{"rendered":"<h2 style=\"color: #949494; font-size: 24px; line-height: 26px; margin-top: -20px;\">Chez Frecan nous n&rsquo;aimons pas vendre de la fum\u00e9e, mais des produits de qualit\u00e9 pour l&rsquo;\u00e9liminer.<\/h2>\n<p><!--more--><\/p>\n<h2 style=\"color: #949494; font-size: 24px; line-height: 26px;\">Nous certifions nos filtres par les laboratoires accr\u00e9dit\u00e9s europ\u00e9ens les plus prestigieux, conform\u00e9ment aux r\u00e9glementations techniques.<\/h2>\n<p>Les options d&rsquo;extraction des odeurs, dans le monde de la cuisine, se sont toujours concentr\u00e9es sur l&rsquo;extraction traditionnelle avec une sortie externe, mais comme alternative, il existe des syst\u00e8mes de recirculation qui purifient l&rsquo;air sans qu&rsquo;il soit n\u00e9cessaire d&rsquo;expulser les fum\u00e9es \u00e0 l&rsquo;ext\u00e9rieur ; ceux-ci sont simplement absorb\u00e9s et renvoy\u00e9s chez eux correctement filtr\u00e9s.<br \/>\nPour cette raison, les syst\u00e8mes de purification d&rsquo;air FrecanAir sont l&rsquo;alli\u00e9 parfait pour garantir la meilleure qualit\u00e9 d&rsquo;air dans la maison. Nos filtres ont \u00e9t\u00e9 sp\u00e9cialement con\u00e7us pour purifier l&rsquo;air de la cuisine et sont faciles \u00e0 installer.<\/p>\n<h3><span style=\"color: #000000;\"><a style=\"color: #000000;\" href=\"https:\/\/www.frecan.es\/blog\/fr\/purifie-air-plasma-cuisine\/\" target=\"_blank\" rel=\"noopener\">Filtre \u00e0 plasma C1000<\/a><\/span><\/h3>\n<p>Le filtre Plasma C1000 \u00e9limine les odeurs, la fum\u00e9e et les substances polluantes, tout en \u00e9tant l&rsquo;alternative de recirculation la plus efficace et la plus innovante du march\u00e9.<br \/>\nUn test d&rsquo;extraction d&rsquo;odeur a \u00e9t\u00e9 r\u00e9alis\u00e9 pour le filtre Plasma, 2 sc\u00e9narios de friture diff\u00e9rents (frites et poisson) ont servi de source d&rsquo;odeur.<\/p>\n<div style=\"float: left;\">\n<div class=\"columns medium-6\" style=\"padding: 0 10px 20px 0; font-size: 13px;\"><img loading=\"lazy\" decoding=\"async\" class=\"wp-image-8549 size-full aligncenter\" src=\"https:\/\/www.frecan.es\/blog\/wp-content\/uploads\/2023\/04\/plasma-reduccio\u0301n-de-olores.jpg\" alt=\"Plasma C1000 de Frecan\" width=\"677\" height=\"628\" srcset=\"https:\/\/www.frecan.es\/blog\/wp-content\/uploads\/2023\/04\/plasma-reduccio\u0301n-de-olores.jpg 677w, https:\/\/www.frecan.es\/blog\/wp-content\/uploads\/2023\/04\/plasma-reduccio\u0301n-de-olores-300x278.jpg 300w\" sizes=\"auto, (max-width: 677px) 100vw, 677px\" \/><\/div>\n<div class=\"columns medium-6\" style=\"padding: 0 10px 20px 0; font-size: 13px;\">\n<p><img loading=\"lazy\" decoding=\"async\" class=\"aligncenter wp-image-8607 size-full\" src=\"https:\/\/www.frecan.es\/blog\/wp-content\/uploads\/2023\/04\/certificat-Plasma-reduction-des-odeurs.jpg\" alt=\"Plasma C1000, extraction des odeurs\" width=\"677\" height=\"628\" srcset=\"https:\/\/www.frecan.es\/blog\/wp-content\/uploads\/2023\/04\/certificat-Plasma-reduction-des-odeurs.jpg 677w, https:\/\/www.frecan.es\/blog\/wp-content\/uploads\/2023\/04\/certificat-Plasma-reduction-des-odeurs-300x278.jpg 300w\" sizes=\"auto, (max-width: 677px) 100vw, 677px\" \/><\/p>\n<\/div>\n<h4 style=\"color: #000000; font-size: 12px; line-height: 14px;\">* Le test d&rsquo;extraction des odeurs pour le filtre Plasma C1000 selon la norme DIN EN13725:2003, donne un facteur de r\u00e9duction des odeurs du filtre de 96,5 %, garantissant une filtration maximale de l&rsquo;air.<\/h4>\n<p>&nbsp;<\/p>\n<h3><span style=\"color: #000000;\"><a style=\"color: #000000;\" href=\"https:\/\/www.frecan.es\/blog\/fr\/filtres-a-charbon-actif-de-longue-duree\/\" target=\"_blank\" rel=\"noopener\">Filtres FC Plus<\/a><\/span><\/h3>\n<p>Un test d&rsquo;extraction des odeurs a \u00e9t\u00e9 r\u00e9alis\u00e9 pour les diff\u00e9rents types de filtres purificateurs d&rsquo;air FrecanAir FC-Plus ; le r\u00e9sultat du test est le facteur de r\u00e9duction de ceux-ci.<\/p>\n<p>Les filtres FC Plus sont un syst\u00e8me original cr\u00e9\u00e9 et d\u00e9velopp\u00e9 par Frecan. Ils utilisent le mat\u00e9riau le plus naturel pour la purification de l&rsquo;air, obtenant une propret\u00e9 totale de celui-ci. Ils ont une grande capacit\u00e9 \u00e0 filtrer les odeurs et les \u00e9l\u00e9ments nocifs tels que les acides, la nicotine et l&rsquo;alcool, entre autres.<\/p>\n<p>Le laboratoire choisi a pris en compte le type de filtre qui a \u00e9t\u00e9 analys\u00e9, le poids, la quantit\u00e9 de charbon et le mod\u00e8le de hotte dans laquelle le filtre est appliqu\u00e9. De m\u00eame, dans les conditions d&rsquo;essai, la temp\u00e9rature, l&rsquo;humidit\u00e9 relative et la pression ont \u00e9t\u00e9 \u00e9valu\u00e9es.<\/p>\n<div class=\"columns medium-4\" style=\"padding: 0 25px 20px 0; font-size: 13px;\"><img loading=\"lazy\" decoding=\"async\" class=\"aligncenter wp-image-8543 size-full\" src=\"https:\/\/www.frecan.es\/blog\/wp-content\/uploads\/2023\/04\/FC-Plus-reduccio\u0301n-de-olores.jpg\" alt=\"Filtro FC Plus de Frecan\" width=\"677\" height=\"628\" srcset=\"https:\/\/www.frecan.es\/blog\/wp-content\/uploads\/2023\/04\/FC-Plus-reduccio\u0301n-de-olores.jpg 677w, https:\/\/www.frecan.es\/blog\/wp-content\/uploads\/2023\/04\/FC-Plus-reduccio\u0301n-de-olores-300x278.jpg 300w\" sizes=\"auto, (max-width: 677px) 100vw, 677px\" \/><\/div>\n<div class=\"columns medium-4\" style=\"padding: 0 25px 20px 0; font-size: 13px;\"><img loading=\"lazy\" decoding=\"async\" class=\"aligncenter wp-image-8540 size-full\" src=\"https:\/\/www.frecan.es\/blog\/wp-content\/uploads\/2023\/04\/FC-Plus-Mini-reduccio\u0301n-de-olores.jpg\" alt=\"Filtro FC Plus Mini\" width=\"677\" height=\"628\" srcset=\"https:\/\/www.frecan.es\/blog\/wp-content\/uploads\/2023\/04\/FC-Plus-Mini-reduccio\u0301n-de-olores.jpg 677w, https:\/\/www.frecan.es\/blog\/wp-content\/uploads\/2023\/04\/FC-Plus-Mini-reduccio\u0301n-de-olores-300x278.jpg 300w\" sizes=\"auto, (max-width: 677px) 100vw, 677px\" \/><\/div>\n<div class=\"columns medium-4\" style=\"padding: 0 25px 20px 0; font-size: 13px;\"><img loading=\"lazy\" decoding=\"async\" class=\"aligncenter wp-image-8546 size-full\" src=\"https:\/\/www.frecan.es\/blog\/wp-content\/uploads\/2023\/04\/FC-Plus-Techo-reduccio\u0301n-de-olores.jpg\" alt=\"Filtro FC Plus Techo de Frecan\" width=\"677\" height=\"628\" srcset=\"https:\/\/www.frecan.es\/blog\/wp-content\/uploads\/2023\/04\/FC-Plus-Techo-reduccio\u0301n-de-olores.jpg 677w, https:\/\/www.frecan.es\/blog\/wp-content\/uploads\/2023\/04\/FC-Plus-Techo-reduccio\u0301n-de-olores-300x278.jpg 300w\" sizes=\"auto, (max-width: 677px) 100vw, 677px\" \/><\/div>\n<div class=\"columns medium-4\" style=\"padding: 0 25px 20px 0; font-size: 13px;\">\n<p><img loading=\"lazy\" decoding=\"async\" class=\"wp-image-8604 size-full aligncenter\" src=\"https:\/\/www.frecan.es\/blog\/wp-content\/uploads\/2023\/04\/certificat-FC-Plus-reduction-des-odeurs.jpg\" alt=\"FC Plus, extraction des odeurs\" width=\"677\" height=\"628\" srcset=\"https:\/\/www.frecan.es\/blog\/wp-content\/uploads\/2023\/04\/certificat-FC-Plus-reduction-des-odeurs.jpg 677w, https:\/\/www.frecan.es\/blog\/wp-content\/uploads\/2023\/04\/certificat-FC-Plus-reduction-des-odeurs-300x278.jpg 300w\" sizes=\"auto, (max-width: 677px) 100vw, 677px\" \/><\/p>\n<h4 style=\"color: #000000; font-size: 12px; line-height: 14px;\">* Le test d&rsquo;extraction des odeurs du filtre<strong>FC Plus<\/strong>, selon la norme EN 61591:2020 + A11:2020, donne un facteur de r\u00e9duction des odeurs de 88,6 %.<\/h4>\n<\/div>\n<div class=\"columns medium-4\" style=\"padding: 0 25px 20px 0; font-size: 13px;\">\n<p><img loading=\"lazy\" decoding=\"async\" class=\"aligncenter wp-image-8601 size-full\" src=\"https:\/\/www.frecan.es\/blog\/wp-content\/uploads\/2023\/04\/certificat-FC-Plus-Mini-reduction-des-odeurs.jpg\" alt=\"FC Plus Mini, extraction des odeurs\" width=\"677\" height=\"628\" srcset=\"https:\/\/www.frecan.es\/blog\/wp-content\/uploads\/2023\/04\/certificat-FC-Plus-Mini-reduction-des-odeurs.jpg 677w, https:\/\/www.frecan.es\/blog\/wp-content\/uploads\/2023\/04\/certificat-FC-Plus-Mini-reduction-des-odeurs-300x278.jpg 300w\" sizes=\"auto, (max-width: 677px) 100vw, 677px\" \/><\/p>\n<h4 style=\"color: #000000; font-size: 12px; line-height: 14px;\">* Le test d&rsquo;extraction des odeurs du filtre<strong> FC Plus Mini<\/strong> selon la norme EN 61591:2020 + A11:2020, donne un facteur de r\u00e9duction des odeurs de 53,6%.<\/h4>\n<\/div>\n<div class=\"columns medium-4\" style=\"padding: 0 25px 20px 0; font-size: 13px;\">\n<p><a href=\"https:\/\/www.frecan.es\/pdf\/c_fcpt.pdf\" target=\"_blank\" rel=\"noopener\"><img loading=\"lazy\" decoding=\"async\" width=\"677\" height=\"628\" class=\"aligncenter wp-image-8598 size-full\" src=\"https:\/\/www.frecan.es\/blog\/wp-content\/uploads\/2023\/04\/certificado-FC-Plus-plafond-reduccio\u0301n-de-olores.jpg\" class=\"light\" srcset=\"https:\/\/www.frecan.es\/blog\/wp-content\/uploads\/2023\/04\/certificado-FC-Plus-plafond-reduccio\u0301n-de-olores.jpg 677w, https:\/\/www.frecan.es\/blog\/wp-content\/uploads\/2023\/04\/certificado-FC-Plus-plafond-reduccio\u0301n-de-olores-300x278.jpg 300w\" sizes=\"auto, (max-width: 677px) 100vw, 677px\" \/><\/a><\/p>\n<h4 style=\"color: #000000; font-size: 12px; line-height: 14px;\">* Le test d&rsquo;extraction des odeurs du filtre<strong> FC Plus Techo<\/strong> selon la norme EN 61591:2020 + A11:2020, donne un facteur de r\u00e9duction des odeurs de 66,15%.<\/h4>\n<\/div>\n<p>&nbsp;<\/p>\n<p>&nbsp;<\/p>\n<p>Chez Frecan, nous ne vendons pas de fum\u00e9e, nous travaillons chaque jour pour que les produits qui parviennent \u00e0 vos mains soient s\u00fbrs, confortables et faciles \u00e0 installer.<\/p>\n<\/div>\n","protected":false},"excerpt":{"rendered":"<p>Chez Frecan nous n&rsquo;aimons pas vendre de la fum\u00e9e, mais des produits de qualit\u00e9 pour l&rsquo;\u00e9liminer.<\/p>\n","protected":false},"author":1,"featured_media":8563,"comment_status":"open","ping_status":"open","sticky":false,"template":"","format":"standard","meta":{"footnotes":""},"categories":[63,64],"tags":[],"class_list":{"0":"post-8595","1":"post","2":"type-post","3":"status-publish","4":"format-standard","5":"has-post-thumbnail","7":"category-recirculation-et-passivhaus","8":"category-hottes"},"yoast_head":"<!-- This site is optimized with the Yoast SEO plugin v24.7 - https:\/\/yoast.com\/wordpress\/plugins\/seo\/ -->\n<title>&quot;Ne touchez pas votre nez&quot;. \u00c9limine les odeurs. - Blog de Frecan<\/title>\n<meta name=\"description\" content=\"Frecan certifie ses filtres de purification d&#039;air; dans l&#039;extraction des odeurs, &quot;ne touchez pas votre nez&quot;, demander \u00e0 \u00eatre certifi\u00e9.\" \/>\n<meta name=\"robots\" content=\"index, follow, max-snippet:-1, max-image-preview:large, max-video-preview:-1\" \/>\n<link rel=\"canonical\" href=\"https:\/\/www.frecan.es\/blog\/fr\/extraction-des-odeurs\/\" \/>\n<meta property=\"og:locale\" content=\"fr_FR\" \/>\n<meta property=\"og:type\" content=\"article\" \/>\n<meta property=\"og:title\" content=\"&quot;Ne touchez pas votre nez&quot;. \u00c9limine les odeurs. - Blog de Frecan\" \/>\n<meta property=\"og:description\" content=\"Frecan certifie ses filtres de purification d&#039;air; dans l&#039;extraction des odeurs, &quot;ne touchez pas votre nez&quot;, demander \u00e0 \u00eatre certifi\u00e9.\" \/>\n<meta property=\"og:url\" content=\"https:\/\/www.frecan.es\/blog\/fr\/extraction-des-odeurs\/\" \/>\n<meta property=\"og:site_name\" content=\"Blog de Frecan\" \/>\n<meta property=\"article:published_time\" content=\"2023-04-19T08:19:23+00:00\" \/>\n<meta property=\"article:modified_time\" content=\"2023-04-20T12:31:13+00:00\" \/>\n<meta property=\"og:image\" content=\"https:\/\/www.frecan.es\/blog\/wp-content\/uploads\/2023\/04\/pexels-tara-winstead-7723825-scaled.jpg\" \/>\n\t<meta property=\"og:image:width\" content=\"1707\" \/>\n\t<meta property=\"og:image:height\" content=\"2560\" \/>\n\t<meta property=\"og:image:type\" content=\"image\/jpeg\" \/>\n<meta name=\"author\" content=\"Frecan\" \/>\n<meta name=\"twitter:card\" content=\"summary_large_image\" \/>\n<meta name=\"twitter:label1\" content=\"\u00c9crit par\" \/>\n\t<meta name=\"twitter:data1\" content=\"Frecan\" \/>\n\t<meta name=\"twitter:label2\" content=\"Dur\u00e9e de lecture estim\u00e9e\" \/>\n\t<meta name=\"twitter:data2\" content=\"4 minutes\" \/>\n<script type=\"application\/ld+json\" class=\"yoast-schema-graph\">{\"@context\":\"https:\/\/schema.org\",\"@graph\":[{\"@type\":\"Article\",\"@id\":\"https:\/\/www.frecan.es\/blog\/fr\/extraction-des-odeurs\/#article\",\"isPartOf\":{\"@id\":\"https:\/\/www.frecan.es\/blog\/fr\/extraction-des-odeurs\/\"},\"author\":{\"name\":\"Frecan\",\"@id\":\"https:\/\/www.frecan.es\/blog\/fr\/#\/schema\/person\/6ce22ce910798f1b9c38e553a28a563a\"},\"headline\":\"\u00ab\u00a0Ne touchez pas votre nez\u00a0\u00bb. \u00c9limine les odeurs.\",\"datePublished\":\"2023-04-19T08:19:23+00:00\",\"dateModified\":\"2023-04-20T12:31:13+00:00\",\"mainEntityOfPage\":{\"@id\":\"https:\/\/www.frecan.es\/blog\/fr\/extraction-des-odeurs\/\"},\"wordCount\":483,\"commentCount\":0,\"publisher\":{\"@id\":\"https:\/\/www.frecan.es\/blog\/fr\/#organization\"},\"image\":{\"@id\":\"https:\/\/www.frecan.es\/blog\/fr\/extraction-des-odeurs\/#primaryimage\"},\"thumbnailUrl\":\"https:\/\/www.frecan.es\/blog\/wp-content\/uploads\/2023\/04\/pexels-tara-winstead-7723825-scaled.jpg\",\"articleSection\":[\"Recirculacion et Passivhaus\",\"Syst\u00e8mes d'extraction \/ hottes\"],\"inLanguage\":\"fr-FR\",\"potentialAction\":[{\"@type\":\"CommentAction\",\"name\":\"Comment\",\"target\":[\"https:\/\/www.frecan.es\/blog\/fr\/extraction-des-odeurs\/#respond\"]}]},{\"@type\":\"WebPage\",\"@id\":\"https:\/\/www.frecan.es\/blog\/fr\/extraction-des-odeurs\/\",\"url\":\"https:\/\/www.frecan.es\/blog\/fr\/extraction-des-odeurs\/\",\"name\":\"\\\"Ne touchez pas votre nez\\\". \u00c9limine les odeurs. - Blog de Frecan\",\"isPartOf\":{\"@id\":\"https:\/\/www.frecan.es\/blog\/fr\/#website\"},\"primaryImageOfPage\":{\"@id\":\"https:\/\/www.frecan.es\/blog\/fr\/extraction-des-odeurs\/#primaryimage\"},\"image\":{\"@id\":\"https:\/\/www.frecan.es\/blog\/fr\/extraction-des-odeurs\/#primaryimage\"},\"thumbnailUrl\":\"https:\/\/www.frecan.es\/blog\/wp-content\/uploads\/2023\/04\/pexels-tara-winstead-7723825-scaled.jpg\",\"datePublished\":\"2023-04-19T08:19:23+00:00\",\"dateModified\":\"2023-04-20T12:31:13+00:00\",\"description\":\"Frecan certifie ses filtres de purification d'air; dans l'extraction des odeurs, \\\"ne touchez pas votre nez\\\", demander \u00e0 \u00eatre certifi\u00e9.\",\"breadcrumb\":{\"@id\":\"https:\/\/www.frecan.es\/blog\/fr\/extraction-des-odeurs\/#breadcrumb\"},\"inLanguage\":\"fr-FR\",\"potentialAction\":[{\"@type\":\"ReadAction\",\"target\":[\"https:\/\/www.frecan.es\/blog\/fr\/extraction-des-odeurs\/\"]}]},{\"@type\":\"ImageObject\",\"inLanguage\":\"fr-FR\",\"@id\":\"https:\/\/www.frecan.es\/blog\/fr\/extraction-des-odeurs\/#primaryimage\",\"url\":\"https:\/\/www.frecan.es\/blog\/wp-content\/uploads\/2023\/04\/pexels-tara-winstead-7723825-scaled.jpg\",\"contentUrl\":\"https:\/\/www.frecan.es\/blog\/wp-content\/uploads\/2023\/04\/pexels-tara-winstead-7723825-scaled.jpg\",\"width\":1707,\"height\":2560,\"caption\":\"certificado\"},{\"@type\":\"BreadcrumbList\",\"@id\":\"https:\/\/www.frecan.es\/blog\/fr\/extraction-des-odeurs\/#breadcrumb\",\"itemListElement\":[{\"@type\":\"ListItem\",\"position\":1,\"name\":\"Page de Couverture\",\"item\":\"https:\/\/www.frecan.es\/blog\/fr\/\"},{\"@type\":\"ListItem\",\"position\":2,\"name\":\"\u00abNe touchez pas votre nez\u00bb. \u00c9limine les odeurs.\"}]},{\"@type\":\"WebSite\",\"@id\":\"https:\/\/www.frecan.es\/blog\/fr\/#website\",\"url\":\"https:\/\/www.frecan.es\/blog\/fr\/\",\"name\":\"Blog de Frecan\",\"description\":\"Artisanat, technologie et avant-garde au c\u0153ur de votre cuisine\",\"publisher\":{\"@id\":\"https:\/\/www.frecan.es\/blog\/fr\/#organization\"},\"potentialAction\":[{\"@type\":\"SearchAction\",\"target\":{\"@type\":\"EntryPoint\",\"urlTemplate\":\"https:\/\/www.frecan.es\/blog\/fr\/?s={search_term_string}\"},\"query-input\":{\"@type\":\"PropertyValueSpecification\",\"valueRequired\":true,\"valueName\":\"search_term_string\"}}],\"inLanguage\":\"fr-FR\"},{\"@type\":\"Organization\",\"@id\":\"https:\/\/www.frecan.es\/blog\/fr\/#organization\",\"name\":\"Frecan\",\"url\":\"https:\/\/www.frecan.es\/blog\/fr\/\",\"logo\":{\"@type\":\"ImageObject\",\"inLanguage\":\"fr-FR\",\"@id\":\"https:\/\/www.frecan.es\/blog\/fr\/#\/schema\/logo\/image\/\",\"url\":\"https:\/\/www.frecan.es\/blog\/wp-content\/uploads\/2016\/02\/logo-frecan.png\",\"contentUrl\":\"https:\/\/www.frecan.es\/blog\/wp-content\/uploads\/2016\/02\/logo-frecan.png\",\"width\":250,\"height\":27,\"caption\":\"Frecan\"},\"image\":{\"@id\":\"https:\/\/www.frecan.es\/blog\/fr\/#\/schema\/logo\/image\/\"}},{\"@type\":\"Person\",\"@id\":\"https:\/\/www.frecan.es\/blog\/fr\/#\/schema\/person\/6ce22ce910798f1b9c38e553a28a563a\",\"name\":\"Frecan\",\"image\":{\"@type\":\"ImageObject\",\"inLanguage\":\"fr-FR\",\"@id\":\"https:\/\/www.frecan.es\/blog\/fr\/#\/schema\/person\/image\/\",\"url\":\"https:\/\/secure.gravatar.com\/avatar\/419cd07cc761d2a4efea60ebf2d104a5?s=96&d=mm&r=g\",\"contentUrl\":\"https:\/\/secure.gravatar.com\/avatar\/419cd07cc761d2a4efea60ebf2d104a5?s=96&d=mm&r=g\",\"caption\":\"Frecan\"},\"sameAs\":[\"http:\/\/www.frecan.es\/\"]}]}<\/script>\n<!-- \/ Yoast SEO plugin. -->","yoast_head_json":{"title":"\"Ne touchez pas votre nez\". \u00c9limine les odeurs. - Blog de Frecan","description":"Frecan certifie ses filtres de purification d'air; dans l'extraction des odeurs, \"ne touchez pas votre nez\", demander \u00e0 \u00eatre certifi\u00e9.","robots":{"index":"index","follow":"follow","max-snippet":"max-snippet:-1","max-image-preview":"max-image-preview:large","max-video-preview":"max-video-preview:-1"},"canonical":"https:\/\/www.frecan.es\/blog\/fr\/extraction-des-odeurs\/","og_locale":"fr_FR","og_type":"article","og_title":"\"Ne touchez pas votre nez\". \u00c9limine les odeurs. - Blog de Frecan","og_description":"Frecan certifie ses filtres de purification d'air; dans l'extraction des odeurs, \"ne touchez pas votre nez\", demander \u00e0 \u00eatre certifi\u00e9.","og_url":"https:\/\/www.frecan.es\/blog\/fr\/extraction-des-odeurs\/","og_site_name":"Blog de Frecan","article_published_time":"2023-04-19T08:19:23+00:00","article_modified_time":"2023-04-20T12:31:13+00:00","og_image":[{"width":1707,"height":2560,"url":"https:\/\/www.frecan.es\/blog\/wp-content\/uploads\/2023\/04\/pexels-tara-winstead-7723825-scaled.jpg","type":"image\/jpeg"}],"author":"Frecan","twitter_card":"summary_large_image","twitter_misc":{"\u00c9crit par":"Frecan","Dur\u00e9e de lecture estim\u00e9e":"4 minutes"},"schema":{"@context":"https:\/\/schema.org","@graph":[{"@type":"Article","@id":"https:\/\/www.frecan.es\/blog\/fr\/extraction-des-odeurs\/#article","isPartOf":{"@id":"https:\/\/www.frecan.es\/blog\/fr\/extraction-des-odeurs\/"},"author":{"name":"Frecan","@id":"https:\/\/www.frecan.es\/blog\/fr\/#\/schema\/person\/6ce22ce910798f1b9c38e553a28a563a"},"headline":"\u00ab\u00a0Ne touchez pas votre nez\u00a0\u00bb. \u00c9limine les odeurs.","datePublished":"2023-04-19T08:19:23+00:00","dateModified":"2023-04-20T12:31:13+00:00","mainEntityOfPage":{"@id":"https:\/\/www.frecan.es\/blog\/fr\/extraction-des-odeurs\/"},"wordCount":483,"commentCount":0,"publisher":{"@id":"https:\/\/www.frecan.es\/blog\/fr\/#organization"},"image":{"@id":"https:\/\/www.frecan.es\/blog\/fr\/extraction-des-odeurs\/#primaryimage"},"thumbnailUrl":"https:\/\/www.frecan.es\/blog\/wp-content\/uploads\/2023\/04\/pexels-tara-winstead-7723825-scaled.jpg","articleSection":["Recirculacion et Passivhaus","Syst\u00e8mes d'extraction \/ hottes"],"inLanguage":"fr-FR","potentialAction":[{"@type":"CommentAction","name":"Comment","target":["https:\/\/www.frecan.es\/blog\/fr\/extraction-des-odeurs\/#respond"]}]},{"@type":"WebPage","@id":"https:\/\/www.frecan.es\/blog\/fr\/extraction-des-odeurs\/","url":"https:\/\/www.frecan.es\/blog\/fr\/extraction-des-odeurs\/","name":"\"Ne touchez pas votre nez\". \u00c9limine les odeurs. - Blog de Frecan","isPartOf":{"@id":"https:\/\/www.frecan.es\/blog\/fr\/#website"},"primaryImageOfPage":{"@id":"https:\/\/www.frecan.es\/blog\/fr\/extraction-des-odeurs\/#primaryimage"},"image":{"@id":"https:\/\/www.frecan.es\/blog\/fr\/extraction-des-odeurs\/#primaryimage"},"thumbnailUrl":"https:\/\/www.frecan.es\/blog\/wp-content\/uploads\/2023\/04\/pexels-tara-winstead-7723825-scaled.jpg","datePublished":"2023-04-19T08:19:23+00:00","dateModified":"2023-04-20T12:31:13+00:00","description":"Frecan certifie ses filtres de purification d'air; dans l'extraction des odeurs, \"ne touchez pas votre nez\", demander \u00e0 \u00eatre certifi\u00e9.","breadcrumb":{"@id":"https:\/\/www.frecan.es\/blog\/fr\/extraction-des-odeurs\/#breadcrumb"},"inLanguage":"fr-FR","potentialAction":[{"@type":"ReadAction","target":["https:\/\/www.frecan.es\/blog\/fr\/extraction-des-odeurs\/"]}]},{"@type":"ImageObject","inLanguage":"fr-FR","@id":"https:\/\/www.frecan.es\/blog\/fr\/extraction-des-odeurs\/#primaryimage","url":"https:\/\/www.frecan.es\/blog\/wp-content\/uploads\/2023\/04\/pexels-tara-winstead-7723825-scaled.jpg","contentUrl":"https:\/\/www.frecan.es\/blog\/wp-content\/uploads\/2023\/04\/pexels-tara-winstead-7723825-scaled.jpg","width":1707,"height":2560,"caption":"certificado"},{"@type":"BreadcrumbList","@id":"https:\/\/www.frecan.es\/blog\/fr\/extraction-des-odeurs\/#breadcrumb","itemListElement":[{"@type":"ListItem","position":1,"name":"Page de Couverture","item":"https:\/\/www.frecan.es\/blog\/fr\/"},{"@type":"ListItem","position":2,"name":"\u00abNe touchez pas votre nez\u00bb. \u00c9limine les odeurs."}]},{"@type":"WebSite","@id":"https:\/\/www.frecan.es\/blog\/fr\/#website","url":"https:\/\/www.frecan.es\/blog\/fr\/","name":"Blog de Frecan","description":"Artisanat, technologie et avant-garde au c\u0153ur de votre cuisine","publisher":{"@id":"https:\/\/www.frecan.es\/blog\/fr\/#organization"},"potentialAction":[{"@type":"SearchAction","target":{"@type":"EntryPoint","urlTemplate":"https:\/\/www.frecan.es\/blog\/fr\/?s={search_term_string}"},"query-input":{"@type":"PropertyValueSpecification","valueRequired":true,"valueName":"search_term_string"}}],"inLanguage":"fr-FR"},{"@type":"Organization","@id":"https:\/\/www.frecan.es\/blog\/fr\/#organization","name":"Frecan","url":"https:\/\/www.frecan.es\/blog\/fr\/","logo":{"@type":"ImageObject","inLanguage":"fr-FR","@id":"https:\/\/www.frecan.es\/blog\/fr\/#\/schema\/logo\/image\/","url":"https:\/\/www.frecan.es\/blog\/wp-content\/uploads\/2016\/02\/logo-frecan.png","contentUrl":"https:\/\/www.frecan.es\/blog\/wp-content\/uploads\/2016\/02\/logo-frecan.png","width":250,"height":27,"caption":"Frecan"},"image":{"@id":"https:\/\/www.frecan.es\/blog\/fr\/#\/schema\/logo\/image\/"}},{"@type":"Person","@id":"https:\/\/www.frecan.es\/blog\/fr\/#\/schema\/person\/6ce22ce910798f1b9c38e553a28a563a","name":"Frecan","image":{"@type":"ImageObject","inLanguage":"fr-FR","@id":"https:\/\/www.frecan.es\/blog\/fr\/#\/schema\/person\/image\/","url":"https:\/\/secure.gravatar.com\/avatar\/419cd07cc761d2a4efea60ebf2d104a5?s=96&d=mm&r=g","contentUrl":"https:\/\/secure.gravatar.com\/avatar\/419cd07cc761d2a4efea60ebf2d104a5?s=96&d=mm&r=g","caption":"Frecan"},"sameAs":["http:\/\/www.frecan.es\/"]}]}},"_links":{"self":[{"href":"https:\/\/www.frecan.es\/blog\/fr\/wp-json\/wp\/v2\/posts\/8595","targetHints":{"allow":["GET"]}}],"collection":[{"href":"https:\/\/www.frecan.es\/blog\/fr\/wp-json\/wp\/v2\/posts"}],"about":[{"href":"https:\/\/www.frecan.es\/blog\/fr\/wp-json\/wp\/v2\/types\/post"}],"author":[{"embeddable":true,"href":"https:\/\/www.frecan.es\/blog\/fr\/wp-json\/wp\/v2\/users\/1"}],"replies":[{"embeddable":true,"href":"https:\/\/www.frecan.es\/blog\/fr\/wp-json\/wp\/v2\/comments?post=8595"}],"version-history":[{"count":2,"href":"https:\/\/www.frecan.es\/blog\/fr\/wp-json\/wp\/v2\/posts\/8595\/revisions"}],"predecessor-version":[{"id":8610,"href":"https:\/\/www.frecan.es\/blog\/fr\/wp-json\/wp\/v2\/posts\/8595\/revisions\/8610"}],"wp:featuredmedia":[{"embeddable":true,"href":"https:\/\/www.frecan.es\/blog\/fr\/wp-json\/wp\/v2\/media\/8563"}],"wp:attachment":[{"href":"https:\/\/www.frecan.es\/blog\/fr\/wp-json\/wp\/v2\/media?parent=8595"}],"wp:term":[{"taxonomy":"category","embeddable":true,"href":"https:\/\/www.frecan.es\/blog\/fr\/wp-json\/wp\/v2\/categories?post=8595"},{"taxonomy":"post_tag","embeddable":true,"href":"https:\/\/www.frecan.es\/blog\/fr\/wp-json\/wp\/v2\/tags?post=8595"}],"curies":[{"name":"wp","href":"https:\/\/api.w.org\/{rel}","templated":true}]}}