{"id":8419,"date":"2023-03-15T07:54:27","date_gmt":"2023-03-15T07:54:27","guid":{"rendered":"https:\/\/www.frecan.es\/blog\/sistemas-recirculacion-frecanair\/"},"modified":"2023-03-24T08:45:20","modified_gmt":"2023-03-24T08:45:20","slug":"systemes-de-recyclage-frecanair","status":"publish","type":"post","link":"https:\/\/www.frecan.es\/blog\/fr\/systemes-de-recyclage-frecanair\/","title":{"rendered":"La recirculation bas\u00e9e en technologie plasma, cubes \u00e0 charbon, filtres \u00e0 charbon ou le syst\u00e8me d\u2019extraction ?"},"content":{"rendered":"<h2 style=\"color: #949494; font-size: 24px; line-height: 26px; margin-top: -20px;\">Il est vraiment facile que quelques utilisateurs se confondent un peu avec les hottes de cuisine et ce dont ils ont besoin pour sa configuration de cuisine<\/h2>\n<p><!--more--><\/p>\n<h2 style=\"color: #949494; font-size: 24px; line-height: 26px; margin-top: -20px;\">.<br \/>\nUne question qu\u2019ils nous font tr\u00e8s souvent, Est-ce que j\u2019ai besoin d\u2019une hotte avec de la recirculation?<\/h2>\n<p>Dans cette publication, nous vous expliquerons qu\u2019est-ce que c\u2019est un syst\u00e8me de recirculation et ses diff\u00e9rentes variantes; si vous en avez besoin et quand, aussi nous vous r\u00e9pondrons aux questions fr\u00e9quentes sur ce sujet.<br \/>\nLes syst\u00e8mes de purification d\u2019air de la marque FrecanAir, sont votre meilleur partenaire pour garantir une qualit\u00e9 d\u2019air maximale dans votre maison.<br \/>\nAllons au travail!<\/p>\n<p>Au monde de la cuisine, les options d\u2019extraction sont toujours bas\u00e9es sur l\u2019extraction traditionnelle avec sortie \u00e0 l\u2019ext\u00e9rieur. Alternativement, il y a la recirculation : Un syst\u00e8me de d\u00e9puration qui n\u2019a pas besoin d\u2019expulser les fum\u00e9es vers l\u2019ext\u00e9rieur.<\/p>\n<p><img loading=\"lazy\" decoding=\"async\" src=\"https:\/\/www.frecan.es\/blog\/wp-content\/uploads\/2023\/03\/tipomodelo_cabecera14.jpg\" alt=\"Frecan Air - syst\u00e8mes de filtres \u00e0 recyclage\" width=\"1440\" height=\"500\" class=\"aligncenter size-full wp-image-8371\" srcset=\"https:\/\/www.frecan.es\/blog\/wp-content\/uploads\/2023\/03\/tipomodelo_cabecera14.jpg 1440w, https:\/\/www.frecan.es\/blog\/wp-content\/uploads\/2023\/03\/tipomodelo_cabecera14-300x104.jpg 300w, https:\/\/www.frecan.es\/blog\/wp-content\/uploads\/2023\/03\/tipomodelo_cabecera14-1024x356.jpg 1024w, https:\/\/www.frecan.es\/blog\/wp-content\/uploads\/2023\/03\/tipomodelo_cabecera14-768x267.jpg 768w, https:\/\/www.frecan.es\/blog\/wp-content\/uploads\/2023\/03\/tipomodelo_cabecera14-800x278.jpg 800w, https:\/\/www.frecan.es\/blog\/wp-content\/uploads\/2023\/03\/tipomodelo_cabecera14-1280x444.jpg 1280w\" sizes=\"auto, (max-width: 1440px) 100vw, 1440px\" \/><\/p>\n<h3>AVANTAGES DE LA RECIRCULATION<\/h3>\n<p><strong>\u00c9CONOMIE ET ENGAGEMENT ENERGETIQUE.<\/strong><br \/>\nLe recyclage garde l\u2019\u00e9nergie (froid\/chaud) \u00e0 l\u2019int\u00e9rieur de notre maison et aide \u00e0 r\u00e9duire l\u2019empreinte \u00e9cologique dans l\u2019environnement.<\/p>\n<p><strong>MEILLEURE QUALIT\u00c9 DE L\u2019AIR<\/strong><br \/>\nLe recyclage purifie l\u2019atmosph\u00e8re des acariens, du pollen, du poil animal, des allerg\u00e8nes et d\u2019autres particules pernicieuses, en am\u00e9liorant consid\u00e9rablement la qualit\u00e9 de l\u2019air que nous respirons. <\/p>\n<p><strong>PAS BESOIN DE SORTIE \u00c0 L\u2019EXT\u00c9RIEUR<\/strong><br \/>\nC\u2019est l\u2019option plus eco-friendly du march\u00e9 gr\u00e2ce \u00e0 son installation sans sortie de fum\u00e9es \u00e0 l\u2019ext\u00e9rieur. L\u2019air purifi\u00e9 retourne dans notre maison totalement nette. Une option optimale pour des Passivhaus ou des maisons efficaces.<\/p>\n<p>Dans le monde de la cuisson, les diff\u00e9rentes options d\u2019aspiration ont \u00e9t\u00e9 toujours concentr\u00e9es dans l\u2019extraction traditionnelle avec sortie \u00e0 l\u2019ext\u00e9rieur. En termes d\u2019alternative, nous vous proposons le recyclage. C\u2019est un syst\u00e8me de purification que n\u2019a pas besoin d\u2019expulser les fum\u00e9es vers l\u2019ext\u00e9rieur. Tout simplement, il les absorbe et les retourne dans notre maison d\u00fbment filtr\u00e9es.<\/p>\n<p><strong>Chez FrecanAir nous avons 4 diff\u00e9rents syst\u00e8mes de filtres \u00e0 recyclage<\/strong><\/p>\n<h3>1. FILTRE \u00c0 PLASMA<\/H3><br \/>\n<img loading=\"lazy\" decoding=\"async\" src=\"https:\/\/www.frecan.es\/blog\/wp-content\/uploads\/2023\/03\/Filtros-Plasma-todos-2022.jpg\" alt=\"Filtre \u00e0 Plasma - syst\u00e8mes de recyclage Frecan\" width=\"1200\" height=\"734\" class=\"aligncenter size-full wp-image-8346\" srcset=\"https:\/\/www.frecan.es\/blog\/wp-content\/uploads\/2023\/03\/Filtros-Plasma-todos-2022.jpg 1200w, https:\/\/www.frecan.es\/blog\/wp-content\/uploads\/2023\/03\/Filtros-Plasma-todos-2022-300x184.jpg 300w, https:\/\/www.frecan.es\/blog\/wp-content\/uploads\/2023\/03\/Filtros-Plasma-todos-2022-1024x626.jpg 1024w, https:\/\/www.frecan.es\/blog\/wp-content\/uploads\/2023\/03\/Filtros-Plasma-todos-2022-768x470.jpg 768w, https:\/\/www.frecan.es\/blog\/wp-content\/uploads\/2023\/03\/Filtros-Plasma-todos-2022-800x489.jpg 800w\" sizes=\"auto, (max-width: 1200px) 100vw, 1200px\" \/><\/p>\n<p>Le Plasma supprime le 98% des odeurs, fum\u00e9es et substances contaminantes, en plus d\u2019\u00eatre l\u2019alternative de recirculation plus efficace et innovante du march\u00e9.<\/p>\n<p>\u00c0 Travers des r\u00e9actions chimiques, il modifie la composition des mol\u00e9cules de l\u2019air contamin\u00e9, en purifiant le 98% de ces particules. La filtration au moyen du syst\u00e8me de plasma est un processus \u00e9lectrique.<\/p>\n<p>Les Filtres \u00e0 Plasma FrecanAir ont \u00e9t\u00e9 d\u00e9velopp\u00e9s pour \u00eatre install\u00e9s sur n\u2019importe quelle hotte. Son processus de purification est plus complexe que le recyclage traditionnel, c\u2019est pour cela que c\u2019est le seul filtre qui \u00e9limine les particules les plus d\u00e9licates de l\u2019habitat.<\/p>\n<p><img loading=\"lazy\" decoding=\"async\" src=\"https:\/\/www.frecan.es\/blog\/wp-content\/uploads\/2023\/03\/Poster-Plasma-Frecan.jpg\" alt=\"Filtre \u00e0 Plasma syst\u00e8mes de recyclage- Frecan\" width=\"1200\" height=\"806\" class=\"aligncenter size-full wp-image-8352\" srcset=\"https:\/\/www.frecan.es\/blog\/wp-content\/uploads\/2023\/03\/Poster-Plasma-Frecan.jpg 1200w, https:\/\/www.frecan.es\/blog\/wp-content\/uploads\/2023\/03\/Poster-Plasma-Frecan-300x202.jpg 300w, https:\/\/www.frecan.es\/blog\/wp-content\/uploads\/2023\/03\/Poster-Plasma-Frecan-1024x688.jpg 1024w, https:\/\/www.frecan.es\/blog\/wp-content\/uploads\/2023\/03\/Poster-Plasma-Frecan-768x516.jpg 768w, https:\/\/www.frecan.es\/blog\/wp-content\/uploads\/2023\/03\/Poster-Plasma-Frecan-800x537.jpg 800w\" sizes=\"auto, (max-width: 1200px) 100vw, 1200px\" \/><\/p>\n<p><img loading=\"lazy\" decoding=\"async\" src=\"https:\/\/www.frecan.es\/blog\/wp-content\/uploads\/2023\/03\/Plasma-Recomendaciones.jpg\" alt=\"Filtre \u00e0 Plasma- Frecan\" width=\"1200\" height=\"670\" class=\"aligncenter size-full wp-image-8349\" srcset=\"https:\/\/www.frecan.es\/blog\/wp-content\/uploads\/2023\/03\/Plasma-Recomendaciones.jpg 1200w, https:\/\/www.frecan.es\/blog\/wp-content\/uploads\/2023\/03\/Plasma-Recomendaciones-300x168.jpg 300w, https:\/\/www.frecan.es\/blog\/wp-content\/uploads\/2023\/03\/Plasma-Recomendaciones-1024x572.jpg 1024w, https:\/\/www.frecan.es\/blog\/wp-content\/uploads\/2023\/03\/Plasma-Recomendaciones-768x429.jpg 768w, https:\/\/www.frecan.es\/blog\/wp-content\/uploads\/2023\/03\/Plasma-Recomendaciones-800x447.jpg 800w\" sizes=\"auto, (max-width: 1200px) 100vw, 1200px\" \/><\/p>\n<h4>Les avantages du Plasma FrecanAir<\/h4>\n<div style=\"padding-left:20px; font-size:14px;\">\n<p><strong>SOURCE D\u2019IONISATION N\u00c9GATIVE<\/strong><br \/>\nLe Plasma fonctionne d\u2019une fa\u00e7on similaire parce qu\u2019il lib\u00e8re aussi des ions n\u00e9gatifs, en aidant \u00e0 am\u00e9liorer notre organisme.<br \/>\n&#8211; Meilleure qualit\u00e9 de vie<br \/>\n&#8211; Favorise notre corps.\n<\/p>\n<p><strong>IL SUPPRIME LE 98% DES PARTICULES<\/strong><br \/>\nDes odeurs, des virus, du pollen, des allerg\u00e8nes, des compos\u00e9s organiques volatiles (VOC)\u2026<br \/>\nLe filtre \u00e0 Plasma ne lib\u00e8re pas d\u2019ozone pendant le processus. (Certifi\u00e9e VDE et IUTA).<br \/>\n&#8211; Purification totale de l\u2019air.<br \/>\n&#8211; \u00c9limination des agents pathog\u00e8nes et d\u2019autres particules nocives.<\/p>\n<p><strong>FAIBLE CONSOMMATION D\u2019ENERGIE<\/strong><br \/>\nFaible consommation d\u2019\u00e9nergie, il n\u2019a pas besoin d\u2019entretien (nettoyage) ou r\u00e9novation du filtre.<br \/>\n&#8211; Economie des co\u00fbts<br \/>\n&#8211; Entretien minimale (Autonettoyage)<\/p>\n<p><strong>INSTALLATION FACILE<\/strong><br \/>\nPour tout type d\u2019hottes.<br \/>\n&#8211; Facile \u00e0 installer et\u2019 utiliser.<\/p>\n<p><strong>LE SYST\u00c8ME DE RECIRCULATION PLUS DURABLE<\/strong><br \/>\nJusqu\u2019\u00e0 15 ans de fonctionnement sans besoin de remplacement.<br \/>\n&#8211; Pas de co\u00fbts en pi\u00e8ces d\u00e9tach\u00e9es des filtres.<br \/>\n&#8211; Longue dur\u00e9e de vie<\/p>\n<p><strong>FILTRATION DES PARTICULES PLUS PETITES<\/strong><br \/>\n  C\u2019est le seul filtre capable de purifier les particules les plus petites.<br \/>\n&#8211; Garantie la filtration maximale de l\u2019air<\/p>\n<p><strong>ENTRETIEN FACILE<\/strong><br \/>\nLe charbon actif s\u2019auto-r\u00e9g\u00e9n\u00e8re \u00e0 la fin du processus \u00e9lectrique du Plasma. Il est toujours net et libre de tout contaminant.<br \/>\n&#8211; Pas besoin de nettoyage.<br \/>\n&#8211; Pas des co\u00fbts de maintenance.\n<\/div>\n<h3>2.FILTRE FC-PLUS<\/h3>\n<p><img loading=\"lazy\" decoding=\"async\" src=\"https:\/\/www.frecan.es\/blog\/wp-content\/uploads\/2023\/03\/Filtro-FC-Plus-todos.jpg\" alt=\"Filtres FC Plus syst\u00e8mes de recyclage - Frecan\" width=\"1200\" height=\"861\" class=\"aligncenter size-full wp-image-8356\" srcset=\"https:\/\/www.frecan.es\/blog\/wp-content\/uploads\/2023\/03\/Filtro-FC-Plus-todos.jpg 1200w, https:\/\/www.frecan.es\/blog\/wp-content\/uploads\/2023\/03\/Filtro-FC-Plus-todos-300x215.jpg 300w, https:\/\/www.frecan.es\/blog\/wp-content\/uploads\/2023\/03\/Filtro-FC-Plus-todos-1024x735.jpg 1024w, https:\/\/www.frecan.es\/blog\/wp-content\/uploads\/2023\/03\/Filtro-FC-Plus-todos-768x551.jpg 768w, https:\/\/www.frecan.es\/blog\/wp-content\/uploads\/2023\/03\/Filtro-FC-Plus-todos-800x574.jpg 800w\" sizes=\"auto, (max-width: 1200px) 100vw, 1200px\" \/><\/p>\n<p>Les filtres FC-Plus utilisent le mat\u00e9riel le plus naturel en termes de purification d\u2019air : du charbon min\u00e9ral activ\u00e9e en forme de granul\u00e9s de 8x4mm de diam\u00e8tre. Gr\u00e2ce \u00e0 ses dimensions, il est le pellet parfait pour acqu\u00e9rir un nettoyage total de l\u2019air. Ces filtres ont une grande capacit\u00e9 de filtration des odeurs et particules dangereuses telles que les acides, de la nicotine et de l\u2019alcool, entre autres. Le syst\u00e8me FC-Plus est original et il a \u00e9t\u00e9 cr\u00e9\u00e9 et d\u00e9velopp\u00e9 par Frecan.<\/p>\n<p>Le syst\u00e8me FCPlus est original et il est cr\u00e9\u00e9 et d\u00e9velopp\u00e9 par Frecan.<\/p>\n<p><img loading=\"lazy\" decoding=\"async\" src=\"https:\/\/www.frecan.es\/blog\/wp-content\/uploads\/2023\/03\/Filtro-recirculacion-fc-plus-R1000-frecan.gif\" alt=\"Filtres FC Plus syst\u00e8mes de recyclage - Frecan\" width=\"1200\" height=\"800\" class=\"aligncenter size-full wp-image-8359\" \/><\/p>\n<h4>Ses Avantages<\/h4>\n<div style=\"padding-left:20px; font-size:14px;\">\n<p><strong>PLUS DE GRAMMAJE, AUGMENTATION DE SA DUREE DE VIE<\/strong><br \/>\nCe filtre contient une plus grande quantit\u00e9 de charbon que les filtres \u00e0 charbon traditionnels, (jusqu\u2019\u00e0 2,3 kg). C\u2019est pour \u00e7a qu\u2019il peut absorber de 7 \u00e0 10 fois plus et permet deux r\u00e9g\u00e9n\u00e9rations (12 mois) en permettant sa recharge selon les besoins de chacun.<\/p>\n<p><strong>R\u00c9G\u00c9N\u00c9RABLE ET R\u00c9CHARGEABLE<\/strong><br \/>\nLes filtres FC-Plus peuvent \u00eatre r\u00e9g\u00e9n\u00e9r\u00e9s* jusqu\u2019\u00e0 deux fois dans le four et peuvent \u00eatre recharg\u00e9s tout en conservant sa structure m\u00e9tallique ext\u00e9rieure.<br \/>\n&#8211; Longue dur\u00e9e.<br \/>\n&#8211; Entretien \u00e9conomique<\/p>\n<p><strong>BIOD\u00c9GRADABLE<\/strong><br \/>\nUne fois les granul\u00e9s satur\u00e9s, le charbon doit \u00eatre recycl\u00e9 \u00e0 travers un Point Vert, o\u00f9 ils r\u00e9cup\u00e8rent le mat\u00e9riel \u00e0 des hautes temp\u00e9ratures.<br \/>\n&#8211; Dur\u00e9e de vie compl\u00e8te.<br \/>\n&#8211; Pas des r\u00e9sidus<\/p>\n<p><strong>ENTRETIEN FACILE<\/strong><br \/>\nPendant sa dur\u00e9e de vie utile, pas besoin d\u2019entretien ni nettoyage.<br \/>\n&#8211; Confort et bien-\u00eatre.<br \/>\n&#8211; Sans cout extra (pendant sa dur\u00e9e de vie utile).<\/p>\n<p><strong>LONGUE DUR\u00c9E DE VIE UTILE<\/strong><br \/>\nLes filtres FC-Plus, avec ses deux r\u00e9g\u00e9n\u00e9rations, ont une vie utile de presque 5 ans**. N\u00e9anmoins, ils peuvent \u00eatre recharg\u00e9s toutes les fois que vous d\u00e9sirez.<br \/>\n&#8211; Pas de changement du filtre complet.<br \/>\n&#8211; Pas de pollution ni r\u00e9sidus.<\/p>\n<p>*R\u00e9g\u00e9n\u00e9ration : introduire le filtre dans le four pendant 1 heure \u00e0 une temp\u00e9rature entre 200\u00b0 et 250\u00b0.<br \/>\n**Selon des recherches statistiques bas\u00e9es dans un fonctionnement d\u2019une heure par jour. (3 ans mod\u00e8le FC-plus-plafond).\n<\/p><\/div>\n<p>Les filtres FC-Plus et FC Plus Plafond sont con\u00e7us dans un souci de responsabilit\u00e9 et de durabilit\u00e9 pour la plan\u00e8te.<br \/>\nIl permet sa r\u00e9g\u00e9n\u00e9ration en introduisant le filtre dans le four pendant 1 heure \u00e0 200-250\u00ba.<br \/>\nIl ne faut pas remplacer le filtre entier ; l\u2019utilisateur peut acheter les pellets \u00e0 charbon active comme pi\u00e8ce d\u00e9tach\u00e9e.<\/p>\n<p>Son remplacement est tr\u00e8s simple. Il suffit d\u2019enlever le couvercle sup\u00e9rieur, de jeter le charbon qui se trouve \u00e0 l\u2019int\u00e9rieur du filtre, de le remplacer par le nouveau et de profiter \u00e0 nouveau de 5 ans de filtration. (3 dans le cas de FC-Plus Plafond et Mini)<\/p>\n<h3>3.Helsa<\/h3>\n<p><img loading=\"lazy\" decoding=\"async\" src=\"https:\/\/www.frecan.es\/blog\/wp-content\/uploads\/2023\/03\/Helsa-todos.jpg\" alt=\"Filtres Helsa syst\u00e8mes de recyclage - Frecan\" width=\"1200\" height=\"945\" class=\"aligncenter size-full wp-image-8362\" srcset=\"https:\/\/www.frecan.es\/blog\/wp-content\/uploads\/2023\/03\/Helsa-todos.jpg 1200w, https:\/\/www.frecan.es\/blog\/wp-content\/uploads\/2023\/03\/Helsa-todos-300x236.jpg 300w, https:\/\/www.frecan.es\/blog\/wp-content\/uploads\/2023\/03\/Helsa-todos-1024x806.jpg 1024w, https:\/\/www.frecan.es\/blog\/wp-content\/uploads\/2023\/03\/Helsa-todos-768x605.jpg 768w, https:\/\/www.frecan.es\/blog\/wp-content\/uploads\/2023\/03\/Helsa-todos-800x630.jpg 800w\" sizes=\"auto, (max-width: 1200px) 100vw, 1200px\" \/><br \/>\nLe recyclage dissoci\u00e9 avec les caissons Helsa portent un syst\u00e8me innovant des cubes filtrants, lesquels ont du charbon active derni\u00e8re g\u00e9n\u00e9ration, min\u00e9rales et, en plus, renforc\u00e9s avec de la c\u00e9ramique. Par ces cubes, presque 4000 canaux d\u2019\u00e9coulement parall\u00e8les qui capturent tr\u00e8s efficacement les graisses et les odeurs. Quand l\u2019air est totalement net, il rentre \u00e0 la maison. Le charbon filtre tous les types de particules comme l\u2019ozone, le gaz acides et les compos\u00e9s organiques volatiles (VOC), entre autres,<\/p>\n<h4>Les avantages des cubes c\u00e9ramiques <\/h4>\n<div style=\"padding-left:20px; font-size:14px;\">\n<p><strong>HAUTE PERFORMANCE<\/strong><br \/>\nIl est recommand\u00e9 de faire un maximum de 8 \u00e0 10 r\u00e9g\u00e9n\u00e9rations* dans le four pour garantir une haute performance. Apr\u00e8s \u00e7a, il est recommand\u00e9 aussi de substituer les filtres \u00e0 graisse car il y a une perte de capacit\u00e9 de filtration.<br \/>\n&#8211; Haute filtration des particules.<br \/>\n&#8211; Longue dur\u00e9e des filtres.<\/p>\n<p><strong>ENTRETIEN FACILE<\/strong><br \/>\nEntretien minimal et nettoyage facile.<br \/>\n&#8211; Haute filtration des particules.<br \/>\n&#8211; Longue dur\u00e9e des filtres.<\/p>\n<p><strong>R\u00c9DUCTION DU BRUIT ET DES ODERUS. <\/strong><br \/>\nFaible niveau de bruit en fonctionnement et une grande efficacit\u00e9 en termes d\u2019\u00e9limination d\u2019odeurs.<br \/>\n&#8211; Ambiance silencieuse.<br \/>\n&#8211; Maison sans fum\u00e9es<\/p>\n<\/div>\n<h4>R\u00e9g\u00e9n\u00e9ration des Cubes de charbon c\u00e9ramique<\/h4>\n<p>R\u00e9g\u00e9n\u00e9rable au four : Entre 150 et 180\u00b0C d\u2019environ 1 \u00e0 2 heures.<br \/>\nDurabilit\u00e9 des filtres : \u00c0 chaque r\u00e9g\u00e9n\u00e9ration, un petit effet de m\u00e9moire est d\u00e9tect\u00e9. Un maximum de 8 \u00e0 10 cycles de r\u00e9g\u00e9n\u00e9ration est recommand\u00e9. Par la suite, une perte de performance sera per\u00e7ue au niveau des cubes \u00e0 charbon.<\/p>\n<h3>4. FILTRES \u00c0 CHARBON ACTIF<\/h3>\n<p><img loading=\"lazy\" decoding=\"async\" src=\"https:\/\/www.frecan.es\/blog\/wp-content\/uploads\/2023\/03\/filtro-carbon-frecan.gif\" alt=\"Filtres \u00e0 charbon actif  syst\u00e8mes de recyclage - Frecan\" width=\"1916\" height=\"1078\" class=\"aligncenter size-full wp-image-8365\" \/><br \/>\nLes filtres standard \u00e0 charbon active sont le syst\u00e8me le plus traditionnel en termes de purification de l\u2019air. Form\u00e9s de micro-granules de charbon, lesquels absorbent les odeurs, les nettoient et les retournent \u00e0 l\u2019ambiance. Il est conseill\u00e9 de les substituer chaque ann\u00e9e afin de garantir son fonctionnement optimale*, car comme ils sont couverts d\u2019un ch\u00e2ssis \u00e0 plastique, ils ne permettent pas de faire la r\u00e9g\u00e9n\u00e9ration au four. Il y a deux options d\u2019installation selon le mod\u00e8le d\u2019hotte : des filtres pour le caisson moteur ou des filtres \u00e0 installer dans les c\u00f4t\u00e9s du moteur.<\/p>\n<h4>Les avantages des filtres standard<\/h4>\n<div style=\"padding-left:20px; font-size:14px;\">\n<p><strong>INSTALLATION FACILE<\/strong><br \/>\nIls peuvent \u00eatre facilement install\u00e9s par l\u2019utilisateur sans besoin des outils.<br \/>\n&#8211; Facile \u00e0 installer.<\/p>\n<p><strong>ENTRETIEN FACILE<\/strong><br \/>\nPour garantir son propre fonctionnement, les filtres \u00e0 graisse doivent \u00eatre bien nets.<br \/>\n&#8211; Nettoyage minimale des filtres.<br \/>\n&#8211; Pas besoin d\u2019entretien pendant sa vie utile.<\/p>\n<\/div>\n<p>Ci-dessous une table des comparaisons pour savoir quel est le meilleur filtre pour vos besoins.<\/p>\n<p><img loading=\"lazy\" decoding=\"async\" src=\"https:\/\/www.frecan.es\/blog\/wp-content\/uploads\/2023\/03\/systemes-de-recyclage-frecan.jpg\" alt=\"syst\u00e8mes de recyclage frecan\" width=\"1274\" height=\"1330\" class=\"aligncenter size-full wp-image-8421\" srcset=\"https:\/\/www.frecan.es\/blog\/wp-content\/uploads\/2023\/03\/systemes-de-recyclage-frecan.jpg 1274w, https:\/\/www.frecan.es\/blog\/wp-content\/uploads\/2023\/03\/systemes-de-recyclage-frecan-287x300.jpg 287w, https:\/\/www.frecan.es\/blog\/wp-content\/uploads\/2023\/03\/systemes-de-recyclage-frecan-981x1024.jpg 981w, https:\/\/www.frecan.es\/blog\/wp-content\/uploads\/2023\/03\/systemes-de-recyclage-frecan-768x802.jpg 768w, https:\/\/www.frecan.es\/blog\/wp-content\/uploads\/2023\/03\/systemes-de-recyclage-frecan-800x835.jpg 800w\" sizes=\"auto, (max-width: 1274px) 100vw, 1274px\" \/><br \/>\n<a href=\"https:\/\/www.frecan.fr\/pdf\/frecan-hottes-cuisson-2022-fr-print.pdf\" rel=\"noopener\" target=\"_blank\">Merci de visiter la recirculation \u00e0 travers de notre catalogue<br \/>\n<\/a><\/p>\n","protected":false},"excerpt":{"rendered":"<p>Il est vraiment facile que quelques utilisateurs se confondent un peu avec les hottes de cuisine et ce dont ils ont besoin pour sa configuration de cuisine<\/p>\n","protected":false},"author":2,"featured_media":8381,"comment_status":"open","ping_status":"open","sticky":false,"template":"","format":"standard","meta":{"footnotes":""},"categories":[63],"tags":[],"class_list":{"0":"post-8419","1":"post","2":"type-post","3":"status-publish","4":"format-standard","5":"has-post-thumbnail","7":"category-recirculation-et-passivhaus"},"yoast_head":"<!-- This site is optimized with the Yoast SEO plugin v24.7 - https:\/\/yoast.com\/wordpress\/plugins\/seo\/ -->\n<title>Est-ce que j\u2019ai besoin d\u2019une hotte avec de la recirculation?<\/title>\n<meta name=\"description\" content=\"Dans cet article, nous expliquerons ce qu&#039;est un syst\u00e8me de recirculation, ainsi que les types disponibles, si et quand vous en avez besoin..\" \/>\n<meta name=\"robots\" content=\"index, follow, max-snippet:-1, max-image-preview:large, max-video-preview:-1\" \/>\n<link rel=\"canonical\" href=\"https:\/\/www.frecan.es\/blog\/fr\/systemes-de-recyclage-frecanair\/\" \/>\n<meta property=\"og:locale\" content=\"fr_FR\" \/>\n<meta property=\"og:type\" content=\"article\" \/>\n<meta property=\"og:title\" content=\"Est-ce que j\u2019ai besoin d\u2019une hotte avec de la recirculation?\" \/>\n<meta property=\"og:description\" content=\"Dans cet article, nous expliquerons ce qu&#039;est un syst\u00e8me de recirculation, ainsi que les types disponibles, si et quand vous en avez besoin..\" \/>\n<meta property=\"og:url\" content=\"https:\/\/www.frecan.es\/blog\/fr\/systemes-de-recyclage-frecanair\/\" \/>\n<meta property=\"og:site_name\" content=\"Blog de Frecan\" \/>\n<meta property=\"article:published_time\" content=\"2023-03-15T07:54:27+00:00\" \/>\n<meta property=\"article:modified_time\" content=\"2023-03-24T08:45:20+00:00\" \/>\n<meta property=\"og:image\" content=\"https:\/\/www.frecan.es\/blog\/wp-content\/uploads\/2023\/03\/frecanair-sistemas-recirculacion.jpg\" \/>\n\t<meta property=\"og:image:width\" content=\"1659\" \/>\n\t<meta property=\"og:image:height\" content=\"1659\" \/>\n\t<meta property=\"og:image:type\" content=\"image\/jpeg\" \/>\n<meta name=\"author\" content=\"Frecan\" \/>\n<meta name=\"twitter:card\" content=\"summary_large_image\" \/>\n<meta name=\"twitter:label1\" content=\"\u00c9crit par\" \/>\n\t<meta name=\"twitter:data1\" content=\"Frecan\" \/>\n\t<meta name=\"twitter:label2\" content=\"Dur\u00e9e de lecture estim\u00e9e\" \/>\n\t<meta name=\"twitter:data2\" content=\"9 minutes\" \/>\n<script type=\"application\/ld+json\" class=\"yoast-schema-graph\">{\"@context\":\"https:\/\/schema.org\",\"@graph\":[{\"@type\":\"Article\",\"@id\":\"https:\/\/www.frecan.es\/blog\/fr\/systemes-de-recyclage-frecanair\/#article\",\"isPartOf\":{\"@id\":\"https:\/\/www.frecan.es\/blog\/fr\/systemes-de-recyclage-frecanair\/\"},\"author\":{\"name\":\"Frecan\",\"@id\":\"https:\/\/www.frecan.es\/blog\/fr\/#\/schema\/person\/eecbdddf4fc3d5ee61f34db3cfb262a4\"},\"headline\":\"La recirculation bas\u00e9e en technologie plasma, cubes \u00e0 charbon, filtres \u00e0 charbon ou le syst\u00e8me d\u2019extraction ?\",\"datePublished\":\"2023-03-15T07:54:27+00:00\",\"dateModified\":\"2023-03-24T08:45:20+00:00\",\"mainEntityOfPage\":{\"@id\":\"https:\/\/www.frecan.es\/blog\/fr\/systemes-de-recyclage-frecanair\/\"},\"wordCount\":1652,\"commentCount\":0,\"publisher\":{\"@id\":\"https:\/\/www.frecan.es\/blog\/fr\/#organization\"},\"image\":{\"@id\":\"https:\/\/www.frecan.es\/blog\/fr\/systemes-de-recyclage-frecanair\/#primaryimage\"},\"thumbnailUrl\":\"https:\/\/www.frecan.es\/blog\/wp-content\/uploads\/2023\/03\/frecanair-sistemas-recirculacion.jpg\",\"articleSection\":[\"Recirculacion et Passivhaus\"],\"inLanguage\":\"fr-FR\",\"potentialAction\":[{\"@type\":\"CommentAction\",\"name\":\"Comment\",\"target\":[\"https:\/\/www.frecan.es\/blog\/fr\/systemes-de-recyclage-frecanair\/#respond\"]}]},{\"@type\":\"WebPage\",\"@id\":\"https:\/\/www.frecan.es\/blog\/fr\/systemes-de-recyclage-frecanair\/\",\"url\":\"https:\/\/www.frecan.es\/blog\/fr\/systemes-de-recyclage-frecanair\/\",\"name\":\"Est-ce que j\u2019ai besoin d\u2019une hotte avec de la recirculation?\",\"isPartOf\":{\"@id\":\"https:\/\/www.frecan.es\/blog\/fr\/#website\"},\"primaryImageOfPage\":{\"@id\":\"https:\/\/www.frecan.es\/blog\/fr\/systemes-de-recyclage-frecanair\/#primaryimage\"},\"image\":{\"@id\":\"https:\/\/www.frecan.es\/blog\/fr\/systemes-de-recyclage-frecanair\/#primaryimage\"},\"thumbnailUrl\":\"https:\/\/www.frecan.es\/blog\/wp-content\/uploads\/2023\/03\/frecanair-sistemas-recirculacion.jpg\",\"datePublished\":\"2023-03-15T07:54:27+00:00\",\"dateModified\":\"2023-03-24T08:45:20+00:00\",\"description\":\"Dans cet article, nous expliquerons ce qu'est un syst\u00e8me de recirculation, ainsi que les types disponibles, si et quand vous en avez besoin..\",\"breadcrumb\":{\"@id\":\"https:\/\/www.frecan.es\/blog\/fr\/systemes-de-recyclage-frecanair\/#breadcrumb\"},\"inLanguage\":\"fr-FR\",\"potentialAction\":[{\"@type\":\"ReadAction\",\"target\":[\"https:\/\/www.frecan.es\/blog\/fr\/systemes-de-recyclage-frecanair\/\"]}]},{\"@type\":\"ImageObject\",\"inLanguage\":\"fr-FR\",\"@id\":\"https:\/\/www.frecan.es\/blog\/fr\/systemes-de-recyclage-frecanair\/#primaryimage\",\"url\":\"https:\/\/www.frecan.es\/blog\/wp-content\/uploads\/2023\/03\/frecanair-sistemas-recirculacion.jpg\",\"contentUrl\":\"https:\/\/www.frecan.es\/blog\/wp-content\/uploads\/2023\/03\/frecanair-sistemas-recirculacion.jpg\",\"width\":1659,\"height\":1659,\"caption\":\"Frecan Air - sistemas de recirculaci\u00f3n\"},{\"@type\":\"BreadcrumbList\",\"@id\":\"https:\/\/www.frecan.es\/blog\/fr\/systemes-de-recyclage-frecanair\/#breadcrumb\",\"itemListElement\":[{\"@type\":\"ListItem\",\"position\":1,\"name\":\"Page de Couverture\",\"item\":\"https:\/\/www.frecan.es\/blog\/fr\/\"},{\"@type\":\"ListItem\",\"position\":2,\"name\":\"La recirculation bas\u00e9e en technologie plasma, cubes \u00e0 charbon, filtres \u00e0 charbon ou le syst\u00e8me d\u2019extraction ?\"}]},{\"@type\":\"WebSite\",\"@id\":\"https:\/\/www.frecan.es\/blog\/fr\/#website\",\"url\":\"https:\/\/www.frecan.es\/blog\/fr\/\",\"name\":\"Blog de Frecan\",\"description\":\"Artisanat, technologie et avant-garde au c\u0153ur de votre cuisine\",\"publisher\":{\"@id\":\"https:\/\/www.frecan.es\/blog\/fr\/#organization\"},\"potentialAction\":[{\"@type\":\"SearchAction\",\"target\":{\"@type\":\"EntryPoint\",\"urlTemplate\":\"https:\/\/www.frecan.es\/blog\/fr\/?s={search_term_string}\"},\"query-input\":{\"@type\":\"PropertyValueSpecification\",\"valueRequired\":true,\"valueName\":\"search_term_string\"}}],\"inLanguage\":\"fr-FR\"},{\"@type\":\"Organization\",\"@id\":\"https:\/\/www.frecan.es\/blog\/fr\/#organization\",\"name\":\"Frecan\",\"url\":\"https:\/\/www.frecan.es\/blog\/fr\/\",\"logo\":{\"@type\":\"ImageObject\",\"inLanguage\":\"fr-FR\",\"@id\":\"https:\/\/www.frecan.es\/blog\/fr\/#\/schema\/logo\/image\/\",\"url\":\"https:\/\/www.frecan.es\/blog\/wp-content\/uploads\/2016\/02\/logo-frecan.png\",\"contentUrl\":\"https:\/\/www.frecan.es\/blog\/wp-content\/uploads\/2016\/02\/logo-frecan.png\",\"width\":250,\"height\":27,\"caption\":\"Frecan\"},\"image\":{\"@id\":\"https:\/\/www.frecan.es\/blog\/fr\/#\/schema\/logo\/image\/\"}},{\"@type\":\"Person\",\"@id\":\"https:\/\/www.frecan.es\/blog\/fr\/#\/schema\/person\/eecbdddf4fc3d5ee61f34db3cfb262a4\",\"name\":\"Frecan\",\"image\":{\"@type\":\"ImageObject\",\"inLanguage\":\"fr-FR\",\"@id\":\"https:\/\/www.frecan.es\/blog\/fr\/#\/schema\/person\/image\/\",\"url\":\"https:\/\/secure.gravatar.com\/avatar\/5f22fe11c8d7e915c3e67301f8a5068f?s=96&d=mm&r=g\",\"contentUrl\":\"https:\/\/secure.gravatar.com\/avatar\/5f22fe11c8d7e915c3e67301f8a5068f?s=96&d=mm&r=g\",\"caption\":\"Frecan\"},\"sameAs\":[\"http:\/\/www.frecan.es\/\"]}]}<\/script>\n<!-- \/ Yoast SEO plugin. -->","yoast_head_json":{"title":"Est-ce que j\u2019ai besoin d\u2019une hotte avec de la recirculation?","description":"Dans cet article, nous expliquerons ce qu'est un syst\u00e8me de recirculation, ainsi que les types disponibles, si et quand vous en avez besoin..","robots":{"index":"index","follow":"follow","max-snippet":"max-snippet:-1","max-image-preview":"max-image-preview:large","max-video-preview":"max-video-preview:-1"},"canonical":"https:\/\/www.frecan.es\/blog\/fr\/systemes-de-recyclage-frecanair\/","og_locale":"fr_FR","og_type":"article","og_title":"Est-ce que j\u2019ai besoin d\u2019une hotte avec de la recirculation?","og_description":"Dans cet article, nous expliquerons ce qu'est un syst\u00e8me de recirculation, ainsi que les types disponibles, si et quand vous en avez besoin..","og_url":"https:\/\/www.frecan.es\/blog\/fr\/systemes-de-recyclage-frecanair\/","og_site_name":"Blog de Frecan","article_published_time":"2023-03-15T07:54:27+00:00","article_modified_time":"2023-03-24T08:45:20+00:00","og_image":[{"width":1659,"height":1659,"url":"https:\/\/www.frecan.es\/blog\/wp-content\/uploads\/2023\/03\/frecanair-sistemas-recirculacion.jpg","type":"image\/jpeg"}],"author":"Frecan","twitter_card":"summary_large_image","twitter_misc":{"\u00c9crit par":"Frecan","Dur\u00e9e de lecture estim\u00e9e":"9 minutes"},"schema":{"@context":"https:\/\/schema.org","@graph":[{"@type":"Article","@id":"https:\/\/www.frecan.es\/blog\/fr\/systemes-de-recyclage-frecanair\/#article","isPartOf":{"@id":"https:\/\/www.frecan.es\/blog\/fr\/systemes-de-recyclage-frecanair\/"},"author":{"name":"Frecan","@id":"https:\/\/www.frecan.es\/blog\/fr\/#\/schema\/person\/eecbdddf4fc3d5ee61f34db3cfb262a4"},"headline":"La recirculation bas\u00e9e en technologie plasma, cubes \u00e0 charbon, filtres \u00e0 charbon ou le syst\u00e8me d\u2019extraction ?","datePublished":"2023-03-15T07:54:27+00:00","dateModified":"2023-03-24T08:45:20+00:00","mainEntityOfPage":{"@id":"https:\/\/www.frecan.es\/blog\/fr\/systemes-de-recyclage-frecanair\/"},"wordCount":1652,"commentCount":0,"publisher":{"@id":"https:\/\/www.frecan.es\/blog\/fr\/#organization"},"image":{"@id":"https:\/\/www.frecan.es\/blog\/fr\/systemes-de-recyclage-frecanair\/#primaryimage"},"thumbnailUrl":"https:\/\/www.frecan.es\/blog\/wp-content\/uploads\/2023\/03\/frecanair-sistemas-recirculacion.jpg","articleSection":["Recirculacion et Passivhaus"],"inLanguage":"fr-FR","potentialAction":[{"@type":"CommentAction","name":"Comment","target":["https:\/\/www.frecan.es\/blog\/fr\/systemes-de-recyclage-frecanair\/#respond"]}]},{"@type":"WebPage","@id":"https:\/\/www.frecan.es\/blog\/fr\/systemes-de-recyclage-frecanair\/","url":"https:\/\/www.frecan.es\/blog\/fr\/systemes-de-recyclage-frecanair\/","name":"Est-ce que j\u2019ai besoin d\u2019une hotte avec de la recirculation?","isPartOf":{"@id":"https:\/\/www.frecan.es\/blog\/fr\/#website"},"primaryImageOfPage":{"@id":"https:\/\/www.frecan.es\/blog\/fr\/systemes-de-recyclage-frecanair\/#primaryimage"},"image":{"@id":"https:\/\/www.frecan.es\/blog\/fr\/systemes-de-recyclage-frecanair\/#primaryimage"},"thumbnailUrl":"https:\/\/www.frecan.es\/blog\/wp-content\/uploads\/2023\/03\/frecanair-sistemas-recirculacion.jpg","datePublished":"2023-03-15T07:54:27+00:00","dateModified":"2023-03-24T08:45:20+00:00","description":"Dans cet article, nous expliquerons ce qu'est un syst\u00e8me de recirculation, ainsi que les types disponibles, si et quand vous en avez besoin..","breadcrumb":{"@id":"https:\/\/www.frecan.es\/blog\/fr\/systemes-de-recyclage-frecanair\/#breadcrumb"},"inLanguage":"fr-FR","potentialAction":[{"@type":"ReadAction","target":["https:\/\/www.frecan.es\/blog\/fr\/systemes-de-recyclage-frecanair\/"]}]},{"@type":"ImageObject","inLanguage":"fr-FR","@id":"https:\/\/www.frecan.es\/blog\/fr\/systemes-de-recyclage-frecanair\/#primaryimage","url":"https:\/\/www.frecan.es\/blog\/wp-content\/uploads\/2023\/03\/frecanair-sistemas-recirculacion.jpg","contentUrl":"https:\/\/www.frecan.es\/blog\/wp-content\/uploads\/2023\/03\/frecanair-sistemas-recirculacion.jpg","width":1659,"height":1659,"caption":"Frecan Air - sistemas de recirculaci\u00f3n"},{"@type":"BreadcrumbList","@id":"https:\/\/www.frecan.es\/blog\/fr\/systemes-de-recyclage-frecanair\/#breadcrumb","itemListElement":[{"@type":"ListItem","position":1,"name":"Page de Couverture","item":"https:\/\/www.frecan.es\/blog\/fr\/"},{"@type":"ListItem","position":2,"name":"La recirculation bas\u00e9e en technologie plasma, cubes \u00e0 charbon, filtres \u00e0 charbon ou le syst\u00e8me d\u2019extraction ?"}]},{"@type":"WebSite","@id":"https:\/\/www.frecan.es\/blog\/fr\/#website","url":"https:\/\/www.frecan.es\/blog\/fr\/","name":"Blog de Frecan","description":"Artisanat, technologie et avant-garde au c\u0153ur de votre cuisine","publisher":{"@id":"https:\/\/www.frecan.es\/blog\/fr\/#organization"},"potentialAction":[{"@type":"SearchAction","target":{"@type":"EntryPoint","urlTemplate":"https:\/\/www.frecan.es\/blog\/fr\/?s={search_term_string}"},"query-input":{"@type":"PropertyValueSpecification","valueRequired":true,"valueName":"search_term_string"}}],"inLanguage":"fr-FR"},{"@type":"Organization","@id":"https:\/\/www.frecan.es\/blog\/fr\/#organization","name":"Frecan","url":"https:\/\/www.frecan.es\/blog\/fr\/","logo":{"@type":"ImageObject","inLanguage":"fr-FR","@id":"https:\/\/www.frecan.es\/blog\/fr\/#\/schema\/logo\/image\/","url":"https:\/\/www.frecan.es\/blog\/wp-content\/uploads\/2016\/02\/logo-frecan.png","contentUrl":"https:\/\/www.frecan.es\/blog\/wp-content\/uploads\/2016\/02\/logo-frecan.png","width":250,"height":27,"caption":"Frecan"},"image":{"@id":"https:\/\/www.frecan.es\/blog\/fr\/#\/schema\/logo\/image\/"}},{"@type":"Person","@id":"https:\/\/www.frecan.es\/blog\/fr\/#\/schema\/person\/eecbdddf4fc3d5ee61f34db3cfb262a4","name":"Frecan","image":{"@type":"ImageObject","inLanguage":"fr-FR","@id":"https:\/\/www.frecan.es\/blog\/fr\/#\/schema\/person\/image\/","url":"https:\/\/secure.gravatar.com\/avatar\/5f22fe11c8d7e915c3e67301f8a5068f?s=96&d=mm&r=g","contentUrl":"https:\/\/secure.gravatar.com\/avatar\/5f22fe11c8d7e915c3e67301f8a5068f?s=96&d=mm&r=g","caption":"Frecan"},"sameAs":["http:\/\/www.frecan.es\/"]}]}},"_links":{"self":[{"href":"https:\/\/www.frecan.es\/blog\/fr\/wp-json\/wp\/v2\/posts\/8419","targetHints":{"allow":["GET"]}}],"collection":[{"href":"https:\/\/www.frecan.es\/blog\/fr\/wp-json\/wp\/v2\/posts"}],"about":[{"href":"https:\/\/www.frecan.es\/blog\/fr\/wp-json\/wp\/v2\/types\/post"}],"author":[{"embeddable":true,"href":"https:\/\/www.frecan.es\/blog\/fr\/wp-json\/wp\/v2\/users\/2"}],"replies":[{"embeddable":true,"href":"https:\/\/www.frecan.es\/blog\/fr\/wp-json\/wp\/v2\/comments?post=8419"}],"version-history":[{"count":2,"href":"https:\/\/www.frecan.es\/blog\/fr\/wp-json\/wp\/v2\/posts\/8419\/revisions"}],"predecessor-version":[{"id":8424,"href":"https:\/\/www.frecan.es\/blog\/fr\/wp-json\/wp\/v2\/posts\/8419\/revisions\/8424"}],"wp:featuredmedia":[{"embeddable":true,"href":"https:\/\/www.frecan.es\/blog\/fr\/wp-json\/wp\/v2\/media\/8381"}],"wp:attachment":[{"href":"https:\/\/www.frecan.es\/blog\/fr\/wp-json\/wp\/v2\/media?parent=8419"}],"wp:term":[{"taxonomy":"category","embeddable":true,"href":"https:\/\/www.frecan.es\/blog\/fr\/wp-json\/wp\/v2\/categories?post=8419"},{"taxonomy":"post_tag","embeddable":true,"href":"https:\/\/www.frecan.es\/blog\/fr\/wp-json\/wp\/v2\/tags?post=8419"}],"curies":[{"name":"wp","href":"https:\/\/api.w.org\/{rel}","templated":true}]}}