{"id":8195,"date":"2023-01-17T15:54:30","date_gmt":"2023-01-17T13:54:30","guid":{"rendered":"https:\/\/www.frecan.es\/blog\/?p=8195"},"modified":"2023-02-14T05:28:47","modified_gmt":"2023-02-14T05:28:47","slug":"tendances-en-cuisines-pour-ce-2023","status":"publish","type":"post","link":"https:\/\/www.frecan.es\/blog\/fr\/tendances-en-cuisines-pour-ce-2023\/","title":{"rendered":"D\u00e9couvrez les nouvelles tendances en cuisines pour ce 2023"},"content":{"rendered":"<h2 style=\"color: #949494; font-size: 24px; line-height: 26px; margin-top: -20px;\">Depuis des cuisines ext\u00e9rieures sur mesure aux cuisines \u00ab ferm\u00e9es \u00bb, voici le top des nouvelles tendances cuisines pour vous inspirer.<\/h2>\n<p><!--more--><\/p>\n<p>Pendant des ann\u00e9es, les tendances ont \u00e9t\u00e9 toujours pareilles. Tandis que les Cuisines blanc totale et le style cottage ont \u00e9t\u00e9 populaires depuis des ann\u00e9es, la forme par laquelle les personnes interagissent avec ses cuisines a eu un changement significatif lequel, probablement, continuera\u2026En 2023 nous avons ouvert nos foyers, en accueillant au multifonctionnel ou la cuisine est l\u2019espace ou nous passons la plupart de la vie familiale, en cuisinant, en mangeant ou m\u00eame en travaillant.<\/p>\n<h3>CUISINES EXT\u00c9RIEURES<\/h3>\n<p><img loading=\"lazy\" decoding=\"async\" class=\"aligncenter size-full wp-image-7488\" src=\"https:\/\/www.frecan.es\/blog\/wp-content\/uploads\/2022\/08\/cocina-de-exterior-a-medida-frecantek.jpg\" alt=\"Cuisine ext\u00e9rieure sur mesure |\u00a0FrecanTEK Barcelona\" width=\"1600\" height=\"1124\" srcset=\"https:\/\/www.frecan.es\/blog\/wp-content\/uploads\/2022\/08\/cocina-de-exterior-a-medida-frecantek.jpg 1600w, https:\/\/www.frecan.es\/blog\/wp-content\/uploads\/2022\/08\/cocina-de-exterior-a-medida-frecantek-300x211.jpg 300w, https:\/\/www.frecan.es\/blog\/wp-content\/uploads\/2022\/08\/cocina-de-exterior-a-medida-frecantek-1024x719.jpg 1024w, https:\/\/www.frecan.es\/blog\/wp-content\/uploads\/2022\/08\/cocina-de-exterior-a-medida-frecantek-768x540.jpg 768w, https:\/\/www.frecan.es\/blog\/wp-content\/uploads\/2022\/08\/cocina-de-exterior-a-medida-frecantek-1536x1079.jpg 1536w, https:\/\/www.frecan.es\/blog\/wp-content\/uploads\/2022\/08\/cocina-de-exterior-a-medida-frecantek-800x562.jpg 800w, https:\/\/www.frecan.es\/blog\/wp-content\/uploads\/2022\/08\/cocina-de-exterior-a-medida-frecantek-1280x899.jpg 1280w\" sizes=\"auto, (max-width: 1600px) 100vw, 1600px\" \/><br \/>\nLe confinement \u00e0 domicile a nourri l&rsquo;id\u00e9e de concevoir des cuisines d&rsquo;ext\u00e9rieur, et l&rsquo;int\u00e9r\u00eat ne fait que cro\u00eetre. Chez <a href=\"https:\/\/www.frecan.fr\/hottes\/sur-mesure\/\" rel=\"noopener\" target=\"_blank\">FrecanTEK<\/a>, nous sommes capables de concevoir et de fabriquer votre cuisine ext\u00e9rieure avec des mat\u00e9riaux de qualit\u00e9 pr\u00e9par\u00e9s pour r\u00e9sister \u00e0 toutes les conditions m\u00e9t\u00e9orologiques.<\/p>\n<h3>DES FINITIONS NATURELLES<\/h3>\n<p><img loading=\"lazy\" decoding=\"async\" class=\"aligncenter size-full wp-image-7994\" src=\"https:\/\/www.frecan.es\/blog\/wp-content\/uploads\/2023\/01\/cocina-verde-tendencia-acabados-naturales-2023-frecan.jpg\" alt=\"Cuisines naturelles et cuisines vertes\" width=\"1800\" height=\"1200\" srcset=\"https:\/\/www.frecan.es\/blog\/wp-content\/uploads\/2023\/01\/cocina-verde-tendencia-acabados-naturales-2023-frecan.jpg 1800w, https:\/\/www.frecan.es\/blog\/wp-content\/uploads\/2023\/01\/cocina-verde-tendencia-acabados-naturales-2023-frecan-300x200.jpg 300w, https:\/\/www.frecan.es\/blog\/wp-content\/uploads\/2023\/01\/cocina-verde-tendencia-acabados-naturales-2023-frecan-1024x683.jpg 1024w, https:\/\/www.frecan.es\/blog\/wp-content\/uploads\/2023\/01\/cocina-verde-tendencia-acabados-naturales-2023-frecan-768x512.jpg 768w, https:\/\/www.frecan.es\/blog\/wp-content\/uploads\/2023\/01\/cocina-verde-tendencia-acabados-naturales-2023-frecan-1536x1024.jpg 1536w, https:\/\/www.frecan.es\/blog\/wp-content\/uploads\/2023\/01\/cocina-verde-tendencia-acabados-naturales-2023-frecan-800x533.jpg 800w, https:\/\/www.frecan.es\/blog\/wp-content\/uploads\/2023\/01\/cocina-verde-tendencia-acabados-naturales-2023-frecan-1280x853.jpg 1280w\" sizes=\"auto, (max-width: 1800px) 100vw, 1800px\" \/><br \/>\nDe plus, la pand\u00e9mie nous a encourag\u00e9s \u00e0 faire entrer l&rsquo;ext\u00e9rieur, l&rsquo;aspect naturel et le sentiment de calme de la nature \u00e0 la maison devraient \u00e9galement s&rsquo;installer en 2023. Pas \u00e9tonnant que le vert soit l&rsquo;une des couleurs pr\u00e9f\u00e9r\u00e9es de l&rsquo;ann\u00e9e.<\/p>\n<h3>DES MAT\u00c9RIAUX ET M\u00c9TALES MIXTES<br \/>\n<\/h3>\n<p><img loading=\"lazy\" decoding=\"async\" class=\"aligncenter size-full wp-image-8000\" src=\"https:\/\/www.frecan.es\/blog\/wp-content\/uploads\/2023\/01\/cocina-acero-inoxidable-frecan.gif\" alt=\"tendances en cuisines - Inox\" width=\"1500\" height=\"1001\" \/><\/p>\n<p>Les cuisines mixtes minimalistes et confortables en m\u00e9tal font partie des tendances les plus en vogue de 2023. Cependant, elles viennent avec une touche. Les finitions bross\u00e9es, satin\u00e9es, vibr\u00e9es et mates vous donneront plus de vari\u00e9t\u00e9.<\/p>\n<p>La cl\u00e9 pour m\u00e9langer les m\u00e9taux dans une cuisine est de ne pas en faire trop, car cela peut avoir l&rsquo;effet inverse et rendre la cuisine trop occup\u00e9e.<\/p>\n<p>L&rsquo;esth\u00e9tique a \u00e9galement eu un impact sur les espaces aquatiques ainsi que sur la conception des meubles et des appareils \u00e9lectriques, en termes de couleur, de forme, de taille et de mat\u00e9riau. Maintenant que les robinets sont disponibles dans une grande vari\u00e9t\u00e9 de couleurs et de finitions, les robinets sont \u00e9galement pr\u00e9sents et cela se refl\u00e8te \u00e9galement dans notre catalogue d&rsquo;eau.<\/p>\n<h3>DE RETOUR AU NOIR<\/h3>\n<p><img loading=\"lazy\" decoding=\"async\" class=\"aligncenter size-full wp-image-6754\" src=\"https:\/\/www.frecan.es\/blog\/wp-content\/uploads\/2022\/03\/reforma-industrial-interiorismo-campana-techo-frecan-sense.jpg\" alt=\"Cuisines noires. Hotte de plafond Sense, Frecan\" width=\"1600\" height=\"1200\" srcset=\"https:\/\/www.frecan.es\/blog\/wp-content\/uploads\/2022\/03\/reforma-industrial-interiorismo-campana-techo-frecan-sense.jpg 1600w, https:\/\/www.frecan.es\/blog\/wp-content\/uploads\/2022\/03\/reforma-industrial-interiorismo-campana-techo-frecan-sense-300x225.jpg 300w, https:\/\/www.frecan.es\/blog\/wp-content\/uploads\/2022\/03\/reforma-industrial-interiorismo-campana-techo-frecan-sense-1024x768.jpg 1024w, https:\/\/www.frecan.es\/blog\/wp-content\/uploads\/2022\/03\/reforma-industrial-interiorismo-campana-techo-frecan-sense-768x576.jpg 768w, https:\/\/www.frecan.es\/blog\/wp-content\/uploads\/2022\/03\/reforma-industrial-interiorismo-campana-techo-frecan-sense-1536x1152.jpg 1536w, https:\/\/www.frecan.es\/blog\/wp-content\/uploads\/2022\/03\/reforma-industrial-interiorismo-campana-techo-frecan-sense-800x600.jpg 800w, https:\/\/www.frecan.es\/blog\/wp-content\/uploads\/2022\/03\/reforma-industrial-interiorismo-campana-techo-frecan-sense-1280x960.jpg 1280w\" sizes=\"auto, (max-width: 1600px) 100vw, 1600px\" \/><br \/>\nLorsque vous exposez les avantages d&rsquo;une cuisine noire, il est difficile de comprendre pourquoi tant de gens en sont intimid\u00e9s. Les cuisines noires peuvent cr\u00e9er un impact comme aucune autre couleur. Pour cette raison, nous constatons une \u00e9norme augmentation de la popularit\u00e9 cette ann\u00e9e.<\/p>\n<p>Le noir devient luxueux et invitant, associ\u00e9 \u00e0 des bois textur\u00e9s qui ajoutent un charme rustique et chaleureux.<\/p>\n<p>Les plaques de cuisson, les plaques vitroc\u00e9ramiques, les hottes, les robinets et les \u00e9viers sont les moyens les plus subtils d&rsquo;introduire cette tendance dans la cuisine et chez Frecan, nous en savons beaucoup \u00e0 ce sujet et sinon d\u00e9couvrez par vous-m\u00eame.<\/p>\n<h3>PLAQUE AVEC HOTTE DE CUISINE<br \/>\n<\/h3>\n<p><img loading=\"lazy\" decoding=\"async\" class=\"aligncenter size-full wp-image-7997\" src=\"https:\/\/www.frecan.es\/blog\/wp-content\/uploads\/2023\/01\/campana-flow.gif\" alt=\"tendances en cuisines 2023 - hottes de surface\" width=\"900\" height=\"506\" \/><br \/>\nLa derni\u00e8re tendance en mati\u00e8re de hottes, sans oublier le reste, ce sont les <a href=\"https:\/\/www.frecan.fr\/hottes\/de-plan-de-travail\/\" rel=\"noopener\" target=\"_blank\">hottes de surface<\/a>. Les nouvelles tables de cuisson avec extracteurs int\u00e9gr\u00e9s peuvent \u00eatre plac\u00e9es o\u00f9 vous voulez, m\u00eame sur un \u00eelot de cuisine avec ou sans syst\u00e8me de recirculation.<\/p>\n<h3>SYST\u00c8MES DE RECIRCULATION<\/h3>\n<p>Nous ne les avons toujours pas int\u00e9gr\u00e9s lorsque nous pensons \u00e0 la conception de notre cuisine, mais les chiffres parlent d&rsquo;eux-m\u00eames et la tendance est \u00e0 la hausse. Non seulement il \u00e9vite l&rsquo;extraction des fum\u00e9es vers l&rsquo;ext\u00e9rieur et renouvelle l&rsquo;air \u00e0 l&rsquo;int\u00e9rieur, mais il am\u00e9liore \u00e9galement l&rsquo;efficacit\u00e9 \u00e9nerg\u00e9tique de votre habitation. <a href=\"https:\/\/www.frecan.fr\/hottes\/recirculation\/\" rel=\"noopener\" target=\"_blank\">D\u00e9couvrez tout.<\/a><\/p>\n<h3>DIVISEZ VOTRE ESPACE<br \/>\n<\/h3>\n<p>Apr\u00e8s des ann\u00e9es \u00e0 abattre des murs pour cr\u00e9er des pi\u00e8ces \u00e0 aire ouverte, ces derni\u00e8res ann\u00e9es, nous en sommes venus \u00e0 appr\u00e9cier les avantages de pouvoir fermer la porte et \u00e9chapper \u00e0 la bande sonore de toute la maison. Une cloison en verre peut diviser les espaces sans compromettre la sensation d&rsquo;unit\u00e9 ou de lumi\u00e8re. Il a aussi l&rsquo;avantage de contenir les odeurs dans la cuisine.<\/p>\n<h3>GARDEZ LA CUISINE CACH\u00c9E<\/h3>\n<p><img loading=\"lazy\" decoding=\"async\" class=\"aligncenter size-full wp-image-8006\" src=\"https:\/\/www.frecan.es\/blog\/wp-content\/uploads\/2023\/01\/cocinas-escondidas-frecan-tendencia-2023.jpg\" alt=\"tendances en cuisines 2023 - cuisines ferm\u00e9es\" width=\"1800\" height=\"1200\" srcset=\"https:\/\/www.frecan.es\/blog\/wp-content\/uploads\/2023\/01\/cocinas-escondidas-frecan-tendencia-2023.jpg 1800w, https:\/\/www.frecan.es\/blog\/wp-content\/uploads\/2023\/01\/cocinas-escondidas-frecan-tendencia-2023-300x200.jpg 300w, https:\/\/www.frecan.es\/blog\/wp-content\/uploads\/2023\/01\/cocinas-escondidas-frecan-tendencia-2023-1024x683.jpg 1024w, https:\/\/www.frecan.es\/blog\/wp-content\/uploads\/2023\/01\/cocinas-escondidas-frecan-tendencia-2023-768x512.jpg 768w, https:\/\/www.frecan.es\/blog\/wp-content\/uploads\/2023\/01\/cocinas-escondidas-frecan-tendencia-2023-1536x1024.jpg 1536w, https:\/\/www.frecan.es\/blog\/wp-content\/uploads\/2023\/01\/cocinas-escondidas-frecan-tendencia-2023-800x533.jpg 800w, https:\/\/www.frecan.es\/blog\/wp-content\/uploads\/2023\/01\/cocinas-escondidas-frecan-tendencia-2023-1280x853.jpg 1280w\" sizes=\"auto, (max-width: 1800px) 100vw, 1800px\" \/><br \/>\nCela semble assez contre-intuitif, mais les cuisines \u00ab\u00a0cach\u00e9es\u00a0\u00bb ou \u00ab\u00a0invisibles\u00a0\u00bb sont devenues tr\u00e8s populaires ces derni\u00e8res ann\u00e9es, dans le but d&rsquo;attirer l&rsquo;attention sur le divertissement et votre hotte, si vous l&rsquo;osez ;P<\/p>\n<p>L&rsquo;attrait des cuisines cach\u00e9es ou invisibles est assez simple : les cuisines se salissent et cacher le fouillis est beaucoup plus rapide. Mais si vous \u00eates aussi adepte de la propret\u00e9 totale, il serait peut-\u00eatre bon de s\u00e9parer votre cuisine du reste de votre espace de vie.<\/p>\n<h4>D\u00e9couvrir plus<\/h4>\n<blockquote class=\"wp-embedded-content\" data-secret=\"ce1qe3jOvB\"><p><a href=\"https:\/\/www.frecan.es\/blog\/showroom-rardo-madrid-cocinas-a-medida\/\">No s\u00f3lo lo veas\u2026 \u00a1V\u00edvelo! &#8211; Entramos al showroom de RARDO de Madrid<\/a><\/p><\/blockquote>\n<p><iframe loading=\"lazy\" class=\"wp-embedded-content\" sandbox=\"allow-scripts\" security=\"restricted\" style=\"position: absolute; clip: rect(1px, 1px, 1px, 1px);\" title=\"\u00ab\u00a0No s\u00f3lo lo veas\u2026 \u00a1V\u00edvelo! &#8211; Entramos al showroom de RARDO de Madrid\u00a0\u00bb &#8212; Blog de Frecan\" src=\"https:\/\/www.frecan.es\/blog\/showroom-rardo-madrid-cocinas-a-medida\/embed\/#?secret=zmQaZucsjC#?secret=ce1qe3jOvB\" data-secret=\"ce1qe3jOvB\" width=\"600\" height=\"338\" frameborder=\"0\" marginwidth=\"0\" marginheight=\"0\" scrolling=\"no\"><\/iframe><\/p>\n<blockquote class=\"wp-embedded-content\" data-secret=\"3H52bOKUdY\"><p><a href=\"https:\/\/www.frecan.es\/blog\/fr\/toute-votre-cuisine-au-noir\/\">Todo al negro. \u00a1Querr\u00e1s pasarte al lado oscuro!<\/a><\/p><\/blockquote>\n<p><iframe loading=\"lazy\" class=\"wp-embedded-content\" sandbox=\"allow-scripts\" security=\"restricted\" style=\"position: absolute; clip: rect(1px, 1px, 1px, 1px);\" title=\"\u00ab\u00a0Todo al negro. \u00a1Querr\u00e1s pasarte al lado oscuro!\u00a0\u00bb &#8212; Blog de Frecan\" src=\"https:\/\/www.frecan.es\/blog\/fr\/toute-votre-cuisine-au-noir\/embed\/#?secret=LklFbaYs7f#?secret=3H52bOKUdY\" data-secret=\"3H52bOKUdY\" width=\"600\" height=\"338\" frameborder=\"0\" marginwidth=\"0\" marginheight=\"0\" scrolling=\"no\"><\/iframe><\/p>\n","protected":false},"excerpt":{"rendered":"<p>Depuis des cuisines ext\u00e9rieures sur mesure aux cuisines \u00ab ferm\u00e9es \u00bb, voici le top des nouvelles tendances cuisines pour vous inspirer.<\/p>\n","protected":false},"author":2,"featured_media":8005,"comment_status":"open","ping_status":"open","sticky":false,"template":"","format":"standard","meta":{"footnotes":""},"categories":[65,68],"tags":[],"class_list":{"0":"post-8195","1":"post","2":"type-post","3":"status-publish","4":"format-standard","5":"has-post-thumbnail","7":"category-autres","8":"category-cuisines-design"},"yoast_head":"<!-- This site is optimized with the Yoast SEO plugin v24.7 - https:\/\/yoast.com\/wordpress\/plugins\/seo\/ -->\n<title>D\u00e9couvrez les nouvelles tendances en cuisines pour ce 2023<\/title>\n<meta name=\"description\" content=\"Depuis des cuisines ext\u00e9rieures sur mesure aux cuisines \u00ab ferm\u00e9es \u00bb, voici le top des nouvelles tendances en cuisines pour vous inspirer.\" \/>\n<meta name=\"robots\" content=\"index, follow, max-snippet:-1, max-image-preview:large, max-video-preview:-1\" \/>\n<link rel=\"canonical\" href=\"https:\/\/www.frecan.es\/blog\/fr\/tendances-en-cuisines-pour-ce-2023\/\" \/>\n<meta property=\"og:locale\" content=\"fr_FR\" \/>\n<meta property=\"og:type\" content=\"article\" \/>\n<meta property=\"og:title\" content=\"D\u00e9couvrez les nouvelles tendances en cuisines pour ce 2023\" \/>\n<meta property=\"og:description\" content=\"Depuis des cuisines ext\u00e9rieures sur mesure aux cuisines \u00ab ferm\u00e9es \u00bb, voici le top des nouvelles tendances en cuisines pour vous inspirer.\" \/>\n<meta property=\"og:url\" content=\"https:\/\/www.frecan.es\/blog\/fr\/tendances-en-cuisines-pour-ce-2023\/\" \/>\n<meta property=\"og:site_name\" content=\"Blog de Frecan\" \/>\n<meta property=\"article:published_time\" content=\"2023-01-17T13:54:30+00:00\" \/>\n<meta property=\"article:modified_time\" content=\"2023-02-14T05:28:47+00:00\" \/>\n<meta property=\"og:image\" content=\"https:\/\/www.frecan.es\/blog\/wp-content\/uploads\/2023\/01\/cocina-natural-tendencia-2023.jpg\" \/>\n\t<meta property=\"og:image:width\" content=\"1500\" \/>\n\t<meta property=\"og:image:height\" content=\"1500\" \/>\n\t<meta property=\"og:image:type\" content=\"image\/jpeg\" \/>\n<meta name=\"author\" content=\"Frecan\" \/>\n<meta name=\"twitter:card\" content=\"summary_large_image\" \/>\n<meta name=\"twitter:label1\" content=\"\u00c9crit par\" \/>\n\t<meta name=\"twitter:data1\" content=\"Frecan\" \/>\n<script type=\"application\/ld+json\" class=\"yoast-schema-graph\">{\"@context\":\"https:\/\/schema.org\",\"@graph\":[{\"@type\":\"Article\",\"@id\":\"https:\/\/www.frecan.es\/blog\/fr\/tendances-en-cuisines-pour-ce-2023\/#article\",\"isPartOf\":{\"@id\":\"https:\/\/www.frecan.es\/blog\/fr\/tendances-en-cuisines-pour-ce-2023\/\"},\"author\":{\"name\":\"Frecan\",\"@id\":\"https:\/\/www.frecan.es\/blog\/fr\/#\/schema\/person\/eecbdddf4fc3d5ee61f34db3cfb262a4\"},\"headline\":\"D\u00e9couvrez les nouvelles tendances en cuisines pour ce 2023\",\"datePublished\":\"2023-01-17T13:54:30+00:00\",\"dateModified\":\"2023-02-14T05:28:47+00:00\",\"mainEntityOfPage\":{\"@id\":\"https:\/\/www.frecan.es\/blog\/fr\/tendances-en-cuisines-pour-ce-2023\/\"},\"wordCount\":767,\"commentCount\":0,\"publisher\":{\"@id\":\"https:\/\/www.frecan.es\/blog\/fr\/#organization\"},\"image\":{\"@id\":\"https:\/\/www.frecan.es\/blog\/fr\/tendances-en-cuisines-pour-ce-2023\/#primaryimage\"},\"thumbnailUrl\":\"https:\/\/www.frecan.es\/blog\/wp-content\/uploads\/2023\/01\/cocina-natural-tendencia-2023.jpg\",\"articleSection\":[\"Autres\",\"Cuisines design\"],\"inLanguage\":\"fr-FR\",\"potentialAction\":[{\"@type\":\"CommentAction\",\"name\":\"Comment\",\"target\":[\"https:\/\/www.frecan.es\/blog\/fr\/tendances-en-cuisines-pour-ce-2023\/#respond\"]}]},{\"@type\":\"WebPage\",\"@id\":\"https:\/\/www.frecan.es\/blog\/fr\/tendances-en-cuisines-pour-ce-2023\/\",\"url\":\"https:\/\/www.frecan.es\/blog\/fr\/tendances-en-cuisines-pour-ce-2023\/\",\"name\":\"D\u00e9couvrez les nouvelles tendances en cuisines pour ce 2023\",\"isPartOf\":{\"@id\":\"https:\/\/www.frecan.es\/blog\/fr\/#website\"},\"primaryImageOfPage\":{\"@id\":\"https:\/\/www.frecan.es\/blog\/fr\/tendances-en-cuisines-pour-ce-2023\/#primaryimage\"},\"image\":{\"@id\":\"https:\/\/www.frecan.es\/blog\/fr\/tendances-en-cuisines-pour-ce-2023\/#primaryimage\"},\"thumbnailUrl\":\"https:\/\/www.frecan.es\/blog\/wp-content\/uploads\/2023\/01\/cocina-natural-tendencia-2023.jpg\",\"datePublished\":\"2023-01-17T13:54:30+00:00\",\"dateModified\":\"2023-02-14T05:28:47+00:00\",\"description\":\"Depuis des cuisines ext\u00e9rieures sur mesure aux cuisines \u00ab ferm\u00e9es \u00bb, voici le top des nouvelles tendances en cuisines pour vous inspirer.\",\"breadcrumb\":{\"@id\":\"https:\/\/www.frecan.es\/blog\/fr\/tendances-en-cuisines-pour-ce-2023\/#breadcrumb\"},\"inLanguage\":\"fr-FR\",\"potentialAction\":[{\"@type\":\"ReadAction\",\"target\":[\"https:\/\/www.frecan.es\/blog\/fr\/tendances-en-cuisines-pour-ce-2023\/\"]}]},{\"@type\":\"ImageObject\",\"inLanguage\":\"fr-FR\",\"@id\":\"https:\/\/www.frecan.es\/blog\/fr\/tendances-en-cuisines-pour-ce-2023\/#primaryimage\",\"url\":\"https:\/\/www.frecan.es\/blog\/wp-content\/uploads\/2023\/01\/cocina-natural-tendencia-2023.jpg\",\"contentUrl\":\"https:\/\/www.frecan.es\/blog\/wp-content\/uploads\/2023\/01\/cocina-natural-tendencia-2023.jpg\",\"width\":1500,\"height\":1500,\"caption\":\"Tendencias 2023 - Cocinas naturales\"},{\"@type\":\"BreadcrumbList\",\"@id\":\"https:\/\/www.frecan.es\/blog\/fr\/tendances-en-cuisines-pour-ce-2023\/#breadcrumb\",\"itemListElement\":[{\"@type\":\"ListItem\",\"position\":1,\"name\":\"Page de Couverture\",\"item\":\"https:\/\/www.frecan.es\/blog\/fr\/\"},{\"@type\":\"ListItem\",\"position\":2,\"name\":\"D\u00e9couvrez les nouvelles tendances en cuisines pour ce 2023\"}]},{\"@type\":\"WebSite\",\"@id\":\"https:\/\/www.frecan.es\/blog\/fr\/#website\",\"url\":\"https:\/\/www.frecan.es\/blog\/fr\/\",\"name\":\"Blog de Frecan\",\"description\":\"Artisanat, technologie et avant-garde au c\u0153ur de votre cuisine\",\"publisher\":{\"@id\":\"https:\/\/www.frecan.es\/blog\/fr\/#organization\"},\"potentialAction\":[{\"@type\":\"SearchAction\",\"target\":{\"@type\":\"EntryPoint\",\"urlTemplate\":\"https:\/\/www.frecan.es\/blog\/fr\/?s={search_term_string}\"},\"query-input\":{\"@type\":\"PropertyValueSpecification\",\"valueRequired\":true,\"valueName\":\"search_term_string\"}}],\"inLanguage\":\"fr-FR\"},{\"@type\":\"Organization\",\"@id\":\"https:\/\/www.frecan.es\/blog\/fr\/#organization\",\"name\":\"Frecan\",\"url\":\"https:\/\/www.frecan.es\/blog\/fr\/\",\"logo\":{\"@type\":\"ImageObject\",\"inLanguage\":\"fr-FR\",\"@id\":\"https:\/\/www.frecan.es\/blog\/fr\/#\/schema\/logo\/image\/\",\"url\":\"https:\/\/www.frecan.es\/blog\/wp-content\/uploads\/2016\/02\/logo-frecan.png\",\"contentUrl\":\"https:\/\/www.frecan.es\/blog\/wp-content\/uploads\/2016\/02\/logo-frecan.png\",\"width\":250,\"height\":27,\"caption\":\"Frecan\"},\"image\":{\"@id\":\"https:\/\/www.frecan.es\/blog\/fr\/#\/schema\/logo\/image\/\"}},{\"@type\":\"Person\",\"@id\":\"https:\/\/www.frecan.es\/blog\/fr\/#\/schema\/person\/eecbdddf4fc3d5ee61f34db3cfb262a4\",\"name\":\"Frecan\",\"image\":{\"@type\":\"ImageObject\",\"inLanguage\":\"fr-FR\",\"@id\":\"https:\/\/www.frecan.es\/blog\/fr\/#\/schema\/person\/image\/\",\"url\":\"https:\/\/secure.gravatar.com\/avatar\/5f22fe11c8d7e915c3e67301f8a5068f?s=96&d=mm&r=g\",\"contentUrl\":\"https:\/\/secure.gravatar.com\/avatar\/5f22fe11c8d7e915c3e67301f8a5068f?s=96&d=mm&r=g\",\"caption\":\"Frecan\"},\"sameAs\":[\"http:\/\/www.frecan.es\/\"]}]}<\/script>\n<!-- \/ Yoast SEO plugin. -->","yoast_head_json":{"title":"D\u00e9couvrez les nouvelles tendances en cuisines pour ce 2023","description":"Depuis des cuisines ext\u00e9rieures sur mesure aux cuisines \u00ab ferm\u00e9es \u00bb, voici le top des nouvelles tendances en cuisines pour vous inspirer.","robots":{"index":"index","follow":"follow","max-snippet":"max-snippet:-1","max-image-preview":"max-image-preview:large","max-video-preview":"max-video-preview:-1"},"canonical":"https:\/\/www.frecan.es\/blog\/fr\/tendances-en-cuisines-pour-ce-2023\/","og_locale":"fr_FR","og_type":"article","og_title":"D\u00e9couvrez les nouvelles tendances en cuisines pour ce 2023","og_description":"Depuis des cuisines ext\u00e9rieures sur mesure aux cuisines \u00ab ferm\u00e9es \u00bb, voici le top des nouvelles tendances en cuisines pour vous inspirer.","og_url":"https:\/\/www.frecan.es\/blog\/fr\/tendances-en-cuisines-pour-ce-2023\/","og_site_name":"Blog de Frecan","article_published_time":"2023-01-17T13:54:30+00:00","article_modified_time":"2023-02-14T05:28:47+00:00","og_image":[{"width":1500,"height":1500,"url":"https:\/\/www.frecan.es\/blog\/wp-content\/uploads\/2023\/01\/cocina-natural-tendencia-2023.jpg","type":"image\/jpeg"}],"author":"Frecan","twitter_card":"summary_large_image","twitter_misc":{"\u00c9crit par":"Frecan"},"schema":{"@context":"https:\/\/schema.org","@graph":[{"@type":"Article","@id":"https:\/\/www.frecan.es\/blog\/fr\/tendances-en-cuisines-pour-ce-2023\/#article","isPartOf":{"@id":"https:\/\/www.frecan.es\/blog\/fr\/tendances-en-cuisines-pour-ce-2023\/"},"author":{"name":"Frecan","@id":"https:\/\/www.frecan.es\/blog\/fr\/#\/schema\/person\/eecbdddf4fc3d5ee61f34db3cfb262a4"},"headline":"D\u00e9couvrez les nouvelles tendances en cuisines pour ce 2023","datePublished":"2023-01-17T13:54:30+00:00","dateModified":"2023-02-14T05:28:47+00:00","mainEntityOfPage":{"@id":"https:\/\/www.frecan.es\/blog\/fr\/tendances-en-cuisines-pour-ce-2023\/"},"wordCount":767,"commentCount":0,"publisher":{"@id":"https:\/\/www.frecan.es\/blog\/fr\/#organization"},"image":{"@id":"https:\/\/www.frecan.es\/blog\/fr\/tendances-en-cuisines-pour-ce-2023\/#primaryimage"},"thumbnailUrl":"https:\/\/www.frecan.es\/blog\/wp-content\/uploads\/2023\/01\/cocina-natural-tendencia-2023.jpg","articleSection":["Autres","Cuisines design"],"inLanguage":"fr-FR","potentialAction":[{"@type":"CommentAction","name":"Comment","target":["https:\/\/www.frecan.es\/blog\/fr\/tendances-en-cuisines-pour-ce-2023\/#respond"]}]},{"@type":"WebPage","@id":"https:\/\/www.frecan.es\/blog\/fr\/tendances-en-cuisines-pour-ce-2023\/","url":"https:\/\/www.frecan.es\/blog\/fr\/tendances-en-cuisines-pour-ce-2023\/","name":"D\u00e9couvrez les nouvelles tendances en cuisines pour ce 2023","isPartOf":{"@id":"https:\/\/www.frecan.es\/blog\/fr\/#website"},"primaryImageOfPage":{"@id":"https:\/\/www.frecan.es\/blog\/fr\/tendances-en-cuisines-pour-ce-2023\/#primaryimage"},"image":{"@id":"https:\/\/www.frecan.es\/blog\/fr\/tendances-en-cuisines-pour-ce-2023\/#primaryimage"},"thumbnailUrl":"https:\/\/www.frecan.es\/blog\/wp-content\/uploads\/2023\/01\/cocina-natural-tendencia-2023.jpg","datePublished":"2023-01-17T13:54:30+00:00","dateModified":"2023-02-14T05:28:47+00:00","description":"Depuis des cuisines ext\u00e9rieures sur mesure aux cuisines \u00ab ferm\u00e9es \u00bb, voici le top des nouvelles tendances en cuisines pour vous inspirer.","breadcrumb":{"@id":"https:\/\/www.frecan.es\/blog\/fr\/tendances-en-cuisines-pour-ce-2023\/#breadcrumb"},"inLanguage":"fr-FR","potentialAction":[{"@type":"ReadAction","target":["https:\/\/www.frecan.es\/blog\/fr\/tendances-en-cuisines-pour-ce-2023\/"]}]},{"@type":"ImageObject","inLanguage":"fr-FR","@id":"https:\/\/www.frecan.es\/blog\/fr\/tendances-en-cuisines-pour-ce-2023\/#primaryimage","url":"https:\/\/www.frecan.es\/blog\/wp-content\/uploads\/2023\/01\/cocina-natural-tendencia-2023.jpg","contentUrl":"https:\/\/www.frecan.es\/blog\/wp-content\/uploads\/2023\/01\/cocina-natural-tendencia-2023.jpg","width":1500,"height":1500,"caption":"Tendencias 2023 - Cocinas naturales"},{"@type":"BreadcrumbList","@id":"https:\/\/www.frecan.es\/blog\/fr\/tendances-en-cuisines-pour-ce-2023\/#breadcrumb","itemListElement":[{"@type":"ListItem","position":1,"name":"Page de Couverture","item":"https:\/\/www.frecan.es\/blog\/fr\/"},{"@type":"ListItem","position":2,"name":"D\u00e9couvrez les nouvelles tendances en cuisines pour ce 2023"}]},{"@type":"WebSite","@id":"https:\/\/www.frecan.es\/blog\/fr\/#website","url":"https:\/\/www.frecan.es\/blog\/fr\/","name":"Blog de Frecan","description":"Artisanat, technologie et avant-garde au c\u0153ur de votre cuisine","publisher":{"@id":"https:\/\/www.frecan.es\/blog\/fr\/#organization"},"potentialAction":[{"@type":"SearchAction","target":{"@type":"EntryPoint","urlTemplate":"https:\/\/www.frecan.es\/blog\/fr\/?s={search_term_string}"},"query-input":{"@type":"PropertyValueSpecification","valueRequired":true,"valueName":"search_term_string"}}],"inLanguage":"fr-FR"},{"@type":"Organization","@id":"https:\/\/www.frecan.es\/blog\/fr\/#organization","name":"Frecan","url":"https:\/\/www.frecan.es\/blog\/fr\/","logo":{"@type":"ImageObject","inLanguage":"fr-FR","@id":"https:\/\/www.frecan.es\/blog\/fr\/#\/schema\/logo\/image\/","url":"https:\/\/www.frecan.es\/blog\/wp-content\/uploads\/2016\/02\/logo-frecan.png","contentUrl":"https:\/\/www.frecan.es\/blog\/wp-content\/uploads\/2016\/02\/logo-frecan.png","width":250,"height":27,"caption":"Frecan"},"image":{"@id":"https:\/\/www.frecan.es\/blog\/fr\/#\/schema\/logo\/image\/"}},{"@type":"Person","@id":"https:\/\/www.frecan.es\/blog\/fr\/#\/schema\/person\/eecbdddf4fc3d5ee61f34db3cfb262a4","name":"Frecan","image":{"@type":"ImageObject","inLanguage":"fr-FR","@id":"https:\/\/www.frecan.es\/blog\/fr\/#\/schema\/person\/image\/","url":"https:\/\/secure.gravatar.com\/avatar\/5f22fe11c8d7e915c3e67301f8a5068f?s=96&d=mm&r=g","contentUrl":"https:\/\/secure.gravatar.com\/avatar\/5f22fe11c8d7e915c3e67301f8a5068f?s=96&d=mm&r=g","caption":"Frecan"},"sameAs":["http:\/\/www.frecan.es\/"]}]}},"_links":{"self":[{"href":"https:\/\/www.frecan.es\/blog\/fr\/wp-json\/wp\/v2\/posts\/8195","targetHints":{"allow":["GET"]}}],"collection":[{"href":"https:\/\/www.frecan.es\/blog\/fr\/wp-json\/wp\/v2\/posts"}],"about":[{"href":"https:\/\/www.frecan.es\/blog\/fr\/wp-json\/wp\/v2\/types\/post"}],"author":[{"embeddable":true,"href":"https:\/\/www.frecan.es\/blog\/fr\/wp-json\/wp\/v2\/users\/2"}],"replies":[{"embeddable":true,"href":"https:\/\/www.frecan.es\/blog\/fr\/wp-json\/wp\/v2\/comments?post=8195"}],"version-history":[{"count":3,"href":"https:\/\/www.frecan.es\/blog\/fr\/wp-json\/wp\/v2\/posts\/8195\/revisions"}],"predecessor-version":[{"id":8198,"href":"https:\/\/www.frecan.es\/blog\/fr\/wp-json\/wp\/v2\/posts\/8195\/revisions\/8198"}],"wp:featuredmedia":[{"embeddable":true,"href":"https:\/\/www.frecan.es\/blog\/fr\/wp-json\/wp\/v2\/media\/8005"}],"wp:attachment":[{"href":"https:\/\/www.frecan.es\/blog\/fr\/wp-json\/wp\/v2\/media?parent=8195"}],"wp:term":[{"taxonomy":"category","embeddable":true,"href":"https:\/\/www.frecan.es\/blog\/fr\/wp-json\/wp\/v2\/categories?post=8195"},{"taxonomy":"post_tag","embeddable":true,"href":"https:\/\/www.frecan.es\/blog\/fr\/wp-json\/wp\/v2\/tags?post=8195"}],"curies":[{"name":"wp","href":"https:\/\/api.w.org\/{rel}","templated":true}]}}