{"id":8192,"date":"2023-01-30T11:27:06","date_gmt":"2023-01-30T11:27:06","guid":{"rendered":"https:\/\/www.frecan.es\/blog\/?p=8192"},"modified":"2023-02-14T05:19:04","modified_gmt":"2023-02-14T05:19:04","slug":"plaques-a-induction","status":"publish","type":"post","link":"https:\/\/www.frecan.es\/blog\/fr\/plaques-a-induction\/","title":{"rendered":"Frecan compl\u00e8te son offre avec une s\u00e9lection de plaques \u00e0 induction"},"content":{"rendered":"<h2 style=\"color: #949494; font-size: 24px; line-height: 26px; margin-top: -20px;\">Les plaques \u00e0 induction sont les meilleures pour une cuisine moderne et de qualit\u00e9, avec de la meilleure technologie et de conception avant-gardiste.<br \/>\n<\/h2>\n<p><!--more--><br \/>\n<img loading=\"lazy\" decoding=\"async\" class=\"aligncenter size-full wp-image-8061\" src=\"https:\/\/www.frecan.es\/blog\/wp-content\/uploads\/2023\/01\/Frecan-ventajas-placas-de-induccion.gif\" alt=\"LES AVANTAGES DES PLAQUES \u00c0 INDUCTION FRECAN\n\" width=\"1138\" height=\"700\" \/><\/p>\n<p>La cuisine \u00e0 induction est rapidement devenue l\u2019une des tendances plus populaires. La surface permet d\u2019une cuisson rapide et plus r\u00e9ceptive : chauffer et refroidir dans quelques secondes.<\/p>\n<h3>LES AVANTAGES DES PLAQUES \u00c0 INDUCTION FRECAN<\/h3>\n<p><strong>* Plus respectueux de l&rsquo;environnement.<\/strong><br \/>\nLe r\u00e9sultat le plus \u00e9vident de cette efficacit\u00e9 \u00e9nerg\u00e9tique accrue est la r\u00e9duction de la consommation d&rsquo;\u00e9nergie, ce qui signifie des factures d&rsquo;\u00e9nergie r\u00e9duites et plus d&rsquo;\u00e9co-responsabilit\u00e9.<\/p>\n<div class=\"columns medium-4\" style=\"padding: 0 10px 20px 0; font-size: 13px;\"><img decoding=\"async\" class=\"alignnone wp-image-8064 size-medium\" src=\"https:\/\/www.frecan.es\/blog\/wp-content\/uploads\/2023\/01\/H-Connect-det-bridge-257x300.jpg\" alt=\"Funci\u00f3n Bridge - plaques \u00e0 induction\" width=\"250\" srcset=\"https:\/\/www.frecan.es\/blog\/wp-content\/uploads\/2023\/01\/H-Connect-det-bridge-257x300.jpg 257w, https:\/\/www.frecan.es\/blog\/wp-content\/uploads\/2023\/01\/H-Connect-det-bridge-878x1024.jpg 878w, https:\/\/www.frecan.es\/blog\/wp-content\/uploads\/2023\/01\/H-Connect-det-bridge-768x896.jpg 768w, https:\/\/www.frecan.es\/blog\/wp-content\/uploads\/2023\/01\/H-Connect-det-bridge-800x933.jpg 800w, https:\/\/www.frecan.es\/blog\/wp-content\/uploads\/2023\/01\/H-Connect-det-bridge.jpg 1200w\" sizes=\"(max-width: 257px) 100vw, 257px\" \/><br \/>\n<strong>*Fonction Bridge: zone \u00e9tendue<\/strong><br \/>\nLa plaque de cuisson vous permet d&rsquo;associer deux zones de cuisson pour cr\u00e9er une seule zone o\u00f9 vous pouvez utiliser de grands r\u00e9cipients ou cuisiner plusieurs plats en m\u00eame temps, avec une flexibilit\u00e9 maximale quant au positionnement des r\u00e9cipients.\n<\/div>\n<div class=\"columns medium-4\" style=\"padding: 0 10px 20px 0; font-size: 13px;\"><img decoding=\"async\" class=\"alignnone wp-image-8067 size-full\" src=\"https:\/\/www.frecan.es\/blog\/wp-content\/uploads\/2023\/01\/H-Connect-O30-e1675238585440.jpg\" alt=\"plaques \u00e0 induction\" width=\"250\" srcset=\"https:\/\/www.frecan.es\/blog\/wp-content\/uploads\/2023\/01\/H-Connect-O30-e1675238585440.jpg 1196w, https:\/\/www.frecan.es\/blog\/wp-content\/uploads\/2023\/01\/H-Connect-O30-e1675238585440-243x300.jpg 243w, https:\/\/www.frecan.es\/blog\/wp-content\/uploads\/2023\/01\/H-Connect-O30-e1675238585440-830x1024.jpg 830w, https:\/\/www.frecan.es\/blog\/wp-content\/uploads\/2023\/01\/H-Connect-O30-e1675238585440-768x947.jpg 768w, https:\/\/www.frecan.es\/blog\/wp-content\/uploads\/2023\/01\/H-Connect-O30-e1675238585440-800x987.jpg 800w\" sizes=\"(max-width: 1196px) 100vw, 1196px\" \/><br \/>\n<strong>*Zone du pot \u2013 30 cm<\/strong><br \/>\nLes plaques de cuisson \u00e0 3 zones sont \u00e9quip\u00e9es d&rsquo;une grande zone \u00e0 double induction qui permet l&rsquo;utilisation d&rsquo;ustensiles de diam\u00e8tres compris entre 11 et 30 cm. Une tr\u00e8s grande surface pour les cuisines les plus exigeantes\n<\/div>\n<div class=\"columns medium-4\" style=\"padding: 0 10px 20px 0; font-size: 13px;\"><img decoding=\"async\" class=\"wp-image-8070 size-medium alignnone\" src=\"https:\/\/www.frecan.es\/blog\/wp-content\/uploads\/2023\/01\/H-Connect-300x300.jpg\" alt=\"H-connect - plaques \u00e0 induction\" width=\"250\" srcset=\"https:\/\/www.frecan.es\/blog\/wp-content\/uploads\/2023\/01\/H-Connect-300x300.jpg 300w, https:\/\/www.frecan.es\/blog\/wp-content\/uploads\/2023\/01\/H-Connect-1024x1024.jpg 1024w, https:\/\/www.frecan.es\/blog\/wp-content\/uploads\/2023\/01\/H-Connect-150x150.jpg 150w, https:\/\/www.frecan.es\/blog\/wp-content\/uploads\/2023\/01\/H-Connect-768x768.jpg 768w, https:\/\/www.frecan.es\/blog\/wp-content\/uploads\/2023\/01\/H-Connect-800x800.jpg 800w, https:\/\/www.frecan.es\/blog\/wp-content\/uploads\/2023\/01\/H-Connect-440x440.jpg 440w, https:\/\/www.frecan.es\/blog\/wp-content\/uploads\/2023\/01\/H-Connect-600x600.jpg 600w, https:\/\/www.frecan.es\/blog\/wp-content\/uploads\/2023\/01\/H-Connect-100x100.jpg 100w, https:\/\/www.frecan.es\/blog\/wp-content\/uploads\/2023\/01\/H-Connect.jpg 1200w\" sizes=\"(max-width: 300px) 100vw, 300px\" \/><br \/>\n<strong>*Connexion H<\/strong><br \/>\nLes plaques H-Connect permettent de contr\u00f4ler toutes les fonctions de la hotte compatible Frecan depuis une commande situ\u00e9e sur la plaque. De cette fa\u00e7on, vous pouvez travailler plus confortablement et en toute s\u00e9curit\u00e9 sans avoir \u00e0 utiliser la commande du capot.<\/div>\n<div style=\"clear: left; font-size: 13px;\"><strong>*Power boost<\/strong><br \/>\nNos plaques \u00e0 induction disposent de la fonction Booster [P] pour augmenter la puissance de la zone s\u00e9lectionn\u00e9e. Concr\u00e8tement, lorsque le Booster est activ\u00e9, la zone de cuisson fonctionne pendant dix minutes \u00e0 une puissance tr\u00e8s \u00e9lev\u00e9e qui permet de chauffer rapidement de grandes quantit\u00e9s d&rsquo;eau.<\/p>\n<table style=\"width: 50%;\">\n<tbody>\n<tr>\n<td><strong>Quantit\u00e9<\/strong><\/td>\n<td><strong>Sans Powerboost<\/strong><\/td>\n<td><strong>Avec Powerboost<\/strong><\/td>\n<\/tr>\n<tr>\n<td>1 litre<\/td>\n<td>2 min<\/td>\n<td>50 seg<\/td>\n<\/tr>\n<tr>\n<td>3 litres<\/td>\n<td>5 min<\/td>\n<td>3 min<\/td>\n<\/tr>\n<tr>\n<td>5 litres<\/td>\n<td>8 min<\/td>\n<td>5 min<\/td>\n<\/tr>\n<\/tbody>\n<\/table>\n<\/div>\n<p><strong>* Maintenance du chaud<br \/>\n<\/strong><br \/>\nPermet de maintenir la temp\u00e9rature (70\u00b0C) des aliments de mani\u00e8re d\u00e9licate, sans atteindre des temp\u00e9ratures d&rsquo;\u00e9bullition ni br\u00fbler le fond de ceux-ci.<\/p>\n<h3>TYPES D\u2019INSTALLATION<\/h3>\n<p>\u2013 Bord biseaut\u00e9 : Bord inclin\u00e9 (biseaut\u00e9) qui offre une esth\u00e9tique propre et \u00e9l\u00e9gante \u00e0 la fois au ras et sur le plan de travail et qui se combine parfaitement avec les \u00e9viers semi-encastr\u00e9s.<\/p>\n<p>\u2013 Bord vertical : encastr\u00e9 avec un bord droit qui ne d\u00e9passe que de 4 mm du plan de travail. Le profil vertical du verre permet une installation affleurante et sur le plan de travail et l&rsquo;union parfaite entre les diff\u00e9rents \u00e9l\u00e9ments<\/p>\n<p><strong>Ainsi, que vous soyez un chef s\u00e9rieux ou un cuisinier occasionnel, vous trouverez une nouvelle inspiration et une tranquillit\u00e9 d&rsquo;esprit lorsque vous passerez \u00e0 une table de cuisson \u00e0 induction !<br \/>\n<\/strong><\/p>\n","protected":false},"excerpt":{"rendered":"<p>Les plaques \u00e0 induction sont les meilleures pour une cuisine moderne et de qualit\u00e9, avec de la meilleure technologie et de conception avant-gardiste.<\/p>\n","protected":false},"author":2,"featured_media":8060,"comment_status":"open","ping_status":"open","sticky":false,"template":"","format":"standard","meta":{"footnotes":""},"categories":[73],"tags":[],"class_list":{"0":"post-8192","1":"post","2":"type-post","3":"status-publish","4":"format-standard","5":"has-post-thumbnail","7":"category-placas-de-induccion-fr"},"yoast_head":"<!-- This site is optimized with the Yoast SEO plugin v24.7 - https:\/\/yoast.com\/wordpress\/plugins\/seo\/ -->\n<title>Nous compl\u00e9tons l&#039;offre avec une gamme de tables de cuisson<\/title>\n<meta name=\"description\" content=\"La cuisine \u00e0 induction est rapidement devenue l\u2019une des tendances plus populaires. La surface permet d\u2019une cuisson rapide et plus r\u00e9ceptive\" \/>\n<meta name=\"robots\" content=\"index, follow, max-snippet:-1, max-image-preview:large, max-video-preview:-1\" \/>\n<link rel=\"canonical\" href=\"https:\/\/www.frecan.es\/blog\/fr\/plaques-a-induction\/\" \/>\n<meta property=\"og:locale\" content=\"fr_FR\" \/>\n<meta property=\"og:type\" content=\"article\" \/>\n<meta property=\"og:title\" content=\"Nous compl\u00e9tons l&#039;offre avec une gamme de tables de cuisson\" \/>\n<meta property=\"og:description\" content=\"La cuisine \u00e0 induction est rapidement devenue l\u2019une des tendances plus populaires. La surface permet d\u2019une cuisson rapide et plus r\u00e9ceptive\" \/>\n<meta property=\"og:url\" content=\"https:\/\/www.frecan.es\/blog\/fr\/plaques-a-induction\/\" \/>\n<meta property=\"og:site_name\" content=\"Blog de Frecan\" \/>\n<meta property=\"article:published_time\" content=\"2023-01-30T11:27:06+00:00\" \/>\n<meta property=\"article:modified_time\" content=\"2023-02-14T05:19:04+00:00\" \/>\n<meta property=\"og:image\" content=\"https:\/\/www.frecan.es\/blog\/wp-content\/uploads\/2023\/01\/Frecan-ventajas-placas-de-induccion.jpg\" \/>\n\t<meta property=\"og:image:width\" content=\"700\" \/>\n\t<meta property=\"og:image:height\" content=\"700\" \/>\n\t<meta property=\"og:image:type\" content=\"image\/jpeg\" \/>\n<meta name=\"author\" content=\"Frecan\" \/>\n<meta name=\"twitter:card\" content=\"summary_large_image\" \/>\n<meta name=\"twitter:label1\" content=\"\u00c9crit par\" \/>\n\t<meta name=\"twitter:data1\" content=\"Frecan\" \/>\n<script type=\"application\/ld+json\" class=\"yoast-schema-graph\">{\"@context\":\"https:\/\/schema.org\",\"@graph\":[{\"@type\":\"Article\",\"@id\":\"https:\/\/www.frecan.es\/blog\/fr\/plaques-a-induction\/#article\",\"isPartOf\":{\"@id\":\"https:\/\/www.frecan.es\/blog\/fr\/plaques-a-induction\/\"},\"author\":{\"name\":\"Frecan\",\"@id\":\"https:\/\/www.frecan.es\/blog\/fr\/#\/schema\/person\/eecbdddf4fc3d5ee61f34db3cfb262a4\"},\"headline\":\"Frecan compl\u00e8te son offre avec une s\u00e9lection de plaques \u00e0 induction\",\"datePublished\":\"2023-01-30T11:27:06+00:00\",\"dateModified\":\"2023-02-14T05:19:04+00:00\",\"mainEntityOfPage\":{\"@id\":\"https:\/\/www.frecan.es\/blog\/fr\/plaques-a-induction\/\"},\"wordCount\":444,\"commentCount\":0,\"publisher\":{\"@id\":\"https:\/\/www.frecan.es\/blog\/fr\/#organization\"},\"image\":{\"@id\":\"https:\/\/www.frecan.es\/blog\/fr\/plaques-a-induction\/#primaryimage\"},\"thumbnailUrl\":\"https:\/\/www.frecan.es\/blog\/wp-content\/uploads\/2023\/01\/Frecan-ventajas-placas-de-induccion.jpg\",\"articleSection\":[\"Placas de inducci\u00f3n\"],\"inLanguage\":\"fr-FR\",\"potentialAction\":[{\"@type\":\"CommentAction\",\"name\":\"Comment\",\"target\":[\"https:\/\/www.frecan.es\/blog\/fr\/plaques-a-induction\/#respond\"]}]},{\"@type\":\"WebPage\",\"@id\":\"https:\/\/www.frecan.es\/blog\/fr\/plaques-a-induction\/\",\"url\":\"https:\/\/www.frecan.es\/blog\/fr\/plaques-a-induction\/\",\"name\":\"Nous compl\u00e9tons l'offre avec une gamme de tables de cuisson\",\"isPartOf\":{\"@id\":\"https:\/\/www.frecan.es\/blog\/fr\/#website\"},\"primaryImageOfPage\":{\"@id\":\"https:\/\/www.frecan.es\/blog\/fr\/plaques-a-induction\/#primaryimage\"},\"image\":{\"@id\":\"https:\/\/www.frecan.es\/blog\/fr\/plaques-a-induction\/#primaryimage\"},\"thumbnailUrl\":\"https:\/\/www.frecan.es\/blog\/wp-content\/uploads\/2023\/01\/Frecan-ventajas-placas-de-induccion.jpg\",\"datePublished\":\"2023-01-30T11:27:06+00:00\",\"dateModified\":\"2023-02-14T05:19:04+00:00\",\"description\":\"La cuisine \u00e0 induction est rapidement devenue l\u2019une des tendances plus populaires. La surface permet d\u2019une cuisson rapide et plus r\u00e9ceptive\",\"breadcrumb\":{\"@id\":\"https:\/\/www.frecan.es\/blog\/fr\/plaques-a-induction\/#breadcrumb\"},\"inLanguage\":\"fr-FR\",\"potentialAction\":[{\"@type\":\"ReadAction\",\"target\":[\"https:\/\/www.frecan.es\/blog\/fr\/plaques-a-induction\/\"]}]},{\"@type\":\"ImageObject\",\"inLanguage\":\"fr-FR\",\"@id\":\"https:\/\/www.frecan.es\/blog\/fr\/plaques-a-induction\/#primaryimage\",\"url\":\"https:\/\/www.frecan.es\/blog\/wp-content\/uploads\/2023\/01\/Frecan-ventajas-placas-de-induccion.jpg\",\"contentUrl\":\"https:\/\/www.frecan.es\/blog\/wp-content\/uploads\/2023\/01\/Frecan-ventajas-placas-de-induccion.jpg\",\"width\":700,\"height\":700,\"caption\":\"Ventajas de las placas de inducci\u00f3n de Frecan\"},{\"@type\":\"BreadcrumbList\",\"@id\":\"https:\/\/www.frecan.es\/blog\/fr\/plaques-a-induction\/#breadcrumb\",\"itemListElement\":[{\"@type\":\"ListItem\",\"position\":1,\"name\":\"Page de Couverture\",\"item\":\"https:\/\/www.frecan.es\/blog\/fr\/\"},{\"@type\":\"ListItem\",\"position\":2,\"name\":\"Frecan compl\u00e8te son offre avec une s\u00e9lection de plaques \u00e0 induction\"}]},{\"@type\":\"WebSite\",\"@id\":\"https:\/\/www.frecan.es\/blog\/fr\/#website\",\"url\":\"https:\/\/www.frecan.es\/blog\/fr\/\",\"name\":\"Blog de Frecan\",\"description\":\"Artisanat, technologie et avant-garde au c\u0153ur de votre cuisine\",\"publisher\":{\"@id\":\"https:\/\/www.frecan.es\/blog\/fr\/#organization\"},\"potentialAction\":[{\"@type\":\"SearchAction\",\"target\":{\"@type\":\"EntryPoint\",\"urlTemplate\":\"https:\/\/www.frecan.es\/blog\/fr\/?s={search_term_string}\"},\"query-input\":{\"@type\":\"PropertyValueSpecification\",\"valueRequired\":true,\"valueName\":\"search_term_string\"}}],\"inLanguage\":\"fr-FR\"},{\"@type\":\"Organization\",\"@id\":\"https:\/\/www.frecan.es\/blog\/fr\/#organization\",\"name\":\"Frecan\",\"url\":\"https:\/\/www.frecan.es\/blog\/fr\/\",\"logo\":{\"@type\":\"ImageObject\",\"inLanguage\":\"fr-FR\",\"@id\":\"https:\/\/www.frecan.es\/blog\/fr\/#\/schema\/logo\/image\/\",\"url\":\"https:\/\/www.frecan.es\/blog\/wp-content\/uploads\/2016\/02\/logo-frecan.png\",\"contentUrl\":\"https:\/\/www.frecan.es\/blog\/wp-content\/uploads\/2016\/02\/logo-frecan.png\",\"width\":250,\"height\":27,\"caption\":\"Frecan\"},\"image\":{\"@id\":\"https:\/\/www.frecan.es\/blog\/fr\/#\/schema\/logo\/image\/\"}},{\"@type\":\"Person\",\"@id\":\"https:\/\/www.frecan.es\/blog\/fr\/#\/schema\/person\/eecbdddf4fc3d5ee61f34db3cfb262a4\",\"name\":\"Frecan\",\"image\":{\"@type\":\"ImageObject\",\"inLanguage\":\"fr-FR\",\"@id\":\"https:\/\/www.frecan.es\/blog\/fr\/#\/schema\/person\/image\/\",\"url\":\"https:\/\/secure.gravatar.com\/avatar\/5f22fe11c8d7e915c3e67301f8a5068f?s=96&d=mm&r=g\",\"contentUrl\":\"https:\/\/secure.gravatar.com\/avatar\/5f22fe11c8d7e915c3e67301f8a5068f?s=96&d=mm&r=g\",\"caption\":\"Frecan\"},\"sameAs\":[\"http:\/\/www.frecan.es\/\"]}]}<\/script>\n<!-- \/ Yoast SEO plugin. -->","yoast_head_json":{"title":"Nous compl\u00e9tons l'offre avec une gamme de tables de cuisson","description":"La cuisine \u00e0 induction est rapidement devenue l\u2019une des tendances plus populaires. La surface permet d\u2019une cuisson rapide et plus r\u00e9ceptive","robots":{"index":"index","follow":"follow","max-snippet":"max-snippet:-1","max-image-preview":"max-image-preview:large","max-video-preview":"max-video-preview:-1"},"canonical":"https:\/\/www.frecan.es\/blog\/fr\/plaques-a-induction\/","og_locale":"fr_FR","og_type":"article","og_title":"Nous compl\u00e9tons l'offre avec une gamme de tables de cuisson","og_description":"La cuisine \u00e0 induction est rapidement devenue l\u2019une des tendances plus populaires. La surface permet d\u2019une cuisson rapide et plus r\u00e9ceptive","og_url":"https:\/\/www.frecan.es\/blog\/fr\/plaques-a-induction\/","og_site_name":"Blog de Frecan","article_published_time":"2023-01-30T11:27:06+00:00","article_modified_time":"2023-02-14T05:19:04+00:00","og_image":[{"width":700,"height":700,"url":"https:\/\/www.frecan.es\/blog\/wp-content\/uploads\/2023\/01\/Frecan-ventajas-placas-de-induccion.jpg","type":"image\/jpeg"}],"author":"Frecan","twitter_card":"summary_large_image","twitter_misc":{"\u00c9crit par":"Frecan"},"schema":{"@context":"https:\/\/schema.org","@graph":[{"@type":"Article","@id":"https:\/\/www.frecan.es\/blog\/fr\/plaques-a-induction\/#article","isPartOf":{"@id":"https:\/\/www.frecan.es\/blog\/fr\/plaques-a-induction\/"},"author":{"name":"Frecan","@id":"https:\/\/www.frecan.es\/blog\/fr\/#\/schema\/person\/eecbdddf4fc3d5ee61f34db3cfb262a4"},"headline":"Frecan compl\u00e8te son offre avec une s\u00e9lection de plaques \u00e0 induction","datePublished":"2023-01-30T11:27:06+00:00","dateModified":"2023-02-14T05:19:04+00:00","mainEntityOfPage":{"@id":"https:\/\/www.frecan.es\/blog\/fr\/plaques-a-induction\/"},"wordCount":444,"commentCount":0,"publisher":{"@id":"https:\/\/www.frecan.es\/blog\/fr\/#organization"},"image":{"@id":"https:\/\/www.frecan.es\/blog\/fr\/plaques-a-induction\/#primaryimage"},"thumbnailUrl":"https:\/\/www.frecan.es\/blog\/wp-content\/uploads\/2023\/01\/Frecan-ventajas-placas-de-induccion.jpg","articleSection":["Placas de inducci\u00f3n"],"inLanguage":"fr-FR","potentialAction":[{"@type":"CommentAction","name":"Comment","target":["https:\/\/www.frecan.es\/blog\/fr\/plaques-a-induction\/#respond"]}]},{"@type":"WebPage","@id":"https:\/\/www.frecan.es\/blog\/fr\/plaques-a-induction\/","url":"https:\/\/www.frecan.es\/blog\/fr\/plaques-a-induction\/","name":"Nous compl\u00e9tons l'offre avec une gamme de tables de cuisson","isPartOf":{"@id":"https:\/\/www.frecan.es\/blog\/fr\/#website"},"primaryImageOfPage":{"@id":"https:\/\/www.frecan.es\/blog\/fr\/plaques-a-induction\/#primaryimage"},"image":{"@id":"https:\/\/www.frecan.es\/blog\/fr\/plaques-a-induction\/#primaryimage"},"thumbnailUrl":"https:\/\/www.frecan.es\/blog\/wp-content\/uploads\/2023\/01\/Frecan-ventajas-placas-de-induccion.jpg","datePublished":"2023-01-30T11:27:06+00:00","dateModified":"2023-02-14T05:19:04+00:00","description":"La cuisine \u00e0 induction est rapidement devenue l\u2019une des tendances plus populaires. La surface permet d\u2019une cuisson rapide et plus r\u00e9ceptive","breadcrumb":{"@id":"https:\/\/www.frecan.es\/blog\/fr\/plaques-a-induction\/#breadcrumb"},"inLanguage":"fr-FR","potentialAction":[{"@type":"ReadAction","target":["https:\/\/www.frecan.es\/blog\/fr\/plaques-a-induction\/"]}]},{"@type":"ImageObject","inLanguage":"fr-FR","@id":"https:\/\/www.frecan.es\/blog\/fr\/plaques-a-induction\/#primaryimage","url":"https:\/\/www.frecan.es\/blog\/wp-content\/uploads\/2023\/01\/Frecan-ventajas-placas-de-induccion.jpg","contentUrl":"https:\/\/www.frecan.es\/blog\/wp-content\/uploads\/2023\/01\/Frecan-ventajas-placas-de-induccion.jpg","width":700,"height":700,"caption":"Ventajas de las placas de inducci\u00f3n de Frecan"},{"@type":"BreadcrumbList","@id":"https:\/\/www.frecan.es\/blog\/fr\/plaques-a-induction\/#breadcrumb","itemListElement":[{"@type":"ListItem","position":1,"name":"Page de Couverture","item":"https:\/\/www.frecan.es\/blog\/fr\/"},{"@type":"ListItem","position":2,"name":"Frecan compl\u00e8te son offre avec une s\u00e9lection de plaques \u00e0 induction"}]},{"@type":"WebSite","@id":"https:\/\/www.frecan.es\/blog\/fr\/#website","url":"https:\/\/www.frecan.es\/blog\/fr\/","name":"Blog de Frecan","description":"Artisanat, technologie et avant-garde au c\u0153ur de votre cuisine","publisher":{"@id":"https:\/\/www.frecan.es\/blog\/fr\/#organization"},"potentialAction":[{"@type":"SearchAction","target":{"@type":"EntryPoint","urlTemplate":"https:\/\/www.frecan.es\/blog\/fr\/?s={search_term_string}"},"query-input":{"@type":"PropertyValueSpecification","valueRequired":true,"valueName":"search_term_string"}}],"inLanguage":"fr-FR"},{"@type":"Organization","@id":"https:\/\/www.frecan.es\/blog\/fr\/#organization","name":"Frecan","url":"https:\/\/www.frecan.es\/blog\/fr\/","logo":{"@type":"ImageObject","inLanguage":"fr-FR","@id":"https:\/\/www.frecan.es\/blog\/fr\/#\/schema\/logo\/image\/","url":"https:\/\/www.frecan.es\/blog\/wp-content\/uploads\/2016\/02\/logo-frecan.png","contentUrl":"https:\/\/www.frecan.es\/blog\/wp-content\/uploads\/2016\/02\/logo-frecan.png","width":250,"height":27,"caption":"Frecan"},"image":{"@id":"https:\/\/www.frecan.es\/blog\/fr\/#\/schema\/logo\/image\/"}},{"@type":"Person","@id":"https:\/\/www.frecan.es\/blog\/fr\/#\/schema\/person\/eecbdddf4fc3d5ee61f34db3cfb262a4","name":"Frecan","image":{"@type":"ImageObject","inLanguage":"fr-FR","@id":"https:\/\/www.frecan.es\/blog\/fr\/#\/schema\/person\/image\/","url":"https:\/\/secure.gravatar.com\/avatar\/5f22fe11c8d7e915c3e67301f8a5068f?s=96&d=mm&r=g","contentUrl":"https:\/\/secure.gravatar.com\/avatar\/5f22fe11c8d7e915c3e67301f8a5068f?s=96&d=mm&r=g","caption":"Frecan"},"sameAs":["http:\/\/www.frecan.es\/"]}]}},"_links":{"self":[{"href":"https:\/\/www.frecan.es\/blog\/fr\/wp-json\/wp\/v2\/posts\/8192","targetHints":{"allow":["GET"]}}],"collection":[{"href":"https:\/\/www.frecan.es\/blog\/fr\/wp-json\/wp\/v2\/posts"}],"about":[{"href":"https:\/\/www.frecan.es\/blog\/fr\/wp-json\/wp\/v2\/types\/post"}],"author":[{"embeddable":true,"href":"https:\/\/www.frecan.es\/blog\/fr\/wp-json\/wp\/v2\/users\/2"}],"replies":[{"embeddable":true,"href":"https:\/\/www.frecan.es\/blog\/fr\/wp-json\/wp\/v2\/comments?post=8192"}],"version-history":[{"count":2,"href":"https:\/\/www.frecan.es\/blog\/fr\/wp-json\/wp\/v2\/posts\/8192\/revisions"}],"predecessor-version":[{"id":8194,"href":"https:\/\/www.frecan.es\/blog\/fr\/wp-json\/wp\/v2\/posts\/8192\/revisions\/8194"}],"wp:featuredmedia":[{"embeddable":true,"href":"https:\/\/www.frecan.es\/blog\/fr\/wp-json\/wp\/v2\/media\/8060"}],"wp:attachment":[{"href":"https:\/\/www.frecan.es\/blog\/fr\/wp-json\/wp\/v2\/media?parent=8192"}],"wp:term":[{"taxonomy":"category","embeddable":true,"href":"https:\/\/www.frecan.es\/blog\/fr\/wp-json\/wp\/v2\/categories?post=8192"},{"taxonomy":"post_tag","embeddable":true,"href":"https:\/\/www.frecan.es\/blog\/fr\/wp-json\/wp\/v2\/tags?post=8192"}],"curies":[{"name":"wp","href":"https:\/\/api.w.org\/{rel}","templated":true}]}}