{"id":7633,"date":"2022-09-13T15:31:45","date_gmt":"2022-09-13T13:31:45","guid":{"rendered":"https:\/\/www.frecan.es\/blog\/instalar-tu-campana-de-techo\/"},"modified":"2022-09-28T10:29:53","modified_gmt":"2022-09-28T10:29:53","slug":"installer-votre-hotte-de-plafond","status":"publish","type":"post","link":"https:\/\/www.frecan.es\/blog\/fr\/installer-votre-hotte-de-plafond\/","title":{"rendered":"Est-ce que vous craignez d\u2019installer votre hotte plafond? Pas de probl\u00e8me!"},"content":{"rendered":"<h2 style=\"color: #949494; font-size: 24px; line-height: 26px; margin-top: -20px;\">Installer votre hotte de plafond n\u2019a jamais \u00e9t\u00e9 si facile et rapide qu\u2019avec les hottes Frecan.<br \/>\n<\/h2>\n<p><!--more--><\/p>\n<p>Si vous acc\u00e9dez \u00e0 <a href=\"https:\/\/www.youtube.com\/channel\/UCNoB35GtvdBzS74pGT8bhXg\" target=\"_blank\" rel=\"noopener\">notre canal YouTube, <\/a>  vous pourrez trouver comment installer votre hotte plafond.<\/p>\n<div class=\"flex-video widescreen\"><iframe loading=\"lazy\" title=\"Videos instalaci\u00f3n\" width=\"1280\" height=\"720\" src=\"https:\/\/www.youtube.com\/embed\/videoseries?list=PLG7g31-z9eBwAxi4WSRVI20QgCmjt5nBM&#038;showinfo=0&#038;rel=0&#038;modestbranding=1\" frameborder=\"0\" allow=\"accelerometer; autoplay; clipboard-write; encrypted-media; gyroscope; picture-in-picture\" allowfullscreen><\/iframe><\/div>\n<p>M\u00eame si vous \u00eates en concevant votre nouvelle maison ou tout simplement en rempla\u00e7ant votre vieille hotte, il est tr\u00e8s important d\u2019installer d\u2019une mani\u00e8re s\u00fbre. Sur le lien suivant, vous pourriez voir comment les hottes plafond sont install\u00e9es et, en plus, dans ce post, nous allons revoir les concepts de base pour le faire.<\/p>\n<h3>RAISONS POUR ACHETER UNE HOTTE PLAFOND<\/h3>\n<p>Les hottes de plafond gardent la cuisine propre \u00e0 tous points de vue. Elles sont id\u00e9ales pour les cuisines ouvertes, en offrant une vue d\u00e9gag\u00e9e gr\u00e2ce \u00e0 leur design discret et \u00e9l\u00e9gant. Par exemple, ils \u00e9conomisent de l&rsquo;espace dans la cuisine et \u00e9liminent les odeurs et la vapeur ind\u00e9sirables de toute la pi\u00e8ce.<\/p>\n<p>En plus, toutes nos hottes plafond peuvent se connecter \u00e0 un syst\u00e8me de conduits pour \u00e9vacuer l\u2019air vers l\u2019ext\u00e9rieur ou les utiliser avec un syst\u00e8me de recirculation.<\/p>\n<p><img loading=\"lazy\" decoding=\"async\" class=\"size-full wp-image-7570 alignnone\" style=\"margin-bottom: 0;\" src=\"https:\/\/www.frecan.es\/blog\/wp-content\/uploads\/2022\/08\/como-instalar-tu-campana-techo-frecan.jpg\" alt=\"Installez votre hotte\" width=\"1440\" height=\"960\" srcset=\"https:\/\/www.frecan.es\/blog\/wp-content\/uploads\/2022\/08\/como-instalar-tu-campana-techo-frecan.jpg 1440w, https:\/\/www.frecan.es\/blog\/wp-content\/uploads\/2022\/08\/como-instalar-tu-campana-techo-frecan-300x200.jpg 300w, https:\/\/www.frecan.es\/blog\/wp-content\/uploads\/2022\/08\/como-instalar-tu-campana-techo-frecan-1024x683.jpg 1024w, https:\/\/www.frecan.es\/blog\/wp-content\/uploads\/2022\/08\/como-instalar-tu-campana-techo-frecan-768x512.jpg 768w, https:\/\/www.frecan.es\/blog\/wp-content\/uploads\/2022\/08\/como-instalar-tu-campana-techo-frecan-800x533.jpg 800w, https:\/\/www.frecan.es\/blog\/wp-content\/uploads\/2022\/08\/como-instalar-tu-campana-techo-frecan-1280x853.jpg 1280w\" sizes=\"auto, (max-width: 1440px) 100vw, 1440px\" \/><strong style=\"font-size: 12px;\">[Foto: <a href=\"https:\/\/studiomia.es\/\" target=\"_blank\" rel=\"noopener\">Studio M &amp; A<\/a>]<\/strong><\/p>\n<h3>QU\u2019EST-CE QUE C\u2019EST UN SYST\u00c8ME DE RECIRCULATION?<\/h3>\n<p>Bri\u00e8vement, quand l\u2019air est \u00e9vacu\u00e9 de votre cuisine, il a besoin d\u2019un endroit o\u00f9 aller. Il peut \u00eatre expuls\u00e9 vers l\u2019ext\u00e9rieur (hotte en extraction) ou il peut \u00eatre purifi\u00e9 en moyen d\u2019un filtre et le recirculer \u00e0 nouveau vers la cuisine (hotte en recirculation).<\/p>\n<h3>QUELLE EST LA HAUTEUR ID\u00c9ALE POUR UNE HOTTE PLAFOND?<\/h3>\n<p>Les hottes plafond doivent \u00eatre install\u00e9es entre 140 et 160 cm (plaque de cuisson-hotte) et le faux plafond doit \u00eatre au moins de 16 cm. Mais, pour une correct installation, il est recommandable de prendre les mesures de la cuisine et de la plaque de cuisson gaz ou vitroc\u00e9ramique. Celui-ci doit avoir une capacit\u00e9 d&rsquo;extraction adapt\u00e9e \u00e0 la taille de la pi\u00e8ce dans laquelle il est install\u00e9 et avoir une largeur \u00e9gale ou sup\u00e9rieure \u00e0 celle de la table de cuisson.<\/p>\n<h4>D\u00e9couvrez plus sur nos hottes plafond.<\/h4>\n<p>Et c&rsquo;est que leurs lignes \u00e9pur\u00e9es en font un favori parmi les propri\u00e9taires!<\/p>\n<blockquote class=\"wp-embedded-content\" data-secret=\"MwXJypxcsm\"><p><a href=\"https:\/\/www.frecan.es\/blog\/fr\/hotte-plafonniere-sense\/\">La hotte de cuisine Sense 360\u00ba, une hotte aspirante plafonni\u00e8re performante et silencieuse, avec \u00e9clairage d\u2019ambiance et r\u00e9glable<\/a><\/p><\/blockquote>\n<p><iframe loading=\"lazy\" class=\"wp-embedded-content\" sandbox=\"allow-scripts\" security=\"restricted\" style=\"position: absolute; clip: rect(1px, 1px, 1px, 1px);\" title=\"\u00ab\u00a0La hotte de cuisine Sense 360\u00ba, une hotte aspirante plafonni\u00e8re performante et silencieuse, avec \u00e9clairage d\u2019ambiance et r\u00e9glable\u00a0\u00bb &#8212; Blog de Frecan\" src=\"https:\/\/www.frecan.es\/blog\/fr\/hotte-plafonniere-sense\/embed\/#?secret=RFhbIG8YXg#?secret=MwXJypxcsm\" data-secret=\"MwXJypxcsm\" width=\"600\" height=\"338\" frameborder=\"0\" marginwidth=\"0\" marginheight=\"0\" scrolling=\"no\"><\/iframe><\/p>\n<blockquote class=\"wp-embedded-content\" data-secret=\"MdSt20rYwI\"><p><a href=\"https:\/\/www.frecan.es\/blog\/fr\/nouvelle-hotte-plafond-lia\/\">D\u00e9couvrez la NOUVELLE hotte plafond : Lia!  Une de nos nouveaut\u00e9s dans notre collection.<\/a><\/p><\/blockquote>\n<p><iframe loading=\"lazy\" class=\"wp-embedded-content\" sandbox=\"allow-scripts\" security=\"restricted\" style=\"position: absolute; clip: rect(1px, 1px, 1px, 1px);\" title=\"\u00ab\u00a0D\u00e9couvrez la NOUVELLE hotte plafond : Lia!  Une de nos nouveaut\u00e9s dans notre collection.\u00a0\u00bb &#8212; Blog de Frecan\" src=\"https:\/\/www.frecan.es\/blog\/fr\/nouvelle-hotte-plafond-lia\/embed\/#?secret=71SNIV33oL#?secret=MdSt20rYwI\" data-secret=\"MdSt20rYwI\" width=\"600\" height=\"338\" frameborder=\"0\" marginwidth=\"0\" marginheight=\"0\" scrolling=\"no\"><\/iframe><\/p>\n","protected":false},"excerpt":{"rendered":"<p>Installer votre hotte de plafond n\u2019a jamais \u00e9t\u00e9 si facile et rapide qu\u2019avec les hottes Frecan.<\/p>\n","protected":false},"author":2,"featured_media":7573,"comment_status":"open","ping_status":"open","sticky":false,"template":"","format":"standard","meta":{"footnotes":""},"categories":[64],"tags":[],"class_list":{"0":"post-7633","1":"post","2":"type-post","3":"status-publish","4":"format-standard","5":"has-post-thumbnail","7":"category-hottes"},"yoast_head":"<!-- This site is optimized with the Yoast SEO plugin v24.7 - https:\/\/yoast.com\/wordpress\/plugins\/seo\/ -->\n<title>Installer votre hotte de plafond en suivant nos \u00e9tapes<\/title>\n<meta name=\"description\" content=\"N&#039;ayez pas peur! L&#039;installer de votre hotte de plafond n&#039;a jamais \u00e9t\u00e9 aussi simple et rapide qu&#039;avec les hottes Frecan.\" \/>\n<meta name=\"robots\" content=\"index, follow, max-snippet:-1, max-image-preview:large, max-video-preview:-1\" \/>\n<link rel=\"canonical\" href=\"https:\/\/www.frecan.es\/blog\/fr\/installer-votre-hotte-de-plafond\/\" \/>\n<meta property=\"og:locale\" content=\"fr_FR\" \/>\n<meta property=\"og:type\" content=\"article\" \/>\n<meta property=\"og:title\" content=\"Installer votre hotte de plafond en suivant nos \u00e9tapes\" \/>\n<meta property=\"og:description\" content=\"N&#039;ayez pas peur! L&#039;installer de votre hotte de plafond n&#039;a jamais \u00e9t\u00e9 aussi simple et rapide qu&#039;avec les hottes Frecan.\" \/>\n<meta property=\"og:url\" content=\"https:\/\/www.frecan.es\/blog\/fr\/installer-votre-hotte-de-plafond\/\" \/>\n<meta property=\"og:site_name\" content=\"Blog de Frecan\" \/>\n<meta property=\"article:published_time\" content=\"2022-09-13T13:31:45+00:00\" \/>\n<meta property=\"article:modified_time\" content=\"2022-09-28T10:29:53+00:00\" \/>\n<meta property=\"og:image\" content=\"https:\/\/www.frecan.es\/blog\/wp-content\/uploads\/2022\/08\/como-instalar-tu-campana-techo-frecan-2.jpg\" \/>\n\t<meta property=\"og:image:width\" content=\"960\" \/>\n\t<meta property=\"og:image:height\" content=\"960\" \/>\n\t<meta property=\"og:image:type\" content=\"image\/jpeg\" \/>\n<meta name=\"author\" content=\"Frecan\" \/>\n<meta name=\"twitter:card\" content=\"summary_large_image\" \/>\n<meta name=\"twitter:label1\" content=\"\u00c9crit par\" \/>\n\t<meta name=\"twitter:data1\" content=\"Frecan\" \/>\n\t<meta name=\"twitter:label2\" content=\"Dur\u00e9e de lecture estim\u00e9e\" \/>\n\t<meta name=\"twitter:data2\" content=\"2 minutes\" \/>\n<script type=\"application\/ld+json\" class=\"yoast-schema-graph\">{\"@context\":\"https:\/\/schema.org\",\"@graph\":[{\"@type\":\"Article\",\"@id\":\"https:\/\/www.frecan.es\/blog\/fr\/installer-votre-hotte-de-plafond\/#article\",\"isPartOf\":{\"@id\":\"https:\/\/www.frecan.es\/blog\/fr\/installer-votre-hotte-de-plafond\/\"},\"author\":{\"name\":\"Frecan\",\"@id\":\"https:\/\/www.frecan.es\/blog\/fr\/#\/schema\/person\/eecbdddf4fc3d5ee61f34db3cfb262a4\"},\"headline\":\"Est-ce que vous craignez d\u2019installer votre hotte plafond? Pas de probl\u00e8me!\",\"datePublished\":\"2022-09-13T13:31:45+00:00\",\"dateModified\":\"2022-09-28T10:29:53+00:00\",\"mainEntityOfPage\":{\"@id\":\"https:\/\/www.frecan.es\/blog\/fr\/installer-votre-hotte-de-plafond\/\"},\"wordCount\":407,\"commentCount\":0,\"publisher\":{\"@id\":\"https:\/\/www.frecan.es\/blog\/fr\/#organization\"},\"image\":{\"@id\":\"https:\/\/www.frecan.es\/blog\/fr\/installer-votre-hotte-de-plafond\/#primaryimage\"},\"thumbnailUrl\":\"https:\/\/www.frecan.es\/blog\/wp-content\/uploads\/2022\/08\/como-instalar-tu-campana-techo-frecan-2.jpg\",\"articleSection\":[\"Syst\u00e8mes d'extraction \/ hottes\"],\"inLanguage\":\"fr-FR\",\"potentialAction\":[{\"@type\":\"CommentAction\",\"name\":\"Comment\",\"target\":[\"https:\/\/www.frecan.es\/blog\/fr\/installer-votre-hotte-de-plafond\/#respond\"]}]},{\"@type\":\"WebPage\",\"@id\":\"https:\/\/www.frecan.es\/blog\/fr\/installer-votre-hotte-de-plafond\/\",\"url\":\"https:\/\/www.frecan.es\/blog\/fr\/installer-votre-hotte-de-plafond\/\",\"name\":\"Installer votre hotte de plafond en suivant nos \u00e9tapes\",\"isPartOf\":{\"@id\":\"https:\/\/www.frecan.es\/blog\/fr\/#website\"},\"primaryImageOfPage\":{\"@id\":\"https:\/\/www.frecan.es\/blog\/fr\/installer-votre-hotte-de-plafond\/#primaryimage\"},\"image\":{\"@id\":\"https:\/\/www.frecan.es\/blog\/fr\/installer-votre-hotte-de-plafond\/#primaryimage\"},\"thumbnailUrl\":\"https:\/\/www.frecan.es\/blog\/wp-content\/uploads\/2022\/08\/como-instalar-tu-campana-techo-frecan-2.jpg\",\"datePublished\":\"2022-09-13T13:31:45+00:00\",\"dateModified\":\"2022-09-28T10:29:53+00:00\",\"description\":\"N'ayez pas peur! L'installer de votre hotte de plafond n'a jamais \u00e9t\u00e9 aussi simple et rapide qu'avec les hottes Frecan.\",\"breadcrumb\":{\"@id\":\"https:\/\/www.frecan.es\/blog\/fr\/installer-votre-hotte-de-plafond\/#breadcrumb\"},\"inLanguage\":\"fr-FR\",\"potentialAction\":[{\"@type\":\"ReadAction\",\"target\":[\"https:\/\/www.frecan.es\/blog\/fr\/installer-votre-hotte-de-plafond\/\"]}]},{\"@type\":\"ImageObject\",\"inLanguage\":\"fr-FR\",\"@id\":\"https:\/\/www.frecan.es\/blog\/fr\/installer-votre-hotte-de-plafond\/#primaryimage\",\"url\":\"https:\/\/www.frecan.es\/blog\/wp-content\/uploads\/2022\/08\/como-instalar-tu-campana-techo-frecan-2.jpg\",\"contentUrl\":\"https:\/\/www.frecan.es\/blog\/wp-content\/uploads\/2022\/08\/como-instalar-tu-campana-techo-frecan-2.jpg\",\"width\":960,\"height\":960,\"caption\":\"C\u00f3mo instalar tu campana de Techo de Frecan\"},{\"@type\":\"BreadcrumbList\",\"@id\":\"https:\/\/www.frecan.es\/blog\/fr\/installer-votre-hotte-de-plafond\/#breadcrumb\",\"itemListElement\":[{\"@type\":\"ListItem\",\"position\":1,\"name\":\"Page de Couverture\",\"item\":\"https:\/\/www.frecan.es\/blog\/fr\/\"},{\"@type\":\"ListItem\",\"position\":2,\"name\":\"Est-ce que vous craignez d\u2019installer votre hotte plafond? Pas de probl\u00e8me!\"}]},{\"@type\":\"WebSite\",\"@id\":\"https:\/\/www.frecan.es\/blog\/fr\/#website\",\"url\":\"https:\/\/www.frecan.es\/blog\/fr\/\",\"name\":\"Blog de Frecan\",\"description\":\"Artisanat, technologie et avant-garde au c\u0153ur de votre cuisine\",\"publisher\":{\"@id\":\"https:\/\/www.frecan.es\/blog\/fr\/#organization\"},\"potentialAction\":[{\"@type\":\"SearchAction\",\"target\":{\"@type\":\"EntryPoint\",\"urlTemplate\":\"https:\/\/www.frecan.es\/blog\/fr\/?s={search_term_string}\"},\"query-input\":{\"@type\":\"PropertyValueSpecification\",\"valueRequired\":true,\"valueName\":\"search_term_string\"}}],\"inLanguage\":\"fr-FR\"},{\"@type\":\"Organization\",\"@id\":\"https:\/\/www.frecan.es\/blog\/fr\/#organization\",\"name\":\"Frecan\",\"url\":\"https:\/\/www.frecan.es\/blog\/fr\/\",\"logo\":{\"@type\":\"ImageObject\",\"inLanguage\":\"fr-FR\",\"@id\":\"https:\/\/www.frecan.es\/blog\/fr\/#\/schema\/logo\/image\/\",\"url\":\"https:\/\/www.frecan.es\/blog\/wp-content\/uploads\/2016\/02\/logo-frecan.png\",\"contentUrl\":\"https:\/\/www.frecan.es\/blog\/wp-content\/uploads\/2016\/02\/logo-frecan.png\",\"width\":250,\"height\":27,\"caption\":\"Frecan\"},\"image\":{\"@id\":\"https:\/\/www.frecan.es\/blog\/fr\/#\/schema\/logo\/image\/\"}},{\"@type\":\"Person\",\"@id\":\"https:\/\/www.frecan.es\/blog\/fr\/#\/schema\/person\/eecbdddf4fc3d5ee61f34db3cfb262a4\",\"name\":\"Frecan\",\"image\":{\"@type\":\"ImageObject\",\"inLanguage\":\"fr-FR\",\"@id\":\"https:\/\/www.frecan.es\/blog\/fr\/#\/schema\/person\/image\/\",\"url\":\"https:\/\/secure.gravatar.com\/avatar\/5f22fe11c8d7e915c3e67301f8a5068f?s=96&d=mm&r=g\",\"contentUrl\":\"https:\/\/secure.gravatar.com\/avatar\/5f22fe11c8d7e915c3e67301f8a5068f?s=96&d=mm&r=g\",\"caption\":\"Frecan\"},\"sameAs\":[\"http:\/\/www.frecan.es\/\"]}]}<\/script>\n<!-- \/ Yoast SEO plugin. -->","yoast_head_json":{"title":"Installer votre hotte de plafond en suivant nos \u00e9tapes","description":"N'ayez pas peur! L'installer de votre hotte de plafond n'a jamais \u00e9t\u00e9 aussi simple et rapide qu'avec les hottes Frecan.","robots":{"index":"index","follow":"follow","max-snippet":"max-snippet:-1","max-image-preview":"max-image-preview:large","max-video-preview":"max-video-preview:-1"},"canonical":"https:\/\/www.frecan.es\/blog\/fr\/installer-votre-hotte-de-plafond\/","og_locale":"fr_FR","og_type":"article","og_title":"Installer votre hotte de plafond en suivant nos \u00e9tapes","og_description":"N'ayez pas peur! L'installer de votre hotte de plafond n'a jamais \u00e9t\u00e9 aussi simple et rapide qu'avec les hottes Frecan.","og_url":"https:\/\/www.frecan.es\/blog\/fr\/installer-votre-hotte-de-plafond\/","og_site_name":"Blog de Frecan","article_published_time":"2022-09-13T13:31:45+00:00","article_modified_time":"2022-09-28T10:29:53+00:00","og_image":[{"width":960,"height":960,"url":"https:\/\/www.frecan.es\/blog\/wp-content\/uploads\/2022\/08\/como-instalar-tu-campana-techo-frecan-2.jpg","type":"image\/jpeg"}],"author":"Frecan","twitter_card":"summary_large_image","twitter_misc":{"\u00c9crit par":"Frecan","Dur\u00e9e de lecture estim\u00e9e":"2 minutes"},"schema":{"@context":"https:\/\/schema.org","@graph":[{"@type":"Article","@id":"https:\/\/www.frecan.es\/blog\/fr\/installer-votre-hotte-de-plafond\/#article","isPartOf":{"@id":"https:\/\/www.frecan.es\/blog\/fr\/installer-votre-hotte-de-plafond\/"},"author":{"name":"Frecan","@id":"https:\/\/www.frecan.es\/blog\/fr\/#\/schema\/person\/eecbdddf4fc3d5ee61f34db3cfb262a4"},"headline":"Est-ce que vous craignez d\u2019installer votre hotte plafond? Pas de probl\u00e8me!","datePublished":"2022-09-13T13:31:45+00:00","dateModified":"2022-09-28T10:29:53+00:00","mainEntityOfPage":{"@id":"https:\/\/www.frecan.es\/blog\/fr\/installer-votre-hotte-de-plafond\/"},"wordCount":407,"commentCount":0,"publisher":{"@id":"https:\/\/www.frecan.es\/blog\/fr\/#organization"},"image":{"@id":"https:\/\/www.frecan.es\/blog\/fr\/installer-votre-hotte-de-plafond\/#primaryimage"},"thumbnailUrl":"https:\/\/www.frecan.es\/blog\/wp-content\/uploads\/2022\/08\/como-instalar-tu-campana-techo-frecan-2.jpg","articleSection":["Syst\u00e8mes d'extraction \/ hottes"],"inLanguage":"fr-FR","potentialAction":[{"@type":"CommentAction","name":"Comment","target":["https:\/\/www.frecan.es\/blog\/fr\/installer-votre-hotte-de-plafond\/#respond"]}]},{"@type":"WebPage","@id":"https:\/\/www.frecan.es\/blog\/fr\/installer-votre-hotte-de-plafond\/","url":"https:\/\/www.frecan.es\/blog\/fr\/installer-votre-hotte-de-plafond\/","name":"Installer votre hotte de plafond en suivant nos \u00e9tapes","isPartOf":{"@id":"https:\/\/www.frecan.es\/blog\/fr\/#website"},"primaryImageOfPage":{"@id":"https:\/\/www.frecan.es\/blog\/fr\/installer-votre-hotte-de-plafond\/#primaryimage"},"image":{"@id":"https:\/\/www.frecan.es\/blog\/fr\/installer-votre-hotte-de-plafond\/#primaryimage"},"thumbnailUrl":"https:\/\/www.frecan.es\/blog\/wp-content\/uploads\/2022\/08\/como-instalar-tu-campana-techo-frecan-2.jpg","datePublished":"2022-09-13T13:31:45+00:00","dateModified":"2022-09-28T10:29:53+00:00","description":"N'ayez pas peur! L'installer de votre hotte de plafond n'a jamais \u00e9t\u00e9 aussi simple et rapide qu'avec les hottes Frecan.","breadcrumb":{"@id":"https:\/\/www.frecan.es\/blog\/fr\/installer-votre-hotte-de-plafond\/#breadcrumb"},"inLanguage":"fr-FR","potentialAction":[{"@type":"ReadAction","target":["https:\/\/www.frecan.es\/blog\/fr\/installer-votre-hotte-de-plafond\/"]}]},{"@type":"ImageObject","inLanguage":"fr-FR","@id":"https:\/\/www.frecan.es\/blog\/fr\/installer-votre-hotte-de-plafond\/#primaryimage","url":"https:\/\/www.frecan.es\/blog\/wp-content\/uploads\/2022\/08\/como-instalar-tu-campana-techo-frecan-2.jpg","contentUrl":"https:\/\/www.frecan.es\/blog\/wp-content\/uploads\/2022\/08\/como-instalar-tu-campana-techo-frecan-2.jpg","width":960,"height":960,"caption":"C\u00f3mo instalar tu campana de Techo de Frecan"},{"@type":"BreadcrumbList","@id":"https:\/\/www.frecan.es\/blog\/fr\/installer-votre-hotte-de-plafond\/#breadcrumb","itemListElement":[{"@type":"ListItem","position":1,"name":"Page de Couverture","item":"https:\/\/www.frecan.es\/blog\/fr\/"},{"@type":"ListItem","position":2,"name":"Est-ce que vous craignez d\u2019installer votre hotte plafond? Pas de probl\u00e8me!"}]},{"@type":"WebSite","@id":"https:\/\/www.frecan.es\/blog\/fr\/#website","url":"https:\/\/www.frecan.es\/blog\/fr\/","name":"Blog de Frecan","description":"Artisanat, technologie et avant-garde au c\u0153ur de votre cuisine","publisher":{"@id":"https:\/\/www.frecan.es\/blog\/fr\/#organization"},"potentialAction":[{"@type":"SearchAction","target":{"@type":"EntryPoint","urlTemplate":"https:\/\/www.frecan.es\/blog\/fr\/?s={search_term_string}"},"query-input":{"@type":"PropertyValueSpecification","valueRequired":true,"valueName":"search_term_string"}}],"inLanguage":"fr-FR"},{"@type":"Organization","@id":"https:\/\/www.frecan.es\/blog\/fr\/#organization","name":"Frecan","url":"https:\/\/www.frecan.es\/blog\/fr\/","logo":{"@type":"ImageObject","inLanguage":"fr-FR","@id":"https:\/\/www.frecan.es\/blog\/fr\/#\/schema\/logo\/image\/","url":"https:\/\/www.frecan.es\/blog\/wp-content\/uploads\/2016\/02\/logo-frecan.png","contentUrl":"https:\/\/www.frecan.es\/blog\/wp-content\/uploads\/2016\/02\/logo-frecan.png","width":250,"height":27,"caption":"Frecan"},"image":{"@id":"https:\/\/www.frecan.es\/blog\/fr\/#\/schema\/logo\/image\/"}},{"@type":"Person","@id":"https:\/\/www.frecan.es\/blog\/fr\/#\/schema\/person\/eecbdddf4fc3d5ee61f34db3cfb262a4","name":"Frecan","image":{"@type":"ImageObject","inLanguage":"fr-FR","@id":"https:\/\/www.frecan.es\/blog\/fr\/#\/schema\/person\/image\/","url":"https:\/\/secure.gravatar.com\/avatar\/5f22fe11c8d7e915c3e67301f8a5068f?s=96&d=mm&r=g","contentUrl":"https:\/\/secure.gravatar.com\/avatar\/5f22fe11c8d7e915c3e67301f8a5068f?s=96&d=mm&r=g","caption":"Frecan"},"sameAs":["http:\/\/www.frecan.es\/"]}]}},"_links":{"self":[{"href":"https:\/\/www.frecan.es\/blog\/fr\/wp-json\/wp\/v2\/posts\/7633","targetHints":{"allow":["GET"]}}],"collection":[{"href":"https:\/\/www.frecan.es\/blog\/fr\/wp-json\/wp\/v2\/posts"}],"about":[{"href":"https:\/\/www.frecan.es\/blog\/fr\/wp-json\/wp\/v2\/types\/post"}],"author":[{"embeddable":true,"href":"https:\/\/www.frecan.es\/blog\/fr\/wp-json\/wp\/v2\/users\/2"}],"replies":[{"embeddable":true,"href":"https:\/\/www.frecan.es\/blog\/fr\/wp-json\/wp\/v2\/comments?post=7633"}],"version-history":[{"count":2,"href":"https:\/\/www.frecan.es\/blog\/fr\/wp-json\/wp\/v2\/posts\/7633\/revisions"}],"predecessor-version":[{"id":7635,"href":"https:\/\/www.frecan.es\/blog\/fr\/wp-json\/wp\/v2\/posts\/7633\/revisions\/7635"}],"wp:featuredmedia":[{"embeddable":true,"href":"https:\/\/www.frecan.es\/blog\/fr\/wp-json\/wp\/v2\/media\/7573"}],"wp:attachment":[{"href":"https:\/\/www.frecan.es\/blog\/fr\/wp-json\/wp\/v2\/media?parent=7633"}],"wp:term":[{"taxonomy":"category","embeddable":true,"href":"https:\/\/www.frecan.es\/blog\/fr\/wp-json\/wp\/v2\/categories?post=7633"},{"taxonomy":"post_tag","embeddable":true,"href":"https:\/\/www.frecan.es\/blog\/fr\/wp-json\/wp\/v2\/tags?post=7633"}],"curies":[{"name":"wp","href":"https:\/\/api.w.org\/{rel}","templated":true}]}}