{"id":7625,"date":"2022-09-06T16:09:21","date_gmt":"2022-09-06T14:09:21","guid":{"rendered":"https:\/\/www.frecan.es\/blog\/campana-integracion-negra-note\/"},"modified":"2022-09-09T14:10:16","modified_gmt":"2022-09-09T14:10:16","slug":"hotte-encastree-noir-note","status":"publish","type":"post","link":"https:\/\/www.frecan.es\/blog\/fr\/hotte-encastree-noir-note\/","title":{"rendered":"La hotte Note est compl\u00e8tement encastr\u00e9e sous le placard, cach\u00e9e de la vue!"},"content":{"rendered":"<h2 style=\"color: #949494; font-size: 24px; line-height: 26px; margin-top: -20px;\">\u00c9videmment, le compl\u00e9ment id\u00e9al pour une cuisine sombre est une hotte encastr\u00e9e noir comme la hotte mod\u00e8le Note.<\/h2>\n<p><!--more--><\/p>\n<p><img loading=\"lazy\" decoding=\"async\" class=\"aligncenter size-full wp-image-7585\" src=\"https:\/\/www.frecan.es\/blog\/wp-content\/uploads\/2022\/08\/Note-black-2022-ambiente-mueble-antracita.jpg\" alt=\"La hotte encastre\u00e9 de cuisine Note Black de Frecan\" width=\"1600\" height=\"1147\" srcset=\"https:\/\/www.frecan.es\/blog\/wp-content\/uploads\/2022\/08\/Note-black-2022-ambiente-mueble-antracita.jpg 1600w, https:\/\/www.frecan.es\/blog\/wp-content\/uploads\/2022\/08\/Note-black-2022-ambiente-mueble-antracita-300x215.jpg 300w, https:\/\/www.frecan.es\/blog\/wp-content\/uploads\/2022\/08\/Note-black-2022-ambiente-mueble-antracita-1024x734.jpg 1024w, https:\/\/www.frecan.es\/blog\/wp-content\/uploads\/2022\/08\/Note-black-2022-ambiente-mueble-antracita-768x551.jpg 768w, https:\/\/www.frecan.es\/blog\/wp-content\/uploads\/2022\/08\/Note-black-2022-ambiente-mueble-antracita-1536x1101.jpg 1536w, https:\/\/www.frecan.es\/blog\/wp-content\/uploads\/2022\/08\/Note-black-2022-ambiente-mueble-antracita-800x574.jpg 800w, https:\/\/www.frecan.es\/blog\/wp-content\/uploads\/2022\/08\/Note-black-2022-ambiente-mueble-antracita-1280x918.jpg 1280w\" sizes=\"auto, (max-width: 1600px) 100vw, 1600px\" \/><\/p>\n<p>Vous n\u2019avez jamais \u00e0 vous inqui\u00e9ter pour que votre hotte en couleur noir se d\u00e9mode. Le noir est un couleur intemporel facile \u00e0 incorporer dans n\u2019importe quel design d\u2019int\u00e9rieur, ce qui la fait le choix id\u00e9al.<\/p>\n<p>La hotte de cuisine Note Black de Frecan, est un mod\u00e8le fabriqu\u00e9 en acier inoxydable AISI 304 peinte en noir ; con\u00e7ue pour s\u2019installer \u00e0 l\u2019int\u00e9rieur d\u2019un meuble haute de cuisine, en r\u00e9alisant ainsi son int\u00e9gration totale. Cette hotte est le choix id\u00e9al pour ce qui veut une cuisine avec un design net et minimal, ou pour ceux qui disposent de peu de place et veulent le profiter au maximum.<\/p>\n<p><img loading=\"lazy\" decoding=\"async\" class=\"aligncenter size-full wp-image-7588\" src=\"https:\/\/www.frecan.es\/blog\/wp-content\/uploads\/2022\/08\/campana-integracion-Note-negra-1.jpg\" alt=\"hotte encastr\u00e9e en couleur noir de Frecan\" width=\"1771\" height=\"1181\" srcset=\"https:\/\/www.frecan.es\/blog\/wp-content\/uploads\/2022\/08\/campana-integracion-Note-negra-1.jpg 1771w, https:\/\/www.frecan.es\/blog\/wp-content\/uploads\/2022\/08\/campana-integracion-Note-negra-1-300x200.jpg 300w, https:\/\/www.frecan.es\/blog\/wp-content\/uploads\/2022\/08\/campana-integracion-Note-negra-1-1024x683.jpg 1024w, https:\/\/www.frecan.es\/blog\/wp-content\/uploads\/2022\/08\/campana-integracion-Note-negra-1-768x512.jpg 768w, https:\/\/www.frecan.es\/blog\/wp-content\/uploads\/2022\/08\/campana-integracion-Note-negra-1-1536x1024.jpg 1536w, https:\/\/www.frecan.es\/blog\/wp-content\/uploads\/2022\/08\/campana-integracion-Note-negra-1-800x533.jpg 800w, https:\/\/www.frecan.es\/blog\/wp-content\/uploads\/2022\/08\/campana-integracion-Note-negra-1-1280x854.jpg 1280w\" sizes=\"auto, (max-width: 1771px) 100vw, 1771px\" \/><\/p>\n<h3>\u00c9CONOMISE DE LA PLACE<\/h3>\n<p>En plus, la hotte encastr\u00e9e Note, laisse beaucoup de la place pour des plats et d\u2019autres ustensiles de cuisine.<\/p>\n<h3>ASPIRATION DOUBLE<\/h3>\n<p>Gr\u00e2ce \u00e0 sa visi\u00e8re pliable, cette hotte de cuisine a deux types d\u2019aspiration : soit aspiration p\u00e9rim\u00e9trale (visi\u00e8re ferm\u00e9e) ou en mode traditionnelle (visi\u00e8re ouverte) ; en donnant cette derni\u00e8re option une majeure zone d\u2019extraction quand les zones de cuisson de la part frontale sont utilis\u00e9es.<\/p>\n<p><a href=\"https:\/\/www.frecan.es\/blog\/fr\/toute-votre-cuisine-au-noir\/\" target=\"_blank\" rel=\"noopener\">Frecan offre une s\u00e9lection d\u2019hottes de cuisine en couleur noir, d\u00e8s les plus modernes jusqu\u2019\u00e0 les plus traditionnelles.<\/a><\/p>\n<h3>H-CONNECT<\/h3>\n<p>En plus, si vous achetez notre plaque de cuisson H-connect, vous pourriez contr\u00f4ler votre hotte depuis la plaque gr\u00e2ce \u00e0 sa connectivit\u00e9 sans fil.<\/p>\n<p>Les plaques de cuisson H-connect permettent de contr\u00f4ler toutes les fonctions de la hotte Frecan depuis une commande situ\u00e9e dans la plaque. De cette mani\u00e8re, vous pouvez l\u2019utiliser d\u2019une forme plus confortable et en toute s\u00e9curit\u00e9, sans besoin d\u2019utiliser la commande de la hotte.<\/p>\n<p><strong>Les hottes encastrables en noir sont versatiles en termes du style et fonction.<\/strong><\/p>\n<h4>D\u00e9couvrez plus sur les hottes encastrables.<\/h4>\n<blockquote class=\"wp-embedded-content\" data-secret=\"e6vOSFrYHz\"><p><a href=\"https:\/\/www.frecan.es\/blog\/fr\/hotte-profesionales-vigor-filtres-labyrinthe\/\">La nouvelle hotte int\u00e9grable Vigor Prof aux filtres prof labyrinthe \u2013 Absorption et productivit\u00e9 maximale<\/a><\/p><\/blockquote>\n<p><iframe loading=\"lazy\" class=\"wp-embedded-content\" sandbox=\"allow-scripts\" security=\"restricted\" style=\"position: absolute; clip: rect(1px, 1px, 1px, 1px);\" title=\"\u00ab\u00a0La nouvelle hotte int\u00e9grable Vigor Prof aux filtres prof labyrinthe \u2013 Absorption et productivit\u00e9 maximale\u00a0\u00bb &#8212; Blog de Frecan\" src=\"https:\/\/www.frecan.es\/blog\/fr\/hotte-profesionales-vigor-filtres-labyrinthe\/embed\/#?secret=Su3YZ3UEZj#?secret=e6vOSFrYHz\" data-secret=\"e6vOSFrYHz\" width=\"600\" height=\"338\" frameborder=\"0\" marginwidth=\"0\" marginheight=\"0\" scrolling=\"no\"><\/iframe><\/p>\n<blockquote class=\"wp-embedded-content\" data-secret=\"yDqMzBNMl8\"><p><a href=\"https:\/\/www.frecan.es\/blog\/fr\/toute-votre-cuisine-au-noir\/\">Mise sur le noir.  Vous voudriez vous passer du c\u00f4t\u00e9 sombre!<\/a><\/p><\/blockquote>\n<p><iframe loading=\"lazy\" class=\"wp-embedded-content\" sandbox=\"allow-scripts\" security=\"restricted\" style=\"position: absolute; clip: rect(1px, 1px, 1px, 1px);\" title=\"\u00ab\u00a0Mise sur le noir.  Vous voudriez vous passer du c\u00f4t\u00e9 sombre!\u00a0\u00bb &#8212; Blog de Frecan\" src=\"https:\/\/www.frecan.es\/blog\/fr\/toute-votre-cuisine-au-noir\/embed\/#?secret=TluSzhu7lE#?secret=yDqMzBNMl8\" data-secret=\"yDqMzBNMl8\" width=\"600\" height=\"338\" frameborder=\"0\" marginwidth=\"0\" marginheight=\"0\" scrolling=\"no\"><\/iframe><\/p>\n","protected":false},"excerpt":{"rendered":"<p>\u00c9videmment, le compl\u00e9ment id\u00e9al pour une cuisine sombre est une hotte encastr\u00e9e noir comme la hotte mod\u00e8le Note.<\/p>\n","protected":false},"author":2,"featured_media":7582,"comment_status":"open","ping_status":"open","sticky":false,"template":"","format":"standard","meta":{"footnotes":""},"categories":[60,64],"tags":[],"class_list":{"0":"post-7625","1":"post","2":"type-post","3":"status-publish","4":"format-standard","5":"has-post-thumbnail","7":"category-fabricants-hottes-haut-de-gamme-fr","8":"category-hottes"},"yoast_head":"<!-- This site is optimized with the Yoast SEO plugin v24.7 - https:\/\/yoast.com\/wordpress\/plugins\/seo\/ -->\n<title>Note, la hotte encastr\u00e9e noir de Frecan<\/title>\n<meta name=\"description\" content=\"\u00c9videmment, le compl\u00e9ment id\u00e9al pour une cuisine sombre est une hotte encastr\u00e9e noir comme la hotte mod\u00e8le Note by Frecan.\" \/>\n<meta name=\"robots\" content=\"index, follow, max-snippet:-1, max-image-preview:large, max-video-preview:-1\" \/>\n<link rel=\"canonical\" href=\"https:\/\/www.frecan.es\/blog\/fr\/hotte-encastree-noir-note\/\" \/>\n<meta property=\"og:locale\" content=\"fr_FR\" \/>\n<meta property=\"og:type\" content=\"article\" \/>\n<meta property=\"og:title\" content=\"Note, la hotte encastr\u00e9e noir de Frecan\" \/>\n<meta property=\"og:description\" content=\"\u00c9videmment, le compl\u00e9ment id\u00e9al pour une cuisine sombre est une hotte encastr\u00e9e noir comme la hotte mod\u00e8le Note by Frecan.\" \/>\n<meta property=\"og:url\" content=\"https:\/\/www.frecan.es\/blog\/fr\/hotte-encastree-noir-note\/\" \/>\n<meta property=\"og:site_name\" content=\"Blog de Frecan\" \/>\n<meta property=\"article:published_time\" content=\"2022-09-06T14:09:21+00:00\" \/>\n<meta property=\"article:modified_time\" content=\"2022-09-09T14:10:16+00:00\" \/>\n<meta property=\"og:image\" content=\"https:\/\/www.frecan.es\/blog\/wp-content\/uploads\/2022\/08\/campana-integracion-Note-negra.jpg\" \/>\n\t<meta property=\"og:image:width\" content=\"1392\" \/>\n\t<meta property=\"og:image:height\" content=\"1393\" \/>\n\t<meta property=\"og:image:type\" content=\"image\/jpeg\" \/>\n<meta name=\"author\" content=\"Frecan\" \/>\n<meta name=\"twitter:card\" content=\"summary_large_image\" \/>\n<meta name=\"twitter:label1\" content=\"\u00c9crit par\" \/>\n\t<meta name=\"twitter:data1\" content=\"Frecan\" \/>\n\t<meta name=\"twitter:label2\" content=\"Dur\u00e9e de lecture estim\u00e9e\" \/>\n\t<meta name=\"twitter:data2\" content=\"2 minutes\" \/>\n<script type=\"application\/ld+json\" class=\"yoast-schema-graph\">{\"@context\":\"https:\/\/schema.org\",\"@graph\":[{\"@type\":\"Article\",\"@id\":\"https:\/\/www.frecan.es\/blog\/fr\/hotte-encastree-noir-note\/#article\",\"isPartOf\":{\"@id\":\"https:\/\/www.frecan.es\/blog\/fr\/hotte-encastree-noir-note\/\"},\"author\":{\"name\":\"Frecan\",\"@id\":\"https:\/\/www.frecan.es\/blog\/fr\/#\/schema\/person\/eecbdddf4fc3d5ee61f34db3cfb262a4\"},\"headline\":\"La hotte Note est compl\u00e8tement encastr\u00e9e sous le placard, cach\u00e9e de la vue!\",\"datePublished\":\"2022-09-06T14:09:21+00:00\",\"dateModified\":\"2022-09-09T14:10:16+00:00\",\"mainEntityOfPage\":{\"@id\":\"https:\/\/www.frecan.es\/blog\/fr\/hotte-encastree-noir-note\/\"},\"wordCount\":368,\"commentCount\":0,\"publisher\":{\"@id\":\"https:\/\/www.frecan.es\/blog\/fr\/#organization\"},\"image\":{\"@id\":\"https:\/\/www.frecan.es\/blog\/fr\/hotte-encastree-noir-note\/#primaryimage\"},\"thumbnailUrl\":\"https:\/\/www.frecan.es\/blog\/wp-content\/uploads\/2022\/08\/campana-integracion-Note-negra.jpg\",\"articleSection\":[\"Fabricants de hottes haut de gamme\",\"Syst\u00e8mes d'extraction \/ hottes\"],\"inLanguage\":\"fr-FR\",\"potentialAction\":[{\"@type\":\"CommentAction\",\"name\":\"Comment\",\"target\":[\"https:\/\/www.frecan.es\/blog\/fr\/hotte-encastree-noir-note\/#respond\"]}]},{\"@type\":\"WebPage\",\"@id\":\"https:\/\/www.frecan.es\/blog\/fr\/hotte-encastree-noir-note\/\",\"url\":\"https:\/\/www.frecan.es\/blog\/fr\/hotte-encastree-noir-note\/\",\"name\":\"Note, la hotte encastr\u00e9e noir de Frecan\",\"isPartOf\":{\"@id\":\"https:\/\/www.frecan.es\/blog\/fr\/#website\"},\"primaryImageOfPage\":{\"@id\":\"https:\/\/www.frecan.es\/blog\/fr\/hotte-encastree-noir-note\/#primaryimage\"},\"image\":{\"@id\":\"https:\/\/www.frecan.es\/blog\/fr\/hotte-encastree-noir-note\/#primaryimage\"},\"thumbnailUrl\":\"https:\/\/www.frecan.es\/blog\/wp-content\/uploads\/2022\/08\/campana-integracion-Note-negra.jpg\",\"datePublished\":\"2022-09-06T14:09:21+00:00\",\"dateModified\":\"2022-09-09T14:10:16+00:00\",\"description\":\"\u00c9videmment, le compl\u00e9ment id\u00e9al pour une cuisine sombre est une hotte encastr\u00e9e noir comme la hotte mod\u00e8le Note by Frecan.\",\"breadcrumb\":{\"@id\":\"https:\/\/www.frecan.es\/blog\/fr\/hotte-encastree-noir-note\/#breadcrumb\"},\"inLanguage\":\"fr-FR\",\"potentialAction\":[{\"@type\":\"ReadAction\",\"target\":[\"https:\/\/www.frecan.es\/blog\/fr\/hotte-encastree-noir-note\/\"]}]},{\"@type\":\"ImageObject\",\"inLanguage\":\"fr-FR\",\"@id\":\"https:\/\/www.frecan.es\/blog\/fr\/hotte-encastree-noir-note\/#primaryimage\",\"url\":\"https:\/\/www.frecan.es\/blog\/wp-content\/uploads\/2022\/08\/campana-integracion-Note-negra.jpg\",\"contentUrl\":\"https:\/\/www.frecan.es\/blog\/wp-content\/uploads\/2022\/08\/campana-integracion-Note-negra.jpg\",\"width\":1392,\"height\":1393,\"caption\":\"Campana de integraci\u00f3n negra Note\"},{\"@type\":\"BreadcrumbList\",\"@id\":\"https:\/\/www.frecan.es\/blog\/fr\/hotte-encastree-noir-note\/#breadcrumb\",\"itemListElement\":[{\"@type\":\"ListItem\",\"position\":1,\"name\":\"Page de Couverture\",\"item\":\"https:\/\/www.frecan.es\/blog\/fr\/\"},{\"@type\":\"ListItem\",\"position\":2,\"name\":\"La hotte Note est compl\u00e8tement encastr\u00e9e sous le placard, cach\u00e9e de la vue!\"}]},{\"@type\":\"WebSite\",\"@id\":\"https:\/\/www.frecan.es\/blog\/fr\/#website\",\"url\":\"https:\/\/www.frecan.es\/blog\/fr\/\",\"name\":\"Blog de Frecan\",\"description\":\"Artisanat, technologie et avant-garde au c\u0153ur de votre cuisine\",\"publisher\":{\"@id\":\"https:\/\/www.frecan.es\/blog\/fr\/#organization\"},\"potentialAction\":[{\"@type\":\"SearchAction\",\"target\":{\"@type\":\"EntryPoint\",\"urlTemplate\":\"https:\/\/www.frecan.es\/blog\/fr\/?s={search_term_string}\"},\"query-input\":{\"@type\":\"PropertyValueSpecification\",\"valueRequired\":true,\"valueName\":\"search_term_string\"}}],\"inLanguage\":\"fr-FR\"},{\"@type\":\"Organization\",\"@id\":\"https:\/\/www.frecan.es\/blog\/fr\/#organization\",\"name\":\"Frecan\",\"url\":\"https:\/\/www.frecan.es\/blog\/fr\/\",\"logo\":{\"@type\":\"ImageObject\",\"inLanguage\":\"fr-FR\",\"@id\":\"https:\/\/www.frecan.es\/blog\/fr\/#\/schema\/logo\/image\/\",\"url\":\"https:\/\/www.frecan.es\/blog\/wp-content\/uploads\/2016\/02\/logo-frecan.png\",\"contentUrl\":\"https:\/\/www.frecan.es\/blog\/wp-content\/uploads\/2016\/02\/logo-frecan.png\",\"width\":250,\"height\":27,\"caption\":\"Frecan\"},\"image\":{\"@id\":\"https:\/\/www.frecan.es\/blog\/fr\/#\/schema\/logo\/image\/\"}},{\"@type\":\"Person\",\"@id\":\"https:\/\/www.frecan.es\/blog\/fr\/#\/schema\/person\/eecbdddf4fc3d5ee61f34db3cfb262a4\",\"name\":\"Frecan\",\"image\":{\"@type\":\"ImageObject\",\"inLanguage\":\"fr-FR\",\"@id\":\"https:\/\/www.frecan.es\/blog\/fr\/#\/schema\/person\/image\/\",\"url\":\"https:\/\/secure.gravatar.com\/avatar\/5f22fe11c8d7e915c3e67301f8a5068f?s=96&d=mm&r=g\",\"contentUrl\":\"https:\/\/secure.gravatar.com\/avatar\/5f22fe11c8d7e915c3e67301f8a5068f?s=96&d=mm&r=g\",\"caption\":\"Frecan\"},\"sameAs\":[\"http:\/\/www.frecan.es\/\"]}]}<\/script>\n<!-- \/ Yoast SEO plugin. -->","yoast_head_json":{"title":"Note, la hotte encastr\u00e9e noir de Frecan","description":"\u00c9videmment, le compl\u00e9ment id\u00e9al pour une cuisine sombre est une hotte encastr\u00e9e noir comme la hotte mod\u00e8le Note by Frecan.","robots":{"index":"index","follow":"follow","max-snippet":"max-snippet:-1","max-image-preview":"max-image-preview:large","max-video-preview":"max-video-preview:-1"},"canonical":"https:\/\/www.frecan.es\/blog\/fr\/hotte-encastree-noir-note\/","og_locale":"fr_FR","og_type":"article","og_title":"Note, la hotte encastr\u00e9e noir de Frecan","og_description":"\u00c9videmment, le compl\u00e9ment id\u00e9al pour une cuisine sombre est une hotte encastr\u00e9e noir comme la hotte mod\u00e8le Note by Frecan.","og_url":"https:\/\/www.frecan.es\/blog\/fr\/hotte-encastree-noir-note\/","og_site_name":"Blog de Frecan","article_published_time":"2022-09-06T14:09:21+00:00","article_modified_time":"2022-09-09T14:10:16+00:00","og_image":[{"width":1392,"height":1393,"url":"https:\/\/www.frecan.es\/blog\/wp-content\/uploads\/2022\/08\/campana-integracion-Note-negra.jpg","type":"image\/jpeg"}],"author":"Frecan","twitter_card":"summary_large_image","twitter_misc":{"\u00c9crit par":"Frecan","Dur\u00e9e de lecture estim\u00e9e":"2 minutes"},"schema":{"@context":"https:\/\/schema.org","@graph":[{"@type":"Article","@id":"https:\/\/www.frecan.es\/blog\/fr\/hotte-encastree-noir-note\/#article","isPartOf":{"@id":"https:\/\/www.frecan.es\/blog\/fr\/hotte-encastree-noir-note\/"},"author":{"name":"Frecan","@id":"https:\/\/www.frecan.es\/blog\/fr\/#\/schema\/person\/eecbdddf4fc3d5ee61f34db3cfb262a4"},"headline":"La hotte Note est compl\u00e8tement encastr\u00e9e sous le placard, cach\u00e9e de la vue!","datePublished":"2022-09-06T14:09:21+00:00","dateModified":"2022-09-09T14:10:16+00:00","mainEntityOfPage":{"@id":"https:\/\/www.frecan.es\/blog\/fr\/hotte-encastree-noir-note\/"},"wordCount":368,"commentCount":0,"publisher":{"@id":"https:\/\/www.frecan.es\/blog\/fr\/#organization"},"image":{"@id":"https:\/\/www.frecan.es\/blog\/fr\/hotte-encastree-noir-note\/#primaryimage"},"thumbnailUrl":"https:\/\/www.frecan.es\/blog\/wp-content\/uploads\/2022\/08\/campana-integracion-Note-negra.jpg","articleSection":["Fabricants de hottes haut de gamme","Syst\u00e8mes d'extraction \/ hottes"],"inLanguage":"fr-FR","potentialAction":[{"@type":"CommentAction","name":"Comment","target":["https:\/\/www.frecan.es\/blog\/fr\/hotte-encastree-noir-note\/#respond"]}]},{"@type":"WebPage","@id":"https:\/\/www.frecan.es\/blog\/fr\/hotte-encastree-noir-note\/","url":"https:\/\/www.frecan.es\/blog\/fr\/hotte-encastree-noir-note\/","name":"Note, la hotte encastr\u00e9e noir de Frecan","isPartOf":{"@id":"https:\/\/www.frecan.es\/blog\/fr\/#website"},"primaryImageOfPage":{"@id":"https:\/\/www.frecan.es\/blog\/fr\/hotte-encastree-noir-note\/#primaryimage"},"image":{"@id":"https:\/\/www.frecan.es\/blog\/fr\/hotte-encastree-noir-note\/#primaryimage"},"thumbnailUrl":"https:\/\/www.frecan.es\/blog\/wp-content\/uploads\/2022\/08\/campana-integracion-Note-negra.jpg","datePublished":"2022-09-06T14:09:21+00:00","dateModified":"2022-09-09T14:10:16+00:00","description":"\u00c9videmment, le compl\u00e9ment id\u00e9al pour une cuisine sombre est une hotte encastr\u00e9e noir comme la hotte mod\u00e8le Note by Frecan.","breadcrumb":{"@id":"https:\/\/www.frecan.es\/blog\/fr\/hotte-encastree-noir-note\/#breadcrumb"},"inLanguage":"fr-FR","potentialAction":[{"@type":"ReadAction","target":["https:\/\/www.frecan.es\/blog\/fr\/hotte-encastree-noir-note\/"]}]},{"@type":"ImageObject","inLanguage":"fr-FR","@id":"https:\/\/www.frecan.es\/blog\/fr\/hotte-encastree-noir-note\/#primaryimage","url":"https:\/\/www.frecan.es\/blog\/wp-content\/uploads\/2022\/08\/campana-integracion-Note-negra.jpg","contentUrl":"https:\/\/www.frecan.es\/blog\/wp-content\/uploads\/2022\/08\/campana-integracion-Note-negra.jpg","width":1392,"height":1393,"caption":"Campana de integraci\u00f3n negra Note"},{"@type":"BreadcrumbList","@id":"https:\/\/www.frecan.es\/blog\/fr\/hotte-encastree-noir-note\/#breadcrumb","itemListElement":[{"@type":"ListItem","position":1,"name":"Page de Couverture","item":"https:\/\/www.frecan.es\/blog\/fr\/"},{"@type":"ListItem","position":2,"name":"La hotte Note est compl\u00e8tement encastr\u00e9e sous le placard, cach\u00e9e de la vue!"}]},{"@type":"WebSite","@id":"https:\/\/www.frecan.es\/blog\/fr\/#website","url":"https:\/\/www.frecan.es\/blog\/fr\/","name":"Blog de Frecan","description":"Artisanat, technologie et avant-garde au c\u0153ur de votre cuisine","publisher":{"@id":"https:\/\/www.frecan.es\/blog\/fr\/#organization"},"potentialAction":[{"@type":"SearchAction","target":{"@type":"EntryPoint","urlTemplate":"https:\/\/www.frecan.es\/blog\/fr\/?s={search_term_string}"},"query-input":{"@type":"PropertyValueSpecification","valueRequired":true,"valueName":"search_term_string"}}],"inLanguage":"fr-FR"},{"@type":"Organization","@id":"https:\/\/www.frecan.es\/blog\/fr\/#organization","name":"Frecan","url":"https:\/\/www.frecan.es\/blog\/fr\/","logo":{"@type":"ImageObject","inLanguage":"fr-FR","@id":"https:\/\/www.frecan.es\/blog\/fr\/#\/schema\/logo\/image\/","url":"https:\/\/www.frecan.es\/blog\/wp-content\/uploads\/2016\/02\/logo-frecan.png","contentUrl":"https:\/\/www.frecan.es\/blog\/wp-content\/uploads\/2016\/02\/logo-frecan.png","width":250,"height":27,"caption":"Frecan"},"image":{"@id":"https:\/\/www.frecan.es\/blog\/fr\/#\/schema\/logo\/image\/"}},{"@type":"Person","@id":"https:\/\/www.frecan.es\/blog\/fr\/#\/schema\/person\/eecbdddf4fc3d5ee61f34db3cfb262a4","name":"Frecan","image":{"@type":"ImageObject","inLanguage":"fr-FR","@id":"https:\/\/www.frecan.es\/blog\/fr\/#\/schema\/person\/image\/","url":"https:\/\/secure.gravatar.com\/avatar\/5f22fe11c8d7e915c3e67301f8a5068f?s=96&d=mm&r=g","contentUrl":"https:\/\/secure.gravatar.com\/avatar\/5f22fe11c8d7e915c3e67301f8a5068f?s=96&d=mm&r=g","caption":"Frecan"},"sameAs":["http:\/\/www.frecan.es\/"]}]}},"_links":{"self":[{"href":"https:\/\/www.frecan.es\/blog\/fr\/wp-json\/wp\/v2\/posts\/7625","targetHints":{"allow":["GET"]}}],"collection":[{"href":"https:\/\/www.frecan.es\/blog\/fr\/wp-json\/wp\/v2\/posts"}],"about":[{"href":"https:\/\/www.frecan.es\/blog\/fr\/wp-json\/wp\/v2\/types\/post"}],"author":[{"embeddable":true,"href":"https:\/\/www.frecan.es\/blog\/fr\/wp-json\/wp\/v2\/users\/2"}],"replies":[{"embeddable":true,"href":"https:\/\/www.frecan.es\/blog\/fr\/wp-json\/wp\/v2\/comments?post=7625"}],"version-history":[{"count":2,"href":"https:\/\/www.frecan.es\/blog\/fr\/wp-json\/wp\/v2\/posts\/7625\/revisions"}],"predecessor-version":[{"id":7627,"href":"https:\/\/www.frecan.es\/blog\/fr\/wp-json\/wp\/v2\/posts\/7625\/revisions\/7627"}],"wp:featuredmedia":[{"embeddable":true,"href":"https:\/\/www.frecan.es\/blog\/fr\/wp-json\/wp\/v2\/media\/7582"}],"wp:attachment":[{"href":"https:\/\/www.frecan.es\/blog\/fr\/wp-json\/wp\/v2\/media?parent=7625"}],"wp:term":[{"taxonomy":"category","embeddable":true,"href":"https:\/\/www.frecan.es\/blog\/fr\/wp-json\/wp\/v2\/categories?post=7625"},{"taxonomy":"post_tag","embeddable":true,"href":"https:\/\/www.frecan.es\/blog\/fr\/wp-json\/wp\/v2\/tags?post=7625"}],"curies":[{"name":"wp","href":"https:\/\/api.w.org\/{rel}","templated":true}]}}