{"id":7441,"date":"2022-07-06T16:25:13","date_gmt":"2022-07-06T16:25:13","guid":{"rendered":"https:\/\/www.frecan.es\/blog\/toda-tu-cocina-al-negro\/"},"modified":"2022-07-19T09:11:52","modified_gmt":"2022-07-19T09:11:52","slug":"toute-votre-cuisine-au-noir","status":"publish","type":"post","link":"https:\/\/www.frecan.es\/blog\/fr\/toute-votre-cuisine-au-noir\/","title":{"rendered":"Mise sur le noir.  Vous voudriez vous passer du c\u00f4t\u00e9 sombre!"},"content":{"rendered":"<h2 style=\"color: #949494; font-size: 24px; line-height: 26px; margin-top: -20px;\">D\u00e9couvrez toutes les options de Frecan en couleur noir<br \/>\n<\/h2>\n<p><!--more--><\/p>\n<p>Il y a quelque chose dans une cuisine sombre qui attire d\u00e9finitivement notre attention. C\u2019est un changement de cap des cuisines blanches, en fournissant une touche d\u2019\u00e9l\u00e9gance, chaleur naturelle et profondeur pour toute maison; il aussi aide \u00e0 cr\u00e9er un contraste dans les ambiances minimalistes. Et il peut aussi vous donner cette sensation de modernit\u00e9 qui donne envie de passer du c\u00f4t\u00e9 obscur!<\/p>\n<p>De plus, il est si polyvalent qu&rsquo;il s&rsquo;adapte \u00e0 tous les styles.<\/p>\n<p>L&rsquo;une des questions qui vous vient s\u00fbrement \u00e0 l&rsquo;esprit est la suivante: <strong>votre cuisine dispose-t-elle de suffisamment de lumi\u00e8re naturelle pour concevoir une cuisine noire? <\/strong><\/p>\n<p>Heureusement, les concepts de cuisine et les solutions d&rsquo;\u00e9clairage int\u00e9rieur ont chang\u00e9. Il y a quelques ann\u00e9es, beaucoup n&rsquo;auraient pas opt\u00e9 pour une cuisine noire car elle fait souvent para\u00eetre les pi\u00e8ces plus petites. Aujourd&rsquo;hui, il existe d&rsquo;innombrables options d&rsquo;\u00e9clairage pour transformer un espace sombre en une pi\u00e8ce accueillante. Dans notre r\u00e9pertoire de hottes, vous trouverez une large gamme de hottes, avec lesquelles vous obtiendrez l&rsquo;environnement parfait pour cuisiner.<\/p>\n<p><strong>Ensuite, nous vous montrons nos bijoux tout en noir.<\/strong><\/p>\n<div style=\"clear: left;\">\n<div class=\"columns medium-4\" style=\"padding: 0 10px 20px 0; font-size: 13px;\">\n<img loading=\"lazy\" decoding=\"async\" src=\"https:\/\/www.frecan.es\/blog\/wp-content\/uploads\/2022\/07\/campana-de-superficie-negra-frecan..jpg\" alt=\"Hottes plan de travail noir Frecan\" width=\"1440\" height=\"840\" class=\"aligncenter size-full wp-image-7335\" srcset=\"https:\/\/www.frecan.es\/blog\/wp-content\/uploads\/2022\/07\/campana-de-superficie-negra-frecan..jpg 1440w, https:\/\/www.frecan.es\/blog\/wp-content\/uploads\/2022\/07\/campana-de-superficie-negra-frecan.-300x175.jpg 300w, https:\/\/www.frecan.es\/blog\/wp-content\/uploads\/2022\/07\/campana-de-superficie-negra-frecan.-1024x597.jpg 1024w, https:\/\/www.frecan.es\/blog\/wp-content\/uploads\/2022\/07\/campana-de-superficie-negra-frecan.-768x448.jpg 768w, https:\/\/www.frecan.es\/blog\/wp-content\/uploads\/2022\/07\/campana-de-superficie-negra-frecan.-800x467.jpg 800w, https:\/\/www.frecan.es\/blog\/wp-content\/uploads\/2022\/07\/campana-de-superficie-negra-frecan.-1280x747.jpg 1280w\" sizes=\"auto, (max-width: 1440px) 100vw, 1440px\" \/><\/p>\n<h3>hottes plan de travail noir<\/h3>\n<p><a href=\"www.frecan.fr\/hottes\/de-plan-de-travail\/flow-5\/\" rel=\"noopener\" target=\"_blank\">Flow 5.3 y 5.4 <\/a><br \/>\n<a href=\"https:\/\/www.frecan.fr\/hottes\/de-plan-de-travail\/flow-4\/\" rel=\"noopener\" target=\"_blank\">Flow 4<\/a><br \/>\n<a href=\"https:\/\/www.frecan.fr\/hottes\/de-plan-de-travail\/lift-light-nt\/\" rel=\"noopener\" target=\"_blank\">Lift Light <\/a>\n<\/div>\n<div class=\"columns medium-4\" style=\"padding: 0 10px 20px 0; font-size: 13px;\">\n<img loading=\"lazy\" decoding=\"async\" src=\"https:\/\/www.frecan.es\/blog\/wp-content\/uploads\/2022\/07\/campana-techo-negra-frecan.jpg\" alt=\"Hottes Plafonni\u00e8res noir Frecan\" width=\"1440\" height=\"840\" class=\"aligncenter size-full wp-image-7347\" srcset=\"https:\/\/www.frecan.es\/blog\/wp-content\/uploads\/2022\/07\/campana-techo-negra-frecan.jpg 1440w, https:\/\/www.frecan.es\/blog\/wp-content\/uploads\/2022\/07\/campana-techo-negra-frecan-300x175.jpg 300w, https:\/\/www.frecan.es\/blog\/wp-content\/uploads\/2022\/07\/campana-techo-negra-frecan-1024x597.jpg 1024w, https:\/\/www.frecan.es\/blog\/wp-content\/uploads\/2022\/07\/campana-techo-negra-frecan-768x448.jpg 768w, https:\/\/www.frecan.es\/blog\/wp-content\/uploads\/2022\/07\/campana-techo-negra-frecan-800x467.jpg 800w, https:\/\/www.frecan.es\/blog\/wp-content\/uploads\/2022\/07\/campana-techo-negra-frecan-1280x747.jpg 1280w\" sizes=\"auto, (max-width: 1440px) 100vw, 1440px\" \/><\/p>\n<h3>HOTTES PLAFOND<br \/>\n noir<\/h3>\n<p><a href=\"https:\/\/www.frecan.fr\/hottes\/plafonnieres\/sense-360\/\" rel=\"noopener\" target=\"_blank\">Sense 360 <\/a><br \/>\n<a href=\"https:\/\/www.frecan.fr\/hottes\/plafonnieres\/moon-360\/\" rel=\"noopener\" target=\"_blank\">Moon 360<\/a><br \/>\n<a href=\"https:\/\/www.frecan.fr\/hottes\/plafonnieres\/scl-360\/\" rel=\"noopener\" target=\"_blank\">SCL 360 <\/a>\n<\/div>\n<div class=\"columns medium-4\" style=\"padding: 0 10px 20px 0; font-size: 13px;\">\n<p><img loading=\"lazy\" decoding=\"async\" src=\"https:\/\/www.frecan.es\/blog\/wp-content\/uploads\/2022\/07\/campana-integracion-negra-frecan.jpg\" alt=\"Hottes int\u00e9grables noir Frecan\" width=\"1440\" height=\"840\" class=\"aligncenter size-full wp-image-7338\" srcset=\"https:\/\/www.frecan.es\/blog\/wp-content\/uploads\/2022\/07\/campana-integracion-negra-frecan.jpg 1440w, https:\/\/www.frecan.es\/blog\/wp-content\/uploads\/2022\/07\/campana-integracion-negra-frecan-300x175.jpg 300w, https:\/\/www.frecan.es\/blog\/wp-content\/uploads\/2022\/07\/campana-integracion-negra-frecan-1024x597.jpg 1024w, https:\/\/www.frecan.es\/blog\/wp-content\/uploads\/2022\/07\/campana-integracion-negra-frecan-768x448.jpg 768w, https:\/\/www.frecan.es\/blog\/wp-content\/uploads\/2022\/07\/campana-integracion-negra-frecan-800x467.jpg 800w, https:\/\/www.frecan.es\/blog\/wp-content\/uploads\/2022\/07\/campana-integracion-negra-frecan-1280x747.jpg 1280w\" sizes=\"auto, (max-width: 1440px) 100vw, 1440px\" \/><\/p>\n<h3>HOTTES INT\u00c9GRABLES noir<\/h3>\n<p><a href=\"https:\/\/www.frecan.fr\/hottes\/encastrables\/hit-ng\/\" rel=\"noopener\" target=\"_blank\">Hit<\/a> \/ <a href=\"https:\/\/www.frecan.fr\/hottes\/encastrables\/hit-s8\/\" rel=\"noopener\" target=\"_blank\">Hit S<\/a><br \/>\n<a href=\"https:\/\/www.frecan.fr\/hottes\/encastrables\/ga-perimetral\/\" rel=\"noopener\" target=\"_blank\">GA Perimetral <\/a><a href=\"https:\/\/www.frecan.fr\/hottes\/encastrables\/note\/\" rel=\"noopener\" target=\"_blank\">Note<\/a><br \/>\n<a href=\"https:\/\/www.frecan.fr\/hottes\/encastrables\/quo\/\" rel=\"noopener\" target=\"_blank\">Quo<\/a>\n<\/div>\n<\/div>\n<div style=\"clear: left; padding-top:35px;\">\n<div class=\"columns medium-4\" style=\"padding: 0 10px 20px 0; font-size: 13px;\">\n<img loading=\"lazy\" decoding=\"async\" src=\"https:\/\/www.frecan.es\/blog\/wp-content\/uploads\/2022\/07\/campana-pared-negra-frecan.jpg\" alt=\"Hottes Murales noir Frecan\" width=\"1440\" height=\"840\" class=\"aligncenter size-full wp-image-7344\" srcset=\"https:\/\/www.frecan.es\/blog\/wp-content\/uploads\/2022\/07\/campana-pared-negra-frecan.jpg 1440w, https:\/\/www.frecan.es\/blog\/wp-content\/uploads\/2022\/07\/campana-pared-negra-frecan-300x175.jpg 300w, https:\/\/www.frecan.es\/blog\/wp-content\/uploads\/2022\/07\/campana-pared-negra-frecan-1024x597.jpg 1024w, https:\/\/www.frecan.es\/blog\/wp-content\/uploads\/2022\/07\/campana-pared-negra-frecan-768x448.jpg 768w, https:\/\/www.frecan.es\/blog\/wp-content\/uploads\/2022\/07\/campana-pared-negra-frecan-800x467.jpg 800w, https:\/\/www.frecan.es\/blog\/wp-content\/uploads\/2022\/07\/campana-pared-negra-frecan-1280x747.jpg 1280w\" sizes=\"auto, (max-width: 1440px) 100vw, 1440px\" \/><\/p>\n<h3>Hottes Murales noir<\/h3>\n<p><a href=\"https:\/\/www.frecan.fr\/hottes\/murales\/stream\/\" rel=\"noopener\" target=\"_blank\">Stream<\/a><br \/>\n<a href=\"https:\/\/www.frecan.fr\/hottes\/murales\/white-black\/\" rel=\"noopener\" target=\"_blank\">White and black<\/a><br \/>\n<a href=\"https:\/\/www.frecan.fr\/hottes\/murales\/quasar\/\" rel=\"noopener\" target=\"_blank\">Quasar<\/a> \/ <a href=\"https:\/\/www.frecan.fr\/hottes\/murales\/quasar-s8\/\" rel=\"noopener\" target=\"_blank\">Quasar S<\/a><br \/>\n<a href=\"https:\/\/www.frecan.fr\/hottes\/murales\/limit\/\" rel=\"noopener\" target=\"_blank\">Limit<\/a>  <\/div>\n<div class=\"columns medium-4\" style=\"padding: 0 10px 20px 0; font-size: 13px;\">\n<p><img loading=\"lazy\" decoding=\"async\" src=\"https:\/\/www.frecan.es\/blog\/wp-content\/uploads\/2022\/07\/campana-isla-negra-frecan.jpg\" alt=\"Hottes \u00celots  noir Frecan\" width=\"1440\" height=\"840\" class=\"aligncenter size-full wp-image-7341\" srcset=\"https:\/\/www.frecan.es\/blog\/wp-content\/uploads\/2022\/07\/campana-isla-negra-frecan.jpg 1440w, https:\/\/www.frecan.es\/blog\/wp-content\/uploads\/2022\/07\/campana-isla-negra-frecan-300x175.jpg 300w, https:\/\/www.frecan.es\/blog\/wp-content\/uploads\/2022\/07\/campana-isla-negra-frecan-1024x597.jpg 1024w, https:\/\/www.frecan.es\/blog\/wp-content\/uploads\/2022\/07\/campana-isla-negra-frecan-768x448.jpg 768w, https:\/\/www.frecan.es\/blog\/wp-content\/uploads\/2022\/07\/campana-isla-negra-frecan-800x467.jpg 800w, https:\/\/www.frecan.es\/blog\/wp-content\/uploads\/2022\/07\/campana-isla-negra-frecan-1280x747.jpg 1280w\" sizes=\"auto, (max-width: 1440px) 100vw, 1440px\" \/><\/p>\n<h3>Hottes \u00celots noir  <\/h3>\n<p><a href=\"https:\/\/www.frecan.fr\/hottes\/ilots\/icustom\/\" rel=\"noopener\" target=\"_blank\">iCustom<\/a><br \/>\n<a href=\"https:\/\/www.frecan.fr\/hottes\/ilots\/white-black-i\/\" rel=\"noopener\" target=\"_blank\">White and black<\/a> <\/div>\n<div class=\"columns medium-4\" style=\"padding: 0 10px 20px 0; font-size: 13px;\">\n<img loading=\"lazy\" decoding=\"async\" src=\"https:\/\/www.frecan.es\/blog\/wp-content\/uploads\/2022\/07\/campana-vintage-negra-frecan.jpg\" alt=\"Hottes Vintage noir Frecan\" width=\"1440\" height=\"840\" class=\"aligncenter size-full wp-image-7350\" srcset=\"https:\/\/www.frecan.es\/blog\/wp-content\/uploads\/2022\/07\/campana-vintage-negra-frecan.jpg 1440w, https:\/\/www.frecan.es\/blog\/wp-content\/uploads\/2022\/07\/campana-vintage-negra-frecan-300x175.jpg 300w, https:\/\/www.frecan.es\/blog\/wp-content\/uploads\/2022\/07\/campana-vintage-negra-frecan-1024x597.jpg 1024w, https:\/\/www.frecan.es\/blog\/wp-content\/uploads\/2022\/07\/campana-vintage-negra-frecan-768x448.jpg 768w, https:\/\/www.frecan.es\/blog\/wp-content\/uploads\/2022\/07\/campana-vintage-negra-frecan-800x467.jpg 800w, https:\/\/www.frecan.es\/blog\/wp-content\/uploads\/2022\/07\/campana-vintage-negra-frecan-1280x747.jpg 1280w\" sizes=\"auto, (max-width: 1440px) 100vw, 1440px\" \/><\/p>\n<h3>Hottes Vintage noir<\/h3>\n<p><a href=\"https:\/\/www.frecan.fr\/hottes\/vintage\/keops\/\" rel=\"noopener\" target=\"_blank\">Keops<\/a><br \/>\n<a href=\"https:\/\/www.frecan.fr\/hottes\/vintage\/clasic-pro\/\" rel=\"noopener\" target=\"_blank\">Classic Pro<\/a><br \/>\n<a href=\"https:\/\/www.frecan.fr\/hottes\/vintage\/goldwind\/\" rel=\"noopener\" target=\"_blank\">GoldWind<\/a>  <\/div>\n<\/div>\n<div style=\"clear: left; font-size:18px;\"<strong>Et vous, lequel choisiriez-vous ?<\/strong><\/div>\n<h4>En savoir plus<\/h4>\n<blockquote class=\"wp-embedded-content\" data-secret=\"kwcQ37Zwal\"><p><a href=\"https:\/\/www.frecan.es\/blog\/fr\/hotte-encastrable-note\/\">La hotte encastrable Note, plus polyvalente que jamais<\/a><\/p><\/blockquote>\n<p><iframe loading=\"lazy\" class=\"wp-embedded-content\" sandbox=\"allow-scripts\" security=\"restricted\" style=\"position: absolute; clip: rect(1px, 1px, 1px, 1px);\" title=\"\u00ab\u00a0La hotte encastrable Note, plus polyvalente que jamais\u00a0\u00bb &#8212; Blog de Frecan\" src=\"https:\/\/www.frecan.es\/blog\/fr\/hotte-encastrable-note\/embed\/#?secret=pI5ttaZbMs#?secret=kwcQ37Zwal\" data-secret=\"kwcQ37Zwal\" width=\"600\" height=\"338\" frameborder=\"0\" marginwidth=\"0\" marginheight=\"0\" scrolling=\"no\"><\/iframe><\/p>\n<blockquote class=\"wp-embedded-content\" data-secret=\"tdq992K6gz\"><p><a href=\"https:\/\/www.frecan.es\/blog\/fr\/hotte-vintage-keops\/\">Qu\u2019est-ce que fait que la hotte vintage Keops soit id\u00e9ale ?<\/a><\/p><\/blockquote>\n<p><iframe loading=\"lazy\" class=\"wp-embedded-content\" sandbox=\"allow-scripts\" security=\"restricted\" style=\"position: absolute; clip: rect(1px, 1px, 1px, 1px);\" title=\"\u00ab\u00a0Qu\u2019est-ce que fait que la hotte vintage Keops soit id\u00e9ale ?\u00a0\u00bb &#8212; Blog de Frecan\" src=\"https:\/\/www.frecan.es\/blog\/fr\/hotte-vintage-keops\/embed\/#?secret=SLWyCGIvqJ#?secret=tdq992K6gz\" data-secret=\"tdq992K6gz\" width=\"600\" height=\"338\" frameborder=\"0\" marginwidth=\"0\" marginheight=\"0\" scrolling=\"no\"><\/iframe><\/p>\n","protected":false},"excerpt":{"rendered":"<p>D\u00e9couvrez toutes les options de Frecan en couleur noir<\/p>\n","protected":false},"author":2,"featured_media":7353,"comment_status":"open","ping_status":"open","sticky":false,"template":"","format":"standard","meta":{"footnotes":""},"categories":[68],"tags":[],"class_list":{"0":"post-7441","1":"post","2":"type-post","3":"status-publish","4":"format-standard","5":"has-post-thumbnail","7":"category-cuisines-design"},"yoast_head":"<!-- This site is optimized with the Yoast SEO plugin v24.7 - https:\/\/yoast.com\/wordpress\/plugins\/seo\/ -->\n<title>Mise sur le noir. Vous voudriez vous passer du c\u00f4t\u00e9 sombre !<\/title>\n<meta name=\"description\" content=\"Votre cuisine dispose-t-elle de suffisamment de lumi\u00e8re naturelle pour concevoir une cuisine noire? Maintenant ce n&#039;est plus un probl\u00e8me\" \/>\n<meta name=\"robots\" content=\"index, follow, max-snippet:-1, max-image-preview:large, max-video-preview:-1\" \/>\n<link rel=\"canonical\" href=\"https:\/\/www.frecan.es\/blog\/fr\/toute-votre-cuisine-au-noir\/\" \/>\n<meta property=\"og:locale\" content=\"fr_FR\" \/>\n<meta property=\"og:type\" content=\"article\" \/>\n<meta property=\"og:title\" content=\"Mise sur le noir. Vous voudriez vous passer du c\u00f4t\u00e9 sombre !\" \/>\n<meta property=\"og:description\" content=\"Votre cuisine dispose-t-elle de suffisamment de lumi\u00e8re naturelle pour concevoir une cuisine noire? Maintenant ce n&#039;est plus un probl\u00e8me\" \/>\n<meta property=\"og:url\" content=\"https:\/\/www.frecan.es\/blog\/fr\/toute-votre-cuisine-au-noir\/\" \/>\n<meta property=\"og:site_name\" content=\"Blog de Frecan\" \/>\n<meta property=\"article:published_time\" content=\"2022-07-06T16:25:13+00:00\" \/>\n<meta property=\"article:modified_time\" content=\"2022-07-19T09:11:52+00:00\" \/>\n<meta property=\"og:image\" content=\"https:\/\/www.frecan.es\/blog\/wp-content\/uploads\/2022\/07\/cocina-al-negro.jpg\" \/>\n\t<meta property=\"og:image:width\" content=\"993\" \/>\n\t<meta property=\"og:image:height\" content=\"1000\" \/>\n\t<meta property=\"og:image:type\" content=\"image\/jpeg\" \/>\n<meta name=\"author\" content=\"Frecan\" \/>\n<meta name=\"twitter:card\" content=\"summary_large_image\" \/>\n<meta name=\"twitter:label1\" content=\"\u00c9crit par\" \/>\n\t<meta name=\"twitter:data1\" content=\"Frecan\" \/>\n\t<meta name=\"twitter:label2\" content=\"Dur\u00e9e de lecture estim\u00e9e\" \/>\n\t<meta name=\"twitter:data2\" content=\"1 minute\" \/>\n<script type=\"application\/ld+json\" class=\"yoast-schema-graph\">{\"@context\":\"https:\/\/schema.org\",\"@graph\":[{\"@type\":\"Article\",\"@id\":\"https:\/\/www.frecan.es\/blog\/fr\/toute-votre-cuisine-au-noir\/#article\",\"isPartOf\":{\"@id\":\"https:\/\/www.frecan.es\/blog\/fr\/toute-votre-cuisine-au-noir\/\"},\"author\":{\"name\":\"Frecan\",\"@id\":\"https:\/\/www.frecan.es\/blog\/fr\/#\/schema\/person\/eecbdddf4fc3d5ee61f34db3cfb262a4\"},\"headline\":\"Mise sur le noir. Vous voudriez vous passer du c\u00f4t\u00e9 sombre!\",\"datePublished\":\"2022-07-06T16:25:13+00:00\",\"dateModified\":\"2022-07-19T09:11:52+00:00\",\"mainEntityOfPage\":{\"@id\":\"https:\/\/www.frecan.es\/blog\/fr\/toute-votre-cuisine-au-noir\/\"},\"wordCount\":265,\"commentCount\":0,\"publisher\":{\"@id\":\"https:\/\/www.frecan.es\/blog\/fr\/#organization\"},\"image\":{\"@id\":\"https:\/\/www.frecan.es\/blog\/fr\/toute-votre-cuisine-au-noir\/#primaryimage\"},\"thumbnailUrl\":\"https:\/\/www.frecan.es\/blog\/wp-content\/uploads\/2022\/07\/cocina-al-negro.jpg\",\"articleSection\":[\"Cuisines design\"],\"inLanguage\":\"fr-FR\",\"potentialAction\":[{\"@type\":\"CommentAction\",\"name\":\"Comment\",\"target\":[\"https:\/\/www.frecan.es\/blog\/fr\/toute-votre-cuisine-au-noir\/#respond\"]}]},{\"@type\":\"WebPage\",\"@id\":\"https:\/\/www.frecan.es\/blog\/fr\/toute-votre-cuisine-au-noir\/\",\"url\":\"https:\/\/www.frecan.es\/blog\/fr\/toute-votre-cuisine-au-noir\/\",\"name\":\"Mise sur le noir. Vous voudriez vous passer du c\u00f4t\u00e9 sombre !\",\"isPartOf\":{\"@id\":\"https:\/\/www.frecan.es\/blog\/fr\/#website\"},\"primaryImageOfPage\":{\"@id\":\"https:\/\/www.frecan.es\/blog\/fr\/toute-votre-cuisine-au-noir\/#primaryimage\"},\"image\":{\"@id\":\"https:\/\/www.frecan.es\/blog\/fr\/toute-votre-cuisine-au-noir\/#primaryimage\"},\"thumbnailUrl\":\"https:\/\/www.frecan.es\/blog\/wp-content\/uploads\/2022\/07\/cocina-al-negro.jpg\",\"datePublished\":\"2022-07-06T16:25:13+00:00\",\"dateModified\":\"2022-07-19T09:11:52+00:00\",\"description\":\"Votre cuisine dispose-t-elle de suffisamment de lumi\u00e8re naturelle pour concevoir une cuisine noire? Maintenant ce n'est plus un probl\u00e8me\",\"breadcrumb\":{\"@id\":\"https:\/\/www.frecan.es\/blog\/fr\/toute-votre-cuisine-au-noir\/#breadcrumb\"},\"inLanguage\":\"fr-FR\",\"potentialAction\":[{\"@type\":\"ReadAction\",\"target\":[\"https:\/\/www.frecan.es\/blog\/fr\/toute-votre-cuisine-au-noir\/\"]}]},{\"@type\":\"ImageObject\",\"inLanguage\":\"fr-FR\",\"@id\":\"https:\/\/www.frecan.es\/blog\/fr\/toute-votre-cuisine-au-noir\/#primaryimage\",\"url\":\"https:\/\/www.frecan.es\/blog\/wp-content\/uploads\/2022\/07\/cocina-al-negro.jpg\",\"contentUrl\":\"https:\/\/www.frecan.es\/blog\/wp-content\/uploads\/2022\/07\/cocina-al-negro.jpg\",\"width\":993,\"height\":1000,\"caption\":\"Cocina al negro | campana de isla negra Frecan\"},{\"@type\":\"BreadcrumbList\",\"@id\":\"https:\/\/www.frecan.es\/blog\/fr\/toute-votre-cuisine-au-noir\/#breadcrumb\",\"itemListElement\":[{\"@type\":\"ListItem\",\"position\":1,\"name\":\"Page de Couverture\",\"item\":\"https:\/\/www.frecan.es\/blog\/fr\/\"},{\"@type\":\"ListItem\",\"position\":2,\"name\":\"Mise sur le noir. Vous voudriez vous passer du c\u00f4t\u00e9 sombre!\"}]},{\"@type\":\"WebSite\",\"@id\":\"https:\/\/www.frecan.es\/blog\/fr\/#website\",\"url\":\"https:\/\/www.frecan.es\/blog\/fr\/\",\"name\":\"Blog de Frecan\",\"description\":\"Artisanat, technologie et avant-garde au c\u0153ur de votre cuisine\",\"publisher\":{\"@id\":\"https:\/\/www.frecan.es\/blog\/fr\/#organization\"},\"potentialAction\":[{\"@type\":\"SearchAction\",\"target\":{\"@type\":\"EntryPoint\",\"urlTemplate\":\"https:\/\/www.frecan.es\/blog\/fr\/?s={search_term_string}\"},\"query-input\":{\"@type\":\"PropertyValueSpecification\",\"valueRequired\":true,\"valueName\":\"search_term_string\"}}],\"inLanguage\":\"fr-FR\"},{\"@type\":\"Organization\",\"@id\":\"https:\/\/www.frecan.es\/blog\/fr\/#organization\",\"name\":\"Frecan\",\"url\":\"https:\/\/www.frecan.es\/blog\/fr\/\",\"logo\":{\"@type\":\"ImageObject\",\"inLanguage\":\"fr-FR\",\"@id\":\"https:\/\/www.frecan.es\/blog\/fr\/#\/schema\/logo\/image\/\",\"url\":\"https:\/\/www.frecan.es\/blog\/wp-content\/uploads\/2016\/02\/logo-frecan.png\",\"contentUrl\":\"https:\/\/www.frecan.es\/blog\/wp-content\/uploads\/2016\/02\/logo-frecan.png\",\"width\":250,\"height\":27,\"caption\":\"Frecan\"},\"image\":{\"@id\":\"https:\/\/www.frecan.es\/blog\/fr\/#\/schema\/logo\/image\/\"}},{\"@type\":\"Person\",\"@id\":\"https:\/\/www.frecan.es\/blog\/fr\/#\/schema\/person\/eecbdddf4fc3d5ee61f34db3cfb262a4\",\"name\":\"Frecan\",\"image\":{\"@type\":\"ImageObject\",\"inLanguage\":\"fr-FR\",\"@id\":\"https:\/\/www.frecan.es\/blog\/fr\/#\/schema\/person\/image\/\",\"url\":\"https:\/\/secure.gravatar.com\/avatar\/5f22fe11c8d7e915c3e67301f8a5068f?s=96&d=mm&r=g\",\"contentUrl\":\"https:\/\/secure.gravatar.com\/avatar\/5f22fe11c8d7e915c3e67301f8a5068f?s=96&d=mm&r=g\",\"caption\":\"Frecan\"},\"sameAs\":[\"http:\/\/www.frecan.es\/\"]}]}<\/script>\n<!-- \/ Yoast SEO plugin. -->","yoast_head_json":{"title":"Mise sur le noir. Vous voudriez vous passer du c\u00f4t\u00e9 sombre !","description":"Votre cuisine dispose-t-elle de suffisamment de lumi\u00e8re naturelle pour concevoir une cuisine noire? Maintenant ce n'est plus un probl\u00e8me","robots":{"index":"index","follow":"follow","max-snippet":"max-snippet:-1","max-image-preview":"max-image-preview:large","max-video-preview":"max-video-preview:-1"},"canonical":"https:\/\/www.frecan.es\/blog\/fr\/toute-votre-cuisine-au-noir\/","og_locale":"fr_FR","og_type":"article","og_title":"Mise sur le noir. Vous voudriez vous passer du c\u00f4t\u00e9 sombre !","og_description":"Votre cuisine dispose-t-elle de suffisamment de lumi\u00e8re naturelle pour concevoir une cuisine noire? Maintenant ce n'est plus un probl\u00e8me","og_url":"https:\/\/www.frecan.es\/blog\/fr\/toute-votre-cuisine-au-noir\/","og_site_name":"Blog de Frecan","article_published_time":"2022-07-06T16:25:13+00:00","article_modified_time":"2022-07-19T09:11:52+00:00","og_image":[{"width":993,"height":1000,"url":"https:\/\/www.frecan.es\/blog\/wp-content\/uploads\/2022\/07\/cocina-al-negro.jpg","type":"image\/jpeg"}],"author":"Frecan","twitter_card":"summary_large_image","twitter_misc":{"\u00c9crit par":"Frecan","Dur\u00e9e de lecture estim\u00e9e":"1 minute"},"schema":{"@context":"https:\/\/schema.org","@graph":[{"@type":"Article","@id":"https:\/\/www.frecan.es\/blog\/fr\/toute-votre-cuisine-au-noir\/#article","isPartOf":{"@id":"https:\/\/www.frecan.es\/blog\/fr\/toute-votre-cuisine-au-noir\/"},"author":{"name":"Frecan","@id":"https:\/\/www.frecan.es\/blog\/fr\/#\/schema\/person\/eecbdddf4fc3d5ee61f34db3cfb262a4"},"headline":"Mise sur le noir. Vous voudriez vous passer du c\u00f4t\u00e9 sombre!","datePublished":"2022-07-06T16:25:13+00:00","dateModified":"2022-07-19T09:11:52+00:00","mainEntityOfPage":{"@id":"https:\/\/www.frecan.es\/blog\/fr\/toute-votre-cuisine-au-noir\/"},"wordCount":265,"commentCount":0,"publisher":{"@id":"https:\/\/www.frecan.es\/blog\/fr\/#organization"},"image":{"@id":"https:\/\/www.frecan.es\/blog\/fr\/toute-votre-cuisine-au-noir\/#primaryimage"},"thumbnailUrl":"https:\/\/www.frecan.es\/blog\/wp-content\/uploads\/2022\/07\/cocina-al-negro.jpg","articleSection":["Cuisines design"],"inLanguage":"fr-FR","potentialAction":[{"@type":"CommentAction","name":"Comment","target":["https:\/\/www.frecan.es\/blog\/fr\/toute-votre-cuisine-au-noir\/#respond"]}]},{"@type":"WebPage","@id":"https:\/\/www.frecan.es\/blog\/fr\/toute-votre-cuisine-au-noir\/","url":"https:\/\/www.frecan.es\/blog\/fr\/toute-votre-cuisine-au-noir\/","name":"Mise sur le noir. Vous voudriez vous passer du c\u00f4t\u00e9 sombre !","isPartOf":{"@id":"https:\/\/www.frecan.es\/blog\/fr\/#website"},"primaryImageOfPage":{"@id":"https:\/\/www.frecan.es\/blog\/fr\/toute-votre-cuisine-au-noir\/#primaryimage"},"image":{"@id":"https:\/\/www.frecan.es\/blog\/fr\/toute-votre-cuisine-au-noir\/#primaryimage"},"thumbnailUrl":"https:\/\/www.frecan.es\/blog\/wp-content\/uploads\/2022\/07\/cocina-al-negro.jpg","datePublished":"2022-07-06T16:25:13+00:00","dateModified":"2022-07-19T09:11:52+00:00","description":"Votre cuisine dispose-t-elle de suffisamment de lumi\u00e8re naturelle pour concevoir une cuisine noire? Maintenant ce n'est plus un probl\u00e8me","breadcrumb":{"@id":"https:\/\/www.frecan.es\/blog\/fr\/toute-votre-cuisine-au-noir\/#breadcrumb"},"inLanguage":"fr-FR","potentialAction":[{"@type":"ReadAction","target":["https:\/\/www.frecan.es\/blog\/fr\/toute-votre-cuisine-au-noir\/"]}]},{"@type":"ImageObject","inLanguage":"fr-FR","@id":"https:\/\/www.frecan.es\/blog\/fr\/toute-votre-cuisine-au-noir\/#primaryimage","url":"https:\/\/www.frecan.es\/blog\/wp-content\/uploads\/2022\/07\/cocina-al-negro.jpg","contentUrl":"https:\/\/www.frecan.es\/blog\/wp-content\/uploads\/2022\/07\/cocina-al-negro.jpg","width":993,"height":1000,"caption":"Cocina al negro | campana de isla negra Frecan"},{"@type":"BreadcrumbList","@id":"https:\/\/www.frecan.es\/blog\/fr\/toute-votre-cuisine-au-noir\/#breadcrumb","itemListElement":[{"@type":"ListItem","position":1,"name":"Page de Couverture","item":"https:\/\/www.frecan.es\/blog\/fr\/"},{"@type":"ListItem","position":2,"name":"Mise sur le noir. Vous voudriez vous passer du c\u00f4t\u00e9 sombre!"}]},{"@type":"WebSite","@id":"https:\/\/www.frecan.es\/blog\/fr\/#website","url":"https:\/\/www.frecan.es\/blog\/fr\/","name":"Blog de Frecan","description":"Artisanat, technologie et avant-garde au c\u0153ur de votre cuisine","publisher":{"@id":"https:\/\/www.frecan.es\/blog\/fr\/#organization"},"potentialAction":[{"@type":"SearchAction","target":{"@type":"EntryPoint","urlTemplate":"https:\/\/www.frecan.es\/blog\/fr\/?s={search_term_string}"},"query-input":{"@type":"PropertyValueSpecification","valueRequired":true,"valueName":"search_term_string"}}],"inLanguage":"fr-FR"},{"@type":"Organization","@id":"https:\/\/www.frecan.es\/blog\/fr\/#organization","name":"Frecan","url":"https:\/\/www.frecan.es\/blog\/fr\/","logo":{"@type":"ImageObject","inLanguage":"fr-FR","@id":"https:\/\/www.frecan.es\/blog\/fr\/#\/schema\/logo\/image\/","url":"https:\/\/www.frecan.es\/blog\/wp-content\/uploads\/2016\/02\/logo-frecan.png","contentUrl":"https:\/\/www.frecan.es\/blog\/wp-content\/uploads\/2016\/02\/logo-frecan.png","width":250,"height":27,"caption":"Frecan"},"image":{"@id":"https:\/\/www.frecan.es\/blog\/fr\/#\/schema\/logo\/image\/"}},{"@type":"Person","@id":"https:\/\/www.frecan.es\/blog\/fr\/#\/schema\/person\/eecbdddf4fc3d5ee61f34db3cfb262a4","name":"Frecan","image":{"@type":"ImageObject","inLanguage":"fr-FR","@id":"https:\/\/www.frecan.es\/blog\/fr\/#\/schema\/person\/image\/","url":"https:\/\/secure.gravatar.com\/avatar\/5f22fe11c8d7e915c3e67301f8a5068f?s=96&d=mm&r=g","contentUrl":"https:\/\/secure.gravatar.com\/avatar\/5f22fe11c8d7e915c3e67301f8a5068f?s=96&d=mm&r=g","caption":"Frecan"},"sameAs":["http:\/\/www.frecan.es\/"]}]}},"_links":{"self":[{"href":"https:\/\/www.frecan.es\/blog\/fr\/wp-json\/wp\/v2\/posts\/7441","targetHints":{"allow":["GET"]}}],"collection":[{"href":"https:\/\/www.frecan.es\/blog\/fr\/wp-json\/wp\/v2\/posts"}],"about":[{"href":"https:\/\/www.frecan.es\/blog\/fr\/wp-json\/wp\/v2\/types\/post"}],"author":[{"embeddable":true,"href":"https:\/\/www.frecan.es\/blog\/fr\/wp-json\/wp\/v2\/users\/2"}],"replies":[{"embeddable":true,"href":"https:\/\/www.frecan.es\/blog\/fr\/wp-json\/wp\/v2\/comments?post=7441"}],"version-history":[{"count":2,"href":"https:\/\/www.frecan.es\/blog\/fr\/wp-json\/wp\/v2\/posts\/7441\/revisions"}],"predecessor-version":[{"id":7443,"href":"https:\/\/www.frecan.es\/blog\/fr\/wp-json\/wp\/v2\/posts\/7441\/revisions\/7443"}],"wp:featuredmedia":[{"embeddable":true,"href":"https:\/\/www.frecan.es\/blog\/fr\/wp-json\/wp\/v2\/media\/7353"}],"wp:attachment":[{"href":"https:\/\/www.frecan.es\/blog\/fr\/wp-json\/wp\/v2\/media?parent=7441"}],"wp:term":[{"taxonomy":"category","embeddable":true,"href":"https:\/\/www.frecan.es\/blog\/fr\/wp-json\/wp\/v2\/categories?post=7441"},{"taxonomy":"post_tag","embeddable":true,"href":"https:\/\/www.frecan.es\/blog\/fr\/wp-json\/wp\/v2\/tags?post=7441"}],"curies":[{"name":"wp","href":"https:\/\/api.w.org\/{rel}","templated":true}]}}