{"id":7083,"date":"2022-04-27T08:00:18","date_gmt":"2022-04-27T08:00:18","guid":{"rendered":"https:\/\/www.frecan.es\/blog\/campana-integrada-hit\/"},"modified":"2022-05-16T20:21:14","modified_gmt":"2022-05-16T20:21:14","slug":"hottes-integration-hit","status":"publish","type":"post","link":"https:\/\/www.frecan.es\/blog\/fr\/hottes-integration-hit\/","title":{"rendered":"Plus de tailles, plus de possibilit\u00e9s."},"content":{"rendered":"<h2 style=\"color: #949494; font-size: 24px; line-height: 26px; margin-top: -20px;\">Dans un monde de plus en plus fr\u00e9n\u00e9tique et tenant en compte le besoin de tout englober dans le march\u00e9, la famille d\u2019hottes d\u2019int\u00e9gration Hit continue \u00e0 s\u2019agrandir.<\/h2>\n<p><!--more--><\/p>\n<p><img loading=\"lazy\" decoding=\"async\" class=\"aligncenter size-full wp-image-7003\" src=\"https:\/\/www.frecan.es\/blog\/wp-content\/uploads\/2022\/04\/campana-integracion-Hit-personalizacion-frecan-barcelona.jpg\" alt=\"Hottes d\u2019int\u00e9gration Hit | Frecan by barcelona\" width=\"1200\" height=\"858\" srcset=\"https:\/\/www.frecan.es\/blog\/wp-content\/uploads\/2022\/04\/campana-integracion-Hit-personalizacion-frecan-barcelona.jpg 1200w, https:\/\/www.frecan.es\/blog\/wp-content\/uploads\/2022\/04\/campana-integracion-Hit-personalizacion-frecan-barcelona-300x215.jpg 300w, https:\/\/www.frecan.es\/blog\/wp-content\/uploads\/2022\/04\/campana-integracion-Hit-personalizacion-frecan-barcelona-1024x732.jpg 1024w, https:\/\/www.frecan.es\/blog\/wp-content\/uploads\/2022\/04\/campana-integracion-Hit-personalizacion-frecan-barcelona-768x549.jpg 768w, https:\/\/www.frecan.es\/blog\/wp-content\/uploads\/2022\/04\/campana-integracion-Hit-personalizacion-frecan-barcelona-800x572.jpg 800w\" sizes=\"auto, (max-width: 1200px) 100vw, 1200px\" \/><\/p>\n<p>La gamme du meuble de 80 cm, provenant du design nordique et scandinave, est de plus en plus standardis\u00e9 dans notre march\u00e9. En tant que fabricants, nous avons la capacit\u00e9 d\u2019adaptation, la possibilit\u00e9 et le dynamisme pour offrir des solutions impos\u00e9es au march\u00e9 instantan\u00e9ment. Il n\u2019y a pas d\u2019autres marques dans le march\u00e9 pr\u00e9par\u00e9e pour habituer a ses clients \u00e0 ce niveau de personnalisation. C\u2019est pour \u00e7a qu\u2019aujourd\u2019hui notre projet star d\u2019int\u00e9gration, la hotte Hit, est fabriqu\u00e9e pour s\u2019adapter aux meubles de 80 cm. Et non seulement \u00e7a, dans notre nouveau catalogue, nous trouvons jusqu\u2019\u00e0 7 hottes avec la m\u00eame solution.<\/p>\n<h3>R\u00c9SILIENCE : LA NOUVELLE AVANTAGE COMMERCIALE<\/h3>\n<p>Pour survivre dans un monde si globalis\u00e9, nous devons tenir la capacit\u00e9 de nous adapter et changer tr\u00e8s rapidement au fur et \u00e0 mesure que le contexte technologique du march\u00e9 change. La r\u00e9silience nous offre la capacit\u00e9 de nous d\u00e9placer tr\u00e8s rapidement et d\u2019\u00eatre le plus vites en termes de changement vers les concurrents.<\/p>\n<p>Chez Frecan, gr\u00e2ce au fait d\u2019\u00eatre fabricants, nous alignons les personnes, les processus et les ressources pour pouvoir r\u00e9pondre plus rapidement \u00e0 la d\u00e9marche du march\u00e9.<\/p>\n<p><img loading=\"lazy\" decoding=\"async\" class=\"aligncenter size-full wp-image-6997\" src=\"https:\/\/www.frecan.es\/blog\/wp-content\/uploads\/2022\/04\/Hit-mural-ambiente-campana-integracion.jpg\" alt=\"Hottes d\u2019int\u00e9gration Hit | Frecan\" width=\"1200\" height=\"858\" srcset=\"https:\/\/www.frecan.es\/blog\/wp-content\/uploads\/2022\/04\/Hit-mural-ambiente-campana-integracion.jpg 1200w, https:\/\/www.frecan.es\/blog\/wp-content\/uploads\/2022\/04\/Hit-mural-ambiente-campana-integracion-300x215.jpg 300w, https:\/\/www.frecan.es\/blog\/wp-content\/uploads\/2022\/04\/Hit-mural-ambiente-campana-integracion-1024x732.jpg 1024w, https:\/\/www.frecan.es\/blog\/wp-content\/uploads\/2022\/04\/Hit-mural-ambiente-campana-integracion-768x549.jpg 768w, https:\/\/www.frecan.es\/blog\/wp-content\/uploads\/2022\/04\/Hit-mural-ambiente-campana-integracion-800x572.jpg 800w\" sizes=\"auto, (max-width: 1200px) 100vw, 1200px\" \/><br \/>\nLa hotte d\u2019int\u00e9gration Hit de Frecan fabriqu\u00e9 en acier inox (maintenant aussi disponible en couleur noir) est totalement encastr\u00e9 au-dessous du meuble en passant pratiquement inaper\u00e7ue. Elle est parfaite pour des cuisines ou vous souhaitez que votre hotte soit compl\u00e9tement \u00ab hors de la vue \u00bb ou pour des cuisines plus petites ou l\u2019espace est vraiment important.<\/p>\n<p>Elle a une visi\u00e8re rabattable laquelle permet deux types d\u2019aspiration ; p\u00e9rim\u00e9tral (visi\u00e8re ferm\u00e9e) ou traditionnelle (visi\u00e8re ouverte) ; permettant la visi\u00e8re de couvrir plus de zone d\u2019aspiration quand nous utilisons les feux de devant de la zone de cuisson.<\/p>\n<p>D\u00e9couvrez toutes les options de <a href=\"https:\/\/www.frecan.fr\/hottes\/encastrables\/hit\/\" target=\"_blank\" rel=\"noopener\">notre hotte Hit.<\/a><\/p>\n<h4>Derni\u00e8res nouvelles<\/h4>\n<blockquote class=\"wp-embedded-content\" data-secret=\"CzG966ofbJ\"><p><a href=\"https:\/\/www.frecan.es\/blog\/nuevo-catalogo-coleccion-2022\/\">\u00a1Estamos muy emocionados de anunciar que nuestro NUEVO cat\u00e1logo de sistemas de aspiraci\u00f3n y cocci\u00f3n, ya est\u00e1 en el Horno.<\/a><\/p><\/blockquote>\n<p><iframe loading=\"lazy\" class=\"wp-embedded-content\" sandbox=\"allow-scripts\" security=\"restricted\" style=\"position: absolute; clip: rect(1px, 1px, 1px, 1px);\" title=\"\u00ab\u00a0\u00a1Estamos muy emocionados de anunciar que nuestro NUEVO cat\u00e1logo de sistemas de aspiraci\u00f3n y cocci\u00f3n, ya est\u00e1 en el Horno.\u00a0\u00bb &#8212; Blog de Frecan\" src=\"https:\/\/www.frecan.es\/blog\/nuevo-catalogo-coleccion-2022\/embed\/#?secret=IQeCaGGNNs#?secret=CzG966ofbJ\" data-secret=\"CzG966ofbJ\" width=\"600\" height=\"338\" frameborder=\"0\" marginwidth=\"0\" marginheight=\"0\" scrolling=\"no\"><\/iframe><\/p>\n<blockquote class=\"wp-embedded-content\" data-secret=\"YSTIHPIoHt\"><p><a href=\"https:\/\/www.frecan.es\/blog\/nueva-campana-techo-lia\/\">\u00a1Conoce a la NUEVA campana de techo, Lia! Una de nuestras \u00faltimas incorporaciones a nuestra colecci\u00f3n.<\/a><\/p><\/blockquote>\n<p><iframe loading=\"lazy\" class=\"wp-embedded-content\" sandbox=\"allow-scripts\" security=\"restricted\" style=\"position: absolute; clip: rect(1px, 1px, 1px, 1px);\" title=\"\u00ab\u00a0\u00a1Conoce a la NUEVA campana de techo, Lia! Una de nuestras \u00faltimas incorporaciones a nuestra colecci\u00f3n.\u00a0\u00bb &#8212; Blog de Frecan\" src=\"https:\/\/www.frecan.es\/blog\/nueva-campana-techo-lia\/embed\/#?secret=7psWTk1Zyq#?secret=YSTIHPIoHt\" data-secret=\"YSTIHPIoHt\" width=\"600\" height=\"338\" frameborder=\"0\" marginwidth=\"0\" marginheight=\"0\" scrolling=\"no\"><\/iframe><\/p>\n","protected":false},"excerpt":{"rendered":"<p>Dans un monde de plus en plus fr\u00e9n\u00e9tique et tenant en compte le besoin de tout englober dans le march\u00e9, la famille d\u2019hottes d\u2019int\u00e9gration Hit continue \u00e0 s\u2019agrandir.<\/p>\n","protected":false},"author":2,"featured_media":7000,"comment_status":"open","ping_status":"open","sticky":false,"template":"","format":"standard","meta":{"footnotes":""},"categories":[60],"tags":[],"class_list":{"0":"post-7083","1":"post","2":"type-post","3":"status-publish","4":"format-standard","5":"has-post-thumbnail","7":"category-fabricants-hottes-haut-de-gamme-fr"},"yoast_head":"<!-- This site is optimized with the Yoast SEO plugin v24.7 - https:\/\/yoast.com\/wordpress\/plugins\/seo\/ -->\n<title>Hottes d\u2019int\u00e9gration Hit | Vous choisissez la taille<\/title>\n<meta name=\"description\" content=\"Notre pi\u00e8ce phare d&#039;int\u00e9gration, la hotte Hit, nous l&#039;avons fabriqu\u00e9e en 5 tailles pour qu&#039;elle s&#039;adapte \u00e0 tous les besoins\" \/>\n<meta name=\"robots\" content=\"index, follow, max-snippet:-1, max-image-preview:large, max-video-preview:-1\" \/>\n<link rel=\"canonical\" href=\"https:\/\/www.frecan.es\/blog\/fr\/hottes-integration-hit\/\" \/>\n<meta property=\"og:locale\" content=\"fr_FR\" \/>\n<meta property=\"og:type\" content=\"article\" \/>\n<meta property=\"og:title\" content=\"Hottes d\u2019int\u00e9gration Hit | Vous choisissez la taille\" \/>\n<meta property=\"og:description\" content=\"Notre pi\u00e8ce phare d&#039;int\u00e9gration, la hotte Hit, nous l&#039;avons fabriqu\u00e9e en 5 tailles pour qu&#039;elle s&#039;adapte \u00e0 tous les besoins\" \/>\n<meta property=\"og:url\" content=\"https:\/\/www.frecan.es\/blog\/fr\/hottes-integration-hit\/\" \/>\n<meta property=\"og:site_name\" content=\"Blog de Frecan\" \/>\n<meta property=\"article:published_time\" content=\"2022-04-27T08:00:18+00:00\" \/>\n<meta property=\"article:modified_time\" content=\"2022-05-16T20:21:14+00:00\" \/>\n<meta property=\"og:image\" content=\"https:\/\/www.frecan.es\/blog\/wp-content\/uploads\/2022\/04\/campana-integracion-hit-mural.jpg\" \/>\n\t<meta property=\"og:image:width\" content=\"858\" \/>\n\t<meta property=\"og:image:height\" content=\"858\" \/>\n\t<meta property=\"og:image:type\" content=\"image\/jpeg\" \/>\n<meta name=\"author\" content=\"Frecan\" \/>\n<meta name=\"twitter:card\" content=\"summary_large_image\" \/>\n<meta name=\"twitter:label1\" content=\"\u00c9crit par\" \/>\n\t<meta name=\"twitter:data1\" content=\"Frecan\" \/>\n\t<meta name=\"twitter:label2\" content=\"Dur\u00e9e de lecture estim\u00e9e\" \/>\n\t<meta name=\"twitter:data2\" content=\"2 minutes\" \/>\n<script type=\"application\/ld+json\" class=\"yoast-schema-graph\">{\"@context\":\"https:\/\/schema.org\",\"@graph\":[{\"@type\":\"Article\",\"@id\":\"https:\/\/www.frecan.es\/blog\/fr\/hottes-integration-hit\/#article\",\"isPartOf\":{\"@id\":\"https:\/\/www.frecan.es\/blog\/fr\/hottes-integration-hit\/\"},\"author\":{\"name\":\"Frecan\",\"@id\":\"https:\/\/www.frecan.es\/blog\/fr\/#\/schema\/person\/eecbdddf4fc3d5ee61f34db3cfb262a4\"},\"headline\":\"Plus de tailles, plus de possibilit\u00e9s.\",\"datePublished\":\"2022-04-27T08:00:18+00:00\",\"dateModified\":\"2022-05-16T20:21:14+00:00\",\"mainEntityOfPage\":{\"@id\":\"https:\/\/www.frecan.es\/blog\/fr\/hottes-integration-hit\/\"},\"wordCount\":376,\"commentCount\":0,\"publisher\":{\"@id\":\"https:\/\/www.frecan.es\/blog\/fr\/#organization\"},\"image\":{\"@id\":\"https:\/\/www.frecan.es\/blog\/fr\/hottes-integration-hit\/#primaryimage\"},\"thumbnailUrl\":\"https:\/\/www.frecan.es\/blog\/wp-content\/uploads\/2022\/04\/campana-integracion-hit-mural.jpg\",\"articleSection\":[\"Fabricants de hottes haut de gamme\"],\"inLanguage\":\"fr-FR\",\"potentialAction\":[{\"@type\":\"CommentAction\",\"name\":\"Comment\",\"target\":[\"https:\/\/www.frecan.es\/blog\/fr\/hottes-integration-hit\/#respond\"]}]},{\"@type\":\"WebPage\",\"@id\":\"https:\/\/www.frecan.es\/blog\/fr\/hottes-integration-hit\/\",\"url\":\"https:\/\/www.frecan.es\/blog\/fr\/hottes-integration-hit\/\",\"name\":\"Hottes d\u2019int\u00e9gration Hit | Vous choisissez la taille\",\"isPartOf\":{\"@id\":\"https:\/\/www.frecan.es\/blog\/fr\/#website\"},\"primaryImageOfPage\":{\"@id\":\"https:\/\/www.frecan.es\/blog\/fr\/hottes-integration-hit\/#primaryimage\"},\"image\":{\"@id\":\"https:\/\/www.frecan.es\/blog\/fr\/hottes-integration-hit\/#primaryimage\"},\"thumbnailUrl\":\"https:\/\/www.frecan.es\/blog\/wp-content\/uploads\/2022\/04\/campana-integracion-hit-mural.jpg\",\"datePublished\":\"2022-04-27T08:00:18+00:00\",\"dateModified\":\"2022-05-16T20:21:14+00:00\",\"description\":\"Notre pi\u00e8ce phare d'int\u00e9gration, la hotte Hit, nous l'avons fabriqu\u00e9e en 5 tailles pour qu'elle s'adapte \u00e0 tous les besoins\",\"breadcrumb\":{\"@id\":\"https:\/\/www.frecan.es\/blog\/fr\/hottes-integration-hit\/#breadcrumb\"},\"inLanguage\":\"fr-FR\",\"potentialAction\":[{\"@type\":\"ReadAction\",\"target\":[\"https:\/\/www.frecan.es\/blog\/fr\/hottes-integration-hit\/\"]}]},{\"@type\":\"ImageObject\",\"inLanguage\":\"fr-FR\",\"@id\":\"https:\/\/www.frecan.es\/blog\/fr\/hottes-integration-hit\/#primaryimage\",\"url\":\"https:\/\/www.frecan.es\/blog\/wp-content\/uploads\/2022\/04\/campana-integracion-hit-mural.jpg\",\"contentUrl\":\"https:\/\/www.frecan.es\/blog\/wp-content\/uploads\/2022\/04\/campana-integracion-hit-mural.jpg\",\"width\":858,\"height\":858,\"caption\":\"Campana integraci\u00f3n Hit | Frecan\"},{\"@type\":\"BreadcrumbList\",\"@id\":\"https:\/\/www.frecan.es\/blog\/fr\/hottes-integration-hit\/#breadcrumb\",\"itemListElement\":[{\"@type\":\"ListItem\",\"position\":1,\"name\":\"Page de Couverture\",\"item\":\"https:\/\/www.frecan.es\/blog\/fr\/\"},{\"@type\":\"ListItem\",\"position\":2,\"name\":\"Plus de tailles, plus de possibilit\u00e9s.\"}]},{\"@type\":\"WebSite\",\"@id\":\"https:\/\/www.frecan.es\/blog\/fr\/#website\",\"url\":\"https:\/\/www.frecan.es\/blog\/fr\/\",\"name\":\"Blog de Frecan\",\"description\":\"Artisanat, technologie et avant-garde au c\u0153ur de votre cuisine\",\"publisher\":{\"@id\":\"https:\/\/www.frecan.es\/blog\/fr\/#organization\"},\"potentialAction\":[{\"@type\":\"SearchAction\",\"target\":{\"@type\":\"EntryPoint\",\"urlTemplate\":\"https:\/\/www.frecan.es\/blog\/fr\/?s={search_term_string}\"},\"query-input\":{\"@type\":\"PropertyValueSpecification\",\"valueRequired\":true,\"valueName\":\"search_term_string\"}}],\"inLanguage\":\"fr-FR\"},{\"@type\":\"Organization\",\"@id\":\"https:\/\/www.frecan.es\/blog\/fr\/#organization\",\"name\":\"Frecan\",\"url\":\"https:\/\/www.frecan.es\/blog\/fr\/\",\"logo\":{\"@type\":\"ImageObject\",\"inLanguage\":\"fr-FR\",\"@id\":\"https:\/\/www.frecan.es\/blog\/fr\/#\/schema\/logo\/image\/\",\"url\":\"https:\/\/www.frecan.es\/blog\/wp-content\/uploads\/2016\/02\/logo-frecan.png\",\"contentUrl\":\"https:\/\/www.frecan.es\/blog\/wp-content\/uploads\/2016\/02\/logo-frecan.png\",\"width\":250,\"height\":27,\"caption\":\"Frecan\"},\"image\":{\"@id\":\"https:\/\/www.frecan.es\/blog\/fr\/#\/schema\/logo\/image\/\"}},{\"@type\":\"Person\",\"@id\":\"https:\/\/www.frecan.es\/blog\/fr\/#\/schema\/person\/eecbdddf4fc3d5ee61f34db3cfb262a4\",\"name\":\"Frecan\",\"image\":{\"@type\":\"ImageObject\",\"inLanguage\":\"fr-FR\",\"@id\":\"https:\/\/www.frecan.es\/blog\/fr\/#\/schema\/person\/image\/\",\"url\":\"https:\/\/secure.gravatar.com\/avatar\/5f22fe11c8d7e915c3e67301f8a5068f?s=96&d=mm&r=g\",\"contentUrl\":\"https:\/\/secure.gravatar.com\/avatar\/5f22fe11c8d7e915c3e67301f8a5068f?s=96&d=mm&r=g\",\"caption\":\"Frecan\"},\"sameAs\":[\"http:\/\/www.frecan.es\/\"]}]}<\/script>\n<!-- \/ Yoast SEO plugin. -->","yoast_head_json":{"title":"Hottes d\u2019int\u00e9gration Hit | Vous choisissez la taille","description":"Notre pi\u00e8ce phare d'int\u00e9gration, la hotte Hit, nous l'avons fabriqu\u00e9e en 5 tailles pour qu'elle s'adapte \u00e0 tous les besoins","robots":{"index":"index","follow":"follow","max-snippet":"max-snippet:-1","max-image-preview":"max-image-preview:large","max-video-preview":"max-video-preview:-1"},"canonical":"https:\/\/www.frecan.es\/blog\/fr\/hottes-integration-hit\/","og_locale":"fr_FR","og_type":"article","og_title":"Hottes d\u2019int\u00e9gration Hit | Vous choisissez la taille","og_description":"Notre pi\u00e8ce phare d'int\u00e9gration, la hotte Hit, nous l'avons fabriqu\u00e9e en 5 tailles pour qu'elle s'adapte \u00e0 tous les besoins","og_url":"https:\/\/www.frecan.es\/blog\/fr\/hottes-integration-hit\/","og_site_name":"Blog de Frecan","article_published_time":"2022-04-27T08:00:18+00:00","article_modified_time":"2022-05-16T20:21:14+00:00","og_image":[{"width":858,"height":858,"url":"https:\/\/www.frecan.es\/blog\/wp-content\/uploads\/2022\/04\/campana-integracion-hit-mural.jpg","type":"image\/jpeg"}],"author":"Frecan","twitter_card":"summary_large_image","twitter_misc":{"\u00c9crit par":"Frecan","Dur\u00e9e de lecture estim\u00e9e":"2 minutes"},"schema":{"@context":"https:\/\/schema.org","@graph":[{"@type":"Article","@id":"https:\/\/www.frecan.es\/blog\/fr\/hottes-integration-hit\/#article","isPartOf":{"@id":"https:\/\/www.frecan.es\/blog\/fr\/hottes-integration-hit\/"},"author":{"name":"Frecan","@id":"https:\/\/www.frecan.es\/blog\/fr\/#\/schema\/person\/eecbdddf4fc3d5ee61f34db3cfb262a4"},"headline":"Plus de tailles, plus de possibilit\u00e9s.","datePublished":"2022-04-27T08:00:18+00:00","dateModified":"2022-05-16T20:21:14+00:00","mainEntityOfPage":{"@id":"https:\/\/www.frecan.es\/blog\/fr\/hottes-integration-hit\/"},"wordCount":376,"commentCount":0,"publisher":{"@id":"https:\/\/www.frecan.es\/blog\/fr\/#organization"},"image":{"@id":"https:\/\/www.frecan.es\/blog\/fr\/hottes-integration-hit\/#primaryimage"},"thumbnailUrl":"https:\/\/www.frecan.es\/blog\/wp-content\/uploads\/2022\/04\/campana-integracion-hit-mural.jpg","articleSection":["Fabricants de hottes haut de gamme"],"inLanguage":"fr-FR","potentialAction":[{"@type":"CommentAction","name":"Comment","target":["https:\/\/www.frecan.es\/blog\/fr\/hottes-integration-hit\/#respond"]}]},{"@type":"WebPage","@id":"https:\/\/www.frecan.es\/blog\/fr\/hottes-integration-hit\/","url":"https:\/\/www.frecan.es\/blog\/fr\/hottes-integration-hit\/","name":"Hottes d\u2019int\u00e9gration Hit | Vous choisissez la taille","isPartOf":{"@id":"https:\/\/www.frecan.es\/blog\/fr\/#website"},"primaryImageOfPage":{"@id":"https:\/\/www.frecan.es\/blog\/fr\/hottes-integration-hit\/#primaryimage"},"image":{"@id":"https:\/\/www.frecan.es\/blog\/fr\/hottes-integration-hit\/#primaryimage"},"thumbnailUrl":"https:\/\/www.frecan.es\/blog\/wp-content\/uploads\/2022\/04\/campana-integracion-hit-mural.jpg","datePublished":"2022-04-27T08:00:18+00:00","dateModified":"2022-05-16T20:21:14+00:00","description":"Notre pi\u00e8ce phare d'int\u00e9gration, la hotte Hit, nous l'avons fabriqu\u00e9e en 5 tailles pour qu'elle s'adapte \u00e0 tous les besoins","breadcrumb":{"@id":"https:\/\/www.frecan.es\/blog\/fr\/hottes-integration-hit\/#breadcrumb"},"inLanguage":"fr-FR","potentialAction":[{"@type":"ReadAction","target":["https:\/\/www.frecan.es\/blog\/fr\/hottes-integration-hit\/"]}]},{"@type":"ImageObject","inLanguage":"fr-FR","@id":"https:\/\/www.frecan.es\/blog\/fr\/hottes-integration-hit\/#primaryimage","url":"https:\/\/www.frecan.es\/blog\/wp-content\/uploads\/2022\/04\/campana-integracion-hit-mural.jpg","contentUrl":"https:\/\/www.frecan.es\/blog\/wp-content\/uploads\/2022\/04\/campana-integracion-hit-mural.jpg","width":858,"height":858,"caption":"Campana integraci\u00f3n Hit | Frecan"},{"@type":"BreadcrumbList","@id":"https:\/\/www.frecan.es\/blog\/fr\/hottes-integration-hit\/#breadcrumb","itemListElement":[{"@type":"ListItem","position":1,"name":"Page de Couverture","item":"https:\/\/www.frecan.es\/blog\/fr\/"},{"@type":"ListItem","position":2,"name":"Plus de tailles, plus de possibilit\u00e9s."}]},{"@type":"WebSite","@id":"https:\/\/www.frecan.es\/blog\/fr\/#website","url":"https:\/\/www.frecan.es\/blog\/fr\/","name":"Blog de Frecan","description":"Artisanat, technologie et avant-garde au c\u0153ur de votre cuisine","publisher":{"@id":"https:\/\/www.frecan.es\/blog\/fr\/#organization"},"potentialAction":[{"@type":"SearchAction","target":{"@type":"EntryPoint","urlTemplate":"https:\/\/www.frecan.es\/blog\/fr\/?s={search_term_string}"},"query-input":{"@type":"PropertyValueSpecification","valueRequired":true,"valueName":"search_term_string"}}],"inLanguage":"fr-FR"},{"@type":"Organization","@id":"https:\/\/www.frecan.es\/blog\/fr\/#organization","name":"Frecan","url":"https:\/\/www.frecan.es\/blog\/fr\/","logo":{"@type":"ImageObject","inLanguage":"fr-FR","@id":"https:\/\/www.frecan.es\/blog\/fr\/#\/schema\/logo\/image\/","url":"https:\/\/www.frecan.es\/blog\/wp-content\/uploads\/2016\/02\/logo-frecan.png","contentUrl":"https:\/\/www.frecan.es\/blog\/wp-content\/uploads\/2016\/02\/logo-frecan.png","width":250,"height":27,"caption":"Frecan"},"image":{"@id":"https:\/\/www.frecan.es\/blog\/fr\/#\/schema\/logo\/image\/"}},{"@type":"Person","@id":"https:\/\/www.frecan.es\/blog\/fr\/#\/schema\/person\/eecbdddf4fc3d5ee61f34db3cfb262a4","name":"Frecan","image":{"@type":"ImageObject","inLanguage":"fr-FR","@id":"https:\/\/www.frecan.es\/blog\/fr\/#\/schema\/person\/image\/","url":"https:\/\/secure.gravatar.com\/avatar\/5f22fe11c8d7e915c3e67301f8a5068f?s=96&d=mm&r=g","contentUrl":"https:\/\/secure.gravatar.com\/avatar\/5f22fe11c8d7e915c3e67301f8a5068f?s=96&d=mm&r=g","caption":"Frecan"},"sameAs":["http:\/\/www.frecan.es\/"]}]}},"_links":{"self":[{"href":"https:\/\/www.frecan.es\/blog\/fr\/wp-json\/wp\/v2\/posts\/7083","targetHints":{"allow":["GET"]}}],"collection":[{"href":"https:\/\/www.frecan.es\/blog\/fr\/wp-json\/wp\/v2\/posts"}],"about":[{"href":"https:\/\/www.frecan.es\/blog\/fr\/wp-json\/wp\/v2\/types\/post"}],"author":[{"embeddable":true,"href":"https:\/\/www.frecan.es\/blog\/fr\/wp-json\/wp\/v2\/users\/2"}],"replies":[{"embeddable":true,"href":"https:\/\/www.frecan.es\/blog\/fr\/wp-json\/wp\/v2\/comments?post=7083"}],"version-history":[{"count":2,"href":"https:\/\/www.frecan.es\/blog\/fr\/wp-json\/wp\/v2\/posts\/7083\/revisions"}],"predecessor-version":[{"id":7085,"href":"https:\/\/www.frecan.es\/blog\/fr\/wp-json\/wp\/v2\/posts\/7083\/revisions\/7085"}],"wp:featuredmedia":[{"embeddable":true,"href":"https:\/\/www.frecan.es\/blog\/fr\/wp-json\/wp\/v2\/media\/7000"}],"wp:attachment":[{"href":"https:\/\/www.frecan.es\/blog\/fr\/wp-json\/wp\/v2\/media?parent=7083"}],"wp:term":[{"taxonomy":"category","embeddable":true,"href":"https:\/\/www.frecan.es\/blog\/fr\/wp-json\/wp\/v2\/categories?post=7083"},{"taxonomy":"post_tag","embeddable":true,"href":"https:\/\/www.frecan.es\/blog\/fr\/wp-json\/wp\/v2\/tags?post=7083"}],"curies":[{"name":"wp","href":"https:\/\/api.w.org\/{rel}","templated":true}]}}