{"id":6473,"date":"2022-01-17T15:25:05","date_gmt":"2022-01-17T15:25:05","guid":{"rendered":"https:\/\/www.frecan.es\/blog\/take-a-breath\/"},"modified":"2022-01-19T11:16:56","modified_gmt":"2022-01-19T11:16:56","slug":"take-a-breath","status":"publish","type":"post","link":"https:\/\/www.frecan.es\/blog\/fr\/take-a-breath\/","title":{"rendered":"Prenez une pause avec le syst\u00e8me de purification de l\u2019air de FrecanAir"},"content":{"rendered":"<h2 style=\"color: #949494; font-size: 24px; line-height: 26px; margin-top: -20px;\">Apr\u00e8s cette p\u00e9riode de No\u00ebl si \u00e9trange, tout le monde pense beaucoup plus dans la qualit\u00e9 de l\u2019air que nous respirons, m\u00eame dedans nos maisons.<br \/>\n<!--more--><\/h2>\n<p>En Hiver, nous passons le 90% du temps \u00e0 l\u2019int\u00e9rieur et l\u2019air dedans nos maisons peut \u00eatre entre 2 et 5 fois plus contamin\u00e9e que cela de la rue si nous n\u2019a\u00e9rons pas si souvent.<\/p>\n<p>Personne n\u2019aime une mauvaise odeur dans la cuisine ou partout la maison. Au-del\u00e0 d\u2019\u00eatre d\u00e9sagr\u00e9ables, quelques odeurs et les compos\u00e9s organiques volatils (VOC) lib\u00e9r\u00e9s au moment de la cuisson, peuvent \u00eatre nocives pour notre sant\u00e9.<\/p>\n<h3>PURIFIEZ VOTRE AIR<\/h3>\n<p>La meilleure fa\u00e7on d\u2019\u00e9viter les odeurs est de les \u00e9liminer de l\u2019air le plus rapidement possible. En plus d\u2019ouvrir les fen\u00eatres et utiliser la hotte de cuisine, vous pouvez \u00e9liminer les odeurs et la fum\u00e9e de la cuisine avec un syst\u00e8me \u00e0 recirculation bas\u00e9 dans la technologie du plasma comme le filtre \u00e0 Plasma FrecanAir.<\/p>\n<p><img loading=\"lazy\" decoding=\"async\" src=\"https:\/\/www.frecan.es\/blog\/wp-content\/uploads\/2021\/12\/systemes-recirculation-avantages-plasma.jpg\" alt=\"Prenez une pause - purifiez votre air. Frecan\" width=\"1460\" height=\"1460\" class=\"aligncenter size-full wp-image-6443\" srcset=\"https:\/\/www.frecan.es\/blog\/wp-content\/uploads\/2021\/12\/systemes-recirculation-avantages-plasma.jpg 1460w, https:\/\/www.frecan.es\/blog\/wp-content\/uploads\/2021\/12\/systemes-recirculation-avantages-plasma-300x300.jpg 300w, https:\/\/www.frecan.es\/blog\/wp-content\/uploads\/2021\/12\/systemes-recirculation-avantages-plasma-1024x1024.jpg 1024w, https:\/\/www.frecan.es\/blog\/wp-content\/uploads\/2021\/12\/systemes-recirculation-avantages-plasma-150x150.jpg 150w, https:\/\/www.frecan.es\/blog\/wp-content\/uploads\/2021\/12\/systemes-recirculation-avantages-plasma-768x768.jpg 768w, https:\/\/www.frecan.es\/blog\/wp-content\/uploads\/2021\/12\/systemes-recirculation-avantages-plasma-800x800.jpg 800w, https:\/\/www.frecan.es\/blog\/wp-content\/uploads\/2021\/12\/systemes-recirculation-avantages-plasma-440x440.jpg 440w, https:\/\/www.frecan.es\/blog\/wp-content\/uploads\/2021\/12\/systemes-recirculation-avantages-plasma-1280x1280.jpg 1280w, https:\/\/www.frecan.es\/blog\/wp-content\/uploads\/2021\/12\/systemes-recirculation-avantages-plasma-600x600.jpg 600w, https:\/\/www.frecan.es\/blog\/wp-content\/uploads\/2021\/12\/systemes-recirculation-avantages-plasma-100x100.jpg 100w\" sizes=\"auto, (max-width: 1460px) 100vw, 1460px\" \/><\/p>\n<p><strong>(1) <\/strong>Quand la hotte est allum\u00e9e, le flux d\u2019air est impuls\u00e9 vers le filtre \u00e0 graisse, responsable de retenir la graisse et d\u2019autres particules denses. <strong>(2)<\/strong> Quand l\u2019air arrive au filtre \u00e0 Plasma, un capteur interne active une s\u00e9rie de chocs \u00e9lectriques lesquels modifient la structure mol\u00e9culaire des particules nocives. <strong>(3)<\/strong> Ensuite, des r\u00e9actions chimiques se produisent afin de d\u00e9composer les mol\u00e9cules d\u2019odeur, du pollen, etc. et les \u00e9liminent d\u00e9finitivement. <strong>(4)<\/strong> Finalement, l\u2019air est filtr\u00e9 \u00e0 nouveau \u00e0 travers le charbon actif en lib\u00e9rant seulement de l\u2019oxyg\u00e8ne, du CO2 et de l\u2019humidit\u00e9.<\/p>\n<blockquote><p>Gr\u00e2ce \u00e0 l\u2019exclusive technologie de filtration \u00e0 Plasma FrecanAir, notre purificateur d\u2019air \u00e9limine le 98% de toutes les particules en suspension dans l\u2019aire tels que la poussi\u00e8re, le pollen, la fum\u00e9e, les poils des animaux, les odeurs, la graisse, les bact\u00e9ries et les virusses.<\/p><\/blockquote>\n<p>Le filtre \u00e0 Plasma de FrecanAir a \u00e9t\u00e9 sp\u00e9cialement con\u00e7u pour purifier l\u2019air de la cuisine. Il est facilement installable dans pratiquement tous types d\u2019hottes d\u2019extraction (existantes ou nouvelles). Quand la hotte est allum\u00e9e, le flux d\u2019air est dirig\u00e9 vers le filtre \u00e0 Plasma de Frecan Air.<\/p>\n<p><a style=\"font-size: 18px; background-color: #949494; color: white !important; padding: 15px;\" href=\"https:\/\/www.frecan.fr\/pdf\/frecanAIR-FR.pdf\" target=\"_blank\" rel=\"noopener\">T\u00e9l\u00e9charger le catalogue<\/a><\/p>\n<h3>En savoir plus sur nos syst\u00e8mes de recirculation et faire une pause<\/h3>\n<blockquote class=\"wp-embedded-content\" data-secret=\"hHxQvCC9Sz\"><p><a href=\"https:\/\/www.frecan.es\/blog\/fr\/avantages-recirculacion-plus\/\">Elimina el 98% de los olores, humos y sustancias contaminantes<\/a><\/p><\/blockquote>\n<p><iframe loading=\"lazy\" class=\"wp-embedded-content\" sandbox=\"allow-scripts\" security=\"restricted\" style=\"position: absolute; clip: rect(1px, 1px, 1px, 1px);\" title=\"\u00ab\u00a0Elimina el 98% de los olores, humos y sustancias contaminantes\u00a0\u00bb &#8212; Blog de Frecan\" src=\"https:\/\/www.frecan.es\/blog\/fr\/avantages-recirculacion-plus\/embed\/#?secret=hHxQvCC9Sz\" data-secret=\"hHxQvCC9Sz\" width=\"600\" height=\"338\" frameborder=\"0\" marginwidth=\"0\" marginheight=\"0\" scrolling=\"no\"><\/iframe><\/p>\n<blockquote class=\"wp-embedded-content\" data-secret=\"FU1t3piE1s\"><p><a href=\"https:\/\/www.frecan.es\/blog\/fr\/quelle-est-la-difference-entre-une-hotte-a-recirculation-et-une-hotte-conventionnelle\/\">\u00bfQu\u00e9 diferencia hay entre una campana extractora de recirculaci\u00f3n y una  convencional?<\/a><\/p><\/blockquote>\n<p><iframe loading=\"lazy\" class=\"wp-embedded-content\" sandbox=\"allow-scripts\" security=\"restricted\" style=\"position: absolute; clip: rect(1px, 1px, 1px, 1px);\" title=\"\u00ab\u00a0\u00bfQu\u00e9 diferencia hay entre una campana extractora de recirculaci\u00f3n y una  convencional?\u00a0\u00bb &#8212; Blog de Frecan\" src=\"https:\/\/www.frecan.es\/blog\/fr\/quelle-est-la-difference-entre-une-hotte-a-recirculation-et-une-hotte-conventionnelle\/embed\/#?secret=FU1t3piE1s\" data-secret=\"FU1t3piE1s\" width=\"600\" height=\"338\" frameborder=\"0\" marginwidth=\"0\" marginheight=\"0\" scrolling=\"no\"><\/iframe><\/p>\n","protected":false},"excerpt":{"rendered":"<p>Apr\u00e8s cette p\u00e9riode de No\u00ebl si \u00e9trange, tout le monde pense beaucoup plus dans la qualit\u00e9 de l\u2019air que nous respirons, m\u00eame dedans nos maisons.<\/p>\n","protected":false},"author":2,"featured_media":6475,"comment_status":"open","ping_status":"open","sticky":false,"template":"","format":"standard","meta":{"footnotes":""},"categories":[63],"tags":[],"class_list":{"0":"post-6473","1":"post","2":"type-post","3":"status-publish","4":"format-standard","5":"has-post-thumbnail","7":"category-recirculation-et-passivhaus"},"yoast_head":"<!-- This site is optimized with the Yoast SEO plugin v24.7 - https:\/\/yoast.com\/wordpress\/plugins\/seo\/ -->\n<title>Prenez une pause avec le syst\u00e8me de purification de l\u2019air de FrecanAir<\/title>\n<meta name=\"description\" content=\"Apr\u00e8s ces jours, tout le monde pense beaucoup plus dans la qualit\u00e9 de l\u2019air que nous respirons, m\u00eame dedans nos maisons. purifiez votre air\" \/>\n<meta name=\"robots\" content=\"index, follow, max-snippet:-1, max-image-preview:large, max-video-preview:-1\" \/>\n<link rel=\"canonical\" href=\"https:\/\/www.frecan.es\/blog\/fr\/take-a-breath\/\" \/>\n<meta property=\"og:locale\" content=\"fr_FR\" \/>\n<meta property=\"og:type\" content=\"article\" \/>\n<meta property=\"og:title\" content=\"Prenez une pause avec le syst\u00e8me de purification de l\u2019air de FrecanAir\" \/>\n<meta property=\"og:description\" content=\"Apr\u00e8s ces jours, tout le monde pense beaucoup plus dans la qualit\u00e9 de l\u2019air que nous respirons, m\u00eame dedans nos maisons. purifiez votre air\" \/>\n<meta property=\"og:url\" content=\"https:\/\/www.frecan.es\/blog\/fr\/take-a-breath\/\" \/>\n<meta property=\"og:site_name\" content=\"Blog de Frecan\" \/>\n<meta property=\"article:published_time\" content=\"2022-01-17T15:25:05+00:00\" \/>\n<meta property=\"article:modified_time\" content=\"2022-01-19T11:16:56+00:00\" \/>\n<meta property=\"og:image\" content=\"https:\/\/www.frecan.es\/blog\/wp-content\/uploads\/2022\/01\/plasma-recyclage-pour-un-meilleur-environnement.jpg\" \/>\n\t<meta property=\"og:image:width\" content=\"1561\" \/>\n\t<meta property=\"og:image:height\" content=\"1560\" \/>\n\t<meta property=\"og:image:type\" content=\"image\/jpeg\" \/>\n<meta name=\"author\" content=\"Frecan\" \/>\n<meta name=\"twitter:card\" content=\"summary_large_image\" \/>\n<meta name=\"twitter:label1\" content=\"\u00c9crit par\" \/>\n\t<meta name=\"twitter:data1\" content=\"Frecan\" \/>\n\t<meta name=\"twitter:label2\" content=\"Dur\u00e9e de lecture estim\u00e9e\" \/>\n\t<meta name=\"twitter:data2\" content=\"2 minutes\" \/>\n<script type=\"application\/ld+json\" class=\"yoast-schema-graph\">{\"@context\":\"https:\/\/schema.org\",\"@graph\":[{\"@type\":\"Article\",\"@id\":\"https:\/\/www.frecan.es\/blog\/fr\/take-a-breath\/#article\",\"isPartOf\":{\"@id\":\"https:\/\/www.frecan.es\/blog\/fr\/take-a-breath\/\"},\"author\":{\"name\":\"Frecan\",\"@id\":\"https:\/\/www.frecan.es\/blog\/fr\/#\/schema\/person\/eecbdddf4fc3d5ee61f34db3cfb262a4\"},\"headline\":\"Prenez une pause avec le syst\u00e8me de purification de l\u2019air de FrecanAir\",\"datePublished\":\"2022-01-17T15:25:05+00:00\",\"dateModified\":\"2022-01-19T11:16:56+00:00\",\"mainEntityOfPage\":{\"@id\":\"https:\/\/www.frecan.es\/blog\/fr\/take-a-breath\/\"},\"wordCount\":416,\"commentCount\":0,\"publisher\":{\"@id\":\"https:\/\/www.frecan.es\/blog\/fr\/#organization\"},\"image\":{\"@id\":\"https:\/\/www.frecan.es\/blog\/fr\/take-a-breath\/#primaryimage\"},\"thumbnailUrl\":\"https:\/\/www.frecan.es\/blog\/wp-content\/uploads\/2022\/01\/plasma-recyclage-pour-un-meilleur-environnement.jpg\",\"articleSection\":[\"Recirculacion et Passivhaus\"],\"inLanguage\":\"fr-FR\",\"potentialAction\":[{\"@type\":\"CommentAction\",\"name\":\"Comment\",\"target\":[\"https:\/\/www.frecan.es\/blog\/fr\/take-a-breath\/#respond\"]}]},{\"@type\":\"WebPage\",\"@id\":\"https:\/\/www.frecan.es\/blog\/fr\/take-a-breath\/\",\"url\":\"https:\/\/www.frecan.es\/blog\/fr\/take-a-breath\/\",\"name\":\"Prenez une pause avec le syst\u00e8me de purification de l\u2019air de FrecanAir\",\"isPartOf\":{\"@id\":\"https:\/\/www.frecan.es\/blog\/fr\/#website\"},\"primaryImageOfPage\":{\"@id\":\"https:\/\/www.frecan.es\/blog\/fr\/take-a-breath\/#primaryimage\"},\"image\":{\"@id\":\"https:\/\/www.frecan.es\/blog\/fr\/take-a-breath\/#primaryimage\"},\"thumbnailUrl\":\"https:\/\/www.frecan.es\/blog\/wp-content\/uploads\/2022\/01\/plasma-recyclage-pour-un-meilleur-environnement.jpg\",\"datePublished\":\"2022-01-17T15:25:05+00:00\",\"dateModified\":\"2022-01-19T11:16:56+00:00\",\"description\":\"Apr\u00e8s ces jours, tout le monde pense beaucoup plus dans la qualit\u00e9 de l\u2019air que nous respirons, m\u00eame dedans nos maisons. purifiez votre air\",\"breadcrumb\":{\"@id\":\"https:\/\/www.frecan.es\/blog\/fr\/take-a-breath\/#breadcrumb\"},\"inLanguage\":\"fr-FR\",\"potentialAction\":[{\"@type\":\"ReadAction\",\"target\":[\"https:\/\/www.frecan.es\/blog\/fr\/take-a-breath\/\"]}]},{\"@type\":\"ImageObject\",\"inLanguage\":\"fr-FR\",\"@id\":\"https:\/\/www.frecan.es\/blog\/fr\/take-a-breath\/#primaryimage\",\"url\":\"https:\/\/www.frecan.es\/blog\/wp-content\/uploads\/2022\/01\/plasma-recyclage-pour-un-meilleur-environnement.jpg\",\"contentUrl\":\"https:\/\/www.frecan.es\/blog\/wp-content\/uploads\/2022\/01\/plasma-recyclage-pour-un-meilleur-environnement.jpg\",\"width\":1561,\"height\":1560,\"caption\":\"Prenez une pause - recyclage pour un meilleur environnement| Frecan air\"},{\"@type\":\"BreadcrumbList\",\"@id\":\"https:\/\/www.frecan.es\/blog\/fr\/take-a-breath\/#breadcrumb\",\"itemListElement\":[{\"@type\":\"ListItem\",\"position\":1,\"name\":\"Page de Couverture\",\"item\":\"https:\/\/www.frecan.es\/blog\/fr\/\"},{\"@type\":\"ListItem\",\"position\":2,\"name\":\"Prenez une pause avec le syst\u00e8me de purification de l\u2019air de FrecanAir\"}]},{\"@type\":\"WebSite\",\"@id\":\"https:\/\/www.frecan.es\/blog\/fr\/#website\",\"url\":\"https:\/\/www.frecan.es\/blog\/fr\/\",\"name\":\"Blog de Frecan\",\"description\":\"Artisanat, technologie et avant-garde au c\u0153ur de votre cuisine\",\"publisher\":{\"@id\":\"https:\/\/www.frecan.es\/blog\/fr\/#organization\"},\"potentialAction\":[{\"@type\":\"SearchAction\",\"target\":{\"@type\":\"EntryPoint\",\"urlTemplate\":\"https:\/\/www.frecan.es\/blog\/fr\/?s={search_term_string}\"},\"query-input\":{\"@type\":\"PropertyValueSpecification\",\"valueRequired\":true,\"valueName\":\"search_term_string\"}}],\"inLanguage\":\"fr-FR\"},{\"@type\":\"Organization\",\"@id\":\"https:\/\/www.frecan.es\/blog\/fr\/#organization\",\"name\":\"Frecan\",\"url\":\"https:\/\/www.frecan.es\/blog\/fr\/\",\"logo\":{\"@type\":\"ImageObject\",\"inLanguage\":\"fr-FR\",\"@id\":\"https:\/\/www.frecan.es\/blog\/fr\/#\/schema\/logo\/image\/\",\"url\":\"https:\/\/www.frecan.es\/blog\/wp-content\/uploads\/2016\/02\/logo-frecan.png\",\"contentUrl\":\"https:\/\/www.frecan.es\/blog\/wp-content\/uploads\/2016\/02\/logo-frecan.png\",\"width\":250,\"height\":27,\"caption\":\"Frecan\"},\"image\":{\"@id\":\"https:\/\/www.frecan.es\/blog\/fr\/#\/schema\/logo\/image\/\"}},{\"@type\":\"Person\",\"@id\":\"https:\/\/www.frecan.es\/blog\/fr\/#\/schema\/person\/eecbdddf4fc3d5ee61f34db3cfb262a4\",\"name\":\"Frecan\",\"image\":{\"@type\":\"ImageObject\",\"inLanguage\":\"fr-FR\",\"@id\":\"https:\/\/www.frecan.es\/blog\/fr\/#\/schema\/person\/image\/\",\"url\":\"https:\/\/secure.gravatar.com\/avatar\/5f22fe11c8d7e915c3e67301f8a5068f?s=96&d=mm&r=g\",\"contentUrl\":\"https:\/\/secure.gravatar.com\/avatar\/5f22fe11c8d7e915c3e67301f8a5068f?s=96&d=mm&r=g\",\"caption\":\"Frecan\"},\"sameAs\":[\"http:\/\/www.frecan.es\/\"]}]}<\/script>\n<!-- \/ Yoast SEO plugin. -->","yoast_head_json":{"title":"Prenez une pause avec le syst\u00e8me de purification de l\u2019air de FrecanAir","description":"Apr\u00e8s ces jours, tout le monde pense beaucoup plus dans la qualit\u00e9 de l\u2019air que nous respirons, m\u00eame dedans nos maisons. purifiez votre air","robots":{"index":"index","follow":"follow","max-snippet":"max-snippet:-1","max-image-preview":"max-image-preview:large","max-video-preview":"max-video-preview:-1"},"canonical":"https:\/\/www.frecan.es\/blog\/fr\/take-a-breath\/","og_locale":"fr_FR","og_type":"article","og_title":"Prenez une pause avec le syst\u00e8me de purification de l\u2019air de FrecanAir","og_description":"Apr\u00e8s ces jours, tout le monde pense beaucoup plus dans la qualit\u00e9 de l\u2019air que nous respirons, m\u00eame dedans nos maisons. purifiez votre air","og_url":"https:\/\/www.frecan.es\/blog\/fr\/take-a-breath\/","og_site_name":"Blog de Frecan","article_published_time":"2022-01-17T15:25:05+00:00","article_modified_time":"2022-01-19T11:16:56+00:00","og_image":[{"width":1561,"height":1560,"url":"https:\/\/www.frecan.es\/blog\/wp-content\/uploads\/2022\/01\/plasma-recyclage-pour-un-meilleur-environnement.jpg","type":"image\/jpeg"}],"author":"Frecan","twitter_card":"summary_large_image","twitter_misc":{"\u00c9crit par":"Frecan","Dur\u00e9e de lecture estim\u00e9e":"2 minutes"},"schema":{"@context":"https:\/\/schema.org","@graph":[{"@type":"Article","@id":"https:\/\/www.frecan.es\/blog\/fr\/take-a-breath\/#article","isPartOf":{"@id":"https:\/\/www.frecan.es\/blog\/fr\/take-a-breath\/"},"author":{"name":"Frecan","@id":"https:\/\/www.frecan.es\/blog\/fr\/#\/schema\/person\/eecbdddf4fc3d5ee61f34db3cfb262a4"},"headline":"Prenez une pause avec le syst\u00e8me de purification de l\u2019air de FrecanAir","datePublished":"2022-01-17T15:25:05+00:00","dateModified":"2022-01-19T11:16:56+00:00","mainEntityOfPage":{"@id":"https:\/\/www.frecan.es\/blog\/fr\/take-a-breath\/"},"wordCount":416,"commentCount":0,"publisher":{"@id":"https:\/\/www.frecan.es\/blog\/fr\/#organization"},"image":{"@id":"https:\/\/www.frecan.es\/blog\/fr\/take-a-breath\/#primaryimage"},"thumbnailUrl":"https:\/\/www.frecan.es\/blog\/wp-content\/uploads\/2022\/01\/plasma-recyclage-pour-un-meilleur-environnement.jpg","articleSection":["Recirculacion et Passivhaus"],"inLanguage":"fr-FR","potentialAction":[{"@type":"CommentAction","name":"Comment","target":["https:\/\/www.frecan.es\/blog\/fr\/take-a-breath\/#respond"]}]},{"@type":"WebPage","@id":"https:\/\/www.frecan.es\/blog\/fr\/take-a-breath\/","url":"https:\/\/www.frecan.es\/blog\/fr\/take-a-breath\/","name":"Prenez une pause avec le syst\u00e8me de purification de l\u2019air de FrecanAir","isPartOf":{"@id":"https:\/\/www.frecan.es\/blog\/fr\/#website"},"primaryImageOfPage":{"@id":"https:\/\/www.frecan.es\/blog\/fr\/take-a-breath\/#primaryimage"},"image":{"@id":"https:\/\/www.frecan.es\/blog\/fr\/take-a-breath\/#primaryimage"},"thumbnailUrl":"https:\/\/www.frecan.es\/blog\/wp-content\/uploads\/2022\/01\/plasma-recyclage-pour-un-meilleur-environnement.jpg","datePublished":"2022-01-17T15:25:05+00:00","dateModified":"2022-01-19T11:16:56+00:00","description":"Apr\u00e8s ces jours, tout le monde pense beaucoup plus dans la qualit\u00e9 de l\u2019air que nous respirons, m\u00eame dedans nos maisons. purifiez votre air","breadcrumb":{"@id":"https:\/\/www.frecan.es\/blog\/fr\/take-a-breath\/#breadcrumb"},"inLanguage":"fr-FR","potentialAction":[{"@type":"ReadAction","target":["https:\/\/www.frecan.es\/blog\/fr\/take-a-breath\/"]}]},{"@type":"ImageObject","inLanguage":"fr-FR","@id":"https:\/\/www.frecan.es\/blog\/fr\/take-a-breath\/#primaryimage","url":"https:\/\/www.frecan.es\/blog\/wp-content\/uploads\/2022\/01\/plasma-recyclage-pour-un-meilleur-environnement.jpg","contentUrl":"https:\/\/www.frecan.es\/blog\/wp-content\/uploads\/2022\/01\/plasma-recyclage-pour-un-meilleur-environnement.jpg","width":1561,"height":1560,"caption":"Prenez une pause - recyclage pour un meilleur environnement| Frecan air"},{"@type":"BreadcrumbList","@id":"https:\/\/www.frecan.es\/blog\/fr\/take-a-breath\/#breadcrumb","itemListElement":[{"@type":"ListItem","position":1,"name":"Page de Couverture","item":"https:\/\/www.frecan.es\/blog\/fr\/"},{"@type":"ListItem","position":2,"name":"Prenez une pause avec le syst\u00e8me de purification de l\u2019air de FrecanAir"}]},{"@type":"WebSite","@id":"https:\/\/www.frecan.es\/blog\/fr\/#website","url":"https:\/\/www.frecan.es\/blog\/fr\/","name":"Blog de Frecan","description":"Artisanat, technologie et avant-garde au c\u0153ur de votre cuisine","publisher":{"@id":"https:\/\/www.frecan.es\/blog\/fr\/#organization"},"potentialAction":[{"@type":"SearchAction","target":{"@type":"EntryPoint","urlTemplate":"https:\/\/www.frecan.es\/blog\/fr\/?s={search_term_string}"},"query-input":{"@type":"PropertyValueSpecification","valueRequired":true,"valueName":"search_term_string"}}],"inLanguage":"fr-FR"},{"@type":"Organization","@id":"https:\/\/www.frecan.es\/blog\/fr\/#organization","name":"Frecan","url":"https:\/\/www.frecan.es\/blog\/fr\/","logo":{"@type":"ImageObject","inLanguage":"fr-FR","@id":"https:\/\/www.frecan.es\/blog\/fr\/#\/schema\/logo\/image\/","url":"https:\/\/www.frecan.es\/blog\/wp-content\/uploads\/2016\/02\/logo-frecan.png","contentUrl":"https:\/\/www.frecan.es\/blog\/wp-content\/uploads\/2016\/02\/logo-frecan.png","width":250,"height":27,"caption":"Frecan"},"image":{"@id":"https:\/\/www.frecan.es\/blog\/fr\/#\/schema\/logo\/image\/"}},{"@type":"Person","@id":"https:\/\/www.frecan.es\/blog\/fr\/#\/schema\/person\/eecbdddf4fc3d5ee61f34db3cfb262a4","name":"Frecan","image":{"@type":"ImageObject","inLanguage":"fr-FR","@id":"https:\/\/www.frecan.es\/blog\/fr\/#\/schema\/person\/image\/","url":"https:\/\/secure.gravatar.com\/avatar\/5f22fe11c8d7e915c3e67301f8a5068f?s=96&d=mm&r=g","contentUrl":"https:\/\/secure.gravatar.com\/avatar\/5f22fe11c8d7e915c3e67301f8a5068f?s=96&d=mm&r=g","caption":"Frecan"},"sameAs":["http:\/\/www.frecan.es\/"]}]}},"_links":{"self":[{"href":"https:\/\/www.frecan.es\/blog\/fr\/wp-json\/wp\/v2\/posts\/6473","targetHints":{"allow":["GET"]}}],"collection":[{"href":"https:\/\/www.frecan.es\/blog\/fr\/wp-json\/wp\/v2\/posts"}],"about":[{"href":"https:\/\/www.frecan.es\/blog\/fr\/wp-json\/wp\/v2\/types\/post"}],"author":[{"embeddable":true,"href":"https:\/\/www.frecan.es\/blog\/fr\/wp-json\/wp\/v2\/users\/2"}],"replies":[{"embeddable":true,"href":"https:\/\/www.frecan.es\/blog\/fr\/wp-json\/wp\/v2\/comments?post=6473"}],"version-history":[{"count":2,"href":"https:\/\/www.frecan.es\/blog\/fr\/wp-json\/wp\/v2\/posts\/6473\/revisions"}],"predecessor-version":[{"id":6478,"href":"https:\/\/www.frecan.es\/blog\/fr\/wp-json\/wp\/v2\/posts\/6473\/revisions\/6478"}],"wp:featuredmedia":[{"embeddable":true,"href":"https:\/\/www.frecan.es\/blog\/fr\/wp-json\/wp\/v2\/media\/6475"}],"wp:attachment":[{"href":"https:\/\/www.frecan.es\/blog\/fr\/wp-json\/wp\/v2\/media?parent=6473"}],"wp:term":[{"taxonomy":"category","embeddable":true,"href":"https:\/\/www.frecan.es\/blog\/fr\/wp-json\/wp\/v2\/categories?post=6473"},{"taxonomy":"post_tag","embeddable":true,"href":"https:\/\/www.frecan.es\/blog\/fr\/wp-json\/wp\/v2\/tags?post=6473"}],"curies":[{"name":"wp","href":"https:\/\/api.w.org\/{rel}","templated":true}]}}