{"id":6025,"date":"2021-06-01T03:33:47","date_gmt":"2021-06-01T03:33:47","guid":{"rendered":"https:\/\/www.frecan.es\/blog\/?p=6025"},"modified":"2021-09-30T18:04:36","modified_gmt":"2021-09-30T18:04:36","slug":"lapparition-de-frecantek","status":"publish","type":"post","link":"https:\/\/www.frecan.es\/blog\/fr\/lapparition-de-frecantek\/","title":{"rendered":"L&rsquo;apparition de FrecanTEK"},"content":{"rendered":"<h2 style=\"color: #949494; font-size: 24px; line-height: 26px; margin-top: -20px;\">L&rsquo;art de d\u00e9marrer vos projets avec un OUI. Chez FrecanTEK nous cr\u00e9ons votre cuisine \u00e0 votre image.<\/h2>\n<p><!--more--><br \/>\n<img loading=\"lazy\" decoding=\"async\" class=\"aligncenter wp-image-5790 size-medium\" style=\"margin-bottom: 60px;\" src=\"https:\/\/www.frecan.es\/blog\/wp-content\/uploads\/2021\/06\/frecanTek-frecan-300x56.png\" alt=\"\" width=\"300\" height=\"56\" srcset=\"https:\/\/www.frecan.es\/blog\/wp-content\/uploads\/2021\/06\/frecanTek-frecan-300x56.png 300w, https:\/\/www.frecan.es\/blog\/wp-content\/uploads\/2021\/06\/frecanTek-frecan.png 565w\" sizes=\"auto, (max-width: 300px) 100vw, 300px\" \/><\/p>\n<p><img loading=\"lazy\" decoding=\"async\" class=\"aligncenter size-full wp-image-5780\" src=\"https:\/\/www.frecan.es\/blog\/wp-content\/uploads\/2021\/06\/frecantek-cocina-a-tu-medida.jpg\" alt=\"FrecanTEK tu cocina a tu medida. Frecan\" width=\"1600\" height=\"1200\" srcset=\"https:\/\/www.frecan.es\/blog\/wp-content\/uploads\/2021\/06\/frecantek-cocina-a-tu-medida.jpg 1600w, https:\/\/www.frecan.es\/blog\/wp-content\/uploads\/2021\/06\/frecantek-cocina-a-tu-medida-300x225.jpg 300w, https:\/\/www.frecan.es\/blog\/wp-content\/uploads\/2021\/06\/frecantek-cocina-a-tu-medida-1024x768.jpg 1024w, https:\/\/www.frecan.es\/blog\/wp-content\/uploads\/2021\/06\/frecantek-cocina-a-tu-medida-768x576.jpg 768w, https:\/\/www.frecan.es\/blog\/wp-content\/uploads\/2021\/06\/frecantek-cocina-a-tu-medida-1536x1152.jpg 1536w, https:\/\/www.frecan.es\/blog\/wp-content\/uploads\/2021\/06\/frecantek-cocina-a-tu-medida-800x600.jpg 800w, https:\/\/www.frecan.es\/blog\/wp-content\/uploads\/2021\/06\/frecantek-cocina-a-tu-medida-1280x960.jpg 1280w\" sizes=\"auto, (max-width: 1600px) 100vw, 1600px\" \/><\/p>\n<p>FrecanTEK est n\u00e9e de la fusion entre les hottes sur mesure et les produits sp\u00e9cialis\u00e9es Bautek. Elle fait son apparition aupr\u00e8s de la n\u00e9cessit\u00e9 d&rsquo;unifier et renforcer ces deux services dans une seule sous-marque.<\/p>\n<p><img loading=\"lazy\" decoding=\"async\" class=\"aligncenter size-full wp-image-5771\" src=\"https:\/\/www.frecan.es\/blog\/wp-content\/uploads\/2021\/06\/frecantek-cocina-a-tu-medida-1.jpg\" alt=\"FrecanTEK tu cocina a tu medida. Frecan\" width=\"1600\" height=\"1200\" srcset=\"https:\/\/www.frecan.es\/blog\/wp-content\/uploads\/2021\/06\/frecantek-cocina-a-tu-medida-1.jpg 1600w, https:\/\/www.frecan.es\/blog\/wp-content\/uploads\/2021\/06\/frecantek-cocina-a-tu-medida-1-300x225.jpg 300w, https:\/\/www.frecan.es\/blog\/wp-content\/uploads\/2021\/06\/frecantek-cocina-a-tu-medida-1-1024x768.jpg 1024w, https:\/\/www.frecan.es\/blog\/wp-content\/uploads\/2021\/06\/frecantek-cocina-a-tu-medida-1-768x576.jpg 768w, https:\/\/www.frecan.es\/blog\/wp-content\/uploads\/2021\/06\/frecantek-cocina-a-tu-medida-1-1536x1152.jpg 1536w, https:\/\/www.frecan.es\/blog\/wp-content\/uploads\/2021\/06\/frecantek-cocina-a-tu-medida-1-800x600.jpg 800w, https:\/\/www.frecan.es\/blog\/wp-content\/uploads\/2021\/06\/frecantek-cocina-a-tu-medida-1-1280x960.jpg 1280w\" sizes=\"auto, (max-width: 1600px) 100vw, 1600px\" \/><\/p>\n<p>Nous fabriquons des hottes, des structures m\u00e9talliques pour la maison, des plans de travail; des portes et meubles; des tables auxiliaires; des panneaux d\u00e9coratifs; du mobilier du jardin&#8230;Tout en acier inoxydable et sur mesure.<\/p>\n<p><img loading=\"lazy\" decoding=\"async\" class=\"aligncenter size-full wp-image-5774\" src=\"https:\/\/www.frecan.es\/blog\/wp-content\/uploads\/2021\/06\/frecantek-cocina-a-tu-medida-2.jpg\" alt=\"FrecanTEK tu cocina a tu medida. Frecan\" width=\"1600\" height=\"1200\" srcset=\"https:\/\/www.frecan.es\/blog\/wp-content\/uploads\/2021\/06\/frecantek-cocina-a-tu-medida-2.jpg 1600w, https:\/\/www.frecan.es\/blog\/wp-content\/uploads\/2021\/06\/frecantek-cocina-a-tu-medida-2-300x225.jpg 300w, https:\/\/www.frecan.es\/blog\/wp-content\/uploads\/2021\/06\/frecantek-cocina-a-tu-medida-2-1024x768.jpg 1024w, https:\/\/www.frecan.es\/blog\/wp-content\/uploads\/2021\/06\/frecantek-cocina-a-tu-medida-2-768x576.jpg 768w, https:\/\/www.frecan.es\/blog\/wp-content\/uploads\/2021\/06\/frecantek-cocina-a-tu-medida-2-1536x1152.jpg 1536w, https:\/\/www.frecan.es\/blog\/wp-content\/uploads\/2021\/06\/frecantek-cocina-a-tu-medida-2-800x600.jpg 800w, https:\/\/www.frecan.es\/blog\/wp-content\/uploads\/2021\/06\/frecantek-cocina-a-tu-medida-2-1280x960.jpg 1280w\" sizes=\"auto, (max-width: 1600px) 100vw, 1600px\" \/><\/p>\n<p>Nous disons oui \u00e0 l\u2019imagination, \u00e0 vos id\u00e9es et, surtout, nous nous adaptons \u00e0 vous. Imaginez-le et nous nous en chargeons de faire vivre votre projet.<\/p>\n<p><strong>Maintenant, vous pouvez laisser libre cours \u00e0 votre imagination et cr\u00e9er un nouvel espace vraiment individuel dans votre maison.<\/strong><\/p>\n<h3>D\u00e9couvrez d&rsquo;o\u00f9 vient FrecanTEK<\/h3>\n<blockquote class=\"wp-embedded-content\" data-secret=\"qDdNKQpTJe\"><p><a href=\"https:\/\/www.frecan.es\/blog\/bautek-cocinas-media\/\">En Bautek te damos la posibilidad de personalizar tu cocina hasta el m\u00e1s m\u00ednimo detalle.<\/a><\/p><\/blockquote>\n<p><iframe loading=\"lazy\" class=\"wp-embedded-content\" sandbox=\"allow-scripts\" security=\"restricted\" style=\"position: absolute; clip: rect(1px, 1px, 1px, 1px);\" title=\"\u00ab\u00a0En Bautek te damos la posibilidad de personalizar tu cocina hasta el m\u00e1s m\u00ednimo detalle.\u00a0\u00bb &#8212; Blog de Frecan\" src=\"https:\/\/www.frecan.es\/blog\/bautek-cocinas-media\/embed\/#?secret=qDdNKQpTJe\" data-secret=\"qDdNKQpTJe\" width=\"600\" height=\"338\" frameborder=\"0\" marginwidth=\"0\" marginheight=\"0\" scrolling=\"no\"><\/iframe><\/p>\n<blockquote class=\"wp-embedded-content\" data-secret=\"7RJF0IyfCu\"><p><a href=\"https:\/\/www.frecan.es\/blog\/bautek-acero-inoxidable\/\">Del alem\u00e1n, Bautek: Construcci\u00f3n tecnol\u00f3gica<\/a><\/p><\/blockquote>\n<p><iframe loading=\"lazy\" class=\"wp-embedded-content\" sandbox=\"allow-scripts\" security=\"restricted\" style=\"position: absolute; clip: rect(1px, 1px, 1px, 1px);\" title=\"\u00ab\u00a0Del alem\u00e1n, Bautek: Construcci\u00f3n tecnol\u00f3gica\u00a0\u00bb &#8212; Blog de Frecan\" src=\"https:\/\/www.frecan.es\/blog\/bautek-acero-inoxidable\/embed\/#?secret=7RJF0IyfCu\" data-secret=\"7RJF0IyfCu\" width=\"600\" height=\"338\" frameborder=\"0\" marginwidth=\"0\" marginheight=\"0\" scrolling=\"no\"><\/iframe><\/p>\n","protected":false},"excerpt":{"rendered":"<p>L&rsquo;art de d\u00e9marrer vos projets avec un OUI. Chez FrecanTEK nous cr\u00e9ons votre cuisine \u00e0 votre image.<\/p>\n","protected":false},"author":7,"featured_media":6096,"comment_status":"open","ping_status":"open","sticky":false,"template":"","format":"standard","meta":{"footnotes":""},"categories":[56],"tags":[],"class_list":{"0":"post-6025","1":"post","2":"type-post","3":"status-publish","4":"format-standard","5":"has-post-thumbnail","7":"category-non-classe"},"yoast_head":"<!-- This site is optimized with the Yoast SEO plugin v24.7 - https:\/\/yoast.com\/wordpress\/plugins\/seo\/ -->\n<title>Nous vous pr\u00e9sentons FrecanTEK, votre cuisine sur mesure | Frecan<\/title>\n<meta name=\"description\" content=\"Chez frecanTEK, nous disons oui \u00e0 l&#039;imagination, \u00e0 vos id\u00e9es et surtout \u00e0 l&#039;adaptation \u00e0 vous. Nous cr\u00e9ons votre cuisine \u00e0 votre image\" \/>\n<meta name=\"robots\" content=\"index, follow, max-snippet:-1, max-image-preview:large, max-video-preview:-1\" \/>\n<link rel=\"canonical\" href=\"https:\/\/www.frecan.es\/blog\/fr\/lapparition-de-frecantek\/\" \/>\n<meta property=\"og:locale\" content=\"fr_FR\" \/>\n<meta property=\"og:type\" content=\"article\" \/>\n<meta property=\"og:title\" content=\"Nous vous pr\u00e9sentons FrecanTEK, votre cuisine sur mesure | Frecan\" \/>\n<meta property=\"og:description\" content=\"Chez frecanTEK, nous disons oui \u00e0 l&#039;imagination, \u00e0 vos id\u00e9es et surtout \u00e0 l&#039;adaptation \u00e0 vous. Nous cr\u00e9ons votre cuisine \u00e0 votre image\" \/>\n<meta property=\"og:url\" content=\"https:\/\/www.frecan.es\/blog\/fr\/lapparition-de-frecantek\/\" \/>\n<meta property=\"og:site_name\" content=\"Blog de Frecan\" \/>\n<meta property=\"article:published_time\" content=\"2021-06-01T03:33:47+00:00\" \/>\n<meta property=\"article:modified_time\" content=\"2021-09-30T18:04:36+00:00\" \/>\n<meta property=\"og:image\" content=\"https:\/\/www.frecan.es\/blog\/wp-content\/uploads\/2021\/06\/Frecantek-acier-inoxydable-et-sur-mesure.jpg\" \/>\n\t<meta property=\"og:image:width\" content=\"1000\" \/>\n\t<meta property=\"og:image:height\" content=\"1000\" \/>\n\t<meta property=\"og:image:type\" content=\"image\/jpeg\" \/>\n<meta name=\"author\" content=\"Marta Oliva\" \/>\n<meta name=\"twitter:card\" content=\"summary_large_image\" \/>\n<meta name=\"twitter:label1\" content=\"\u00c9crit par\" \/>\n\t<meta name=\"twitter:data1\" content=\"Marta Oliva\" \/>\n\t<meta name=\"twitter:label2\" content=\"Dur\u00e9e de lecture estim\u00e9e\" \/>\n\t<meta name=\"twitter:data2\" content=\"1 minute\" \/>\n<script type=\"application\/ld+json\" class=\"yoast-schema-graph\">{\"@context\":\"https:\/\/schema.org\",\"@graph\":[{\"@type\":\"Article\",\"@id\":\"https:\/\/www.frecan.es\/blog\/fr\/lapparition-de-frecantek\/#article\",\"isPartOf\":{\"@id\":\"https:\/\/www.frecan.es\/blog\/fr\/lapparition-de-frecantek\/\"},\"author\":{\"name\":\"Marta Oliva\",\"@id\":\"https:\/\/www.frecan.es\/blog\/fr\/#\/schema\/person\/f2fb6b4de857888bf0bfb67edc122df5\"},\"headline\":\"L&rsquo;apparition de FrecanTEK\",\"datePublished\":\"2021-06-01T03:33:47+00:00\",\"dateModified\":\"2021-09-30T18:04:36+00:00\",\"mainEntityOfPage\":{\"@id\":\"https:\/\/www.frecan.es\/blog\/fr\/lapparition-de-frecantek\/\"},\"wordCount\":158,\"commentCount\":0,\"publisher\":{\"@id\":\"https:\/\/www.frecan.es\/blog\/fr\/#organization\"},\"image\":{\"@id\":\"https:\/\/www.frecan.es\/blog\/fr\/lapparition-de-frecantek\/#primaryimage\"},\"thumbnailUrl\":\"https:\/\/www.frecan.es\/blog\/wp-content\/uploads\/2021\/06\/Frecantek-acier-inoxydable-et-sur-mesure.jpg\",\"inLanguage\":\"fr-FR\",\"potentialAction\":[{\"@type\":\"CommentAction\",\"name\":\"Comment\",\"target\":[\"https:\/\/www.frecan.es\/blog\/fr\/lapparition-de-frecantek\/#respond\"]}]},{\"@type\":\"WebPage\",\"@id\":\"https:\/\/www.frecan.es\/blog\/fr\/lapparition-de-frecantek\/\",\"url\":\"https:\/\/www.frecan.es\/blog\/fr\/lapparition-de-frecantek\/\",\"name\":\"Nous vous pr\u00e9sentons FrecanTEK, votre cuisine sur mesure | Frecan\",\"isPartOf\":{\"@id\":\"https:\/\/www.frecan.es\/blog\/fr\/#website\"},\"primaryImageOfPage\":{\"@id\":\"https:\/\/www.frecan.es\/blog\/fr\/lapparition-de-frecantek\/#primaryimage\"},\"image\":{\"@id\":\"https:\/\/www.frecan.es\/blog\/fr\/lapparition-de-frecantek\/#primaryimage\"},\"thumbnailUrl\":\"https:\/\/www.frecan.es\/blog\/wp-content\/uploads\/2021\/06\/Frecantek-acier-inoxydable-et-sur-mesure.jpg\",\"datePublished\":\"2021-06-01T03:33:47+00:00\",\"dateModified\":\"2021-09-30T18:04:36+00:00\",\"description\":\"Chez frecanTEK, nous disons oui \u00e0 l'imagination, \u00e0 vos id\u00e9es et surtout \u00e0 l'adaptation \u00e0 vous. Nous cr\u00e9ons votre cuisine \u00e0 votre image\",\"breadcrumb\":{\"@id\":\"https:\/\/www.frecan.es\/blog\/fr\/lapparition-de-frecantek\/#breadcrumb\"},\"inLanguage\":\"fr-FR\",\"potentialAction\":[{\"@type\":\"ReadAction\",\"target\":[\"https:\/\/www.frecan.es\/blog\/fr\/lapparition-de-frecantek\/\"]}]},{\"@type\":\"ImageObject\",\"inLanguage\":\"fr-FR\",\"@id\":\"https:\/\/www.frecan.es\/blog\/fr\/lapparition-de-frecantek\/#primaryimage\",\"url\":\"https:\/\/www.frecan.es\/blog\/wp-content\/uploads\/2021\/06\/Frecantek-acier-inoxydable-et-sur-mesure.jpg\",\"contentUrl\":\"https:\/\/www.frecan.es\/blog\/wp-content\/uploads\/2021\/06\/Frecantek-acier-inoxydable-et-sur-mesure.jpg\",\"width\":1000,\"height\":1000,\"caption\":\"Tout en acier inoxydable et sur mesure.\"},{\"@type\":\"BreadcrumbList\",\"@id\":\"https:\/\/www.frecan.es\/blog\/fr\/lapparition-de-frecantek\/#breadcrumb\",\"itemListElement\":[{\"@type\":\"ListItem\",\"position\":1,\"name\":\"Page de Couverture\",\"item\":\"https:\/\/www.frecan.es\/blog\/fr\/\"},{\"@type\":\"ListItem\",\"position\":2,\"name\":\"L&rsquo;apparition de FrecanTEK\"}]},{\"@type\":\"WebSite\",\"@id\":\"https:\/\/www.frecan.es\/blog\/fr\/#website\",\"url\":\"https:\/\/www.frecan.es\/blog\/fr\/\",\"name\":\"Blog de Frecan\",\"description\":\"Artisanat, technologie et avant-garde au c\u0153ur de votre cuisine\",\"publisher\":{\"@id\":\"https:\/\/www.frecan.es\/blog\/fr\/#organization\"},\"potentialAction\":[{\"@type\":\"SearchAction\",\"target\":{\"@type\":\"EntryPoint\",\"urlTemplate\":\"https:\/\/www.frecan.es\/blog\/fr\/?s={search_term_string}\"},\"query-input\":{\"@type\":\"PropertyValueSpecification\",\"valueRequired\":true,\"valueName\":\"search_term_string\"}}],\"inLanguage\":\"fr-FR\"},{\"@type\":\"Organization\",\"@id\":\"https:\/\/www.frecan.es\/blog\/fr\/#organization\",\"name\":\"Frecan\",\"url\":\"https:\/\/www.frecan.es\/blog\/fr\/\",\"logo\":{\"@type\":\"ImageObject\",\"inLanguage\":\"fr-FR\",\"@id\":\"https:\/\/www.frecan.es\/blog\/fr\/#\/schema\/logo\/image\/\",\"url\":\"https:\/\/www.frecan.es\/blog\/wp-content\/uploads\/2016\/02\/logo-frecan.png\",\"contentUrl\":\"https:\/\/www.frecan.es\/blog\/wp-content\/uploads\/2016\/02\/logo-frecan.png\",\"width\":250,\"height\":27,\"caption\":\"Frecan\"},\"image\":{\"@id\":\"https:\/\/www.frecan.es\/blog\/fr\/#\/schema\/logo\/image\/\"}},{\"@type\":\"Person\",\"@id\":\"https:\/\/www.frecan.es\/blog\/fr\/#\/schema\/person\/f2fb6b4de857888bf0bfb67edc122df5\",\"name\":\"Marta Oliva\",\"image\":{\"@type\":\"ImageObject\",\"inLanguage\":\"fr-FR\",\"@id\":\"https:\/\/www.frecan.es\/blog\/fr\/#\/schema\/person\/image\/\",\"url\":\"https:\/\/secure.gravatar.com\/avatar\/e9f3dd4bf1d467b5ef44692218f05184?s=96&d=mm&r=g\",\"contentUrl\":\"https:\/\/secure.gravatar.com\/avatar\/e9f3dd4bf1d467b5ef44692218f05184?s=96&d=mm&r=g\",\"caption\":\"Marta Oliva\"}}]}<\/script>\n<!-- \/ Yoast SEO plugin. -->","yoast_head_json":{"title":"Nous vous pr\u00e9sentons FrecanTEK, votre cuisine sur mesure | Frecan","description":"Chez frecanTEK, nous disons oui \u00e0 l'imagination, \u00e0 vos id\u00e9es et surtout \u00e0 l'adaptation \u00e0 vous. Nous cr\u00e9ons votre cuisine \u00e0 votre image","robots":{"index":"index","follow":"follow","max-snippet":"max-snippet:-1","max-image-preview":"max-image-preview:large","max-video-preview":"max-video-preview:-1"},"canonical":"https:\/\/www.frecan.es\/blog\/fr\/lapparition-de-frecantek\/","og_locale":"fr_FR","og_type":"article","og_title":"Nous vous pr\u00e9sentons FrecanTEK, votre cuisine sur mesure | Frecan","og_description":"Chez frecanTEK, nous disons oui \u00e0 l'imagination, \u00e0 vos id\u00e9es et surtout \u00e0 l'adaptation \u00e0 vous. Nous cr\u00e9ons votre cuisine \u00e0 votre image","og_url":"https:\/\/www.frecan.es\/blog\/fr\/lapparition-de-frecantek\/","og_site_name":"Blog de Frecan","article_published_time":"2021-06-01T03:33:47+00:00","article_modified_time":"2021-09-30T18:04:36+00:00","og_image":[{"width":1000,"height":1000,"url":"https:\/\/www.frecan.es\/blog\/wp-content\/uploads\/2021\/06\/Frecantek-acier-inoxydable-et-sur-mesure.jpg","type":"image\/jpeg"}],"author":"Marta Oliva","twitter_card":"summary_large_image","twitter_misc":{"\u00c9crit par":"Marta Oliva","Dur\u00e9e de lecture estim\u00e9e":"1 minute"},"schema":{"@context":"https:\/\/schema.org","@graph":[{"@type":"Article","@id":"https:\/\/www.frecan.es\/blog\/fr\/lapparition-de-frecantek\/#article","isPartOf":{"@id":"https:\/\/www.frecan.es\/blog\/fr\/lapparition-de-frecantek\/"},"author":{"name":"Marta Oliva","@id":"https:\/\/www.frecan.es\/blog\/fr\/#\/schema\/person\/f2fb6b4de857888bf0bfb67edc122df5"},"headline":"L&rsquo;apparition de FrecanTEK","datePublished":"2021-06-01T03:33:47+00:00","dateModified":"2021-09-30T18:04:36+00:00","mainEntityOfPage":{"@id":"https:\/\/www.frecan.es\/blog\/fr\/lapparition-de-frecantek\/"},"wordCount":158,"commentCount":0,"publisher":{"@id":"https:\/\/www.frecan.es\/blog\/fr\/#organization"},"image":{"@id":"https:\/\/www.frecan.es\/blog\/fr\/lapparition-de-frecantek\/#primaryimage"},"thumbnailUrl":"https:\/\/www.frecan.es\/blog\/wp-content\/uploads\/2021\/06\/Frecantek-acier-inoxydable-et-sur-mesure.jpg","inLanguage":"fr-FR","potentialAction":[{"@type":"CommentAction","name":"Comment","target":["https:\/\/www.frecan.es\/blog\/fr\/lapparition-de-frecantek\/#respond"]}]},{"@type":"WebPage","@id":"https:\/\/www.frecan.es\/blog\/fr\/lapparition-de-frecantek\/","url":"https:\/\/www.frecan.es\/blog\/fr\/lapparition-de-frecantek\/","name":"Nous vous pr\u00e9sentons FrecanTEK, votre cuisine sur mesure | Frecan","isPartOf":{"@id":"https:\/\/www.frecan.es\/blog\/fr\/#website"},"primaryImageOfPage":{"@id":"https:\/\/www.frecan.es\/blog\/fr\/lapparition-de-frecantek\/#primaryimage"},"image":{"@id":"https:\/\/www.frecan.es\/blog\/fr\/lapparition-de-frecantek\/#primaryimage"},"thumbnailUrl":"https:\/\/www.frecan.es\/blog\/wp-content\/uploads\/2021\/06\/Frecantek-acier-inoxydable-et-sur-mesure.jpg","datePublished":"2021-06-01T03:33:47+00:00","dateModified":"2021-09-30T18:04:36+00:00","description":"Chez frecanTEK, nous disons oui \u00e0 l'imagination, \u00e0 vos id\u00e9es et surtout \u00e0 l'adaptation \u00e0 vous. Nous cr\u00e9ons votre cuisine \u00e0 votre image","breadcrumb":{"@id":"https:\/\/www.frecan.es\/blog\/fr\/lapparition-de-frecantek\/#breadcrumb"},"inLanguage":"fr-FR","potentialAction":[{"@type":"ReadAction","target":["https:\/\/www.frecan.es\/blog\/fr\/lapparition-de-frecantek\/"]}]},{"@type":"ImageObject","inLanguage":"fr-FR","@id":"https:\/\/www.frecan.es\/blog\/fr\/lapparition-de-frecantek\/#primaryimage","url":"https:\/\/www.frecan.es\/blog\/wp-content\/uploads\/2021\/06\/Frecantek-acier-inoxydable-et-sur-mesure.jpg","contentUrl":"https:\/\/www.frecan.es\/blog\/wp-content\/uploads\/2021\/06\/Frecantek-acier-inoxydable-et-sur-mesure.jpg","width":1000,"height":1000,"caption":"Tout en acier inoxydable et sur mesure."},{"@type":"BreadcrumbList","@id":"https:\/\/www.frecan.es\/blog\/fr\/lapparition-de-frecantek\/#breadcrumb","itemListElement":[{"@type":"ListItem","position":1,"name":"Page de Couverture","item":"https:\/\/www.frecan.es\/blog\/fr\/"},{"@type":"ListItem","position":2,"name":"L&rsquo;apparition de FrecanTEK"}]},{"@type":"WebSite","@id":"https:\/\/www.frecan.es\/blog\/fr\/#website","url":"https:\/\/www.frecan.es\/blog\/fr\/","name":"Blog de Frecan","description":"Artisanat, technologie et avant-garde au c\u0153ur de votre cuisine","publisher":{"@id":"https:\/\/www.frecan.es\/blog\/fr\/#organization"},"potentialAction":[{"@type":"SearchAction","target":{"@type":"EntryPoint","urlTemplate":"https:\/\/www.frecan.es\/blog\/fr\/?s={search_term_string}"},"query-input":{"@type":"PropertyValueSpecification","valueRequired":true,"valueName":"search_term_string"}}],"inLanguage":"fr-FR"},{"@type":"Organization","@id":"https:\/\/www.frecan.es\/blog\/fr\/#organization","name":"Frecan","url":"https:\/\/www.frecan.es\/blog\/fr\/","logo":{"@type":"ImageObject","inLanguage":"fr-FR","@id":"https:\/\/www.frecan.es\/blog\/fr\/#\/schema\/logo\/image\/","url":"https:\/\/www.frecan.es\/blog\/wp-content\/uploads\/2016\/02\/logo-frecan.png","contentUrl":"https:\/\/www.frecan.es\/blog\/wp-content\/uploads\/2016\/02\/logo-frecan.png","width":250,"height":27,"caption":"Frecan"},"image":{"@id":"https:\/\/www.frecan.es\/blog\/fr\/#\/schema\/logo\/image\/"}},{"@type":"Person","@id":"https:\/\/www.frecan.es\/blog\/fr\/#\/schema\/person\/f2fb6b4de857888bf0bfb67edc122df5","name":"Marta Oliva","image":{"@type":"ImageObject","inLanguage":"fr-FR","@id":"https:\/\/www.frecan.es\/blog\/fr\/#\/schema\/person\/image\/","url":"https:\/\/secure.gravatar.com\/avatar\/e9f3dd4bf1d467b5ef44692218f05184?s=96&d=mm&r=g","contentUrl":"https:\/\/secure.gravatar.com\/avatar\/e9f3dd4bf1d467b5ef44692218f05184?s=96&d=mm&r=g","caption":"Marta Oliva"}}]}},"_links":{"self":[{"href":"https:\/\/www.frecan.es\/blog\/fr\/wp-json\/wp\/v2\/posts\/6025","targetHints":{"allow":["GET"]}}],"collection":[{"href":"https:\/\/www.frecan.es\/blog\/fr\/wp-json\/wp\/v2\/posts"}],"about":[{"href":"https:\/\/www.frecan.es\/blog\/fr\/wp-json\/wp\/v2\/types\/post"}],"author":[{"embeddable":true,"href":"https:\/\/www.frecan.es\/blog\/fr\/wp-json\/wp\/v2\/users\/7"}],"replies":[{"embeddable":true,"href":"https:\/\/www.frecan.es\/blog\/fr\/wp-json\/wp\/v2\/comments?post=6025"}],"version-history":[{"count":5,"href":"https:\/\/www.frecan.es\/blog\/fr\/wp-json\/wp\/v2\/posts\/6025\/revisions"}],"predecessor-version":[{"id":6049,"href":"https:\/\/www.frecan.es\/blog\/fr\/wp-json\/wp\/v2\/posts\/6025\/revisions\/6049"}],"wp:featuredmedia":[{"embeddable":true,"href":"https:\/\/www.frecan.es\/blog\/fr\/wp-json\/wp\/v2\/media\/6096"}],"wp:attachment":[{"href":"https:\/\/www.frecan.es\/blog\/fr\/wp-json\/wp\/v2\/media?parent=6025"}],"wp:term":[{"taxonomy":"category","embeddable":true,"href":"https:\/\/www.frecan.es\/blog\/fr\/wp-json\/wp\/v2\/categories?post=6025"},{"taxonomy":"post_tag","embeddable":true,"href":"https:\/\/www.frecan.es\/blog\/fr\/wp-json\/wp\/v2\/tags?post=6025"}],"curies":[{"name":"wp","href":"https:\/\/api.w.org\/{rel}","templated":true}]}}