{"id":12399,"date":"2026-01-29T09:00:48","date_gmt":"2026-01-29T07:00:48","guid":{"rendered":"https:\/\/www.frecan.es\/blog\/?p=12399"},"modified":"2026-01-15T12:56:46","modified_gmt":"2026-01-15T10:56:46","slug":"plaque-avec-hotte-integree","status":"publish","type":"post","link":"https:\/\/www.frecan.es\/blog\/fr\/plaque-avec-hotte-integree\/","title":{"rendered":"Plaque avec hotte int\u00e9gr\u00e9e : quand \u00e7a vaut la peine (et quand ce n\u2019est pas le cas)"},"content":{"rendered":"<h2><span style=\"color: #999999;\">Hotte de plan de travail ou hotte traditionnelle ? Avantages, limites et cl\u00e9s de conception.<\/span><\/h2>\n<p><!--more--><\/p>\n<p><a href=\"https:\/\/www.frecan.fr\/hottes\/de-plan-de-travail\/\" target=\"_blank\" rel=\"noopener\"><img loading=\"lazy\" decoding=\"async\" width=\"1500\" height=\"844\" class=\"alignnone wp-image-12388 size-full\" src=\"https:\/\/www.frecan.es\/blog\/wp-content\/uploads\/2026\/01\/Flow-44-2.png\" class=\"light\" srcset=\"https:\/\/www.frecan.es\/blog\/wp-content\/uploads\/2026\/01\/Flow-44-2.png 1500w, https:\/\/www.frecan.es\/blog\/wp-content\/uploads\/2026\/01\/Flow-44-2-300x169.png 300w, https:\/\/www.frecan.es\/blog\/wp-content\/uploads\/2026\/01\/Flow-44-2-1024x576.png 1024w, https:\/\/www.frecan.es\/blog\/wp-content\/uploads\/2026\/01\/Flow-44-2-768x432.png 768w, https:\/\/www.frecan.es\/blog\/wp-content\/uploads\/2026\/01\/Flow-44-2-800x450.png 800w, https:\/\/www.frecan.es\/blog\/wp-content\/uploads\/2026\/01\/Flow-44-2-1280x720.png 1280w\" sizes=\"auto, (max-width: 1500px) 100vw, 1500px\" \/><\/a><\/p>\n<p data-start=\"3993\" data-end=\"4480\">Les plaques avec hotte int\u00e9gr\u00e9e sont devenues l\u2019un des produits les plus convoit\u00e9s en cuisine. On les voit partout sur internet, dans les showrooms et dans des projets haut de gamme.<\/p>\n<p data-start=\"3993\" data-end=\"4480\">Mais au moment de choisir, les doutes apparaissent toujours : est-ce vraiment une bonne id\u00e9e ? Est-ce que cela fonctionne dans tous les cas, ou seulement dans certains ?<\/p>\n<p data-start=\"3993\" data-end=\"4480\">Car m\u00eame si elles se ressemblent, toutes les cuisines \u2014 et toutes les habitudes \u2014 ne sont pas compatibles avec ce type de syst\u00e8me.<\/p>\n<h3 data-start=\"4482\" data-end=\"4921\">Qu\u2019est-ce qu\u2019une plaque avec hotte int\u00e9gr\u00e9e ?<\/h3>\n<p data-start=\"4482\" data-end=\"4921\">Il s\u2019agit d\u2019une plaque \u00e0 induction qui int\u00e8gre un syst\u00e8me d\u2019aspiration.<\/p>\n<p data-start=\"4482\" data-end=\"4921\">Au lieu de capter la vapeur par le haut, elle l\u2019aspire depuis le centre ou une fente frontale, l\u00e0 o\u00f9 elle se forme.<\/p>\n<p data-start=\"4482\" data-end=\"4921\">L\u2019avantage est \u00e9vident : un espace visuellement plus propre, sans hotte visible ni \u00e9l\u00e9ments suspendus.<\/p>\n<p data-start=\"4482\" data-end=\"4921\">Mais cette int\u00e9gration signifie aussi que ses performances d\u00e9pendent davantage de l\u2019usage.<\/p>\n<h3 data-start=\"4923\" data-end=\"5250\">Pourquoi sont-elles devenues si populaires ?<\/h3>\n<p data-start=\"4923\" data-end=\"5250\">Les plaques avec hotte int\u00e9gr\u00e9e lib\u00e8rent l\u2019espace visuel et s\u2019int\u00e8grent particuli\u00e8rement bien dans les cuisines o\u00f9 le design et la continuit\u00e9 sont essentiels.<\/p>\n<p data-start=\"4923\" data-end=\"5250\">C\u2019est pour cela qu\u2019elles ont pris autant d\u2019importance dans les projets contemporains et les cuisines haut de gamme.<\/p>\n<ul>\n<li data-start=\"5252\" data-end=\"5288\"><a href=\"https:\/\/www.frecan.fr\/hottes\/de-plan-de-travail\/\"><span style=\"color: #0000ff;\"><strong>Voir les hottes de plan de travail<\/strong><\/span><\/a><\/li>\n<\/ul>\n<h3 data-start=\"5290\" data-end=\"6055\">Ce qui compte vraiment, ce n\u2019est pas la puissance, mais la fa\u00e7on de capter<\/h3>\n<p data-start=\"5290\" data-end=\"6055\">Voici la partie que l\u2019on explique rarement bien.<\/p>\n<p data-start=\"5290\" data-end=\"6055\">Une plaque avec hotte int\u00e9gr\u00e9e ne fonctionne pas comme une hotte traditionnelle. Elle n\u2019attend pas que la vapeur monte : elle l\u2019aspire horizontalement.<\/p>\n<p data-start=\"5290\" data-end=\"6055\">Cela signifie que ses performances d\u00e9pendent fortement du type de cuisson, de la taille des r\u00e9cipients et de la mani\u00e8re dont la vapeur est produite.<\/p>\n<p data-start=\"5290\" data-end=\"6055\">Avec des cuissons douces, de l\u2019eau bouillante ou de grandes plaques de cuisson, le syst\u00e8me fonctionne tr\u00e8s bien. Avec des saut\u00e9s, fritures ou des mouvements rapides de po\u00eale, la vapeur se disperse davantage avant d\u2019\u00eatre capt\u00e9e.<\/p>\n<p data-start=\"5290\" data-end=\"6055\">Ce n\u2019est pas qu\u2019elle ne fonctionne pas \u2014 c\u2019est que toutes les fa\u00e7ons de cuisiner ne se valent pas.<\/p>\n<h3 data-start=\"6057\" data-end=\"6179\">Quand une plaque avec hotte int\u00e9gr\u00e9e est un excellent choix<\/h3>\n<p data-start=\"6057\" data-end=\"6179\">Ce type de syst\u00e8me est particuli\u00e8rement adapt\u00e9 lorsque :<\/p>\n<ul data-start=\"6180\" data-end=\"6334\">\n<li data-start=\"6180\" data-end=\"6221\">\n<p data-start=\"6182\" data-end=\"6221\">La propret\u00e9 visuelle est une priorit\u00e9<\/p>\n<\/li>\n<li data-start=\"6222\" data-end=\"6277\">\n<p data-start=\"6224\" data-end=\"6277\">On utilise des planchas, grils ou grands r\u00e9cipients<\/p>\n<\/li>\n<li data-start=\"6278\" data-end=\"6334\">\n<p data-start=\"6280\" data-end=\"6334\">La cuisine est r\u00e9guli\u00e8re mais sans exc\u00e8s de fritures<\/p>\n<\/li>\n<\/ul>\n<p data-start=\"6336\" data-end=\"6404\">Dans ces cas, l\u2019exp\u00e9rience est fluide, confortable et tr\u00e8s agr\u00e9able.<\/p>\n<h3 data-start=\"6406\" data-end=\"6539\"><strong data-start=\"6406\" data-end=\"6453\">Quand il vaut mieux y r\u00e9fl\u00e9chir \u00e0 deux fois<\/strong><\/h3>\n<p data-start=\"6406\" data-end=\"6539\">Il existe des situations o\u00f9 une hotte de plan de travail peut \u00eatre moins efficace :<\/p>\n<ul data-start=\"6540\" data-end=\"6759\">\n<li data-start=\"6540\" data-end=\"6603\">\n<p data-start=\"6542\" data-end=\"6603\">Cuisines o\u00f9 l\u2019on frit ou fait sauter souvent et intens\u00e9ment<\/p>\n<\/li>\n<li data-start=\"6604\" data-end=\"6676\">\n<p data-start=\"6606\" data-end=\"6676\">Utilisations tr\u00e8s intensives avec plusieurs zones \u00e0 pleine puissance<\/p>\n<\/li>\n<li data-start=\"6677\" data-end=\"6759\">\n<p data-start=\"6679\" data-end=\"6759\">Projets o\u00f9 l\u2019extraction ou la recirculation n\u2019ont pas \u00e9t\u00e9 correctement pr\u00e9vues<\/p>\n<\/li>\n<\/ul>\n<p data-start=\"6761\" data-end=\"6866\">Dans ces situations, une hotte sup\u00e9rieure bien con\u00e7ue peut offrir une captation plus stable et constante.<\/p>\n<h3 data-start=\"6868\" data-end=\"7148\">Un point cl\u00e9 : recirculation ou \u00e9vacuation ext\u00e9rieure<\/h3>\n<p data-start=\"6868\" data-end=\"7148\">De nombreuses plaques avec hotte int\u00e9gr\u00e9e fonctionnent en recirculation. Ce n\u2019est pas un probl\u00e8me\u2026 si le syst\u00e8me est adapt\u00e9.<\/p>\n<p data-start=\"6868\" data-end=\"7148\">La diff\u00e9rence ne tient pas au fait de recirculer ou non, mais \u00e0 la fa\u00e7on dont cela est fait :<\/p>\n<ul data-start=\"7149\" data-end=\"7253\">\n<li data-start=\"7149\" data-end=\"7167\">\n<p data-start=\"7151\" data-end=\"7167\">Type de filtre<\/p>\n<\/li>\n<li data-start=\"7168\" data-end=\"7198\">\n<p data-start=\"7170\" data-end=\"7198\">Capacit\u00e9 de neutralisation<\/p>\n<\/li>\n<li data-start=\"7199\" data-end=\"7223\">\n<p data-start=\"7201\" data-end=\"7223\">Facilit\u00e9 d\u2019entretien<\/p>\n<\/li>\n<li data-start=\"7224\" data-end=\"7253\">\n<p data-start=\"7226\" data-end=\"7253\">Adaptation \u00e0 l\u2019usage r\u00e9el<\/p>\n<\/li>\n<\/ul>\n<p data-start=\"7255\" data-end=\"7365\">Bien choisir ici fait toute la diff\u00e9rence entre une cuisine qui reste fra\u00eeche et une cuisine qui ne l\u2019est pas.<\/p>\n<ul>\n<li data-start=\"7367\" data-end=\"7403\"><a href=\"https:\/\/www.frecan.fr\/hottes\/recirculation\/\"><span style=\"color: #0000ff;\"><strong>Voir les syst\u00e8mes de recirculation<\/strong><\/span><\/a><\/li>\n<\/ul>\n<h3 data-start=\"7405\" data-end=\"7821\">La plaque elle-m\u00eame compte aussi (beaucoup)<\/h3>\n<p data-start=\"7405\" data-end=\"7821\">Un autre point souvent n\u00e9glig\u00e9 : toutes les plaques avec hotte int\u00e9gr\u00e9e n\u2019offrent pas la m\u00eame libert\u00e9.<\/p>\n<p data-start=\"7405\" data-end=\"7821\">Si vous utilisez des planchas, de grandes casseroles ou des grils, il est essentiel de disposer de larges zones ou d\u2019une fonction Bridge pour cuisiner sans contraintes.<\/p>\n<p data-start=\"7405\" data-end=\"7821\">Il ne s\u2019agit pas seulement d\u2019aspirer correctement, mais aussi de cuisiner confortablement.<\/p>\n<h3 data-start=\"7823\" data-end=\"8181\">Alors\u2026 est-ce que \u00e7a vaut la peine ?<\/h3>\n<p data-start=\"7823\" data-end=\"8181\" data-is-last-node=\"\" data-is-only-node=\"\">Les hottes de plan de travail ne sont pas une mode. Ce sont une tr\u00e8s bonne solution\u2026 quand elles correspondent \u00e0 la fa\u00e7on de cuisiner et au projet.<\/p>\n<p data-start=\"7823\" data-end=\"8181\" data-is-last-node=\"\" data-is-only-node=\"\">Mais ce n\u2019est pas une solution universelle.<\/p>\n<p data-start=\"7823\" data-end=\"8181\" data-is-last-node=\"\" data-is-only-node=\"\">Ce qui fait la diff\u00e9rence, ce n\u2019est pas le produit en lui-m\u00eame, mais le fait de l\u2019avoir choisi pour les bonnes raisons.<\/p>\n<h4>En savoir plus<\/h4>\n<blockquote class=\"wp-embedded-content\" data-secret=\"cfzJUrTEK1\"><p><a href=\"https:\/\/www.frecan.es\/blog\/fr\/tendances-cuisine-2026\/\">Las tendencias de cocina que dominar\u00e1n 2026<\/a><\/p><\/blockquote>\n<p><iframe loading=\"lazy\" class=\"wp-embedded-content\" sandbox=\"allow-scripts\" security=\"restricted\" style=\"position: absolute; visibility: hidden;\" title=\"\u00ab\u00a0Las tendencias de cocina que dominar\u00e1n 2026\u00a0\u00bb &#8212; Blog de Frecan\" src=\"https:\/\/www.frecan.es\/blog\/fr\/tendances-cuisine-2026\/embed\/#?secret=WuIHxJXZ1p#?secret=cfzJUrTEK1\" data-secret=\"cfzJUrTEK1\" width=\"600\" height=\"338\" frameborder=\"0\" marginwidth=\"0\" marginheight=\"0\" scrolling=\"no\"><\/iframe><\/p>\n<p>https:\/\/www.frecan.es\/blog\/la-isla-como-pieza-central-en-la-cocina-contemporanea\/<\/p>\n","protected":false},"excerpt":{"rendered":"<p>Hotte de plan de travail ou hotte traditionnelle ? Avantages, limites et cl\u00e9s de conception.<\/p>\n","protected":false},"author":8,"featured_media":12393,"comment_status":"open","ping_status":"open","sticky":false,"template":"","format":"standard","meta":{"footnotes":""},"categories":[73,63,64],"tags":[],"class_list":{"0":"post-12399","1":"post","2":"type-post","3":"status-publish","4":"format-standard","5":"has-post-thumbnail","7":"category-placas-de-induccion-fr","8":"category-recirculation-et-passivhaus","9":"category-hottes"},"yoast_head":"<!-- This site is optimized with the Yoast SEO plugin v24.7 - https:\/\/yoast.com\/wordpress\/plugins\/seo\/ -->\n<title>Plaque avec hotte int\u00e9gr\u00e9e : quand \u00e7a vaut la peine (et quand ce n\u2019est pas le cas) - Blog de Frecan<\/title>\n<meta name=\"description\" content=\"Les plaques avec hotte ne sont pas une mode. Ce sont une tr\u00e8s bonne solution quand elles correspondent \u00e0 la fa\u00e7on de cuisiner et au projet...\" \/>\n<meta name=\"robots\" content=\"index, follow, max-snippet:-1, max-image-preview:large, max-video-preview:-1\" \/>\n<link rel=\"canonical\" href=\"https:\/\/www.frecan.es\/blog\/fr\/plaque-avec-hotte-integree\/\" \/>\n<meta property=\"og:locale\" content=\"fr_FR\" \/>\n<meta property=\"og:type\" content=\"article\" \/>\n<meta property=\"og:title\" content=\"Plaque avec hotte int\u00e9gr\u00e9e : quand \u00e7a vaut la peine (et quand ce n\u2019est pas le cas) - Blog de Frecan\" \/>\n<meta property=\"og:description\" content=\"Les plaques avec hotte ne sont pas une mode. Ce sont une tr\u00e8s bonne solution quand elles correspondent \u00e0 la fa\u00e7on de cuisiner et au projet...\" \/>\n<meta property=\"og:url\" content=\"https:\/\/www.frecan.es\/blog\/fr\/plaque-avec-hotte-integree\/\" \/>\n<meta property=\"og:site_name\" content=\"Blog de Frecan\" \/>\n<meta property=\"article:published_time\" content=\"2026-01-29T07:00:48+00:00\" \/>\n<meta property=\"og:image\" content=\"https:\/\/www.frecan.es\/blog\/wp-content\/uploads\/2026\/01\/Flow-44-3.png\" \/>\n\t<meta property=\"og:image:width\" content=\"1264\" \/>\n\t<meta property=\"og:image:height\" content=\"1264\" \/>\n\t<meta property=\"og:image:type\" content=\"image\/png\" \/>\n<meta name=\"author\" content=\"Tha\u00efs Alcal\u00e1\" \/>\n<meta name=\"twitter:card\" content=\"summary_large_image\" \/>\n<meta name=\"twitter:label1\" content=\"\u00c9crit par\" \/>\n\t<meta name=\"twitter:data1\" content=\"Tha\u00efs Alcal\u00e1\" \/>\n\t<meta name=\"twitter:label2\" content=\"Dur\u00e9e de lecture estim\u00e9e\" \/>\n\t<meta name=\"twitter:data2\" content=\"4 minutes\" \/>\n<script type=\"application\/ld+json\" class=\"yoast-schema-graph\">{\"@context\":\"https:\/\/schema.org\",\"@graph\":[{\"@type\":\"Article\",\"@id\":\"https:\/\/www.frecan.es\/blog\/fr\/plaque-avec-hotte-integree\/#article\",\"isPartOf\":{\"@id\":\"https:\/\/www.frecan.es\/blog\/fr\/plaque-avec-hotte-integree\/\"},\"author\":{\"name\":\"Tha\u00efs Alcal\u00e1\",\"@id\":\"https:\/\/www.frecan.es\/blog\/fr\/#\/schema\/person\/807ea11d2c3f88890ae67a52637b8b3c\"},\"headline\":\"Plaque avec hotte int\u00e9gr\u00e9e : quand \u00e7a vaut la peine (et quand ce n\u2019est pas le cas)\",\"datePublished\":\"2026-01-29T07:00:48+00:00\",\"mainEntityOfPage\":{\"@id\":\"https:\/\/www.frecan.es\/blog\/fr\/plaque-avec-hotte-integree\/\"},\"wordCount\":798,\"commentCount\":0,\"publisher\":{\"@id\":\"https:\/\/www.frecan.es\/blog\/fr\/#organization\"},\"image\":{\"@id\":\"https:\/\/www.frecan.es\/blog\/fr\/plaque-avec-hotte-integree\/#primaryimage\"},\"thumbnailUrl\":\"https:\/\/www.frecan.es\/blog\/wp-content\/uploads\/2026\/01\/Flow-44-3.png\",\"articleSection\":[\"Placas de inducci\u00f3n\",\"Recirculacion et Passivhaus\",\"Syst\u00e8mes d'extraction \/ hottes\"],\"inLanguage\":\"fr-FR\",\"potentialAction\":[{\"@type\":\"CommentAction\",\"name\":\"Comment\",\"target\":[\"https:\/\/www.frecan.es\/blog\/fr\/plaque-avec-hotte-integree\/#respond\"]}]},{\"@type\":\"WebPage\",\"@id\":\"https:\/\/www.frecan.es\/blog\/fr\/plaque-avec-hotte-integree\/\",\"url\":\"https:\/\/www.frecan.es\/blog\/fr\/plaque-avec-hotte-integree\/\",\"name\":\"Plaque avec hotte int\u00e9gr\u00e9e : quand \u00e7a vaut la peine (et quand ce n\u2019est pas le cas) - Blog de Frecan\",\"isPartOf\":{\"@id\":\"https:\/\/www.frecan.es\/blog\/fr\/#website\"},\"primaryImageOfPage\":{\"@id\":\"https:\/\/www.frecan.es\/blog\/fr\/plaque-avec-hotte-integree\/#primaryimage\"},\"image\":{\"@id\":\"https:\/\/www.frecan.es\/blog\/fr\/plaque-avec-hotte-integree\/#primaryimage\"},\"thumbnailUrl\":\"https:\/\/www.frecan.es\/blog\/wp-content\/uploads\/2026\/01\/Flow-44-3.png\",\"datePublished\":\"2026-01-29T07:00:48+00:00\",\"description\":\"Les plaques avec hotte ne sont pas une mode. Ce sont une tr\u00e8s bonne solution quand elles correspondent \u00e0 la fa\u00e7on de cuisiner et au projet...\",\"breadcrumb\":{\"@id\":\"https:\/\/www.frecan.es\/blog\/fr\/plaque-avec-hotte-integree\/#breadcrumb\"},\"inLanguage\":\"fr-FR\",\"potentialAction\":[{\"@type\":\"ReadAction\",\"target\":[\"https:\/\/www.frecan.es\/blog\/fr\/plaque-avec-hotte-integree\/\"]}]},{\"@type\":\"ImageObject\",\"inLanguage\":\"fr-FR\",\"@id\":\"https:\/\/www.frecan.es\/blog\/fr\/plaque-avec-hotte-integree\/#primaryimage\",\"url\":\"https:\/\/www.frecan.es\/blog\/wp-content\/uploads\/2026\/01\/Flow-44-3.png\",\"contentUrl\":\"https:\/\/www.frecan.es\/blog\/wp-content\/uploads\/2026\/01\/Flow-44-3.png\",\"width\":1264,\"height\":1264},{\"@type\":\"BreadcrumbList\",\"@id\":\"https:\/\/www.frecan.es\/blog\/fr\/plaque-avec-hotte-integree\/#breadcrumb\",\"itemListElement\":[{\"@type\":\"ListItem\",\"position\":1,\"name\":\"Page de Couverture\",\"item\":\"https:\/\/www.frecan.es\/blog\/fr\/\"},{\"@type\":\"ListItem\",\"position\":2,\"name\":\"Plaque avec hotte int\u00e9gr\u00e9e : quand \u00e7a vaut la peine (et quand ce n\u2019est pas le cas)\"}]},{\"@type\":\"WebSite\",\"@id\":\"https:\/\/www.frecan.es\/blog\/fr\/#website\",\"url\":\"https:\/\/www.frecan.es\/blog\/fr\/\",\"name\":\"Blog de Frecan\",\"description\":\"Artisanat, technologie et avant-garde au c\u0153ur de votre cuisine\",\"publisher\":{\"@id\":\"https:\/\/www.frecan.es\/blog\/fr\/#organization\"},\"potentialAction\":[{\"@type\":\"SearchAction\",\"target\":{\"@type\":\"EntryPoint\",\"urlTemplate\":\"https:\/\/www.frecan.es\/blog\/fr\/?s={search_term_string}\"},\"query-input\":{\"@type\":\"PropertyValueSpecification\",\"valueRequired\":true,\"valueName\":\"search_term_string\"}}],\"inLanguage\":\"fr-FR\"},{\"@type\":\"Organization\",\"@id\":\"https:\/\/www.frecan.es\/blog\/fr\/#organization\",\"name\":\"Frecan\",\"url\":\"https:\/\/www.frecan.es\/blog\/fr\/\",\"logo\":{\"@type\":\"ImageObject\",\"inLanguage\":\"fr-FR\",\"@id\":\"https:\/\/www.frecan.es\/blog\/fr\/#\/schema\/logo\/image\/\",\"url\":\"https:\/\/www.frecan.es\/blog\/wp-content\/uploads\/2016\/02\/logo-frecan.png\",\"contentUrl\":\"https:\/\/www.frecan.es\/blog\/wp-content\/uploads\/2016\/02\/logo-frecan.png\",\"width\":250,\"height\":27,\"caption\":\"Frecan\"},\"image\":{\"@id\":\"https:\/\/www.frecan.es\/blog\/fr\/#\/schema\/logo\/image\/\"}},{\"@type\":\"Person\",\"@id\":\"https:\/\/www.frecan.es\/blog\/fr\/#\/schema\/person\/807ea11d2c3f88890ae67a52637b8b3c\",\"name\":\"Tha\u00efs Alcal\u00e1\",\"image\":{\"@type\":\"ImageObject\",\"inLanguage\":\"fr-FR\",\"@id\":\"https:\/\/www.frecan.es\/blog\/fr\/#\/schema\/person\/image\/\",\"url\":\"https:\/\/secure.gravatar.com\/avatar\/ad063cd811075f52af0714b5e973cd08?s=96&d=mm&r=g\",\"contentUrl\":\"https:\/\/secure.gravatar.com\/avatar\/ad063cd811075f52af0714b5e973cd08?s=96&d=mm&r=g\",\"caption\":\"Tha\u00efs Alcal\u00e1\"},\"sameAs\":[\"http:\/\/www.frecan.es\"]}]}<\/script>\n<!-- \/ Yoast SEO plugin. -->","yoast_head_json":{"title":"Plaque avec hotte int\u00e9gr\u00e9e : quand \u00e7a vaut la peine (et quand ce n\u2019est pas le cas) - Blog de Frecan","description":"Les plaques avec hotte ne sont pas une mode. Ce sont une tr\u00e8s bonne solution quand elles correspondent \u00e0 la fa\u00e7on de cuisiner et au projet...","robots":{"index":"index","follow":"follow","max-snippet":"max-snippet:-1","max-image-preview":"max-image-preview:large","max-video-preview":"max-video-preview:-1"},"canonical":"https:\/\/www.frecan.es\/blog\/fr\/plaque-avec-hotte-integree\/","og_locale":"fr_FR","og_type":"article","og_title":"Plaque avec hotte int\u00e9gr\u00e9e : quand \u00e7a vaut la peine (et quand ce n\u2019est pas le cas) - Blog de Frecan","og_description":"Les plaques avec hotte ne sont pas une mode. Ce sont une tr\u00e8s bonne solution quand elles correspondent \u00e0 la fa\u00e7on de cuisiner et au projet...","og_url":"https:\/\/www.frecan.es\/blog\/fr\/plaque-avec-hotte-integree\/","og_site_name":"Blog de Frecan","article_published_time":"2026-01-29T07:00:48+00:00","og_image":[{"width":1264,"height":1264,"url":"https:\/\/www.frecan.es\/blog\/wp-content\/uploads\/2026\/01\/Flow-44-3.png","type":"image\/png"}],"author":"Tha\u00efs Alcal\u00e1","twitter_card":"summary_large_image","twitter_misc":{"\u00c9crit par":"Tha\u00efs Alcal\u00e1","Dur\u00e9e de lecture estim\u00e9e":"4 minutes"},"schema":{"@context":"https:\/\/schema.org","@graph":[{"@type":"Article","@id":"https:\/\/www.frecan.es\/blog\/fr\/plaque-avec-hotte-integree\/#article","isPartOf":{"@id":"https:\/\/www.frecan.es\/blog\/fr\/plaque-avec-hotte-integree\/"},"author":{"name":"Tha\u00efs Alcal\u00e1","@id":"https:\/\/www.frecan.es\/blog\/fr\/#\/schema\/person\/807ea11d2c3f88890ae67a52637b8b3c"},"headline":"Plaque avec hotte int\u00e9gr\u00e9e : quand \u00e7a vaut la peine (et quand ce n\u2019est pas le cas)","datePublished":"2026-01-29T07:00:48+00:00","mainEntityOfPage":{"@id":"https:\/\/www.frecan.es\/blog\/fr\/plaque-avec-hotte-integree\/"},"wordCount":798,"commentCount":0,"publisher":{"@id":"https:\/\/www.frecan.es\/blog\/fr\/#organization"},"image":{"@id":"https:\/\/www.frecan.es\/blog\/fr\/plaque-avec-hotte-integree\/#primaryimage"},"thumbnailUrl":"https:\/\/www.frecan.es\/blog\/wp-content\/uploads\/2026\/01\/Flow-44-3.png","articleSection":["Placas de inducci\u00f3n","Recirculacion et Passivhaus","Syst\u00e8mes d'extraction \/ hottes"],"inLanguage":"fr-FR","potentialAction":[{"@type":"CommentAction","name":"Comment","target":["https:\/\/www.frecan.es\/blog\/fr\/plaque-avec-hotte-integree\/#respond"]}]},{"@type":"WebPage","@id":"https:\/\/www.frecan.es\/blog\/fr\/plaque-avec-hotte-integree\/","url":"https:\/\/www.frecan.es\/blog\/fr\/plaque-avec-hotte-integree\/","name":"Plaque avec hotte int\u00e9gr\u00e9e : quand \u00e7a vaut la peine (et quand ce n\u2019est pas le cas) - Blog de Frecan","isPartOf":{"@id":"https:\/\/www.frecan.es\/blog\/fr\/#website"},"primaryImageOfPage":{"@id":"https:\/\/www.frecan.es\/blog\/fr\/plaque-avec-hotte-integree\/#primaryimage"},"image":{"@id":"https:\/\/www.frecan.es\/blog\/fr\/plaque-avec-hotte-integree\/#primaryimage"},"thumbnailUrl":"https:\/\/www.frecan.es\/blog\/wp-content\/uploads\/2026\/01\/Flow-44-3.png","datePublished":"2026-01-29T07:00:48+00:00","description":"Les plaques avec hotte ne sont pas une mode. Ce sont une tr\u00e8s bonne solution quand elles correspondent \u00e0 la fa\u00e7on de cuisiner et au projet...","breadcrumb":{"@id":"https:\/\/www.frecan.es\/blog\/fr\/plaque-avec-hotte-integree\/#breadcrumb"},"inLanguage":"fr-FR","potentialAction":[{"@type":"ReadAction","target":["https:\/\/www.frecan.es\/blog\/fr\/plaque-avec-hotte-integree\/"]}]},{"@type":"ImageObject","inLanguage":"fr-FR","@id":"https:\/\/www.frecan.es\/blog\/fr\/plaque-avec-hotte-integree\/#primaryimage","url":"https:\/\/www.frecan.es\/blog\/wp-content\/uploads\/2026\/01\/Flow-44-3.png","contentUrl":"https:\/\/www.frecan.es\/blog\/wp-content\/uploads\/2026\/01\/Flow-44-3.png","width":1264,"height":1264},{"@type":"BreadcrumbList","@id":"https:\/\/www.frecan.es\/blog\/fr\/plaque-avec-hotte-integree\/#breadcrumb","itemListElement":[{"@type":"ListItem","position":1,"name":"Page de Couverture","item":"https:\/\/www.frecan.es\/blog\/fr\/"},{"@type":"ListItem","position":2,"name":"Plaque avec hotte int\u00e9gr\u00e9e : quand \u00e7a vaut la peine (et quand ce n\u2019est pas le cas)"}]},{"@type":"WebSite","@id":"https:\/\/www.frecan.es\/blog\/fr\/#website","url":"https:\/\/www.frecan.es\/blog\/fr\/","name":"Blog de Frecan","description":"Artisanat, technologie et avant-garde au c\u0153ur de votre cuisine","publisher":{"@id":"https:\/\/www.frecan.es\/blog\/fr\/#organization"},"potentialAction":[{"@type":"SearchAction","target":{"@type":"EntryPoint","urlTemplate":"https:\/\/www.frecan.es\/blog\/fr\/?s={search_term_string}"},"query-input":{"@type":"PropertyValueSpecification","valueRequired":true,"valueName":"search_term_string"}}],"inLanguage":"fr-FR"},{"@type":"Organization","@id":"https:\/\/www.frecan.es\/blog\/fr\/#organization","name":"Frecan","url":"https:\/\/www.frecan.es\/blog\/fr\/","logo":{"@type":"ImageObject","inLanguage":"fr-FR","@id":"https:\/\/www.frecan.es\/blog\/fr\/#\/schema\/logo\/image\/","url":"https:\/\/www.frecan.es\/blog\/wp-content\/uploads\/2016\/02\/logo-frecan.png","contentUrl":"https:\/\/www.frecan.es\/blog\/wp-content\/uploads\/2016\/02\/logo-frecan.png","width":250,"height":27,"caption":"Frecan"},"image":{"@id":"https:\/\/www.frecan.es\/blog\/fr\/#\/schema\/logo\/image\/"}},{"@type":"Person","@id":"https:\/\/www.frecan.es\/blog\/fr\/#\/schema\/person\/807ea11d2c3f88890ae67a52637b8b3c","name":"Tha\u00efs Alcal\u00e1","image":{"@type":"ImageObject","inLanguage":"fr-FR","@id":"https:\/\/www.frecan.es\/blog\/fr\/#\/schema\/person\/image\/","url":"https:\/\/secure.gravatar.com\/avatar\/ad063cd811075f52af0714b5e973cd08?s=96&d=mm&r=g","contentUrl":"https:\/\/secure.gravatar.com\/avatar\/ad063cd811075f52af0714b5e973cd08?s=96&d=mm&r=g","caption":"Tha\u00efs Alcal\u00e1"},"sameAs":["http:\/\/www.frecan.es"]}]}},"_links":{"self":[{"href":"https:\/\/www.frecan.es\/blog\/fr\/wp-json\/wp\/v2\/posts\/12399","targetHints":{"allow":["GET"]}}],"collection":[{"href":"https:\/\/www.frecan.es\/blog\/fr\/wp-json\/wp\/v2\/posts"}],"about":[{"href":"https:\/\/www.frecan.es\/blog\/fr\/wp-json\/wp\/v2\/types\/post"}],"author":[{"embeddable":true,"href":"https:\/\/www.frecan.es\/blog\/fr\/wp-json\/wp\/v2\/users\/8"}],"replies":[{"embeddable":true,"href":"https:\/\/www.frecan.es\/blog\/fr\/wp-json\/wp\/v2\/comments?post=12399"}],"version-history":[{"count":2,"href":"https:\/\/www.frecan.es\/blog\/fr\/wp-json\/wp\/v2\/posts\/12399\/revisions"}],"predecessor-version":[{"id":12405,"href":"https:\/\/www.frecan.es\/blog\/fr\/wp-json\/wp\/v2\/posts\/12399\/revisions\/12405"}],"wp:featuredmedia":[{"embeddable":true,"href":"https:\/\/www.frecan.es\/blog\/fr\/wp-json\/wp\/v2\/media\/12393"}],"wp:attachment":[{"href":"https:\/\/www.frecan.es\/blog\/fr\/wp-json\/wp\/v2\/media?parent=12399"}],"wp:term":[{"taxonomy":"category","embeddable":true,"href":"https:\/\/www.frecan.es\/blog\/fr\/wp-json\/wp\/v2\/categories?post=12399"},{"taxonomy":"post_tag","embeddable":true,"href":"https:\/\/www.frecan.es\/blog\/fr\/wp-json\/wp\/v2\/tags?post=12399"}],"curies":[{"name":"wp","href":"https:\/\/api.w.org\/{rel}","templated":true}]}}