{"id":12136,"date":"2025-10-30T09:00:00","date_gmt":"2025-10-30T07:00:00","guid":{"rendered":"https:\/\/www.frecan.es\/blog\/?p=12136"},"modified":"2025-10-29T15:28:11","modified_gmt":"2025-10-29T13:28:11","slug":"cave-a-vin-oui-ou-non","status":"publish","type":"post","link":"https:\/\/www.frecan.es\/blog\/fr\/cave-a-vin-oui-ou-non\/","title":{"rendered":"Cave \u00e0 vin : oui ou non ? Comment bien choisir avant de l\u2019installer"},"content":{"rendered":"<h2 style=\"color: #949494; font-size: 24px; line-height: 26px; margin-top: -20px;\">Un guide pratique pour savoir si une cave \u00e0 vin correspond \u00e0 votre cuisine, votre espace et votre mode de vie.<\/h2>\n<p><!--more--><\/p>\n<p data-start=\"4295\" data-end=\"4548\">Une cave \u00e0 vin n\u2019est pas qu\u2019un simple appareil \u00e9lectrom\u00e9nager. Pour beaucoup, c\u2019est une mani\u00e8re de profiter de la cuisine et de la maison en toute s\u00e9r\u00e9nit\u00e9. Mais toutes les cuisines, ni tous les foyers ou styles de vie, n\u2019en ont r\u00e9ellement besoin.<\/p>\n<p data-start=\"4550\" data-end=\"4732\">C\u2019est pourquoi nous avons cr\u00e9\u00e9 ce guide rapide : en 5 minutes, vous saurez si une cave \u00e0 vin vous convient et quel mod\u00e8le choisir. Sans jargon technique. Sans romantisme inutile.<\/p>\n<p>&nbsp;<\/p>\n<p><a href=\"https:\/\/www.frecan.fr\/caves_a_vin\/\" target=\"_blank\" rel=\"noopener\"><img loading=\"lazy\" decoding=\"async\" width=\"1500\" height=\"818\" class=\"alignnone wp-image-12131 size-full\" src=\"https:\/\/www.frecan.es\/blog\/wp-content\/uploads\/2025\/10\/vinotecas_frecan2.jpg\" class=\"light\" srcset=\"https:\/\/www.frecan.es\/blog\/wp-content\/uploads\/2025\/10\/vinotecas_frecan2.jpg 1500w, https:\/\/www.frecan.es\/blog\/wp-content\/uploads\/2025\/10\/vinotecas_frecan2-300x164.jpg 300w, https:\/\/www.frecan.es\/blog\/wp-content\/uploads\/2025\/10\/vinotecas_frecan2-1024x558.jpg 1024w, https:\/\/www.frecan.es\/blog\/wp-content\/uploads\/2025\/10\/vinotecas_frecan2-768x419.jpg 768w, https:\/\/www.frecan.es\/blog\/wp-content\/uploads\/2025\/10\/vinotecas_frecan2-800x436.jpg 800w, https:\/\/www.frecan.es\/blog\/wp-content\/uploads\/2025\/10\/vinotecas_frecan2-1280x698.jpg 1280w\" sizes=\"auto, (max-width: 1500px) 100vw, 1500px\" \/><\/a><\/p>\n<h3 data-start=\"4739\" data-end=\"4774\">1) Pour qui (et pour qui pas)<\/h3>\n<p><strong data-start=\"4776\" data-end=\"4798\">Elle a du sens si\u2026<\/strong><\/p>\n<ul>\n<li>Vous aimez recevoir ou cuisiner en accord mets-vins.<\/li>\n<li>Vous souhaitez avoir votre vin pr\u00eat \u00e0 servir, pas seulement stock\u00e9.<\/li>\n<li>Vous concevez une nouvelle cuisine et cherchez une fa\u00e7ade propre et bien pens\u00e9e.<\/li>\n<li>Vous attachez autant d\u2019importance \u00e0 l\u2019esth\u00e9tique qu\u2019\u00e0 la fonctionnalit\u00e9.<\/li>\n<\/ul>\n<p data-start=\"5085\" data-end=\"5257\"><strong data-start=\"5085\" data-end=\"5113\">Elle a moins de sens si\u2026<\/strong><\/p>\n<ul>\n<li data-start=\"5085\" data-end=\"5257\">Vous buvez du vin seulement \u00e0 l\u2019occasion.<\/li>\n<li data-start=\"5085\" data-end=\"5257\">Vous n\u2019avez pas d\u2019espace disponible ni l\u2019intention de modifier la disposition de votre cuisine.<\/li>\n<\/ul>\n<p data-start=\"5259\" data-end=\"5391\">\ud83d\udc49 Si vous \u00eates entre les deux, ne rejetez pas encore l\u2019id\u00e9e : l\u2019installation, l\u2019espace et l\u2019usage r\u00e9el aident souvent \u00e0 trancher.<\/p>\n<h3>2) S\u00e9lecteur rapide : 3 questions<\/h3>\n<ol>\n<li aria-level=\"1\"><strong>Emplacement<\/strong> (O\u00f9 ?)\n<ul>\n<li aria-level=\"2\">Encastrable \u2192 sous plan de travail ou en colonne.<\/li>\n<li aria-level=\"2\">Pose libre \u2192 laissez de l\u2019espace autour pour une bonne ventilation.<\/li>\n<\/ul>\n<\/li>\n<li aria-level=\"1\"><strong data-start=\"5587\" data-end=\"5618\">Capacit\u00e9 r\u00e9elle <\/strong>(Combien ?)\n<ul>\n<li aria-level=\"2\">8\u201324 bouteilles \u2192 format compact.<\/li>\n<li aria-level=\"2\">25\u201345 bouteilles \u2192 format moyen.<\/li>\n<li aria-level=\"2\">45+ bouteilles \u2192 grand format ou combinaison de deux unit\u00e9s.<\/li>\n<\/ul>\n<\/li>\n<li aria-level=\"1\"><strong data-start=\"5756\" data-end=\"5783\">Temp\u00e9rature <\/strong>(Comment ?)\n<ul>\n<li aria-level=\"2\">Double zone \u2192 flexibilit\u00e9 pour servir les blancs frais et les rouges temp\u00e9r\u00e9s.<\/li>\n<li aria-level=\"2\">Simple zone \u2192 simplicit\u00e9 si vous buvez principalement un seul type de vin.<\/li>\n<\/ul>\n<\/li>\n<\/ol>\n<p>\ud83d\udc49 Avec ces trois r\u00e9ponses, vous pouvez d\u00e9j\u00e0 \u00e9liminer les options inadapt\u00e9es et vous concentrer sur celle qui vous correspond.<\/p>\n<h3>3) Quelques d\u00e9cisions importantes<\/h3>\n<p data-start=\"6121\" data-end=\"6539\"><strong data-start=\"6121\" data-end=\"6157\">a) Installation (Sans surprises)<\/strong><\/p>\n<p data-start=\"6121\" data-end=\"6539\">Chez Frecan, une bonne installation garantit la performance et la long\u00e9vit\u00e9 :<\/p>\n<ul>\n<li data-start=\"6121\" data-end=\"6539\">Colonne (45 \/ 60 \/ 88 \/ 122 cm) \u2192 n\u00e9cessite une ventilation frontale pour \u00e9vacuer l\u2019air chaud.<\/li>\n<li data-start=\"6121\" data-end=\"6539\">Sous plan (30 \/ 60 cm) \u2192 n\u00e9cessite une ventilation dans la plinthe d\u2019au moins 10 cm.<\/li>\n<li data-start=\"6121\" data-end=\"6539\">Pose libre \u2192 \u00e9vitez les niches ferm\u00e9es et laissez de l\u2019espace autour et \u00e0 l\u2019arri\u00e8re pour la circulation de l\u2019air.<\/li>\n<\/ul>\n<p data-start=\"6541\" data-end=\"6716\">Pensez aussi \u00e0 pr\u00e9voir une prise accessible (sans tendre le c\u00e2ble), v\u00e9rifier le sens d\u2019ouverture de la porte et aligner la fa\u00e7ade avec les meubles pour une finition soign\u00e9e.<\/p>\n<p><strong data-start=\"6718\" data-end=\"6748\">b) Capacit\u00e9 utile (R\u00e9elle)<\/strong><br data-start=\"6748\" data-end=\"6751\" \/>Les capacit\u00e9s indiqu\u00e9es se basent sur des bouteilles standard de 0,75 L. Si votre collection comprend des champagnes, Bourgognes ou formats plus larges, ils prendront plus de place. Cela ne signifie pas que la cave a moins de capacit\u00e9 que pr\u00e9vu, mais que le nombre r\u00e9el d\u00e9pend des types de bouteilles stock\u00e9es.<br data-start=\"7063\" data-end=\"7066\" \/>Si vous variez les formats, choisissez un mod\u00e8le l\u00e9g\u00e8rement plus grand que pr\u00e9vu \u2014 mieux vaut avoir un peu de marge.<\/p>\n<p data-start=\"7186\" data-end=\"7518\"><strong data-start=\"7186\" data-end=\"7216\">c) Esth\u00e9tique et entretien<\/strong><br data-start=\"7216\" data-end=\"7219\" \/>Une cave \u00e0 vin ne doit pas sembler \u00ab ajout\u00e9e \u00bb, mais parfaitement int\u00e9gr\u00e9e \u00e0 l\u2019ensemble. L\u2019aligner avec les fours, micro-ondes ou autres modules cr\u00e9e une ligne continue et \u00e9quilibr\u00e9e.<br data-start=\"7402\" data-end=\"7405\" \/>\ud83d\udc49 Lorsqu\u2019elle est bien align\u00e9e en hauteur, en fa\u00e7ade et en proportion, le design devient fluide et harmonieux.<\/p>\n<p data-start=\"7520\" data-end=\"7669\">C\u00f4t\u00e9 pratique :<\/p>\n<ul>\n<li data-start=\"7520\" data-end=\"7669\">Acc\u00e8s faciles pour le nettoyage.<\/li>\n<li data-start=\"7520\" data-end=\"7669\">\u00c9clairage int\u00e9rieur fonctionnel (et non purement d\u00e9coratif).<\/li>\n<li data-start=\"7520\" data-end=\"7669\">Mat\u00e9riaux faciles \u00e0 entretenir.<\/li>\n<\/ul>\n<p data-start=\"7671\" data-end=\"7753\">\ud83e\uddfc Si elle est simple \u00e0 entretenir, elle restera un plaisir, pas une contrainte.<\/p>\n<h3>4) Erreurs fr\u00e9quentes \u00e0 \u00e9viter<\/h3>\n<ul>\n<li aria-level=\"1\">Choisir sur photo sans penser \u00e0 la ventilation ou \u00e0 l\u2019installation.<\/li>\n<li aria-level=\"1\">Sous-estimer la capacit\u00e9 utile.<\/li>\n<li aria-level=\"1\">Oublier la prise ou l\u2019ouverture de la porte.<\/li>\n<li aria-level=\"1\">L\u2019utiliser comme \u00ab meuble d\u00e9co \u00bb sans r\u00e9gler la temp\u00e9rature : le vin le remarquera.<\/li>\n<\/ul>\n<h3>5) Et maintenant ?<\/h3>\n<ul>\n<li aria-level=\"1\">\n<p data-start=\"8065\" data-end=\"8298\">Si vous avez d\u00e9j\u00e0 d\u00e9fini l\u2019espace, explorez nos mod\u00e8les et dimensions. \u2192 <a href=\"https:\/\/www.frecan.fr\/caves_a_vin\/\"><strong data-start=\"8138\" data-end=\"8157\">Voir maintenant<\/strong><\/a><\/p>\n<\/li>\n<li aria-level=\"1\">\n<p data-start=\"8065\" data-end=\"8298\">Si vous h\u00e9sitez entre capacit\u00e9s ou zones, nous pouvons vous aider \u00e0 trouver la meilleure option pour votre cuisine. \u2192 <a href=\"https:\/\/www.frecan.fr\/contact\/\"><strong data-start=\"8278\" data-end=\"8296\">Nous contacter<\/strong><\/a><\/p>\n<p data-start=\"8300\" data-end=\"8362\">Merci de permettre \u00e0 Frecan de faire partie de votre maison.<\/p>\n<\/li>\n<\/ul>\n<h4>En savoir plus<\/h4>\n<blockquote class=\"wp-embedded-content\" data-secret=\"5VMI0Pa6qz\"><p><a href=\"https:\/\/www.frecan.es\/blog\/fr\/conserver-le-vin-correctement-a-la-maison-est-essentiel\/\">Conservar el vino en casa de manera adecuada es esencial<\/a><\/p><\/blockquote>\n<p><iframe loading=\"lazy\" class=\"wp-embedded-content\" sandbox=\"allow-scripts\" security=\"restricted\" style=\"position: absolute; visibility: hidden;\" title=\"\u00ab\u00a0Conservar el vino en casa de manera adecuada es esencial\u00a0\u00bb &#8212; Blog de Frecan\" src=\"https:\/\/www.frecan.es\/blog\/fr\/conserver-le-vin-correctement-a-la-maison-est-essentiel\/embed\/#?secret=TlU6aihHRd#?secret=5VMI0Pa6qz\" data-secret=\"5VMI0Pa6qz\" width=\"600\" height=\"338\" frameborder=\"0\" marginwidth=\"0\" marginheight=\"0\" scrolling=\"no\"><\/iframe><\/p>\n<blockquote class=\"wp-embedded-content\" data-secret=\"3NvaAH6v10\"><p><a href=\"https:\/\/www.frecan.es\/blog\/fr\/catalogue-numerique-frecan\/\">\u00bfSab\u00edas que nuestro cat\u00e1logo tambi\u00e9n est\u00e1 disponible en formato digital?<\/a><\/p><\/blockquote>\n<p><iframe loading=\"lazy\" class=\"wp-embedded-content\" sandbox=\"allow-scripts\" security=\"restricted\" style=\"position: absolute; visibility: hidden;\" title=\"\u00ab\u00a0\u00bfSab\u00edas que nuestro cat\u00e1logo tambi\u00e9n est\u00e1 disponible en formato digital?\u00a0\u00bb &#8212; Blog de Frecan\" src=\"https:\/\/www.frecan.es\/blog\/fr\/catalogue-numerique-frecan\/embed\/#?secret=Zfvhllw0fq#?secret=3NvaAH6v10\" data-secret=\"3NvaAH6v10\" width=\"600\" height=\"338\" frameborder=\"0\" marginwidth=\"0\" marginheight=\"0\" scrolling=\"no\"><\/iframe><\/p>\n","protected":false},"excerpt":{"rendered":"<p>Un guide pratique pour savoir si une cave \u00e0 vin correspond \u00e0 votre cuisine, votre espace et votre mode de vie.<\/p>\n","protected":false},"author":8,"featured_media":12133,"comment_status":"open","ping_status":"open","sticky":false,"template":"","format":"standard","meta":{"footnotes":""},"categories":[82,56],"tags":[],"class_list":{"0":"post-12136","1":"post","2":"type-post","3":"status-publish","4":"format-standard","5":"has-post-thumbnail","7":"category-caves-a-vin-fr","8":"category-non-classe"},"yoast_head":"<!-- This site is optimized with the Yoast SEO plugin v24.7 - https:\/\/yoast.com\/wordpress\/plugins\/seo\/ -->\n<title>Cave \u00e0 vin : oui ou non ? Comment bien choisir avant de l\u2019installer - Blog de Frecan<\/title>\n<meta name=\"description\" content=\"Un guide pratique pour savoir si une cave \u00e0 vin correspond \u00e0 votre cuisine, votre espace et votre mode de vie... En 5 minutes, vous saurez...\" \/>\n<meta name=\"robots\" content=\"index, follow, max-snippet:-1, max-image-preview:large, max-video-preview:-1\" \/>\n<link rel=\"canonical\" href=\"https:\/\/www.frecan.es\/blog\/fr\/cave-a-vin-oui-ou-non\/\" \/>\n<meta property=\"og:locale\" content=\"fr_FR\" \/>\n<meta property=\"og:type\" content=\"article\" \/>\n<meta property=\"og:title\" content=\"Cave \u00e0 vin : oui ou non ? Comment bien choisir avant de l\u2019installer - Blog de Frecan\" \/>\n<meta property=\"og:description\" content=\"Un guide pratique pour savoir si une cave \u00e0 vin correspond \u00e0 votre cuisine, votre espace et votre mode de vie... En 5 minutes, vous saurez...\" \/>\n<meta property=\"og:url\" content=\"https:\/\/www.frecan.es\/blog\/fr\/cave-a-vin-oui-ou-non\/\" \/>\n<meta property=\"og:site_name\" content=\"Blog de Frecan\" \/>\n<meta property=\"article:published_time\" content=\"2025-10-30T07:00:00+00:00\" \/>\n<meta property=\"og:image\" content=\"https:\/\/www.frecan.es\/blog\/wp-content\/uploads\/2025\/10\/vinotecas_frecan2.jpg\" \/>\n\t<meta property=\"og:image:width\" content=\"1500\" \/>\n\t<meta property=\"og:image:height\" content=\"818\" \/>\n\t<meta property=\"og:image:type\" content=\"image\/jpeg\" \/>\n<meta name=\"author\" content=\"Tha\u00efs Alcal\u00e1\" \/>\n<meta name=\"twitter:card\" content=\"summary_large_image\" \/>\n<meta name=\"twitter:label1\" content=\"\u00c9crit par\" \/>\n\t<meta name=\"twitter:data1\" content=\"Tha\u00efs Alcal\u00e1\" \/>\n\t<meta name=\"twitter:label2\" content=\"Dur\u00e9e de lecture estim\u00e9e\" \/>\n\t<meta name=\"twitter:data2\" content=\"4 minutes\" \/>\n<script type=\"application\/ld+json\" class=\"yoast-schema-graph\">{\"@context\":\"https:\/\/schema.org\",\"@graph\":[{\"@type\":\"Article\",\"@id\":\"https:\/\/www.frecan.es\/blog\/fr\/cave-a-vin-oui-ou-non\/#article\",\"isPartOf\":{\"@id\":\"https:\/\/www.frecan.es\/blog\/fr\/cave-a-vin-oui-ou-non\/\"},\"author\":{\"name\":\"Tha\u00efs Alcal\u00e1\",\"@id\":\"https:\/\/www.frecan.es\/blog\/fr\/#\/schema\/person\/807ea11d2c3f88890ae67a52637b8b3c\"},\"headline\":\"Cave \u00e0 vin : oui ou non ? Comment bien choisir avant de l\u2019installer\",\"datePublished\":\"2025-10-30T07:00:00+00:00\",\"mainEntityOfPage\":{\"@id\":\"https:\/\/www.frecan.es\/blog\/fr\/cave-a-vin-oui-ou-non\/\"},\"wordCount\":709,\"commentCount\":0,\"publisher\":{\"@id\":\"https:\/\/www.frecan.es\/blog\/fr\/#organization\"},\"image\":{\"@id\":\"https:\/\/www.frecan.es\/blog\/fr\/cave-a-vin-oui-ou-non\/#primaryimage\"},\"thumbnailUrl\":\"https:\/\/www.frecan.es\/blog\/wp-content\/uploads\/2025\/10\/vinotecas_frecan2.jpg\",\"articleSection\":[\"Caves \u00e0 vin\"],\"inLanguage\":\"fr-FR\",\"potentialAction\":[{\"@type\":\"CommentAction\",\"name\":\"Comment\",\"target\":[\"https:\/\/www.frecan.es\/blog\/fr\/cave-a-vin-oui-ou-non\/#respond\"]}]},{\"@type\":\"WebPage\",\"@id\":\"https:\/\/www.frecan.es\/blog\/fr\/cave-a-vin-oui-ou-non\/\",\"url\":\"https:\/\/www.frecan.es\/blog\/fr\/cave-a-vin-oui-ou-non\/\",\"name\":\"Cave \u00e0 vin : oui ou non ? Comment bien choisir avant de l\u2019installer - Blog de Frecan\",\"isPartOf\":{\"@id\":\"https:\/\/www.frecan.es\/blog\/fr\/#website\"},\"primaryImageOfPage\":{\"@id\":\"https:\/\/www.frecan.es\/blog\/fr\/cave-a-vin-oui-ou-non\/#primaryimage\"},\"image\":{\"@id\":\"https:\/\/www.frecan.es\/blog\/fr\/cave-a-vin-oui-ou-non\/#primaryimage\"},\"thumbnailUrl\":\"https:\/\/www.frecan.es\/blog\/wp-content\/uploads\/2025\/10\/vinotecas_frecan2.jpg\",\"datePublished\":\"2025-10-30T07:00:00+00:00\",\"description\":\"Un guide pratique pour savoir si une cave \u00e0 vin correspond \u00e0 votre cuisine, votre espace et votre mode de vie... En 5 minutes, vous saurez...\",\"breadcrumb\":{\"@id\":\"https:\/\/www.frecan.es\/blog\/fr\/cave-a-vin-oui-ou-non\/#breadcrumb\"},\"inLanguage\":\"fr-FR\",\"potentialAction\":[{\"@type\":\"ReadAction\",\"target\":[\"https:\/\/www.frecan.es\/blog\/fr\/cave-a-vin-oui-ou-non\/\"]}]},{\"@type\":\"ImageObject\",\"inLanguage\":\"fr-FR\",\"@id\":\"https:\/\/www.frecan.es\/blog\/fr\/cave-a-vin-oui-ou-non\/#primaryimage\",\"url\":\"https:\/\/www.frecan.es\/blog\/wp-content\/uploads\/2025\/10\/vinotecas_frecan2.jpg\",\"contentUrl\":\"https:\/\/www.frecan.es\/blog\/wp-content\/uploads\/2025\/10\/vinotecas_frecan2.jpg\",\"width\":1500,\"height\":818},{\"@type\":\"BreadcrumbList\",\"@id\":\"https:\/\/www.frecan.es\/blog\/fr\/cave-a-vin-oui-ou-non\/#breadcrumb\",\"itemListElement\":[{\"@type\":\"ListItem\",\"position\":1,\"name\":\"Page de Couverture\",\"item\":\"https:\/\/www.frecan.es\/blog\/fr\/\"},{\"@type\":\"ListItem\",\"position\":2,\"name\":\"Cave \u00e0 vin : oui ou non ? Comment bien choisir avant de l\u2019installer\"}]},{\"@type\":\"WebSite\",\"@id\":\"https:\/\/www.frecan.es\/blog\/fr\/#website\",\"url\":\"https:\/\/www.frecan.es\/blog\/fr\/\",\"name\":\"Blog de Frecan\",\"description\":\"Artisanat, technologie et avant-garde au c\u0153ur de votre cuisine\",\"publisher\":{\"@id\":\"https:\/\/www.frecan.es\/blog\/fr\/#organization\"},\"potentialAction\":[{\"@type\":\"SearchAction\",\"target\":{\"@type\":\"EntryPoint\",\"urlTemplate\":\"https:\/\/www.frecan.es\/blog\/fr\/?s={search_term_string}\"},\"query-input\":{\"@type\":\"PropertyValueSpecification\",\"valueRequired\":true,\"valueName\":\"search_term_string\"}}],\"inLanguage\":\"fr-FR\"},{\"@type\":\"Organization\",\"@id\":\"https:\/\/www.frecan.es\/blog\/fr\/#organization\",\"name\":\"Frecan\",\"url\":\"https:\/\/www.frecan.es\/blog\/fr\/\",\"logo\":{\"@type\":\"ImageObject\",\"inLanguage\":\"fr-FR\",\"@id\":\"https:\/\/www.frecan.es\/blog\/fr\/#\/schema\/logo\/image\/\",\"url\":\"https:\/\/www.frecan.es\/blog\/wp-content\/uploads\/2016\/02\/logo-frecan.png\",\"contentUrl\":\"https:\/\/www.frecan.es\/blog\/wp-content\/uploads\/2016\/02\/logo-frecan.png\",\"width\":250,\"height\":27,\"caption\":\"Frecan\"},\"image\":{\"@id\":\"https:\/\/www.frecan.es\/blog\/fr\/#\/schema\/logo\/image\/\"}},{\"@type\":\"Person\",\"@id\":\"https:\/\/www.frecan.es\/blog\/fr\/#\/schema\/person\/807ea11d2c3f88890ae67a52637b8b3c\",\"name\":\"Tha\u00efs Alcal\u00e1\",\"image\":{\"@type\":\"ImageObject\",\"inLanguage\":\"fr-FR\",\"@id\":\"https:\/\/www.frecan.es\/blog\/fr\/#\/schema\/person\/image\/\",\"url\":\"https:\/\/secure.gravatar.com\/avatar\/ad063cd811075f52af0714b5e973cd08?s=96&d=mm&r=g\",\"contentUrl\":\"https:\/\/secure.gravatar.com\/avatar\/ad063cd811075f52af0714b5e973cd08?s=96&d=mm&r=g\",\"caption\":\"Tha\u00efs Alcal\u00e1\"},\"sameAs\":[\"http:\/\/www.frecan.es\"]}]}<\/script>\n<!-- \/ Yoast SEO plugin. -->","yoast_head_json":{"title":"Cave \u00e0 vin : oui ou non ? Comment bien choisir avant de l\u2019installer - Blog de Frecan","description":"Un guide pratique pour savoir si une cave \u00e0 vin correspond \u00e0 votre cuisine, votre espace et votre mode de vie... En 5 minutes, vous saurez...","robots":{"index":"index","follow":"follow","max-snippet":"max-snippet:-1","max-image-preview":"max-image-preview:large","max-video-preview":"max-video-preview:-1"},"canonical":"https:\/\/www.frecan.es\/blog\/fr\/cave-a-vin-oui-ou-non\/","og_locale":"fr_FR","og_type":"article","og_title":"Cave \u00e0 vin : oui ou non ? Comment bien choisir avant de l\u2019installer - Blog de Frecan","og_description":"Un guide pratique pour savoir si une cave \u00e0 vin correspond \u00e0 votre cuisine, votre espace et votre mode de vie... En 5 minutes, vous saurez...","og_url":"https:\/\/www.frecan.es\/blog\/fr\/cave-a-vin-oui-ou-non\/","og_site_name":"Blog de Frecan","article_published_time":"2025-10-30T07:00:00+00:00","og_image":[{"width":1500,"height":818,"url":"https:\/\/www.frecan.es\/blog\/wp-content\/uploads\/2025\/10\/vinotecas_frecan2.jpg","type":"image\/jpeg"}],"author":"Tha\u00efs Alcal\u00e1","twitter_card":"summary_large_image","twitter_misc":{"\u00c9crit par":"Tha\u00efs Alcal\u00e1","Dur\u00e9e de lecture estim\u00e9e":"4 minutes"},"schema":{"@context":"https:\/\/schema.org","@graph":[{"@type":"Article","@id":"https:\/\/www.frecan.es\/blog\/fr\/cave-a-vin-oui-ou-non\/#article","isPartOf":{"@id":"https:\/\/www.frecan.es\/blog\/fr\/cave-a-vin-oui-ou-non\/"},"author":{"name":"Tha\u00efs Alcal\u00e1","@id":"https:\/\/www.frecan.es\/blog\/fr\/#\/schema\/person\/807ea11d2c3f88890ae67a52637b8b3c"},"headline":"Cave \u00e0 vin : oui ou non ? Comment bien choisir avant de l\u2019installer","datePublished":"2025-10-30T07:00:00+00:00","mainEntityOfPage":{"@id":"https:\/\/www.frecan.es\/blog\/fr\/cave-a-vin-oui-ou-non\/"},"wordCount":709,"commentCount":0,"publisher":{"@id":"https:\/\/www.frecan.es\/blog\/fr\/#organization"},"image":{"@id":"https:\/\/www.frecan.es\/blog\/fr\/cave-a-vin-oui-ou-non\/#primaryimage"},"thumbnailUrl":"https:\/\/www.frecan.es\/blog\/wp-content\/uploads\/2025\/10\/vinotecas_frecan2.jpg","articleSection":["Caves \u00e0 vin"],"inLanguage":"fr-FR","potentialAction":[{"@type":"CommentAction","name":"Comment","target":["https:\/\/www.frecan.es\/blog\/fr\/cave-a-vin-oui-ou-non\/#respond"]}]},{"@type":"WebPage","@id":"https:\/\/www.frecan.es\/blog\/fr\/cave-a-vin-oui-ou-non\/","url":"https:\/\/www.frecan.es\/blog\/fr\/cave-a-vin-oui-ou-non\/","name":"Cave \u00e0 vin : oui ou non ? Comment bien choisir avant de l\u2019installer - Blog de Frecan","isPartOf":{"@id":"https:\/\/www.frecan.es\/blog\/fr\/#website"},"primaryImageOfPage":{"@id":"https:\/\/www.frecan.es\/blog\/fr\/cave-a-vin-oui-ou-non\/#primaryimage"},"image":{"@id":"https:\/\/www.frecan.es\/blog\/fr\/cave-a-vin-oui-ou-non\/#primaryimage"},"thumbnailUrl":"https:\/\/www.frecan.es\/blog\/wp-content\/uploads\/2025\/10\/vinotecas_frecan2.jpg","datePublished":"2025-10-30T07:00:00+00:00","description":"Un guide pratique pour savoir si une cave \u00e0 vin correspond \u00e0 votre cuisine, votre espace et votre mode de vie... En 5 minutes, vous saurez...","breadcrumb":{"@id":"https:\/\/www.frecan.es\/blog\/fr\/cave-a-vin-oui-ou-non\/#breadcrumb"},"inLanguage":"fr-FR","potentialAction":[{"@type":"ReadAction","target":["https:\/\/www.frecan.es\/blog\/fr\/cave-a-vin-oui-ou-non\/"]}]},{"@type":"ImageObject","inLanguage":"fr-FR","@id":"https:\/\/www.frecan.es\/blog\/fr\/cave-a-vin-oui-ou-non\/#primaryimage","url":"https:\/\/www.frecan.es\/blog\/wp-content\/uploads\/2025\/10\/vinotecas_frecan2.jpg","contentUrl":"https:\/\/www.frecan.es\/blog\/wp-content\/uploads\/2025\/10\/vinotecas_frecan2.jpg","width":1500,"height":818},{"@type":"BreadcrumbList","@id":"https:\/\/www.frecan.es\/blog\/fr\/cave-a-vin-oui-ou-non\/#breadcrumb","itemListElement":[{"@type":"ListItem","position":1,"name":"Page de Couverture","item":"https:\/\/www.frecan.es\/blog\/fr\/"},{"@type":"ListItem","position":2,"name":"Cave \u00e0 vin : oui ou non ? Comment bien choisir avant de l\u2019installer"}]},{"@type":"WebSite","@id":"https:\/\/www.frecan.es\/blog\/fr\/#website","url":"https:\/\/www.frecan.es\/blog\/fr\/","name":"Blog de Frecan","description":"Artisanat, technologie et avant-garde au c\u0153ur de votre cuisine","publisher":{"@id":"https:\/\/www.frecan.es\/blog\/fr\/#organization"},"potentialAction":[{"@type":"SearchAction","target":{"@type":"EntryPoint","urlTemplate":"https:\/\/www.frecan.es\/blog\/fr\/?s={search_term_string}"},"query-input":{"@type":"PropertyValueSpecification","valueRequired":true,"valueName":"search_term_string"}}],"inLanguage":"fr-FR"},{"@type":"Organization","@id":"https:\/\/www.frecan.es\/blog\/fr\/#organization","name":"Frecan","url":"https:\/\/www.frecan.es\/blog\/fr\/","logo":{"@type":"ImageObject","inLanguage":"fr-FR","@id":"https:\/\/www.frecan.es\/blog\/fr\/#\/schema\/logo\/image\/","url":"https:\/\/www.frecan.es\/blog\/wp-content\/uploads\/2016\/02\/logo-frecan.png","contentUrl":"https:\/\/www.frecan.es\/blog\/wp-content\/uploads\/2016\/02\/logo-frecan.png","width":250,"height":27,"caption":"Frecan"},"image":{"@id":"https:\/\/www.frecan.es\/blog\/fr\/#\/schema\/logo\/image\/"}},{"@type":"Person","@id":"https:\/\/www.frecan.es\/blog\/fr\/#\/schema\/person\/807ea11d2c3f88890ae67a52637b8b3c","name":"Tha\u00efs Alcal\u00e1","image":{"@type":"ImageObject","inLanguage":"fr-FR","@id":"https:\/\/www.frecan.es\/blog\/fr\/#\/schema\/person\/image\/","url":"https:\/\/secure.gravatar.com\/avatar\/ad063cd811075f52af0714b5e973cd08?s=96&d=mm&r=g","contentUrl":"https:\/\/secure.gravatar.com\/avatar\/ad063cd811075f52af0714b5e973cd08?s=96&d=mm&r=g","caption":"Tha\u00efs Alcal\u00e1"},"sameAs":["http:\/\/www.frecan.es"]}]}},"_links":{"self":[{"href":"https:\/\/www.frecan.es\/blog\/fr\/wp-json\/wp\/v2\/posts\/12136","targetHints":{"allow":["GET"]}}],"collection":[{"href":"https:\/\/www.frecan.es\/blog\/fr\/wp-json\/wp\/v2\/posts"}],"about":[{"href":"https:\/\/www.frecan.es\/blog\/fr\/wp-json\/wp\/v2\/types\/post"}],"author":[{"embeddable":true,"href":"https:\/\/www.frecan.es\/blog\/fr\/wp-json\/wp\/v2\/users\/8"}],"replies":[{"embeddable":true,"href":"https:\/\/www.frecan.es\/blog\/fr\/wp-json\/wp\/v2\/comments?post=12136"}],"version-history":[{"count":4,"href":"https:\/\/www.frecan.es\/blog\/fr\/wp-json\/wp\/v2\/posts\/12136\/revisions"}],"predecessor-version":[{"id":12144,"href":"https:\/\/www.frecan.es\/blog\/fr\/wp-json\/wp\/v2\/posts\/12136\/revisions\/12144"}],"wp:featuredmedia":[{"embeddable":true,"href":"https:\/\/www.frecan.es\/blog\/fr\/wp-json\/wp\/v2\/media\/12133"}],"wp:attachment":[{"href":"https:\/\/www.frecan.es\/blog\/fr\/wp-json\/wp\/v2\/media?parent=12136"}],"wp:term":[{"taxonomy":"category","embeddable":true,"href":"https:\/\/www.frecan.es\/blog\/fr\/wp-json\/wp\/v2\/categories?post=12136"},{"taxonomy":"post_tag","embeddable":true,"href":"https:\/\/www.frecan.es\/blog\/fr\/wp-json\/wp\/v2\/tags?post=12136"}],"curies":[{"name":"wp","href":"https:\/\/api.w.org\/{rel}","templated":true}]}}