{"id":12118,"date":"2025-10-23T09:27:04","date_gmt":"2025-10-23T07:27:04","guid":{"rendered":"https:\/\/www.frecan.es\/blog\/la-campana-en-una-cocina-abierta\/"},"modified":"2025-10-23T11:21:34","modified_gmt":"2025-10-23T09:21:34","slug":"la-hotte-dans-une-cuisine-ouverte","status":"publish","type":"post","link":"https:\/\/www.frecan.es\/blog\/fr\/la-hotte-dans-une-cuisine-ouverte\/","title":{"rendered":"L\u2019importance de la hotte dans une cuisine ouverte"},"content":{"rendered":"<h2 style=\"color: #949494; font-size: 24px; line-height: 26px; margin-top: -20px;\">Si vous avez (ou \u00eates en train de concevoir) une cuisine ouverte, il y a une chose \u00e0 garder \u00e0 l\u2019esprit : toutes les hottes ne conviennent pas.<\/h2>\n<p><!--more--><\/p>\n<p><a href=\"http:\/\/www.frecan.fr\/\" target=\"_blank\" rel=\"noopener\"><img loading=\"lazy\" decoding=\"async\" width=\"1500\" height=\"780\" class=\"alignnone wp-image-12109 size-full\" src=\"https:\/\/www.frecan.es\/blog\/wp-content\/uploads\/2025\/10\/Frecan-Astro-Persp.jpg\" class=\"light\" srcset=\"https:\/\/www.frecan.es\/blog\/wp-content\/uploads\/2025\/10\/Frecan-Astro-Persp.jpg 1500w, https:\/\/www.frecan.es\/blog\/wp-content\/uploads\/2025\/10\/Frecan-Astro-Persp-300x156.jpg 300w, https:\/\/www.frecan.es\/blog\/wp-content\/uploads\/2025\/10\/Frecan-Astro-Persp-1024x532.jpg 1024w, https:\/\/www.frecan.es\/blog\/wp-content\/uploads\/2025\/10\/Frecan-Astro-Persp-768x399.jpg 768w, https:\/\/www.frecan.es\/blog\/wp-content\/uploads\/2025\/10\/Frecan-Astro-Persp-800x416.jpg 800w, https:\/\/www.frecan.es\/blog\/wp-content\/uploads\/2025\/10\/Frecan-Astro-Persp-1280x666.jpg 1280w\" sizes=\"auto, (max-width: 1500px) 100vw, 1500px\" \/><\/a><\/p>\n<p data-start=\"3206\" data-end=\"3469\">Un mauvais choix peut entra\u00eener des odeurs persistantes, du bruit inutile et un salon qui perd tout son confort.<\/p>\n<p data-start=\"3471\" data-end=\"3583\">Voici donc <strong data-start=\"3482\" data-end=\"3505\">3 raisons pratiques<\/strong> qui expliquent pourquoi la hotte est un \u00e9l\u00e9ment cl\u00e9 dans ce type de cuisine :<\/p>\n<h3>Confort acoustique<\/h3>\n<p>Dans une cuisine ouverte, chaque son est amplifi\u00e9. Si la hotte est bruyante, cela g\u00e2che l\u2019exp\u00e9rience : on ne peut plus discuter, \u00e9couter de la musique ou profiter de l\u2019espace.<\/p>\n<p>\u2192 Une bonne hotte doit fonctionner discr\u00e8tement.<\/p>\n<p>Il est donc essentiel de choisir un mod\u00e8le silencieux ou compatible avec un moteur d\u00e9port\u00e9.<\/p>\n<h3>Design et agencement<\/h3>\n<p>Le charme d\u2019une cuisine ouverte r\u00e9side dans la libert\u00e9 d\u2019am\u00e9nagement. Une hotte mal choisie peut nuire \u00e0 l\u2019esth\u00e9tique de l\u2019ensemble.<\/p>\n<ul>\n<li aria-level=\"1\">Hottes de plan de travail \u2192 Int\u00e9gr\u00e9es dans la zone de cuisson. Id\u00e9ales pour les \u00eelots ou p\u00e9ninsules, elles offrent un rendu \u00e9pur\u00e9.<br \/>\n<a href=\"https:\/\/www.frecan.fr\/hottes\/de-plan-de-travail\/\"><span style=\"color: #0000ff;\"><strong>Voir mod\u00e8les<\/strong><\/span><\/a><\/p>\n<p><a href=\"https:\/\/www.frecan.fr\/hottes\/de-plan-de-travail\/\" target=\"_blank\" rel=\"noopener\"><img loading=\"lazy\" decoding=\"async\" width=\"1500\" height=\"780\" class=\"alignnone wp-image-12087 size-full\" src=\"https:\/\/www.frecan.es\/blog\/wp-content\/uploads\/2025\/10\/Frecan-Flow-Pour-Front-1.jpg\" class=\"light\" srcset=\"https:\/\/www.frecan.es\/blog\/wp-content\/uploads\/2025\/10\/Frecan-Flow-Pour-Front-1.jpg 1500w, https:\/\/www.frecan.es\/blog\/wp-content\/uploads\/2025\/10\/Frecan-Flow-Pour-Front-1-300x156.jpg 300w, https:\/\/www.frecan.es\/blog\/wp-content\/uploads\/2025\/10\/Frecan-Flow-Pour-Front-1-1024x532.jpg 1024w, https:\/\/www.frecan.es\/blog\/wp-content\/uploads\/2025\/10\/Frecan-Flow-Pour-Front-1-768x399.jpg 768w, https:\/\/www.frecan.es\/blog\/wp-content\/uploads\/2025\/10\/Frecan-Flow-Pour-Front-1-800x416.jpg 800w, https:\/\/www.frecan.es\/blog\/wp-content\/uploads\/2025\/10\/Frecan-Flow-Pour-Front-1-1280x666.jpg 1280w\" sizes=\"auto, (max-width: 1500px) 100vw, 1500px\" \/><\/a><\/li>\n<li aria-level=\"1\">Hottes de plafond \u2192 Discr\u00e8tes et \u00e9l\u00e9gantes. Parfaites pour les grands espaces o\u00f9 l\u2019on veut pr\u00e9server une continuit\u00e9 visuelle.<br \/>\n<a href=\"https:\/\/www.frecan.fr\/hottes\/plafonnieres\/\"><span style=\"color: #0000ff;\"><strong>Voir mod\u00e8les<\/strong><\/span><\/a><\/p>\n<p><a href=\"https:\/\/www.frecan.fr\/hottes\/plafonnieres\/\" target=\"_blank\" rel=\"noopener\"><img loading=\"lazy\" decoding=\"async\" width=\"1500\" height=\"780\" class=\"alignnone wp-image-12090 size-full\" src=\"https:\/\/www.frecan.es\/blog\/wp-content\/uploads\/2025\/10\/Frecan-Bright-Persp.jpg\" class=\"light\" srcset=\"https:\/\/www.frecan.es\/blog\/wp-content\/uploads\/2025\/10\/Frecan-Bright-Persp.jpg 1500w, https:\/\/www.frecan.es\/blog\/wp-content\/uploads\/2025\/10\/Frecan-Bright-Persp-300x156.jpg 300w, https:\/\/www.frecan.es\/blog\/wp-content\/uploads\/2025\/10\/Frecan-Bright-Persp-1024x532.jpg 1024w, https:\/\/www.frecan.es\/blog\/wp-content\/uploads\/2025\/10\/Frecan-Bright-Persp-768x399.jpg 768w, https:\/\/www.frecan.es\/blog\/wp-content\/uploads\/2025\/10\/Frecan-Bright-Persp-800x416.jpg 800w, https:\/\/www.frecan.es\/blog\/wp-content\/uploads\/2025\/10\/Frecan-Bright-Persp-1280x666.jpg 1280w\" sizes=\"auto, (max-width: 1500px) 100vw, 1500px\" \/><\/a><\/li>\n<li aria-level=\"1\">Hottes int\u00e9gr\u00e9es \u2192 Totalement dissimul\u00e9es dans les meubles, elles conservent l\u2019unit\u00e9 du design.<br \/>\n<a href=\"https:\/\/www.frecan.fr\/hottes\/encastrables\/\"><span style=\"color: #0000ff;\"><strong>Voir mod\u00e8les<\/strong><\/span><\/a><br \/>\n<a href=\"https:\/\/www.frecan.fr\/hottes\/encastrables\/\" target=\"_blank\" rel=\"noopener\"><img loading=\"lazy\" decoding=\"async\" width=\"1500\" height=\"780\" class=\"alignnone wp-image-12096 size-full\" src=\"https:\/\/www.frecan.es\/blog\/wp-content\/uploads\/2025\/10\/Frecan-Hit-Persp.jpg\" class=\"light\" srcset=\"https:\/\/www.frecan.es\/blog\/wp-content\/uploads\/2025\/10\/Frecan-Hit-Persp.jpg 1500w, https:\/\/www.frecan.es\/blog\/wp-content\/uploads\/2025\/10\/Frecan-Hit-Persp-300x156.jpg 300w, https:\/\/www.frecan.es\/blog\/wp-content\/uploads\/2025\/10\/Frecan-Hit-Persp-1024x532.jpg 1024w, https:\/\/www.frecan.es\/blog\/wp-content\/uploads\/2025\/10\/Frecan-Hit-Persp-768x399.jpg 768w, https:\/\/www.frecan.es\/blog\/wp-content\/uploads\/2025\/10\/Frecan-Hit-Persp-800x416.jpg 800w, https:\/\/www.frecan.es\/blog\/wp-content\/uploads\/2025\/10\/Frecan-Hit-Persp-1280x666.jpg 1280w\" sizes=\"auto, (max-width: 1500px) 100vw, 1500px\" \/><\/a><\/li>\n<li aria-level=\"1\">Hottes murales \u2192 Pratiques et polyvalentes, id\u00e9ales pour les cuisines ouvertes \u00e0 disposition lin\u00e9aire.<br \/>\n<a href=\"https:\/\/www.frecan.fr\/hottes\/murales\/\"><span style=\"color: #0000ff;\"><strong>Voir mod\u00e8les<\/strong><\/span><\/a><\/p>\n<p><a href=\"https:\/\/www.frecan.fr\/hottes\/murales\/\" target=\"_blank\" rel=\"noopener\"><img loading=\"lazy\" decoding=\"async\" width=\"1500\" height=\"780\" class=\"alignnone wp-image-12099 size-full\" src=\"https:\/\/www.frecan.es\/blog\/wp-content\/uploads\/2025\/10\/Frecan-Quasar-Persp.jpg\" class=\"light\" srcset=\"https:\/\/www.frecan.es\/blog\/wp-content\/uploads\/2025\/10\/Frecan-Quasar-Persp.jpg 1500w, https:\/\/www.frecan.es\/blog\/wp-content\/uploads\/2025\/10\/Frecan-Quasar-Persp-300x156.jpg 300w, https:\/\/www.frecan.es\/blog\/wp-content\/uploads\/2025\/10\/Frecan-Quasar-Persp-1024x532.jpg 1024w, https:\/\/www.frecan.es\/blog\/wp-content\/uploads\/2025\/10\/Frecan-Quasar-Persp-768x399.jpg 768w, https:\/\/www.frecan.es\/blog\/wp-content\/uploads\/2025\/10\/Frecan-Quasar-Persp-800x416.jpg 800w, https:\/\/www.frecan.es\/blog\/wp-content\/uploads\/2025\/10\/Frecan-Quasar-Persp-1280x666.jpg 1280w\" sizes=\"auto, (max-width: 1500px) 100vw, 1500px\" \/><\/a><\/li>\n<li aria-level=\"1\">Hottes pour \u00eelot \u2192 Parfaites lorsque la cuisine est le c\u0153ur de la maison. Elles doivent \u00eatre esth\u00e9tiques et bien proportionn\u00e9es.<br \/>\n<a href=\"https:\/\/www.frecan.fr\/hottes\/ilots\/\"><span style=\"color: #0000ff;\"><strong>Voir mod\u00e8les<\/strong><\/span><\/a><\/p>\n<p><a href=\"https:\/\/www.frecan.fr\/hottes\/ilots\/\" target=\"_blank\" rel=\"noopener\"><img loading=\"lazy\" decoding=\"async\" width=\"1500\" height=\"780\" class=\"alignnone wp-image-12105 size-full\" src=\"https:\/\/www.frecan.es\/blog\/wp-content\/uploads\/2025\/10\/Frecan-QFine-Persp.jpg\" class=\"light\" srcset=\"https:\/\/www.frecan.es\/blog\/wp-content\/uploads\/2025\/10\/Frecan-QFine-Persp.jpg 1500w, https:\/\/www.frecan.es\/blog\/wp-content\/uploads\/2025\/10\/Frecan-QFine-Persp-300x156.jpg 300w, https:\/\/www.frecan.es\/blog\/wp-content\/uploads\/2025\/10\/Frecan-QFine-Persp-1024x532.jpg 1024w, https:\/\/www.frecan.es\/blog\/wp-content\/uploads\/2025\/10\/Frecan-QFine-Persp-768x399.jpg 768w, https:\/\/www.frecan.es\/blog\/wp-content\/uploads\/2025\/10\/Frecan-QFine-Persp-800x416.jpg 800w, https:\/\/www.frecan.es\/blog\/wp-content\/uploads\/2025\/10\/Frecan-QFine-Persp-1280x666.jpg 1280w\" sizes=\"auto, (max-width: 1500px) 100vw, 1500px\" \/><\/a><\/li>\n<\/ul>\n<p>&#8211;\u00a0Un bon choix de hotte lib\u00e8re le design de l\u2019espace et offre plus de flexibilit\u00e9 au projet, sans le restreindre.<\/p>\n<h3>Efficacit\u00e9<\/h3>\n<p data-start=\"4953\" data-end=\"5141\">Dans une cuisine ouverte, l\u2019air ne circule pas comme dans une cuisine ferm\u00e9e. Les odeurs et fum\u00e9es se dispersent plus vite, et si l\u2019extraction est inefficace, elles envahissent le salon.<\/p>\n<p>\u2192 Il ne suffit pas de choisir la hotte la plus puissante. Il faut :<\/p>\n<ul>\n<li aria-level=\"1\">Une bonne capacit\u00e9 d\u2019aspiration adapt\u00e9e \u00e0 l\u2019espace.<\/li>\n<li aria-level=\"1\">Un syst\u00e8me de recyclage ou d\u2019\u00e9vacuation performant<\/li>\n<li aria-level=\"1\">Un bon dimensionnement (volume d\u2019air, hauteur, distance de cuisson\u2026).<\/li>\n<\/ul>\n<p>Une cuisine ouverte bien pens\u00e9e ne sent pas la friture, ne graisse pas les meubles, et garde un air propre.<\/p>\n<h3>Mais alors\u2026 comment bien choisir ?<\/h3>\n<p>Choisir la bonne hotte n\u2019a rien de compliqu\u00e9.<\/p>\n<p>\u2192\u00a0Voici un guide simple et pratique pour vous aider selon votre espace, votre installation et vos besoins en extraction : <a href=\"https:\/\/www.frecan.es\/blog\/fr\/choisir-votre-hotte\/\"><span style=\"color: #0000ff;\"><strong>Voir le guide<\/strong><\/span><\/a><\/p>\n<h3><strong data-start=\"5755\" data-end=\"5769\">Conclusio<\/strong><\/h3>\n<p data-start=\"5772\" data-end=\"5905\">L\u2019erreur la plus fr\u00e9quente dans les cuisines ouvertes n\u2019est pas li\u00e9e au design\u2026<br data-start=\"5851\" data-end=\"5854\" \/>C\u2019est <strong data-start=\"5860\" data-end=\"5904\">de sous-estimer l\u2019importance de la hotte<\/strong>.<\/p>\n<p data-start=\"5907\" data-end=\"6015\">La bonne approche, c\u2019est de la consid\u00e9rer comme <strong data-start=\"5955\" data-end=\"5980\">un \u00e9l\u00e9ment structurel<\/strong> du projet, pas un simple appareil.<\/p>\n<p data-start=\"6017\" data-end=\"6123\">Bien choisie, elle s\u2019int\u00e8gre naturellement et accompagne l\u2019usage quotidien.<br data-start=\"6092\" data-end=\"6095\" \/>Mal choisie\u2026 \u00e7a se remarque.<\/p>\n<p data-start=\"6125\" data-end=\"6204\">Avant de d\u00e9cider, assurez-vous qu\u2019elle r\u00e9pond \u00e0 ces trois crit\u00e8res essentiels :<\/p>\n<ul>\n<li aria-level=\"1\"><strong>Confort acoustique<\/strong><\/li>\n<li aria-level=\"1\"><strong>Int\u00e9gration au design<\/strong><\/li>\n<li aria-level=\"1\"><strong>Efficacit\u00e9 r\u00e9elle<\/strong><\/li>\n<\/ul>\n<p>Si elle \u00e9choue sur l\u2019un de ces points, ce n\u2019est probablement pas la hotte qu\u2019il vous faut pour une cuisine ouverte.<\/p>\n<h4>En savoir plus<\/h4>\n<blockquote class=\"wp-embedded-content\" data-secret=\"qdrixw4kKN\"><p><a href=\"https:\/\/www.frecan.es\/blog\/fr\/catalogue-numerique-frecan\/\">\u00bfSab\u00edas que nuestro cat\u00e1logo tambi\u00e9n est\u00e1 disponible en formato digital?<\/a><\/p><\/blockquote>\n<p><iframe loading=\"lazy\" class=\"wp-embedded-content\" sandbox=\"allow-scripts\" security=\"restricted\" style=\"position: absolute; visibility: hidden;\" title=\"\u00ab\u00a0\u00bfSab\u00edas que nuestro cat\u00e1logo tambi\u00e9n est\u00e1 disponible en formato digital?\u00a0\u00bb &#8212; Blog de Frecan\" src=\"https:\/\/www.frecan.es\/blog\/fr\/catalogue-numerique-frecan\/embed\/#?secret=D1P6FyH4RI#?secret=qdrixw4kKN\" data-secret=\"qdrixw4kKN\" width=\"600\" height=\"338\" frameborder=\"0\" marginwidth=\"0\" marginheight=\"0\" scrolling=\"no\"><\/iframe><\/p>\n<blockquote class=\"wp-embedded-content\" data-secret=\"V9sRtSjm1C\"><p><a href=\"https:\/\/www.frecan.es\/blog\/fr\/5-solutions-recirculation-frecan-air\/\">FrecanAir: 5 soluciones de recirculaci\u00f3n para tu cocina<\/a><\/p><\/blockquote>\n<p><iframe loading=\"lazy\" class=\"wp-embedded-content\" sandbox=\"allow-scripts\" security=\"restricted\" style=\"position: absolute; visibility: hidden;\" title=\"\u00ab\u00a0FrecanAir: 5 soluciones de recirculaci\u00f3n para tu cocina\u00a0\u00bb &#8212; Blog de Frecan\" src=\"https:\/\/www.frecan.es\/blog\/fr\/5-solutions-recirculation-frecan-air\/embed\/#?secret=j4o6Cu7Rw0#?secret=V9sRtSjm1C\" data-secret=\"V9sRtSjm1C\" width=\"600\" height=\"338\" frameborder=\"0\" marginwidth=\"0\" marginheight=\"0\" scrolling=\"no\"><\/iframe><\/p>\n","protected":false},"excerpt":{"rendered":"<p>Si vous avez (ou \u00eates en train de concevoir) une cuisine ouverte, il y a une chose \u00e0 garder \u00e0 l\u2019esprit : toutes les hottes ne conviennent pas.<\/p>\n","protected":false},"author":8,"featured_media":12115,"comment_status":"open","ping_status":"open","sticky":false,"template":"","format":"standard","meta":{"footnotes":""},"categories":[64],"tags":[],"class_list":{"0":"post-12118","1":"post","2":"type-post","3":"status-publish","4":"format-standard","5":"has-post-thumbnail","7":"category-hottes"},"yoast_head":"<!-- This site is optimized with the Yoast SEO plugin v24.7 - https:\/\/yoast.com\/wordpress\/plugins\/seo\/ -->\n<title>L\u2019importance de la hotte dans une cuisine ouverte - Blog de Frecan<\/title>\n<meta name=\"description\" content=\"Mal choisir la hotte dans une cuisine ouverte, c\u2019est risquer des odeurs persistantes, du bruit inutile et un salon qui perd tout son confort...\" \/>\n<meta name=\"robots\" content=\"index, follow, max-snippet:-1, max-image-preview:large, max-video-preview:-1\" \/>\n<link rel=\"canonical\" href=\"https:\/\/www.frecan.es\/blog\/fr\/la-hotte-dans-une-cuisine-ouverte\/\" \/>\n<meta property=\"og:locale\" content=\"fr_FR\" \/>\n<meta property=\"og:type\" content=\"article\" \/>\n<meta property=\"og:title\" content=\"L\u2019importance de la hotte dans une cuisine ouverte - Blog de Frecan\" \/>\n<meta property=\"og:description\" content=\"Mal choisir la hotte dans une cuisine ouverte, c\u2019est risquer des odeurs persistantes, du bruit inutile et un salon qui perd tout son confort...\" \/>\n<meta property=\"og:url\" content=\"https:\/\/www.frecan.es\/blog\/fr\/la-hotte-dans-une-cuisine-ouverte\/\" \/>\n<meta property=\"og:site_name\" content=\"Blog de Frecan\" \/>\n<meta property=\"article:published_time\" content=\"2025-10-23T07:27:04+00:00\" \/>\n<meta property=\"article:modified_time\" content=\"2025-10-23T09:21:34+00:00\" \/>\n<meta property=\"og:image\" content=\"https:\/\/www.frecan.es\/blog\/wp-content\/uploads\/2025\/10\/portada-cocina-abierta.jpg\" \/>\n\t<meta property=\"og:image:width\" content=\"780\" \/>\n\t<meta property=\"og:image:height\" content=\"780\" \/>\n\t<meta property=\"og:image:type\" content=\"image\/jpeg\" \/>\n<meta name=\"author\" content=\"Tha\u00efs Alcal\u00e1\" \/>\n<meta name=\"twitter:card\" content=\"summary_large_image\" \/>\n<meta name=\"twitter:label1\" content=\"\u00c9crit par\" \/>\n\t<meta name=\"twitter:data1\" content=\"Tha\u00efs Alcal\u00e1\" \/>\n\t<meta name=\"twitter:label2\" content=\"Dur\u00e9e de lecture estim\u00e9e\" \/>\n\t<meta name=\"twitter:data2\" content=\"4 minutes\" \/>\n<script type=\"application\/ld+json\" class=\"yoast-schema-graph\">{\"@context\":\"https:\/\/schema.org\",\"@graph\":[{\"@type\":\"Article\",\"@id\":\"https:\/\/www.frecan.es\/blog\/fr\/la-hotte-dans-une-cuisine-ouverte\/#article\",\"isPartOf\":{\"@id\":\"https:\/\/www.frecan.es\/blog\/fr\/la-hotte-dans-une-cuisine-ouverte\/\"},\"author\":{\"name\":\"Tha\u00efs Alcal\u00e1\",\"@id\":\"https:\/\/www.frecan.es\/blog\/fr\/#\/schema\/person\/807ea11d2c3f88890ae67a52637b8b3c\"},\"headline\":\"L\u2019importance de la hotte dans une cuisine ouverte\",\"datePublished\":\"2025-10-23T07:27:04+00:00\",\"dateModified\":\"2025-10-23T09:21:34+00:00\",\"mainEntityOfPage\":{\"@id\":\"https:\/\/www.frecan.es\/blog\/fr\/la-hotte-dans-une-cuisine-ouverte\/\"},\"wordCount\":560,\"commentCount\":0,\"publisher\":{\"@id\":\"https:\/\/www.frecan.es\/blog\/fr\/#organization\"},\"image\":{\"@id\":\"https:\/\/www.frecan.es\/blog\/fr\/la-hotte-dans-une-cuisine-ouverte\/#primaryimage\"},\"thumbnailUrl\":\"https:\/\/www.frecan.es\/blog\/wp-content\/uploads\/2025\/10\/portada-cocina-abierta.jpg\",\"articleSection\":[\"Syst\u00e8mes d'extraction \/ hottes\"],\"inLanguage\":\"fr-FR\",\"potentialAction\":[{\"@type\":\"CommentAction\",\"name\":\"Comment\",\"target\":[\"https:\/\/www.frecan.es\/blog\/fr\/la-hotte-dans-une-cuisine-ouverte\/#respond\"]}]},{\"@type\":\"WebPage\",\"@id\":\"https:\/\/www.frecan.es\/blog\/fr\/la-hotte-dans-une-cuisine-ouverte\/\",\"url\":\"https:\/\/www.frecan.es\/blog\/fr\/la-hotte-dans-une-cuisine-ouverte\/\",\"name\":\"L\u2019importance de la hotte dans une cuisine ouverte - Blog de Frecan\",\"isPartOf\":{\"@id\":\"https:\/\/www.frecan.es\/blog\/fr\/#website\"},\"primaryImageOfPage\":{\"@id\":\"https:\/\/www.frecan.es\/blog\/fr\/la-hotte-dans-une-cuisine-ouverte\/#primaryimage\"},\"image\":{\"@id\":\"https:\/\/www.frecan.es\/blog\/fr\/la-hotte-dans-une-cuisine-ouverte\/#primaryimage\"},\"thumbnailUrl\":\"https:\/\/www.frecan.es\/blog\/wp-content\/uploads\/2025\/10\/portada-cocina-abierta.jpg\",\"datePublished\":\"2025-10-23T07:27:04+00:00\",\"dateModified\":\"2025-10-23T09:21:34+00:00\",\"description\":\"Mal choisir la hotte dans une cuisine ouverte, c\u2019est risquer des odeurs persistantes, du bruit inutile et un salon qui perd tout son confort...\",\"breadcrumb\":{\"@id\":\"https:\/\/www.frecan.es\/blog\/fr\/la-hotte-dans-une-cuisine-ouverte\/#breadcrumb\"},\"inLanguage\":\"fr-FR\",\"potentialAction\":[{\"@type\":\"ReadAction\",\"target\":[\"https:\/\/www.frecan.es\/blog\/fr\/la-hotte-dans-une-cuisine-ouverte\/\"]}]},{\"@type\":\"ImageObject\",\"inLanguage\":\"fr-FR\",\"@id\":\"https:\/\/www.frecan.es\/blog\/fr\/la-hotte-dans-une-cuisine-ouverte\/#primaryimage\",\"url\":\"https:\/\/www.frecan.es\/blog\/wp-content\/uploads\/2025\/10\/portada-cocina-abierta.jpg\",\"contentUrl\":\"https:\/\/www.frecan.es\/blog\/wp-content\/uploads\/2025\/10\/portada-cocina-abierta.jpg\",\"width\":780,\"height\":780},{\"@type\":\"BreadcrumbList\",\"@id\":\"https:\/\/www.frecan.es\/blog\/fr\/la-hotte-dans-une-cuisine-ouverte\/#breadcrumb\",\"itemListElement\":[{\"@type\":\"ListItem\",\"position\":1,\"name\":\"Page de Couverture\",\"item\":\"https:\/\/www.frecan.es\/blog\/fr\/\"},{\"@type\":\"ListItem\",\"position\":2,\"name\":\"L\u2019importance de la hotte dans une cuisine ouverte\"}]},{\"@type\":\"WebSite\",\"@id\":\"https:\/\/www.frecan.es\/blog\/fr\/#website\",\"url\":\"https:\/\/www.frecan.es\/blog\/fr\/\",\"name\":\"Blog de Frecan\",\"description\":\"Artisanat, technologie et avant-garde au c\u0153ur de votre cuisine\",\"publisher\":{\"@id\":\"https:\/\/www.frecan.es\/blog\/fr\/#organization\"},\"potentialAction\":[{\"@type\":\"SearchAction\",\"target\":{\"@type\":\"EntryPoint\",\"urlTemplate\":\"https:\/\/www.frecan.es\/blog\/fr\/?s={search_term_string}\"},\"query-input\":{\"@type\":\"PropertyValueSpecification\",\"valueRequired\":true,\"valueName\":\"search_term_string\"}}],\"inLanguage\":\"fr-FR\"},{\"@type\":\"Organization\",\"@id\":\"https:\/\/www.frecan.es\/blog\/fr\/#organization\",\"name\":\"Frecan\",\"url\":\"https:\/\/www.frecan.es\/blog\/fr\/\",\"logo\":{\"@type\":\"ImageObject\",\"inLanguage\":\"fr-FR\",\"@id\":\"https:\/\/www.frecan.es\/blog\/fr\/#\/schema\/logo\/image\/\",\"url\":\"https:\/\/www.frecan.es\/blog\/wp-content\/uploads\/2016\/02\/logo-frecan.png\",\"contentUrl\":\"https:\/\/www.frecan.es\/blog\/wp-content\/uploads\/2016\/02\/logo-frecan.png\",\"width\":250,\"height\":27,\"caption\":\"Frecan\"},\"image\":{\"@id\":\"https:\/\/www.frecan.es\/blog\/fr\/#\/schema\/logo\/image\/\"}},{\"@type\":\"Person\",\"@id\":\"https:\/\/www.frecan.es\/blog\/fr\/#\/schema\/person\/807ea11d2c3f88890ae67a52637b8b3c\",\"name\":\"Tha\u00efs Alcal\u00e1\",\"image\":{\"@type\":\"ImageObject\",\"inLanguage\":\"fr-FR\",\"@id\":\"https:\/\/www.frecan.es\/blog\/fr\/#\/schema\/person\/image\/\",\"url\":\"https:\/\/secure.gravatar.com\/avatar\/ad063cd811075f52af0714b5e973cd08?s=96&d=mm&r=g\",\"contentUrl\":\"https:\/\/secure.gravatar.com\/avatar\/ad063cd811075f52af0714b5e973cd08?s=96&d=mm&r=g\",\"caption\":\"Tha\u00efs Alcal\u00e1\"},\"sameAs\":[\"http:\/\/www.frecan.es\"]}]}<\/script>\n<!-- \/ Yoast SEO plugin. -->","yoast_head_json":{"title":"L\u2019importance de la hotte dans une cuisine ouverte - Blog de Frecan","description":"Mal choisir la hotte dans une cuisine ouverte, c\u2019est risquer des odeurs persistantes, du bruit inutile et un salon qui perd tout son confort...","robots":{"index":"index","follow":"follow","max-snippet":"max-snippet:-1","max-image-preview":"max-image-preview:large","max-video-preview":"max-video-preview:-1"},"canonical":"https:\/\/www.frecan.es\/blog\/fr\/la-hotte-dans-une-cuisine-ouverte\/","og_locale":"fr_FR","og_type":"article","og_title":"L\u2019importance de la hotte dans une cuisine ouverte - Blog de Frecan","og_description":"Mal choisir la hotte dans une cuisine ouverte, c\u2019est risquer des odeurs persistantes, du bruit inutile et un salon qui perd tout son confort...","og_url":"https:\/\/www.frecan.es\/blog\/fr\/la-hotte-dans-une-cuisine-ouverte\/","og_site_name":"Blog de Frecan","article_published_time":"2025-10-23T07:27:04+00:00","article_modified_time":"2025-10-23T09:21:34+00:00","og_image":[{"width":780,"height":780,"url":"https:\/\/www.frecan.es\/blog\/wp-content\/uploads\/2025\/10\/portada-cocina-abierta.jpg","type":"image\/jpeg"}],"author":"Tha\u00efs Alcal\u00e1","twitter_card":"summary_large_image","twitter_misc":{"\u00c9crit par":"Tha\u00efs Alcal\u00e1","Dur\u00e9e de lecture estim\u00e9e":"4 minutes"},"schema":{"@context":"https:\/\/schema.org","@graph":[{"@type":"Article","@id":"https:\/\/www.frecan.es\/blog\/fr\/la-hotte-dans-une-cuisine-ouverte\/#article","isPartOf":{"@id":"https:\/\/www.frecan.es\/blog\/fr\/la-hotte-dans-une-cuisine-ouverte\/"},"author":{"name":"Tha\u00efs Alcal\u00e1","@id":"https:\/\/www.frecan.es\/blog\/fr\/#\/schema\/person\/807ea11d2c3f88890ae67a52637b8b3c"},"headline":"L\u2019importance de la hotte dans une cuisine ouverte","datePublished":"2025-10-23T07:27:04+00:00","dateModified":"2025-10-23T09:21:34+00:00","mainEntityOfPage":{"@id":"https:\/\/www.frecan.es\/blog\/fr\/la-hotte-dans-une-cuisine-ouverte\/"},"wordCount":560,"commentCount":0,"publisher":{"@id":"https:\/\/www.frecan.es\/blog\/fr\/#organization"},"image":{"@id":"https:\/\/www.frecan.es\/blog\/fr\/la-hotte-dans-une-cuisine-ouverte\/#primaryimage"},"thumbnailUrl":"https:\/\/www.frecan.es\/blog\/wp-content\/uploads\/2025\/10\/portada-cocina-abierta.jpg","articleSection":["Syst\u00e8mes d'extraction \/ hottes"],"inLanguage":"fr-FR","potentialAction":[{"@type":"CommentAction","name":"Comment","target":["https:\/\/www.frecan.es\/blog\/fr\/la-hotte-dans-une-cuisine-ouverte\/#respond"]}]},{"@type":"WebPage","@id":"https:\/\/www.frecan.es\/blog\/fr\/la-hotte-dans-une-cuisine-ouverte\/","url":"https:\/\/www.frecan.es\/blog\/fr\/la-hotte-dans-une-cuisine-ouverte\/","name":"L\u2019importance de la hotte dans une cuisine ouverte - Blog de Frecan","isPartOf":{"@id":"https:\/\/www.frecan.es\/blog\/fr\/#website"},"primaryImageOfPage":{"@id":"https:\/\/www.frecan.es\/blog\/fr\/la-hotte-dans-une-cuisine-ouverte\/#primaryimage"},"image":{"@id":"https:\/\/www.frecan.es\/blog\/fr\/la-hotte-dans-une-cuisine-ouverte\/#primaryimage"},"thumbnailUrl":"https:\/\/www.frecan.es\/blog\/wp-content\/uploads\/2025\/10\/portada-cocina-abierta.jpg","datePublished":"2025-10-23T07:27:04+00:00","dateModified":"2025-10-23T09:21:34+00:00","description":"Mal choisir la hotte dans une cuisine ouverte, c\u2019est risquer des odeurs persistantes, du bruit inutile et un salon qui perd tout son confort...","breadcrumb":{"@id":"https:\/\/www.frecan.es\/blog\/fr\/la-hotte-dans-une-cuisine-ouverte\/#breadcrumb"},"inLanguage":"fr-FR","potentialAction":[{"@type":"ReadAction","target":["https:\/\/www.frecan.es\/blog\/fr\/la-hotte-dans-une-cuisine-ouverte\/"]}]},{"@type":"ImageObject","inLanguage":"fr-FR","@id":"https:\/\/www.frecan.es\/blog\/fr\/la-hotte-dans-une-cuisine-ouverte\/#primaryimage","url":"https:\/\/www.frecan.es\/blog\/wp-content\/uploads\/2025\/10\/portada-cocina-abierta.jpg","contentUrl":"https:\/\/www.frecan.es\/blog\/wp-content\/uploads\/2025\/10\/portada-cocina-abierta.jpg","width":780,"height":780},{"@type":"BreadcrumbList","@id":"https:\/\/www.frecan.es\/blog\/fr\/la-hotte-dans-une-cuisine-ouverte\/#breadcrumb","itemListElement":[{"@type":"ListItem","position":1,"name":"Page de Couverture","item":"https:\/\/www.frecan.es\/blog\/fr\/"},{"@type":"ListItem","position":2,"name":"L\u2019importance de la hotte dans une cuisine ouverte"}]},{"@type":"WebSite","@id":"https:\/\/www.frecan.es\/blog\/fr\/#website","url":"https:\/\/www.frecan.es\/blog\/fr\/","name":"Blog de Frecan","description":"Artisanat, technologie et avant-garde au c\u0153ur de votre cuisine","publisher":{"@id":"https:\/\/www.frecan.es\/blog\/fr\/#organization"},"potentialAction":[{"@type":"SearchAction","target":{"@type":"EntryPoint","urlTemplate":"https:\/\/www.frecan.es\/blog\/fr\/?s={search_term_string}"},"query-input":{"@type":"PropertyValueSpecification","valueRequired":true,"valueName":"search_term_string"}}],"inLanguage":"fr-FR"},{"@type":"Organization","@id":"https:\/\/www.frecan.es\/blog\/fr\/#organization","name":"Frecan","url":"https:\/\/www.frecan.es\/blog\/fr\/","logo":{"@type":"ImageObject","inLanguage":"fr-FR","@id":"https:\/\/www.frecan.es\/blog\/fr\/#\/schema\/logo\/image\/","url":"https:\/\/www.frecan.es\/blog\/wp-content\/uploads\/2016\/02\/logo-frecan.png","contentUrl":"https:\/\/www.frecan.es\/blog\/wp-content\/uploads\/2016\/02\/logo-frecan.png","width":250,"height":27,"caption":"Frecan"},"image":{"@id":"https:\/\/www.frecan.es\/blog\/fr\/#\/schema\/logo\/image\/"}},{"@type":"Person","@id":"https:\/\/www.frecan.es\/blog\/fr\/#\/schema\/person\/807ea11d2c3f88890ae67a52637b8b3c","name":"Tha\u00efs Alcal\u00e1","image":{"@type":"ImageObject","inLanguage":"fr-FR","@id":"https:\/\/www.frecan.es\/blog\/fr\/#\/schema\/person\/image\/","url":"https:\/\/secure.gravatar.com\/avatar\/ad063cd811075f52af0714b5e973cd08?s=96&d=mm&r=g","contentUrl":"https:\/\/secure.gravatar.com\/avatar\/ad063cd811075f52af0714b5e973cd08?s=96&d=mm&r=g","caption":"Tha\u00efs Alcal\u00e1"},"sameAs":["http:\/\/www.frecan.es"]}]}},"_links":{"self":[{"href":"https:\/\/www.frecan.es\/blog\/fr\/wp-json\/wp\/v2\/posts\/12118","targetHints":{"allow":["GET"]}}],"collection":[{"href":"https:\/\/www.frecan.es\/blog\/fr\/wp-json\/wp\/v2\/posts"}],"about":[{"href":"https:\/\/www.frecan.es\/blog\/fr\/wp-json\/wp\/v2\/types\/post"}],"author":[{"embeddable":true,"href":"https:\/\/www.frecan.es\/blog\/fr\/wp-json\/wp\/v2\/users\/8"}],"replies":[{"embeddable":true,"href":"https:\/\/www.frecan.es\/blog\/fr\/wp-json\/wp\/v2\/comments?post=12118"}],"version-history":[{"count":5,"href":"https:\/\/www.frecan.es\/blog\/fr\/wp-json\/wp\/v2\/posts\/12118\/revisions"}],"predecessor-version":[{"id":12128,"href":"https:\/\/www.frecan.es\/blog\/fr\/wp-json\/wp\/v2\/posts\/12118\/revisions\/12128"}],"wp:featuredmedia":[{"embeddable":true,"href":"https:\/\/www.frecan.es\/blog\/fr\/wp-json\/wp\/v2\/media\/12115"}],"wp:attachment":[{"href":"https:\/\/www.frecan.es\/blog\/fr\/wp-json\/wp\/v2\/media?parent=12118"}],"wp:term":[{"taxonomy":"category","embeddable":true,"href":"https:\/\/www.frecan.es\/blog\/fr\/wp-json\/wp\/v2\/categories?post=12118"},{"taxonomy":"post_tag","embeddable":true,"href":"https:\/\/www.frecan.es\/blog\/fr\/wp-json\/wp\/v2\/tags?post=12118"}],"curies":[{"name":"wp","href":"https:\/\/api.w.org\/{rel}","templated":true}]}}