{"id":12078,"date":"2025-10-16T08:16:53","date_gmt":"2025-10-16T06:16:53","guid":{"rendered":"https:\/\/www.frecan.es\/blog\/almacen-de-frecan\/"},"modified":"2025-10-16T09:09:52","modified_gmt":"2025-10-16T07:09:52","slug":"l-entrepot-frecan","status":"publish","type":"post","link":"https:\/\/www.frecan.es\/blog\/fr\/l-entrepot-frecan\/","title":{"rendered":"L\u2019entrep\u00f4t Frecan : avant de faire partie de votre foyer"},"content":{"rendered":"<h2 style=\"color: #949494; font-size: 24px; line-height: 26px; margin-top: -20px;\">Avant d\u2019arriver dans une cuisine, chaque hotte Frecan passe par ici. L\u2019entrep\u00f4t.<\/h2>\n<p><!--more--><\/p>\n<p>&nbsp;<\/p>\n<h2 style=\"color: #949494; font-size: 24px; line-height: 26px; margin-top: -20px;\"><a href=\"http:\/\/www.frecan.fr\" target=\"_blank\" rel=\"noopener\"><img loading=\"lazy\" decoding=\"async\" width=\"1500\" height=\"996\" class=\"alignnone wp-image-12070 size-full\" src=\"https:\/\/www.frecan.es\/blog\/wp-content\/uploads\/2025\/10\/IMG_4768-2.jpg\" class=\"light\" srcset=\"https:\/\/www.frecan.es\/blog\/wp-content\/uploads\/2025\/10\/IMG_4768-2.jpg 1500w, https:\/\/www.frecan.es\/blog\/wp-content\/uploads\/2025\/10\/IMG_4768-2-300x199.jpg 300w, https:\/\/www.frecan.es\/blog\/wp-content\/uploads\/2025\/10\/IMG_4768-2-1024x680.jpg 1024w, https:\/\/www.frecan.es\/blog\/wp-content\/uploads\/2025\/10\/IMG_4768-2-768x510.jpg 768w, https:\/\/www.frecan.es\/blog\/wp-content\/uploads\/2025\/10\/IMG_4768-2-800x531.jpg 800w, https:\/\/www.frecan.es\/blog\/wp-content\/uploads\/2025\/10\/IMG_4768-2-1280x850.jpg 1280w\" sizes=\"auto, (max-width: 1500px) 100vw, 1500px\" \/><\/a><\/h2>\n<p data-start=\"1395\" data-end=\"1745\">Notre entrep\u00f4t est la derni\u00e8re \u00e9tape avant que chaque produit ne rejoigne un nouveau projet \u2014 que ce soit entre les mains d\u2019un cuisiniste, d\u2019un distributeur ou d\u2019un magasin sp\u00e9cialis\u00e9.<br data-start=\"1650\" data-end=\"1653\" \/>C\u2019est ici que tout est coordonn\u00e9 et pr\u00e9par\u00e9 pour que chaque pi\u00e8ce parte vers sa destination.<\/p>\n<p data-start=\"1747\" data-end=\"1986\">Sur cette image, les commandes sont pr\u00eates \u00e0 commencer leur voyage.<br data-start=\"1814\" data-end=\"1817\" \/>Chaque colis, soigneusement emball\u00e9 et palettis\u00e9, est le r\u00e9sultat de mois de travail : de la conception \u00e0 la fabrication, en passant par des contr\u00f4les qualit\u00e9 rigoureux.<\/p>\n<p data-start=\"1988\" data-end=\"2214\">Et m\u00eame si cette partie du processus est moins visible, elle est essentielle. Car nous n\u2019envoyons pas simplement des produits : nous envoyons des pi\u00e8ces qui feront partie de foyers, de moments quotidiens et d\u2019histoires de vie.<\/p>\n<p data-start=\"2216\" data-end=\"2472\">Chez Frecan, nous accordons de l\u2019importance \u00e0 chaque d\u00e9tail, m\u00eame les moins visibles. C\u2019est pourquoi l\u2019emballage et le transport sont pris tr\u00e8s au s\u00e9rieux : chaque produit est palettis\u00e9 avec soin pour garantir une arriv\u00e9e en parfait \u00e9tat, telle que con\u00e7ue.<\/p>\n<p data-start=\"2474\" data-end=\"2617\">Merci \u00e0 tous ceux qui rendent cela possible : que nos hottes arrivent l\u00e0 o\u00f9 elles doivent \u00eatre, dans des cuisines vraies, v\u00e9cues et appr\u00e9ci\u00e9es.<\/p>\n<p data-start=\"2619\" data-end=\"2681\"><em>On se retrouve \u00e0 la maison, en train de cuisiner ensemble.<\/em><\/p>\n<h4>En savoir plus<\/h4>\n<blockquote class=\"wp-embedded-content\" data-secret=\"ruuuhTBA0x\"><p><a href=\"https:\/\/www.frecan.es\/blog\/fr\/catalogue-numerique-frecan\/\">\u00bfSab\u00edas que nuestro cat\u00e1logo tambi\u00e9n est\u00e1 disponible en formato digital?<\/a><\/p><\/blockquote>\n<p><iframe loading=\"lazy\" class=\"wp-embedded-content\" sandbox=\"allow-scripts\" security=\"restricted\" style=\"position: absolute; visibility: hidden;\" title=\"\u00ab\u00a0\u00bfSab\u00edas que nuestro cat\u00e1logo tambi\u00e9n est\u00e1 disponible en formato digital?\u00a0\u00bb &#8212; Blog de Frecan\" src=\"https:\/\/www.frecan.es\/blog\/fr\/catalogue-numerique-frecan\/embed\/#?secret=SwKkOj53gD#?secret=ruuuhTBA0x\" data-secret=\"ruuuhTBA0x\" width=\"600\" height=\"338\" frameborder=\"0\" marginwidth=\"0\" marginheight=\"0\" scrolling=\"no\"><\/iframe><\/p>\n<blockquote class=\"wp-embedded-content\" data-secret=\"7Iyzoie37p\"><p><a href=\"https:\/\/www.frecan.es\/blog\/fr\/cave-a-vin-au-dela-de-la-cuisine\/\">D\u00f3nde poner una vinoteca en casa (m\u00e1s all\u00e1 de la cocina)<\/a><\/p><\/blockquote>\n<p><iframe loading=\"lazy\" class=\"wp-embedded-content\" sandbox=\"allow-scripts\" security=\"restricted\" style=\"position: absolute; visibility: hidden;\" title=\"\u00ab\u00a0D\u00f3nde poner una vinoteca en casa (m\u00e1s all\u00e1 de la cocina)\u00a0\u00bb &#8212; Blog de Frecan\" src=\"https:\/\/www.frecan.es\/blog\/fr\/cave-a-vin-au-dela-de-la-cuisine\/embed\/#?secret=j17MS2YZpX#?secret=7Iyzoie37p\" data-secret=\"7Iyzoie37p\" width=\"600\" height=\"338\" frameborder=\"0\" marginwidth=\"0\" marginheight=\"0\" scrolling=\"no\"><\/iframe><\/p>\n","protected":false},"excerpt":{"rendered":"<p>Avant d\u2019arriver dans une cuisine, chaque hotte Frecan passe par ici. L\u2019entrep\u00f4t.<\/p>\n","protected":false},"author":8,"featured_media":12075,"comment_status":"open","ping_status":"open","sticky":false,"template":"","format":"standard","meta":{"footnotes":""},"categories":[60],"tags":[],"class_list":{"0":"post-12078","1":"post","2":"type-post","3":"status-publish","4":"format-standard","5":"has-post-thumbnail","7":"category-fabricants-hottes-haut-de-gamme-fr"},"yoast_head":"<!-- This site is optimized with the Yoast SEO plugin v24.7 - https:\/\/yoast.com\/wordpress\/plugins\/seo\/ -->\n<title>L\u2019entrep\u00f4t Frecan : avant de faire partie de votre foyer - Blog de Frecan<\/title>\n<meta name=\"description\" content=\"Notre entrep\u00f4t est la derni\u00e8re \u00e9tape avant que chaque produit ne rejoigne un nouveau projet, que ce soit entre les mains d\u2019un cuisiniste...\" \/>\n<meta name=\"robots\" content=\"index, follow, max-snippet:-1, max-image-preview:large, max-video-preview:-1\" \/>\n<link rel=\"canonical\" href=\"https:\/\/www.frecan.es\/blog\/fr\/l-entrepot-frecan\/\" \/>\n<meta property=\"og:locale\" content=\"fr_FR\" \/>\n<meta property=\"og:type\" content=\"article\" \/>\n<meta property=\"og:title\" content=\"L\u2019entrep\u00f4t Frecan : avant de faire partie de votre foyer - Blog de Frecan\" \/>\n<meta property=\"og:description\" content=\"Notre entrep\u00f4t est la derni\u00e8re \u00e9tape avant que chaque produit ne rejoigne un nouveau projet, que ce soit entre les mains d\u2019un cuisiniste...\" \/>\n<meta property=\"og:url\" content=\"https:\/\/www.frecan.es\/blog\/fr\/l-entrepot-frecan\/\" \/>\n<meta property=\"og:site_name\" content=\"Blog de Frecan\" \/>\n<meta property=\"article:published_time\" content=\"2025-10-16T06:16:53+00:00\" \/>\n<meta property=\"article:modified_time\" content=\"2025-10-16T07:09:52+00:00\" \/>\n<meta property=\"og:image\" content=\"https:\/\/www.frecan.es\/blog\/wp-content\/uploads\/2025\/10\/IMG_4768-4.jpg\" \/>\n\t<meta property=\"og:image:width\" content=\"1500\" \/>\n\t<meta property=\"og:image:height\" content=\"1500\" \/>\n\t<meta property=\"og:image:type\" content=\"image\/jpeg\" \/>\n<meta name=\"author\" content=\"Tha\u00efs Alcal\u00e1\" \/>\n<meta name=\"twitter:card\" content=\"summary_large_image\" \/>\n<meta name=\"twitter:label1\" content=\"\u00c9crit par\" \/>\n\t<meta name=\"twitter:data1\" content=\"Tha\u00efs Alcal\u00e1\" \/>\n\t<meta name=\"twitter:label2\" content=\"Dur\u00e9e de lecture estim\u00e9e\" \/>\n\t<meta name=\"twitter:data2\" content=\"2 minutes\" \/>\n<script type=\"application\/ld+json\" class=\"yoast-schema-graph\">{\"@context\":\"https:\/\/schema.org\",\"@graph\":[{\"@type\":\"Article\",\"@id\":\"https:\/\/www.frecan.es\/blog\/fr\/l-entrepot-frecan\/#article\",\"isPartOf\":{\"@id\":\"https:\/\/www.frecan.es\/blog\/fr\/l-entrepot-frecan\/\"},\"author\":{\"name\":\"Tha\u00efs Alcal\u00e1\",\"@id\":\"https:\/\/www.frecan.es\/blog\/fr\/#\/schema\/person\/807ea11d2c3f88890ae67a52637b8b3c\"},\"headline\":\"L\u2019entrep\u00f4t Frecan : avant de faire partie de votre foyer\",\"datePublished\":\"2025-10-16T06:16:53+00:00\",\"dateModified\":\"2025-10-16T07:09:52+00:00\",\"mainEntityOfPage\":{\"@id\":\"https:\/\/www.frecan.es\/blog\/fr\/l-entrepot-frecan\/\"},\"wordCount\":258,\"commentCount\":0,\"publisher\":{\"@id\":\"https:\/\/www.frecan.es\/blog\/fr\/#organization\"},\"image\":{\"@id\":\"https:\/\/www.frecan.es\/blog\/fr\/l-entrepot-frecan\/#primaryimage\"},\"thumbnailUrl\":\"https:\/\/www.frecan.es\/blog\/wp-content\/uploads\/2025\/10\/IMG_4768-4.jpg\",\"articleSection\":[\"Fabricants de hottes haut de gamme\"],\"inLanguage\":\"fr-FR\",\"potentialAction\":[{\"@type\":\"CommentAction\",\"name\":\"Comment\",\"target\":[\"https:\/\/www.frecan.es\/blog\/fr\/l-entrepot-frecan\/#respond\"]}]},{\"@type\":\"WebPage\",\"@id\":\"https:\/\/www.frecan.es\/blog\/fr\/l-entrepot-frecan\/\",\"url\":\"https:\/\/www.frecan.es\/blog\/fr\/l-entrepot-frecan\/\",\"name\":\"L\u2019entrep\u00f4t Frecan : avant de faire partie de votre foyer - Blog de Frecan\",\"isPartOf\":{\"@id\":\"https:\/\/www.frecan.es\/blog\/fr\/#website\"},\"primaryImageOfPage\":{\"@id\":\"https:\/\/www.frecan.es\/blog\/fr\/l-entrepot-frecan\/#primaryimage\"},\"image\":{\"@id\":\"https:\/\/www.frecan.es\/blog\/fr\/l-entrepot-frecan\/#primaryimage\"},\"thumbnailUrl\":\"https:\/\/www.frecan.es\/blog\/wp-content\/uploads\/2025\/10\/IMG_4768-4.jpg\",\"datePublished\":\"2025-10-16T06:16:53+00:00\",\"dateModified\":\"2025-10-16T07:09:52+00:00\",\"description\":\"Notre entrep\u00f4t est la derni\u00e8re \u00e9tape avant que chaque produit ne rejoigne un nouveau projet, que ce soit entre les mains d\u2019un cuisiniste...\",\"breadcrumb\":{\"@id\":\"https:\/\/www.frecan.es\/blog\/fr\/l-entrepot-frecan\/#breadcrumb\"},\"inLanguage\":\"fr-FR\",\"potentialAction\":[{\"@type\":\"ReadAction\",\"target\":[\"https:\/\/www.frecan.es\/blog\/fr\/l-entrepot-frecan\/\"]}]},{\"@type\":\"ImageObject\",\"inLanguage\":\"fr-FR\",\"@id\":\"https:\/\/www.frecan.es\/blog\/fr\/l-entrepot-frecan\/#primaryimage\",\"url\":\"https:\/\/www.frecan.es\/blog\/wp-content\/uploads\/2025\/10\/IMG_4768-4.jpg\",\"contentUrl\":\"https:\/\/www.frecan.es\/blog\/wp-content\/uploads\/2025\/10\/IMG_4768-4.jpg\",\"width\":1500,\"height\":1500},{\"@type\":\"BreadcrumbList\",\"@id\":\"https:\/\/www.frecan.es\/blog\/fr\/l-entrepot-frecan\/#breadcrumb\",\"itemListElement\":[{\"@type\":\"ListItem\",\"position\":1,\"name\":\"Page de Couverture\",\"item\":\"https:\/\/www.frecan.es\/blog\/fr\/\"},{\"@type\":\"ListItem\",\"position\":2,\"name\":\"L\u2019entrep\u00f4t Frecan : avant de faire partie de votre foyer\"}]},{\"@type\":\"WebSite\",\"@id\":\"https:\/\/www.frecan.es\/blog\/fr\/#website\",\"url\":\"https:\/\/www.frecan.es\/blog\/fr\/\",\"name\":\"Blog de Frecan\",\"description\":\"Artisanat, technologie et avant-garde au c\u0153ur de votre cuisine\",\"publisher\":{\"@id\":\"https:\/\/www.frecan.es\/blog\/fr\/#organization\"},\"potentialAction\":[{\"@type\":\"SearchAction\",\"target\":{\"@type\":\"EntryPoint\",\"urlTemplate\":\"https:\/\/www.frecan.es\/blog\/fr\/?s={search_term_string}\"},\"query-input\":{\"@type\":\"PropertyValueSpecification\",\"valueRequired\":true,\"valueName\":\"search_term_string\"}}],\"inLanguage\":\"fr-FR\"},{\"@type\":\"Organization\",\"@id\":\"https:\/\/www.frecan.es\/blog\/fr\/#organization\",\"name\":\"Frecan\",\"url\":\"https:\/\/www.frecan.es\/blog\/fr\/\",\"logo\":{\"@type\":\"ImageObject\",\"inLanguage\":\"fr-FR\",\"@id\":\"https:\/\/www.frecan.es\/blog\/fr\/#\/schema\/logo\/image\/\",\"url\":\"https:\/\/www.frecan.es\/blog\/wp-content\/uploads\/2016\/02\/logo-frecan.png\",\"contentUrl\":\"https:\/\/www.frecan.es\/blog\/wp-content\/uploads\/2016\/02\/logo-frecan.png\",\"width\":250,\"height\":27,\"caption\":\"Frecan\"},\"image\":{\"@id\":\"https:\/\/www.frecan.es\/blog\/fr\/#\/schema\/logo\/image\/\"}},{\"@type\":\"Person\",\"@id\":\"https:\/\/www.frecan.es\/blog\/fr\/#\/schema\/person\/807ea11d2c3f88890ae67a52637b8b3c\",\"name\":\"Tha\u00efs Alcal\u00e1\",\"image\":{\"@type\":\"ImageObject\",\"inLanguage\":\"fr-FR\",\"@id\":\"https:\/\/www.frecan.es\/blog\/fr\/#\/schema\/person\/image\/\",\"url\":\"https:\/\/secure.gravatar.com\/avatar\/ad063cd811075f52af0714b5e973cd08?s=96&d=mm&r=g\",\"contentUrl\":\"https:\/\/secure.gravatar.com\/avatar\/ad063cd811075f52af0714b5e973cd08?s=96&d=mm&r=g\",\"caption\":\"Tha\u00efs Alcal\u00e1\"},\"sameAs\":[\"http:\/\/www.frecan.es\"]}]}<\/script>\n<!-- \/ Yoast SEO plugin. -->","yoast_head_json":{"title":"L\u2019entrep\u00f4t Frecan : avant de faire partie de votre foyer - Blog de Frecan","description":"Notre entrep\u00f4t est la derni\u00e8re \u00e9tape avant que chaque produit ne rejoigne un nouveau projet, que ce soit entre les mains d\u2019un cuisiniste...","robots":{"index":"index","follow":"follow","max-snippet":"max-snippet:-1","max-image-preview":"max-image-preview:large","max-video-preview":"max-video-preview:-1"},"canonical":"https:\/\/www.frecan.es\/blog\/fr\/l-entrepot-frecan\/","og_locale":"fr_FR","og_type":"article","og_title":"L\u2019entrep\u00f4t Frecan : avant de faire partie de votre foyer - Blog de Frecan","og_description":"Notre entrep\u00f4t est la derni\u00e8re \u00e9tape avant que chaque produit ne rejoigne un nouveau projet, que ce soit entre les mains d\u2019un cuisiniste...","og_url":"https:\/\/www.frecan.es\/blog\/fr\/l-entrepot-frecan\/","og_site_name":"Blog de Frecan","article_published_time":"2025-10-16T06:16:53+00:00","article_modified_time":"2025-10-16T07:09:52+00:00","og_image":[{"width":1500,"height":1500,"url":"https:\/\/www.frecan.es\/blog\/wp-content\/uploads\/2025\/10\/IMG_4768-4.jpg","type":"image\/jpeg"}],"author":"Tha\u00efs Alcal\u00e1","twitter_card":"summary_large_image","twitter_misc":{"\u00c9crit par":"Tha\u00efs Alcal\u00e1","Dur\u00e9e de lecture estim\u00e9e":"2 minutes"},"schema":{"@context":"https:\/\/schema.org","@graph":[{"@type":"Article","@id":"https:\/\/www.frecan.es\/blog\/fr\/l-entrepot-frecan\/#article","isPartOf":{"@id":"https:\/\/www.frecan.es\/blog\/fr\/l-entrepot-frecan\/"},"author":{"name":"Tha\u00efs Alcal\u00e1","@id":"https:\/\/www.frecan.es\/blog\/fr\/#\/schema\/person\/807ea11d2c3f88890ae67a52637b8b3c"},"headline":"L\u2019entrep\u00f4t Frecan : avant de faire partie de votre foyer","datePublished":"2025-10-16T06:16:53+00:00","dateModified":"2025-10-16T07:09:52+00:00","mainEntityOfPage":{"@id":"https:\/\/www.frecan.es\/blog\/fr\/l-entrepot-frecan\/"},"wordCount":258,"commentCount":0,"publisher":{"@id":"https:\/\/www.frecan.es\/blog\/fr\/#organization"},"image":{"@id":"https:\/\/www.frecan.es\/blog\/fr\/l-entrepot-frecan\/#primaryimage"},"thumbnailUrl":"https:\/\/www.frecan.es\/blog\/wp-content\/uploads\/2025\/10\/IMG_4768-4.jpg","articleSection":["Fabricants de hottes haut de gamme"],"inLanguage":"fr-FR","potentialAction":[{"@type":"CommentAction","name":"Comment","target":["https:\/\/www.frecan.es\/blog\/fr\/l-entrepot-frecan\/#respond"]}]},{"@type":"WebPage","@id":"https:\/\/www.frecan.es\/blog\/fr\/l-entrepot-frecan\/","url":"https:\/\/www.frecan.es\/blog\/fr\/l-entrepot-frecan\/","name":"L\u2019entrep\u00f4t Frecan : avant de faire partie de votre foyer - Blog de Frecan","isPartOf":{"@id":"https:\/\/www.frecan.es\/blog\/fr\/#website"},"primaryImageOfPage":{"@id":"https:\/\/www.frecan.es\/blog\/fr\/l-entrepot-frecan\/#primaryimage"},"image":{"@id":"https:\/\/www.frecan.es\/blog\/fr\/l-entrepot-frecan\/#primaryimage"},"thumbnailUrl":"https:\/\/www.frecan.es\/blog\/wp-content\/uploads\/2025\/10\/IMG_4768-4.jpg","datePublished":"2025-10-16T06:16:53+00:00","dateModified":"2025-10-16T07:09:52+00:00","description":"Notre entrep\u00f4t est la derni\u00e8re \u00e9tape avant que chaque produit ne rejoigne un nouveau projet, que ce soit entre les mains d\u2019un cuisiniste...","breadcrumb":{"@id":"https:\/\/www.frecan.es\/blog\/fr\/l-entrepot-frecan\/#breadcrumb"},"inLanguage":"fr-FR","potentialAction":[{"@type":"ReadAction","target":["https:\/\/www.frecan.es\/blog\/fr\/l-entrepot-frecan\/"]}]},{"@type":"ImageObject","inLanguage":"fr-FR","@id":"https:\/\/www.frecan.es\/blog\/fr\/l-entrepot-frecan\/#primaryimage","url":"https:\/\/www.frecan.es\/blog\/wp-content\/uploads\/2025\/10\/IMG_4768-4.jpg","contentUrl":"https:\/\/www.frecan.es\/blog\/wp-content\/uploads\/2025\/10\/IMG_4768-4.jpg","width":1500,"height":1500},{"@type":"BreadcrumbList","@id":"https:\/\/www.frecan.es\/blog\/fr\/l-entrepot-frecan\/#breadcrumb","itemListElement":[{"@type":"ListItem","position":1,"name":"Page de Couverture","item":"https:\/\/www.frecan.es\/blog\/fr\/"},{"@type":"ListItem","position":2,"name":"L\u2019entrep\u00f4t Frecan : avant de faire partie de votre foyer"}]},{"@type":"WebSite","@id":"https:\/\/www.frecan.es\/blog\/fr\/#website","url":"https:\/\/www.frecan.es\/blog\/fr\/","name":"Blog de Frecan","description":"Artisanat, technologie et avant-garde au c\u0153ur de votre cuisine","publisher":{"@id":"https:\/\/www.frecan.es\/blog\/fr\/#organization"},"potentialAction":[{"@type":"SearchAction","target":{"@type":"EntryPoint","urlTemplate":"https:\/\/www.frecan.es\/blog\/fr\/?s={search_term_string}"},"query-input":{"@type":"PropertyValueSpecification","valueRequired":true,"valueName":"search_term_string"}}],"inLanguage":"fr-FR"},{"@type":"Organization","@id":"https:\/\/www.frecan.es\/blog\/fr\/#organization","name":"Frecan","url":"https:\/\/www.frecan.es\/blog\/fr\/","logo":{"@type":"ImageObject","inLanguage":"fr-FR","@id":"https:\/\/www.frecan.es\/blog\/fr\/#\/schema\/logo\/image\/","url":"https:\/\/www.frecan.es\/blog\/wp-content\/uploads\/2016\/02\/logo-frecan.png","contentUrl":"https:\/\/www.frecan.es\/blog\/wp-content\/uploads\/2016\/02\/logo-frecan.png","width":250,"height":27,"caption":"Frecan"},"image":{"@id":"https:\/\/www.frecan.es\/blog\/fr\/#\/schema\/logo\/image\/"}},{"@type":"Person","@id":"https:\/\/www.frecan.es\/blog\/fr\/#\/schema\/person\/807ea11d2c3f88890ae67a52637b8b3c","name":"Tha\u00efs Alcal\u00e1","image":{"@type":"ImageObject","inLanguage":"fr-FR","@id":"https:\/\/www.frecan.es\/blog\/fr\/#\/schema\/person\/image\/","url":"https:\/\/secure.gravatar.com\/avatar\/ad063cd811075f52af0714b5e973cd08?s=96&d=mm&r=g","contentUrl":"https:\/\/secure.gravatar.com\/avatar\/ad063cd811075f52af0714b5e973cd08?s=96&d=mm&r=g","caption":"Tha\u00efs Alcal\u00e1"},"sameAs":["http:\/\/www.frecan.es"]}]}},"_links":{"self":[{"href":"https:\/\/www.frecan.es\/blog\/fr\/wp-json\/wp\/v2\/posts\/12078","targetHints":{"allow":["GET"]}}],"collection":[{"href":"https:\/\/www.frecan.es\/blog\/fr\/wp-json\/wp\/v2\/posts"}],"about":[{"href":"https:\/\/www.frecan.es\/blog\/fr\/wp-json\/wp\/v2\/types\/post"}],"author":[{"embeddable":true,"href":"https:\/\/www.frecan.es\/blog\/fr\/wp-json\/wp\/v2\/users\/8"}],"replies":[{"embeddable":true,"href":"https:\/\/www.frecan.es\/blog\/fr\/wp-json\/wp\/v2\/comments?post=12078"}],"version-history":[{"count":2,"href":"https:\/\/www.frecan.es\/blog\/fr\/wp-json\/wp\/v2\/posts\/12078\/revisions"}],"predecessor-version":[{"id":12082,"href":"https:\/\/www.frecan.es\/blog\/fr\/wp-json\/wp\/v2\/posts\/12078\/revisions\/12082"}],"wp:featuredmedia":[{"embeddable":true,"href":"https:\/\/www.frecan.es\/blog\/fr\/wp-json\/wp\/v2\/media\/12075"}],"wp:attachment":[{"href":"https:\/\/www.frecan.es\/blog\/fr\/wp-json\/wp\/v2\/media?parent=12078"}],"wp:term":[{"taxonomy":"category","embeddable":true,"href":"https:\/\/www.frecan.es\/blog\/fr\/wp-json\/wp\/v2\/categories?post=12078"},{"taxonomy":"post_tag","embeddable":true,"href":"https:\/\/www.frecan.es\/blog\/fr\/wp-json\/wp\/v2\/tags?post=12078"}],"curies":[{"name":"wp","href":"https:\/\/api.w.org\/{rel}","templated":true}]}}