{"id":11984,"date":"2025-09-09T10:00:39","date_gmt":"2025-09-09T08:00:39","guid":{"rendered":"https:\/\/www.frecan.es\/blog\/?p=11984"},"modified":"2025-09-09T09:09:22","modified_gmt":"2025-09-09T07:09:22","slug":"eviers-en-acier-inoxydable","status":"publish","type":"post","link":"https:\/\/www.frecan.es\/blog\/fr\/eviers-en-acier-inoxydable\/","title":{"rendered":"Les \u00e9viers en acier inoxydable sont les compagnons id\u00e9aux : r\u00e9sistants, doux au toucher et hygi\u00e9niques, que ce soit dans des cuisines modernes ou traditionnelles"},"content":{"rendered":"<h2 style=\"color: #949494; font-size: 24px; line-height: 26px; margin-top: -20px;\">Les \u00e9viers en acier inoxydable sont difficiles de faire mieux.<\/h2>\n<p><!--more--><\/p>\n<h2 style=\"color: #949494; font-size: 24px; line-height: 26px; margin-top: -20px;\">La salet\u00e9 ne p\u00e9n\u00e8tre pas leur surface, et ils n\u2019abritent ni germes ni bact\u00e9ries. Ce sont de v\u00e9ritables protecteurs du quotidien.<\/h2>\n<p>C\u2019est pourquoi aujourd\u2019hui, nous mettons en avant notre <strong data-start=\"2335\" data-end=\"2367\">gamme Zenit d\u2019\u00e9viers en inox<\/strong>, disponibles en <strong data-start=\"2384\" data-end=\"2417\">pose sous plan ou affleurante<\/strong>.<\/p>\n<div>\n<div class=\"columns medium-6\" style=\"padding: 0 10px 20px 0; font-size: 14px;\"><img loading=\"lazy\" decoding=\"async\" class=\"aligncenter wp-image-8135 size-full\" src=\"https:\/\/www.frecan.es\/blog\/wp-content\/uploads\/2023\/02\/fregader-bajo-encimera-zenit.jpg\" alt=\"\u00c9viers en acier inoxydable, Zenit Frecan\" width=\"1024\" height=\"714\" srcset=\"https:\/\/www.frecan.es\/blog\/wp-content\/uploads\/2023\/02\/fregader-bajo-encimera-zenit.jpg 1024w, https:\/\/www.frecan.es\/blog\/wp-content\/uploads\/2023\/02\/fregader-bajo-encimera-zenit-300x209.jpg 300w, https:\/\/www.frecan.es\/blog\/wp-content\/uploads\/2023\/02\/fregader-bajo-encimera-zenit-768x536.jpg 768w, https:\/\/www.frecan.es\/blog\/wp-content\/uploads\/2023\/02\/fregader-bajo-encimera-zenit-800x558.jpg 800w\" sizes=\"auto, (max-width: 1024px) 100vw, 1024px\" \/><img loading=\"lazy\" decoding=\"async\" class=\"aligncenter wp-image-8138 size-full\" src=\"https:\/\/www.frecan.es\/blog\/wp-content\/uploads\/2023\/02\/fregader-bajo-encimera.jpg\" alt=\"\u00c9viers en acier inoxydable, Zenit Frecan\" width=\"1024\" height=\"714\" srcset=\"https:\/\/www.frecan.es\/blog\/wp-content\/uploads\/2023\/02\/fregader-bajo-encimera.jpg 1024w, https:\/\/www.frecan.es\/blog\/wp-content\/uploads\/2023\/02\/fregader-bajo-encimera-300x209.jpg 300w, https:\/\/www.frecan.es\/blog\/wp-content\/uploads\/2023\/02\/fregader-bajo-encimera-768x536.jpg 768w, https:\/\/www.frecan.es\/blog\/wp-content\/uploads\/2023\/02\/fregader-bajo-encimera-800x558.jpg 800w\" sizes=\"auto, (max-width: 1024px) 100vw, 1024px\" \/><\/div>\n<div class=\"columns medium-6\" style=\"padding: 0 10px 20px 0; font-size: 14px;\"><img loading=\"lazy\" decoding=\"async\" class=\"aligncenter wp-image-8144 size-full\" src=\"https:\/\/www.frecan.es\/blog\/wp-content\/uploads\/2023\/02\/fregadero-enrasado-zenit-frecan.jpg\" alt=\"\u00c9viers en acier inoxydable, Zenit Frecan\" width=\"1024\" height=\"714\" srcset=\"https:\/\/www.frecan.es\/blog\/wp-content\/uploads\/2023\/02\/fregadero-enrasado-zenit-frecan.jpg 1024w, https:\/\/www.frecan.es\/blog\/wp-content\/uploads\/2023\/02\/fregadero-enrasado-zenit-frecan-300x209.jpg 300w, https:\/\/www.frecan.es\/blog\/wp-content\/uploads\/2023\/02\/fregadero-enrasado-zenit-frecan-768x536.jpg 768w, https:\/\/www.frecan.es\/blog\/wp-content\/uploads\/2023\/02\/fregadero-enrasado-zenit-frecan-800x558.jpg 800w\" sizes=\"auto, (max-width: 1024px) 100vw, 1024px\" \/> <img loading=\"lazy\" decoding=\"async\" class=\"aligncenter wp-image-8141 size-full\" src=\"https:\/\/www.frecan.es\/blog\/wp-content\/uploads\/2023\/02\/fregader-enresado.jpg\" alt=\"\u00c9viers en acier inoxydable, Zenit Frecan\" width=\"1024\" height=\"714\" srcset=\"https:\/\/www.frecan.es\/blog\/wp-content\/uploads\/2023\/02\/fregader-enresado.jpg 1024w, https:\/\/www.frecan.es\/blog\/wp-content\/uploads\/2023\/02\/fregader-enresado-300x209.jpg 300w, https:\/\/www.frecan.es\/blog\/wp-content\/uploads\/2023\/02\/fregader-enresado-768x536.jpg 768w, https:\/\/www.frecan.es\/blog\/wp-content\/uploads\/2023\/02\/fregader-enresado-800x558.jpg 800w\" sizes=\"auto, (max-width: 1024px) 100vw, 1024px\" \/><\/div>\n<\/div>\n<h3 style=\"clear: left;\">\u00c9viers sous plan ou affleurants<\/h3>\n<p>Les \u00e9viers sous plan s\u2019installent sous le niveau du plan de travail, cr\u00e9ant une surface continue, aussi agr\u00e9able visuellement qu\u2019au toucher.<\/p>\n<p>Les \u00e9viers affleurants, quant \u00e0 eux, se montent au m\u00eame niveau que le plan, gr\u00e2ce \u00e0 une d\u00e9coupe qui accueille leur \u00e9paisseur de 1 mm, ou simplement pos\u00e9s, cr\u00e9ant un l\u00e9ger relief \u00e0 peine perceptible.<\/p>\n<h3>L\u2019\u00e9quilibre entre praticit\u00e9 et design<\/h3>\n<p data-start=\"2863\" data-end=\"3097\">La <strong data-start=\"2866\" data-end=\"2881\">gamme Zenit<\/strong> se distingue par un design aux lignes \u00e9pur\u00e9es, avec des angles arrondis \u00e0 rayon de 25\u202fmm pour un nettoyage facilit\u00e9.<br data-start=\"2998\" data-end=\"3001\" \/>Le cache-bonde finition m\u00e9tal donne une allure \u00e9l\u00e9gante tout en dissimulant le panier de vidage.<\/p>\n<p data-start=\"3099\" data-end=\"3250\">Disponibles en <strong data-start=\"3114\" data-end=\"3130\">3 dimensions<\/strong>, ils s\u2019adaptent \u00e0 toutes les exigences d\u2019une grande cuisine lorsqu\u2019ils sont combin\u00e9s avec leurs accessoires optionnels.<\/p>\n<div>\n<div class=\"columns medium-4\" style=\"padding: 0 10px 20px 0; font-size: 14px;\"><strong>ZN-TOP &#8211; 4040<\/strong><br \/>\n<img loading=\"lazy\" decoding=\"async\" class=\"aligncenter size-full wp-image-8150\" src=\"https:\/\/www.frecan.es\/blog\/wp-content\/uploads\/2023\/02\/modelo459p_zn-top-4040-l1.jpg\" alt=\"Fregadero Zenit TOP - 40cm\" width=\"600\" height=\"400\" srcset=\"https:\/\/www.frecan.es\/blog\/wp-content\/uploads\/2023\/02\/modelo459p_zn-top-4040-l1.jpg 600w, https:\/\/www.frecan.es\/blog\/wp-content\/uploads\/2023\/02\/modelo459p_zn-top-4040-l1-300x200.jpg 300w\" sizes=\"auto, (max-width: 600px) 100vw, 600px\" \/><\/div>\n<div class=\"columns medium-4\" style=\"padding: 0 10px 20px 0; font-size: 14px;\"><strong>ZN-TOP &#8211; 4540<\/strong><br \/>\n<img loading=\"lazy\" decoding=\"async\" class=\"aligncenter size-full wp-image-8153\" src=\"https:\/\/www.frecan.es\/blog\/wp-content\/uploads\/2023\/02\/modelo460p_zn-top-4540-l1.jpg\" alt=\"Fregadero Zenit TOP - 45cm\" width=\"600\" height=\"400\" srcset=\"https:\/\/www.frecan.es\/blog\/wp-content\/uploads\/2023\/02\/modelo460p_zn-top-4540-l1.jpg 600w, https:\/\/www.frecan.es\/blog\/wp-content\/uploads\/2023\/02\/modelo460p_zn-top-4540-l1-300x200.jpg 300w\" sizes=\"auto, (max-width: 600px) 100vw, 600px\" \/><\/div>\n<div class=\"columns medium-4\" style=\"padding: 0 10px 20px 0; font-size: 14px;\"><strong>ZN-TOP &#8211; 5040<\/strong><br \/>\n<img loading=\"lazy\" decoding=\"async\" class=\"aligncenter size-full wp-image-8156\" src=\"https:\/\/www.frecan.es\/blog\/wp-content\/uploads\/2023\/02\/modelo461p_zn-top-5040-l1.jpg\" alt=\"Fregadero Zenit TOP - 50cm\" width=\"600\" height=\"400\" srcset=\"https:\/\/www.frecan.es\/blog\/wp-content\/uploads\/2023\/02\/modelo461p_zn-top-5040-l1.jpg 600w, https:\/\/www.frecan.es\/blog\/wp-content\/uploads\/2023\/02\/modelo461p_zn-top-5040-l1-300x200.jpg 300w\" sizes=\"auto, (max-width: 600px) 100vw, 600px\" \/><\/div>\n<\/div>\n<h3 style=\"clear: left;\"><strong data-start=\"3261\" data-end=\"3281\">Finition satin\u00e9e<\/strong><\/h3>\n<p>Fabriqu\u00e9s en <strong data-start=\"3297\" data-end=\"3326\">acier inoxydable AISI 304<\/strong> de haute qualit\u00e9. La finition bross\u00e9e conserve son \u00e9l\u00e9gance, son hygi\u00e8ne et sa r\u00e9sistance au fil du temps et des usages quotidiens.<\/p>\n<h3>Tap Eco<\/h3>\n<p data-start=\"3483\" data-end=\"3735\">Le mitigeur <strong data-start=\"3495\" data-end=\"3508\">Tap Eco-E<\/strong>, avec douchette extractible, bec orientable et double fonction mousseur\/douche, est le compl\u00e9ment id\u00e9al des \u00e9viers Zenit.<br data-start=\"3630\" data-end=\"3633\" \/>Mais ce n\u2019est pas la seule option : d\u00e9couvrez tous nos mod\u00e8les pour r\u00e9pondre \u00e0 chaque style et besoin.<\/p>\n<h4 data-start=\"3483\" data-end=\"3735\">Voir plus<\/h4>\n<blockquote class=\"wp-embedded-content\" data-secret=\"cyrACjvBVv\"><p><a href=\"https:\/\/www.frecan.es\/blog\/fr\/5-solutions-recirculation-frecan-air\/\">FrecanAir : 5 solutions de recirculation pour votre cuisine<\/a><\/p><\/blockquote>\n<p><iframe loading=\"lazy\" class=\"wp-embedded-content\" sandbox=\"allow-scripts\" security=\"restricted\" style=\"position: absolute; visibility: hidden;\" title=\"\u00ab\u00a0FrecanAir : 5 solutions de recirculation pour votre cuisine\u00a0\u00bb &#8212; Blog de Frecan\" src=\"https:\/\/www.frecan.es\/blog\/fr\/5-solutions-recirculation-frecan-air\/embed\/#?secret=CKfVyYuVIU#?secret=cyrACjvBVv\" data-secret=\"cyrACjvBVv\" width=\"600\" height=\"338\" frameborder=\"0\" marginwidth=\"0\" marginheight=\"0\" scrolling=\"no\"><\/iframe><\/p>\n<blockquote class=\"wp-embedded-content\" data-secret=\"yG5sRwt0Ip\"><p><a href=\"https:\/\/www.frecan.es\/blog\/fr\/cave-a-vin-au-dela-de-la-cuisine\/\">O\u00f9 installer une cave \u00e0 vin chez soi (au-del\u00e0 de la cuisine)<\/a><\/p><\/blockquote>\n<p><iframe loading=\"lazy\" class=\"wp-embedded-content\" sandbox=\"allow-scripts\" security=\"restricted\" style=\"position: absolute; visibility: hidden;\" title=\"\u00ab\u00a0O\u00f9 installer une cave \u00e0 vin chez soi (au-del\u00e0 de la cuisine)\u00a0\u00bb &#8212; Blog de Frecan\" src=\"https:\/\/www.frecan.es\/blog\/fr\/cave-a-vin-au-dela-de-la-cuisine\/embed\/#?secret=6PQVgHHIHx#?secret=yG5sRwt0Ip\" data-secret=\"yG5sRwt0Ip\" width=\"600\" height=\"338\" frameborder=\"0\" marginwidth=\"0\" marginheight=\"0\" scrolling=\"no\"><\/iframe><\/p>\n","protected":false},"excerpt":{"rendered":"<p>Les \u00e9viers en acier inoxydable sont difficiles de faire mieux.<\/p>\n","protected":false},"author":2,"featured_media":8163,"comment_status":"open","ping_status":"open","sticky":false,"template":"","format":"standard","meta":{"footnotes":""},"categories":[79],"tags":[],"class_list":{"0":"post-11984","1":"post","2":"type-post","3":"status-publish","4":"format-standard","5":"has-post-thumbnail","7":"category-griferia-fregaderos-fr"},"yoast_head":"<!-- This site is optimized with the Yoast SEO plugin v24.7 - https:\/\/yoast.com\/wordpress\/plugins\/seo\/ -->\n<title>Les \u00e9viers en acier inoxydable sont les compagnons id\u00e9aux<\/title>\n<meta name=\"description\" content=\"Avec les \u00e9viers en acier inoxydable, la salet\u00e9 ne p\u00e9n\u00e8tre pas la surface et aucun germe ni bact\u00e9rie ne s\u2019y accumule.C\u2019est la meilleure protection qui soit !\" \/>\n<meta name=\"robots\" content=\"index, follow, max-snippet:-1, max-image-preview:large, max-video-preview:-1\" \/>\n<link rel=\"canonical\" href=\"https:\/\/www.frecan.es\/blog\/fr\/eviers-en-acier-inoxydable\/\" \/>\n<meta property=\"og:locale\" content=\"fr_FR\" \/>\n<meta property=\"og:type\" content=\"article\" \/>\n<meta property=\"og:title\" content=\"Les \u00e9viers en acier inoxydable sont les compagnons id\u00e9aux\" \/>\n<meta property=\"og:description\" content=\"Avec les \u00e9viers en acier inoxydable, la salet\u00e9 ne p\u00e9n\u00e8tre pas la surface et aucun germe ni bact\u00e9rie ne s\u2019y accumule.C\u2019est la meilleure protection qui soit !\" \/>\n<meta property=\"og:url\" content=\"https:\/\/www.frecan.es\/blog\/fr\/eviers-en-acier-inoxydable\/\" \/>\n<meta property=\"og:site_name\" content=\"Blog de Frecan\" \/>\n<meta property=\"article:published_time\" content=\"2025-09-09T08:00:39+00:00\" \/>\n<meta property=\"og:image\" content=\"https:\/\/www.frecan.es\/blog\/wp-content\/uploads\/2023\/02\/fregader-bajo-encimera-zenit-frecan.jpg\" \/>\n\t<meta property=\"og:image:width\" content=\"714\" \/>\n\t<meta property=\"og:image:height\" content=\"714\" \/>\n\t<meta property=\"og:image:type\" content=\"image\/jpeg\" \/>\n<meta name=\"author\" content=\"Frecan\" \/>\n<meta name=\"twitter:card\" content=\"summary_large_image\" \/>\n<meta name=\"twitter:label1\" content=\"\u00c9crit par\" \/>\n\t<meta name=\"twitter:data1\" content=\"Frecan\" \/>\n\t<meta name=\"twitter:label2\" content=\"Dur\u00e9e de lecture estim\u00e9e\" \/>\n\t<meta name=\"twitter:data2\" content=\"3 minutes\" \/>\n<script type=\"application\/ld+json\" class=\"yoast-schema-graph\">{\"@context\":\"https:\/\/schema.org\",\"@graph\":[{\"@type\":\"Article\",\"@id\":\"https:\/\/www.frecan.es\/blog\/fr\/eviers-en-acier-inoxydable\/#article\",\"isPartOf\":{\"@id\":\"https:\/\/www.frecan.es\/blog\/fr\/eviers-en-acier-inoxydable\/\"},\"author\":{\"name\":\"Frecan\",\"@id\":\"https:\/\/www.frecan.es\/blog\/fr\/#\/schema\/person\/eecbdddf4fc3d5ee61f34db3cfb262a4\"},\"headline\":\"Les \u00e9viers en acier inoxydable sont les compagnons id\u00e9aux : r\u00e9sistants, doux au toucher et hygi\u00e9niques, que ce soit dans des cuisines modernes ou traditionnelles\",\"datePublished\":\"2025-09-09T08:00:39+00:00\",\"mainEntityOfPage\":{\"@id\":\"https:\/\/www.frecan.es\/blog\/fr\/eviers-en-acier-inoxydable\/\"},\"wordCount\":324,\"commentCount\":0,\"publisher\":{\"@id\":\"https:\/\/www.frecan.es\/blog\/fr\/#organization\"},\"image\":{\"@id\":\"https:\/\/www.frecan.es\/blog\/fr\/eviers-en-acier-inoxydable\/#primaryimage\"},\"thumbnailUrl\":\"https:\/\/www.frecan.es\/blog\/wp-content\/uploads\/2023\/02\/fregader-bajo-encimera-zenit-frecan.jpg\",\"articleSection\":[\"Grifer\u00eda y Fregaderos\"],\"inLanguage\":\"fr-FR\",\"potentialAction\":[{\"@type\":\"CommentAction\",\"name\":\"Comment\",\"target\":[\"https:\/\/www.frecan.es\/blog\/fr\/eviers-en-acier-inoxydable\/#respond\"]}]},{\"@type\":\"WebPage\",\"@id\":\"https:\/\/www.frecan.es\/blog\/fr\/eviers-en-acier-inoxydable\/\",\"url\":\"https:\/\/www.frecan.es\/blog\/fr\/eviers-en-acier-inoxydable\/\",\"name\":\"Les \u00e9viers en acier inoxydable sont les compagnons id\u00e9aux\",\"isPartOf\":{\"@id\":\"https:\/\/www.frecan.es\/blog\/fr\/#website\"},\"primaryImageOfPage\":{\"@id\":\"https:\/\/www.frecan.es\/blog\/fr\/eviers-en-acier-inoxydable\/#primaryimage\"},\"image\":{\"@id\":\"https:\/\/www.frecan.es\/blog\/fr\/eviers-en-acier-inoxydable\/#primaryimage\"},\"thumbnailUrl\":\"https:\/\/www.frecan.es\/blog\/wp-content\/uploads\/2023\/02\/fregader-bajo-encimera-zenit-frecan.jpg\",\"datePublished\":\"2025-09-09T08:00:39+00:00\",\"description\":\"Avec les \u00e9viers en acier inoxydable, la salet\u00e9 ne p\u00e9n\u00e8tre pas la surface et aucun germe ni bact\u00e9rie ne s\u2019y accumule.C\u2019est la meilleure protection qui soit !\",\"breadcrumb\":{\"@id\":\"https:\/\/www.frecan.es\/blog\/fr\/eviers-en-acier-inoxydable\/#breadcrumb\"},\"inLanguage\":\"fr-FR\",\"potentialAction\":[{\"@type\":\"ReadAction\",\"target\":[\"https:\/\/www.frecan.es\/blog\/fr\/eviers-en-acier-inoxydable\/\"]}]},{\"@type\":\"ImageObject\",\"inLanguage\":\"fr-FR\",\"@id\":\"https:\/\/www.frecan.es\/blog\/fr\/eviers-en-acier-inoxydable\/#primaryimage\",\"url\":\"https:\/\/www.frecan.es\/blog\/wp-content\/uploads\/2023\/02\/fregader-bajo-encimera-zenit-frecan.jpg\",\"contentUrl\":\"https:\/\/www.frecan.es\/blog\/wp-content\/uploads\/2023\/02\/fregader-bajo-encimera-zenit-frecan.jpg\",\"width\":714,\"height\":714,\"caption\":\"Fregadero Bajo Encimera, Zenit Frecan\"},{\"@type\":\"BreadcrumbList\",\"@id\":\"https:\/\/www.frecan.es\/blog\/fr\/eviers-en-acier-inoxydable\/#breadcrumb\",\"itemListElement\":[{\"@type\":\"ListItem\",\"position\":1,\"name\":\"Page de Couverture\",\"item\":\"https:\/\/www.frecan.es\/blog\/fr\/\"},{\"@type\":\"ListItem\",\"position\":2,\"name\":\"Les \u00e9viers en acier inoxydable sont les compagnons id\u00e9aux : r\u00e9sistants, doux au toucher et hygi\u00e9niques, que ce soit dans des cuisines modernes ou traditionnelles\"}]},{\"@type\":\"WebSite\",\"@id\":\"https:\/\/www.frecan.es\/blog\/fr\/#website\",\"url\":\"https:\/\/www.frecan.es\/blog\/fr\/\",\"name\":\"Blog de Frecan\",\"description\":\"Artisanat, technologie et avant-garde au c\u0153ur de votre cuisine\",\"publisher\":{\"@id\":\"https:\/\/www.frecan.es\/blog\/fr\/#organization\"},\"potentialAction\":[{\"@type\":\"SearchAction\",\"target\":{\"@type\":\"EntryPoint\",\"urlTemplate\":\"https:\/\/www.frecan.es\/blog\/fr\/?s={search_term_string}\"},\"query-input\":{\"@type\":\"PropertyValueSpecification\",\"valueRequired\":true,\"valueName\":\"search_term_string\"}}],\"inLanguage\":\"fr-FR\"},{\"@type\":\"Organization\",\"@id\":\"https:\/\/www.frecan.es\/blog\/fr\/#organization\",\"name\":\"Frecan\",\"url\":\"https:\/\/www.frecan.es\/blog\/fr\/\",\"logo\":{\"@type\":\"ImageObject\",\"inLanguage\":\"fr-FR\",\"@id\":\"https:\/\/www.frecan.es\/blog\/fr\/#\/schema\/logo\/image\/\",\"url\":\"https:\/\/www.frecan.es\/blog\/wp-content\/uploads\/2016\/02\/logo-frecan.png\",\"contentUrl\":\"https:\/\/www.frecan.es\/blog\/wp-content\/uploads\/2016\/02\/logo-frecan.png\",\"width\":250,\"height\":27,\"caption\":\"Frecan\"},\"image\":{\"@id\":\"https:\/\/www.frecan.es\/blog\/fr\/#\/schema\/logo\/image\/\"}},{\"@type\":\"Person\",\"@id\":\"https:\/\/www.frecan.es\/blog\/fr\/#\/schema\/person\/eecbdddf4fc3d5ee61f34db3cfb262a4\",\"name\":\"Frecan\",\"image\":{\"@type\":\"ImageObject\",\"inLanguage\":\"fr-FR\",\"@id\":\"https:\/\/www.frecan.es\/blog\/fr\/#\/schema\/person\/image\/\",\"url\":\"https:\/\/secure.gravatar.com\/avatar\/5f22fe11c8d7e915c3e67301f8a5068f?s=96&d=mm&r=g\",\"contentUrl\":\"https:\/\/secure.gravatar.com\/avatar\/5f22fe11c8d7e915c3e67301f8a5068f?s=96&d=mm&r=g\",\"caption\":\"Frecan\"},\"sameAs\":[\"http:\/\/www.frecan.es\/\"]}]}<\/script>\n<!-- \/ Yoast SEO plugin. -->","yoast_head_json":{"title":"Les \u00e9viers en acier inoxydable sont les compagnons id\u00e9aux","description":"Avec les \u00e9viers en acier inoxydable, la salet\u00e9 ne p\u00e9n\u00e8tre pas la surface et aucun germe ni bact\u00e9rie ne s\u2019y accumule.C\u2019est la meilleure protection qui soit !","robots":{"index":"index","follow":"follow","max-snippet":"max-snippet:-1","max-image-preview":"max-image-preview:large","max-video-preview":"max-video-preview:-1"},"canonical":"https:\/\/www.frecan.es\/blog\/fr\/eviers-en-acier-inoxydable\/","og_locale":"fr_FR","og_type":"article","og_title":"Les \u00e9viers en acier inoxydable sont les compagnons id\u00e9aux","og_description":"Avec les \u00e9viers en acier inoxydable, la salet\u00e9 ne p\u00e9n\u00e8tre pas la surface et aucun germe ni bact\u00e9rie ne s\u2019y accumule.C\u2019est la meilleure protection qui soit !","og_url":"https:\/\/www.frecan.es\/blog\/fr\/eviers-en-acier-inoxydable\/","og_site_name":"Blog de Frecan","article_published_time":"2025-09-09T08:00:39+00:00","og_image":[{"width":714,"height":714,"url":"https:\/\/www.frecan.es\/blog\/wp-content\/uploads\/2023\/02\/fregader-bajo-encimera-zenit-frecan.jpg","type":"image\/jpeg"}],"author":"Frecan","twitter_card":"summary_large_image","twitter_misc":{"\u00c9crit par":"Frecan","Dur\u00e9e de lecture estim\u00e9e":"3 minutes"},"schema":{"@context":"https:\/\/schema.org","@graph":[{"@type":"Article","@id":"https:\/\/www.frecan.es\/blog\/fr\/eviers-en-acier-inoxydable\/#article","isPartOf":{"@id":"https:\/\/www.frecan.es\/blog\/fr\/eviers-en-acier-inoxydable\/"},"author":{"name":"Frecan","@id":"https:\/\/www.frecan.es\/blog\/fr\/#\/schema\/person\/eecbdddf4fc3d5ee61f34db3cfb262a4"},"headline":"Les \u00e9viers en acier inoxydable sont les compagnons id\u00e9aux : r\u00e9sistants, doux au toucher et hygi\u00e9niques, que ce soit dans des cuisines modernes ou traditionnelles","datePublished":"2025-09-09T08:00:39+00:00","mainEntityOfPage":{"@id":"https:\/\/www.frecan.es\/blog\/fr\/eviers-en-acier-inoxydable\/"},"wordCount":324,"commentCount":0,"publisher":{"@id":"https:\/\/www.frecan.es\/blog\/fr\/#organization"},"image":{"@id":"https:\/\/www.frecan.es\/blog\/fr\/eviers-en-acier-inoxydable\/#primaryimage"},"thumbnailUrl":"https:\/\/www.frecan.es\/blog\/wp-content\/uploads\/2023\/02\/fregader-bajo-encimera-zenit-frecan.jpg","articleSection":["Grifer\u00eda y Fregaderos"],"inLanguage":"fr-FR","potentialAction":[{"@type":"CommentAction","name":"Comment","target":["https:\/\/www.frecan.es\/blog\/fr\/eviers-en-acier-inoxydable\/#respond"]}]},{"@type":"WebPage","@id":"https:\/\/www.frecan.es\/blog\/fr\/eviers-en-acier-inoxydable\/","url":"https:\/\/www.frecan.es\/blog\/fr\/eviers-en-acier-inoxydable\/","name":"Les \u00e9viers en acier inoxydable sont les compagnons id\u00e9aux","isPartOf":{"@id":"https:\/\/www.frecan.es\/blog\/fr\/#website"},"primaryImageOfPage":{"@id":"https:\/\/www.frecan.es\/blog\/fr\/eviers-en-acier-inoxydable\/#primaryimage"},"image":{"@id":"https:\/\/www.frecan.es\/blog\/fr\/eviers-en-acier-inoxydable\/#primaryimage"},"thumbnailUrl":"https:\/\/www.frecan.es\/blog\/wp-content\/uploads\/2023\/02\/fregader-bajo-encimera-zenit-frecan.jpg","datePublished":"2025-09-09T08:00:39+00:00","description":"Avec les \u00e9viers en acier inoxydable, la salet\u00e9 ne p\u00e9n\u00e8tre pas la surface et aucun germe ni bact\u00e9rie ne s\u2019y accumule.C\u2019est la meilleure protection qui soit !","breadcrumb":{"@id":"https:\/\/www.frecan.es\/blog\/fr\/eviers-en-acier-inoxydable\/#breadcrumb"},"inLanguage":"fr-FR","potentialAction":[{"@type":"ReadAction","target":["https:\/\/www.frecan.es\/blog\/fr\/eviers-en-acier-inoxydable\/"]}]},{"@type":"ImageObject","inLanguage":"fr-FR","@id":"https:\/\/www.frecan.es\/blog\/fr\/eviers-en-acier-inoxydable\/#primaryimage","url":"https:\/\/www.frecan.es\/blog\/wp-content\/uploads\/2023\/02\/fregader-bajo-encimera-zenit-frecan.jpg","contentUrl":"https:\/\/www.frecan.es\/blog\/wp-content\/uploads\/2023\/02\/fregader-bajo-encimera-zenit-frecan.jpg","width":714,"height":714,"caption":"Fregadero Bajo Encimera, Zenit Frecan"},{"@type":"BreadcrumbList","@id":"https:\/\/www.frecan.es\/blog\/fr\/eviers-en-acier-inoxydable\/#breadcrumb","itemListElement":[{"@type":"ListItem","position":1,"name":"Page de Couverture","item":"https:\/\/www.frecan.es\/blog\/fr\/"},{"@type":"ListItem","position":2,"name":"Les \u00e9viers en acier inoxydable sont les compagnons id\u00e9aux : r\u00e9sistants, doux au toucher et hygi\u00e9niques, que ce soit dans des cuisines modernes ou traditionnelles"}]},{"@type":"WebSite","@id":"https:\/\/www.frecan.es\/blog\/fr\/#website","url":"https:\/\/www.frecan.es\/blog\/fr\/","name":"Blog de Frecan","description":"Artisanat, technologie et avant-garde au c\u0153ur de votre cuisine","publisher":{"@id":"https:\/\/www.frecan.es\/blog\/fr\/#organization"},"potentialAction":[{"@type":"SearchAction","target":{"@type":"EntryPoint","urlTemplate":"https:\/\/www.frecan.es\/blog\/fr\/?s={search_term_string}"},"query-input":{"@type":"PropertyValueSpecification","valueRequired":true,"valueName":"search_term_string"}}],"inLanguage":"fr-FR"},{"@type":"Organization","@id":"https:\/\/www.frecan.es\/blog\/fr\/#organization","name":"Frecan","url":"https:\/\/www.frecan.es\/blog\/fr\/","logo":{"@type":"ImageObject","inLanguage":"fr-FR","@id":"https:\/\/www.frecan.es\/blog\/fr\/#\/schema\/logo\/image\/","url":"https:\/\/www.frecan.es\/blog\/wp-content\/uploads\/2016\/02\/logo-frecan.png","contentUrl":"https:\/\/www.frecan.es\/blog\/wp-content\/uploads\/2016\/02\/logo-frecan.png","width":250,"height":27,"caption":"Frecan"},"image":{"@id":"https:\/\/www.frecan.es\/blog\/fr\/#\/schema\/logo\/image\/"}},{"@type":"Person","@id":"https:\/\/www.frecan.es\/blog\/fr\/#\/schema\/person\/eecbdddf4fc3d5ee61f34db3cfb262a4","name":"Frecan","image":{"@type":"ImageObject","inLanguage":"fr-FR","@id":"https:\/\/www.frecan.es\/blog\/fr\/#\/schema\/person\/image\/","url":"https:\/\/secure.gravatar.com\/avatar\/5f22fe11c8d7e915c3e67301f8a5068f?s=96&d=mm&r=g","contentUrl":"https:\/\/secure.gravatar.com\/avatar\/5f22fe11c8d7e915c3e67301f8a5068f?s=96&d=mm&r=g","caption":"Frecan"},"sameAs":["http:\/\/www.frecan.es\/"]}]}},"_links":{"self":[{"href":"https:\/\/www.frecan.es\/blog\/fr\/wp-json\/wp\/v2\/posts\/11984","targetHints":{"allow":["GET"]}}],"collection":[{"href":"https:\/\/www.frecan.es\/blog\/fr\/wp-json\/wp\/v2\/posts"}],"about":[{"href":"https:\/\/www.frecan.es\/blog\/fr\/wp-json\/wp\/v2\/types\/post"}],"author":[{"embeddable":true,"href":"https:\/\/www.frecan.es\/blog\/fr\/wp-json\/wp\/v2\/users\/2"}],"replies":[{"embeddable":true,"href":"https:\/\/www.frecan.es\/blog\/fr\/wp-json\/wp\/v2\/comments?post=11984"}],"version-history":[{"count":4,"href":"https:\/\/www.frecan.es\/blog\/fr\/wp-json\/wp\/v2\/posts\/11984\/revisions"}],"predecessor-version":[{"id":11994,"href":"https:\/\/www.frecan.es\/blog\/fr\/wp-json\/wp\/v2\/posts\/11984\/revisions\/11994"}],"wp:featuredmedia":[{"embeddable":true,"href":"https:\/\/www.frecan.es\/blog\/fr\/wp-json\/wp\/v2\/media\/8163"}],"wp:attachment":[{"href":"https:\/\/www.frecan.es\/blog\/fr\/wp-json\/wp\/v2\/media?parent=11984"}],"wp:term":[{"taxonomy":"category","embeddable":true,"href":"https:\/\/www.frecan.es\/blog\/fr\/wp-json\/wp\/v2\/categories?post=11984"},{"taxonomy":"post_tag","embeddable":true,"href":"https:\/\/www.frecan.es\/blog\/fr\/wp-json\/wp\/v2\/tags?post=11984"}],"curies":[{"name":"wp","href":"https:\/\/api.w.org\/{rel}","templated":true}]}}