{"id":11964,"date":"2025-09-05T08:04:49","date_gmt":"2025-09-05T06:04:49","guid":{"rendered":"https:\/\/www.frecan.es\/blog\/5-soluciones-recirculacion-frecan-air\/"},"modified":"2025-09-05T08:46:06","modified_gmt":"2025-09-05T06:46:06","slug":"5-solutions-recirculation-frecan-air","status":"publish","type":"post","link":"https:\/\/www.frecan.es\/blog\/fr\/5-solutions-recirculation-frecan-air\/","title":{"rendered":"FrecanAir : 5 solutions de recirculation pour votre cuisine"},"content":{"rendered":"<h2><strong><span style=\"color: #808080;\">Des alternatives professionnelles \u00e0 l\u2019extraction conventionnelle pour am\u00e9liorer la qualit\u00e9 de l\u2019air int\u00e9rieur<\/span><\/strong><!--more--><\/h2>\n<p><img loading=\"lazy\" decoding=\"async\" class=\"aligncenter wp-image-11977 size-full\" src=\"https:\/\/www.frecan.es\/blog\/wp-content\/uploads\/2025\/09\/2024-banner-Frecanair-grande-FR.jpg\" alt=\"\" width=\"1440\" height=\"500\" srcset=\"https:\/\/www.frecan.es\/blog\/wp-content\/uploads\/2025\/09\/2024-banner-Frecanair-grande-FR.jpg 1440w, https:\/\/www.frecan.es\/blog\/wp-content\/uploads\/2025\/09\/2024-banner-Frecanair-grande-FR-300x104.jpg 300w, https:\/\/www.frecan.es\/blog\/wp-content\/uploads\/2025\/09\/2024-banner-Frecanair-grande-FR-1024x356.jpg 1024w, https:\/\/www.frecan.es\/blog\/wp-content\/uploads\/2025\/09\/2024-banner-Frecanair-grande-FR-768x267.jpg 768w, https:\/\/www.frecan.es\/blog\/wp-content\/uploads\/2025\/09\/2024-banner-Frecanair-grande-FR-800x278.jpg 800w, https:\/\/www.frecan.es\/blog\/wp-content\/uploads\/2025\/09\/2024-banner-Frecanair-grande-FR-1280x444.jpg 1280w\" sizes=\"auto, (max-width: 1440px) 100vw, 1440px\" \/><\/p>\n<p data-start=\"4208\" data-end=\"4473\">Pendant des ann\u00e9es, la ventilation de cuisine a repos\u00e9 sur l\u2019extraction traditionnelle avec sortie de fum\u00e9es vers l\u2019ext\u00e9rieur. Mais que faire si vous ne souhaitez pas casser de murs ou si vous cherchez simplement une solution plus efficace, silencieuse et durable ?<\/p>\n<p data-start=\"4475\" data-end=\"4755\">Chez Frecan, via notre marque FrecanAir, nous avons d\u00e9velopp\u00e9 une gamme sp\u00e9cifique de solutions de recirculation et de purification de l\u2019air qui am\u00e9liore \u00e9galement l\u2019efficacit\u00e9 \u00e9nerg\u00e9tique et s\u2019adapte parfaitement aux habitations \u00e0 haute performance, comme les maisons Passivhaus.<\/p>\n<p data-start=\"4757\" data-end=\"4931\">Aujourd\u2019hui, nous vous pr\u00e9sentons nos 5 solutions de recirculation, adaptables \u00e0 tout besoin technique ou esth\u00e9tique, con\u00e7ues pour faire de votre cuisine un espace plus sain.<\/p>\n<h3>Pourquoi choisir la recirculation ?<\/h3>\n<ul>\n<li data-start=\"4976\" data-end=\"5015\">Ne n\u00e9cessite pas de sortie ext\u00e9rieure<\/li>\n<li data-start=\"5018\" data-end=\"5085\">\u00c9conomie d\u2019\u00e9nergie gr\u00e2ce au maintien de la temp\u00e9rature int\u00e9rieure<\/li>\n<li data-start=\"5088\" data-end=\"5144\">Purifie l\u2019air : odeurs, fum\u00e9e, allerg\u00e8nes, virus, COV\u2026<\/li>\n<li data-start=\"5147\" data-end=\"5213\">Id\u00e9al pour les logements performants ou sans ventilation directe<\/li>\n<li data-start=\"5216\" data-end=\"5253\">Installation facile et sans travaux<\/li>\n<\/ul>\n<p>La recirculation n\u2019est pas seulement une alternative. C\u2019est une <strong data-start=\"5319\" data-end=\"5347\">solution professionnelle<\/strong>, choisie par de plus en plus de prescripteurs, architectes d\u2019int\u00e9rieur et utilisateurs finaux pour sa capacit\u00e9 \u00e0 am\u00e9liorer la qualit\u00e9 de l\u2019air et \u00e0 simplifier l\u2019installation.<\/p>\n<h3>Les 5 solutions FrecanAir<\/h3>\n<h4>1. Filtre Plasma : Solution avanc\u00e9e<\/h4>\n<p><a href=\"https:\/\/www.frecan.fr\/hottes\/recirculation\/plasma\/\" target=\"_blank\" rel=\"noopener\"><img loading=\"lazy\" decoding=\"async\" width=\"2560\" height=\"1204\" class=\"aligncenter wp-image-11940 size-full\" src=\"https:\/\/www.frecan.es\/blog\/wp-content\/uploads\/2025\/09\/Plasma-scaled.jpg\" class=\"light\" srcset=\"https:\/\/www.frecan.es\/blog\/wp-content\/uploads\/2025\/09\/Plasma-scaled.jpg 2560w, https:\/\/www.frecan.es\/blog\/wp-content\/uploads\/2025\/09\/Plasma-300x141.jpg 300w, https:\/\/www.frecan.es\/blog\/wp-content\/uploads\/2025\/09\/Plasma-1024x481.jpg 1024w, https:\/\/www.frecan.es\/blog\/wp-content\/uploads\/2025\/09\/Plasma-768x361.jpg 768w, https:\/\/www.frecan.es\/blog\/wp-content\/uploads\/2025\/09\/Plasma-1536x722.jpg 1536w, https:\/\/www.frecan.es\/blog\/wp-content\/uploads\/2025\/09\/Plasma-2048x963.jpg 2048w, https:\/\/www.frecan.es\/blog\/wp-content\/uploads\/2025\/09\/Plasma-800x376.jpg 800w, https:\/\/www.frecan.es\/blog\/wp-content\/uploads\/2025\/09\/Plasma-1280x602.jpg 1280w, https:\/\/www.frecan.es\/blog\/wp-content\/uploads\/2025\/09\/Plasma-440x207.jpg 440w\" sizes=\"auto, (max-width: 2560px) 100vw, 2560px\" \/><\/a><\/p>\n<p data-start=\"5604\" data-end=\"5702\">Purifie jusqu\u2019\u00e0 98 % des particules gr\u00e2ce \u00e0 des d\u00e9charges \u00e9lectriques et des r\u00e9actions chimiques<\/p>\n<ul>\n<li data-start=\"5705\" data-end=\"5751\">Fonction autonettoyante et entretien minimal<\/li>\n<li data-start=\"5754\" data-end=\"5783\">Dur\u00e9e de vie jusqu\u2019\u00e0 15 ans<\/li>\n<li data-start=\"5786\" data-end=\"5830\">Sans remplacement ni co\u00fbts suppl\u00e9mentaires<\/li>\n<li data-start=\"5833\" data-end=\"5879\">Compatible avec de nombreuses configurations<\/li>\n<\/ul>\n<p data-start=\"5882\" data-end=\"5959\">Id\u00e9al pour une purification maximale avec un confort total.<\/p>\n<p><a href=\"https:\/\/www.frecan.fr\/hottes\/recirculation\/plasma\/\"><b><span style=\"color: #0000ff;\">En savoir plus<\/span><\/b><\/a><\/p>\n<h4><b>2. Filtres textiles au charbon actif : Solution compl\u00e8te<\/b><\/h4>\n<p><a href=\"https:\/\/www.frecan.fr\/hottes\/recirculation\/filtre-textil\/\" target=\"_blank\" rel=\"noopener\"><img loading=\"lazy\" decoding=\"async\" width=\"1500\" height=\"705\" class=\"aligncenter wp-image-11943 size-full\" src=\"https:\/\/www.frecan.es\/blog\/wp-content\/uploads\/2025\/09\/Textil.jpg\" class=\"light\" srcset=\"https:\/\/www.frecan.es\/blog\/wp-content\/uploads\/2025\/09\/Textil.jpg 1500w, https:\/\/www.frecan.es\/blog\/wp-content\/uploads\/2025\/09\/Textil-300x141.jpg 300w, https:\/\/www.frecan.es\/blog\/wp-content\/uploads\/2025\/09\/Textil-1024x481.jpg 1024w, https:\/\/www.frecan.es\/blog\/wp-content\/uploads\/2025\/09\/Textil-768x361.jpg 768w, https:\/\/www.frecan.es\/blog\/wp-content\/uploads\/2025\/09\/Textil-800x376.jpg 800w, https:\/\/www.frecan.es\/blog\/wp-content\/uploads\/2025\/09\/Textil-1280x602.jpg 1280w, https:\/\/www.frecan.es\/blog\/wp-content\/uploads\/2025\/09\/Textil-440x207.jpg 440w\" sizes=\"auto, (max-width: 1500px) 100vw, 1500px\" \/><\/a><\/p>\n<p data-start=\"6023\" data-end=\"6075\">S\u2019int\u00e8grent dans les plafonds, meubles ou plinthes<\/p>\n<ul>\n<li data-start=\"6078\" data-end=\"6121\">Retiennent jusqu\u2019\u00e0 80 % des odeurs et COV<\/li>\n<li data-start=\"6124\" data-end=\"6158\">Remplacement tous les 12\u201324 mois<\/li>\n<li data-start=\"6161\" data-end=\"6211\">Haute capacit\u00e9 d\u2019absorption, faible consommation<\/li>\n<li data-start=\"6214\" data-end=\"6268\">Installation sans outils et faible perte de pression<\/li>\n<\/ul>\n<p data-start=\"6271\" data-end=\"6347\">Une solution pratique et professionnelle pour tout projet.<\/p>\n<p><a href=\"https:\/\/www.frecan.fr\/hottes\/recirculation\/filtre-textil\/\"><b><span style=\"color: #0000ff;\">En savoir plus<\/span><\/b><\/a><\/p>\n<h4><b>3. FC-Plus : Solution durable<\/b><\/h4>\n<p><a href=\"https:\/\/www.frecan.fr\/hottes\/recirculation\/filtres-longue-duree\/\" target=\"_blank\" rel=\"noopener\"><img loading=\"lazy\" decoding=\"async\" width=\"1500\" height=\"705\" class=\"aligncenter wp-image-11946 size-full\" src=\"https:\/\/www.frecan.es\/blog\/wp-content\/uploads\/2025\/09\/FCPLUS.jpg\" class=\"light\" srcset=\"https:\/\/www.frecan.es\/blog\/wp-content\/uploads\/2025\/09\/FCPLUS.jpg 1500w, https:\/\/www.frecan.es\/blog\/wp-content\/uploads\/2025\/09\/FCPLUS-300x141.jpg 300w, https:\/\/www.frecan.es\/blog\/wp-content\/uploads\/2025\/09\/FCPLUS-1024x481.jpg 1024w, https:\/\/www.frecan.es\/blog\/wp-content\/uploads\/2025\/09\/FCPLUS-768x361.jpg 768w, https:\/\/www.frecan.es\/blog\/wp-content\/uploads\/2025\/09\/FCPLUS-800x376.jpg 800w, https:\/\/www.frecan.es\/blog\/wp-content\/uploads\/2025\/09\/FCPLUS-1280x602.jpg 1280w, https:\/\/www.frecan.es\/blog\/wp-content\/uploads\/2025\/09\/FCPLUS-440x207.jpg 440w\" sizes=\"auto, (max-width: 1500px) 100vw, 1500px\" \/><\/a><\/p>\n<p data-start=\"6384\" data-end=\"6447\">Syst\u00e8me exclusif Frecan avec charbon min\u00e9ral actif en pellets<\/p>\n<ul>\n<li data-start=\"6450\" data-end=\"6512\">Pens\u00e9 pour ceux qui recherchent la durabilit\u00e9 sans compromis<\/li>\n<li data-start=\"6515\" data-end=\"6546\">Jusqu\u2019\u00e0 5 ans de dur\u00e9e de vie<\/li>\n<li data-start=\"6549\" data-end=\"6608\">R\u00e9g\u00e9n\u00e9ration au four (jusqu\u2019\u00e0 2 fois), recharge illimit\u00e9e<\/li>\n<li data-start=\"6611\" data-end=\"6649\">Jusqu\u2019\u00e0 88 % de r\u00e9duction des odeurs<\/li>\n<\/ul>\n<p data-start=\"6652\" data-end=\"6700\">Biod\u00e9gradable et sans d\u00e9chets.<\/p>\n<p><span style=\"color: #0000ff;\"><a style=\"color: #0000ff;\" href=\"https:\/\/www.frecan.fr\/hottes\/recirculation\/filtres-longue-duree\/\"><b>En savoir plus<\/b><\/a><\/span><\/p>\n<h4><b>4. Cubes c\u00e9ramiques : Solution r\u00e9g\u00e9n\u00e9rable<\/b><\/h4>\n<p><a href=\"https:\/\/www.frecan.fr\/hottes\/recirculation\/helsa\/\" target=\"_blank\" rel=\"noopener\"><img loading=\"lazy\" decoding=\"async\" width=\"1500\" height=\"705\" class=\"aligncenter wp-image-11949 size-full\" src=\"https:\/\/www.frecan.es\/blog\/wp-content\/uploads\/2025\/09\/CubosCeramicos.jpg\" class=\"light\" srcset=\"https:\/\/www.frecan.es\/blog\/wp-content\/uploads\/2025\/09\/CubosCeramicos.jpg 1500w, https:\/\/www.frecan.es\/blog\/wp-content\/uploads\/2025\/09\/CubosCeramicos-300x141.jpg 300w, https:\/\/www.frecan.es\/blog\/wp-content\/uploads\/2025\/09\/CubosCeramicos-1024x481.jpg 1024w, https:\/\/www.frecan.es\/blog\/wp-content\/uploads\/2025\/09\/CubosCeramicos-768x361.jpg 768w, https:\/\/www.frecan.es\/blog\/wp-content\/uploads\/2025\/09\/CubosCeramicos-800x376.jpg 800w, https:\/\/www.frecan.es\/blog\/wp-content\/uploads\/2025\/09\/CubosCeramicos-1280x602.jpg 1280w, https:\/\/www.frecan.es\/blog\/wp-content\/uploads\/2025\/09\/CubosCeramicos-440x207.jpg 440w\" sizes=\"auto, (max-width: 1500px) 100vw, 1500px\" \/><\/a><\/p>\n<p data-start=\"6750\" data-end=\"6806\">Syst\u00e8me \u00e0 base de charbon actif, c\u00e9ramique et min\u00e9raux<\/p>\n<ul>\n<li data-start=\"6809\" data-end=\"6865\">Filtration avanc\u00e9e, faible entretien, haute durabilit\u00e9<\/li>\n<li data-start=\"6868\" data-end=\"6902\">Jusqu\u2019\u00e0 10 r\u00e9g\u00e9n\u00e9rations au four<\/li>\n<li data-start=\"6905\" data-end=\"6939\">R\u00e9duction des odeurs et du bruit<\/li>\n<li data-start=\"6942\" data-end=\"6982\">Jusqu\u2019\u00e0 6760 canaux de flux parall\u00e8les<\/li>\n<li data-start=\"6985\" data-end=\"7020\">Nettoyage et remplacement faciles<\/li>\n<\/ul>\n<p data-start=\"7023\" data-end=\"7102\">Id\u00e9al pour les projets acoustiques ou les syst\u00e8mes dissoci\u00e9s<\/p>\n<p><a href=\"https:\/\/www.frecan.fr\/hottes\/recirculation\/helsa\/\"><b><span style=\"color: #0000ff;\">En savoir plus<\/span><\/b><\/a><\/p>\n<h4><strong>5. Filtres \u00e0 charbon : Solution standard<\/strong><\/h4>\n<p><a href=\"https:\/\/www.frecan.fr\/hottes\/recirculation\/filtres-charbon\/\" target=\"_blank\" rel=\"noopener\"><img loading=\"lazy\" decoding=\"async\" width=\"1500\" height=\"456\" class=\"aligncenter wp-image-11952 size-full\" src=\"https:\/\/www.frecan.es\/blog\/wp-content\/uploads\/2025\/09\/CarbonActivo.jpg\" class=\"light\" srcset=\"https:\/\/www.frecan.es\/blog\/wp-content\/uploads\/2025\/09\/CarbonActivo.jpg 1500w, https:\/\/www.frecan.es\/blog\/wp-content\/uploads\/2025\/09\/CarbonActivo-300x91.jpg 300w, https:\/\/www.frecan.es\/blog\/wp-content\/uploads\/2025\/09\/CarbonActivo-1024x311.jpg 1024w, https:\/\/www.frecan.es\/blog\/wp-content\/uploads\/2025\/09\/CarbonActivo-768x233.jpg 768w, https:\/\/www.frecan.es\/blog\/wp-content\/uploads\/2025\/09\/CarbonActivo-800x243.jpg 800w, https:\/\/www.frecan.es\/blog\/wp-content\/uploads\/2025\/09\/CarbonActivo-1280x389.jpg 1280w\" sizes=\"auto, (max-width: 1500px) 100vw, 1500px\" \/><\/a><\/p>\n<p data-start=\"7150\" data-end=\"7189\">L\u2019option la plus simple et accessible<\/p>\n<ul>\n<li data-start=\"7192\" data-end=\"7248\">Parfaite pour les installations rapides ou temporaires<\/li>\n<li data-start=\"7251\" data-end=\"7282\">Remplacement annuel conseill\u00e9<\/li>\n<li data-start=\"7285\" data-end=\"7341\">Capture et purifie les odeurs, renvoie de l\u2019air propre<\/li>\n<li data-start=\"7344\" data-end=\"7393\">Installation facile dans le compartiment moteur<\/li>\n<\/ul>\n<p data-start=\"7396\" data-end=\"7437\">Pratique et \u00e9conomique.<\/p>\n<p><a href=\"https:\/\/www.frecan.fr\/hottes\/recirculation\/filtres-charbon\/\"><b><span style=\"color: #0000ff;\">En savoir plus<\/span><\/b><\/a><\/p>\n<h3>Quelle est la meilleure option pour votre cuisine ?<\/h3>\n<p data-start=\"7501\" data-end=\"7588\">Cela d\u00e9pend de plusieurs facteurs : type d\u2019habitat, usage, design, entretien et budget.<\/p>\n<p data-start=\"7590\" data-end=\"7853\">Chez Frecan, <strong data-start=\"7603\" data-end=\"7654\">nous avons une solution adapt\u00e9e \u00e0 chaque projet<\/strong>. Toutes nos options sont con\u00e7ues selon des crit\u00e8res professionnels, certifi\u00e9es par des organismes ind\u00e9pendants, et pens\u00e9es pour am\u00e9liorer la sant\u00e9, l\u2019efficacit\u00e9 \u00e9nerg\u00e9tique et le confort domestique.<\/p>\n<h3>Des questions ?<\/h3>\n<p>Notre \u00e9quipe technique est \u00e0 votre disposition pour vous aider \u00e0 choisir la solution id\u00e9ale.<\/p>\n<p>\u27a1\ufe0f \u00c9crivez-nous \u00e0<span style=\"color: #0000ff;\"><strong> <a style=\"color: #0000ff;\" href=\"mailto:info@frecan.com\">info@frecan.com<\/a> <\/strong><\/span>ou appelez le <strong>+34<\/strong> <strong>937 93 66 22<\/strong>.<\/p>\n<p><a href=\"https:\/\/www.frecan.fr\/hottes\/recirculation\/\"><span style=\"color: #0000ff;\"><strong>Plus d&rsquo;informations sur notre site web<\/strong><\/span><\/a><\/p>\n<h4>EN SAVOIR PLUS<\/h4>\n<blockquote class=\"wp-embedded-content\" data-secret=\"irKJtOqcga\"><p><a href=\"https:\/\/www.frecan.es\/blog\/fr\/systeme-dripoff-de-frecan\/\">Sistema DripOff de Frecan: M\u00e1xima eficacia, menos mantenimiento<\/a><\/p><\/blockquote>\n<p><iframe loading=\"lazy\" class=\"wp-embedded-content\" sandbox=\"allow-scripts\" security=\"restricted\" style=\"position: absolute; visibility: hidden;\" title=\"\u00ab\u00a0Sistema DripOff de Frecan: M\u00e1xima eficacia, menos mantenimiento\u00a0\u00bb &#8212; Blog de Frecan\" src=\"https:\/\/www.frecan.es\/blog\/fr\/systeme-dripoff-de-frecan\/embed\/#?secret=qJ0YcLwXEU#?secret=irKJtOqcga\" data-secret=\"irKJtOqcga\" width=\"600\" height=\"338\" frameborder=\"0\" marginwidth=\"0\" marginheight=\"0\" scrolling=\"no\"><\/iframe><\/p>\n<blockquote class=\"wp-embedded-content\" data-secret=\"peDlFmiiIH\"><p><a href=\"https:\/\/www.frecan.es\/blog\/fr\/cave-a-vin-au-dela-de-la-cuisine\/\">D\u00f3nde poner una vinoteca en casa (m\u00e1s all\u00e1 de la cocina)<\/a><\/p><\/blockquote>\n<p><iframe loading=\"lazy\" class=\"wp-embedded-content\" sandbox=\"allow-scripts\" security=\"restricted\" style=\"position: absolute; visibility: hidden;\" title=\"\u00ab\u00a0D\u00f3nde poner una vinoteca en casa (m\u00e1s all\u00e1 de la cocina)\u00a0\u00bb &#8212; Blog de Frecan\" src=\"https:\/\/www.frecan.es\/blog\/fr\/cave-a-vin-au-dela-de-la-cuisine\/embed\/#?secret=6ibpA4efbD#?secret=peDlFmiiIH\" data-secret=\"peDlFmiiIH\" width=\"600\" height=\"338\" frameborder=\"0\" marginwidth=\"0\" marginheight=\"0\" scrolling=\"no\"><\/iframe><\/p>\n","protected":false},"excerpt":{"rendered":"<p>Des alternatives professionnelles \u00e0 l\u2019extraction conventionnelle pour am\u00e9liorer la qualit\u00e9 de l\u2019air int\u00e9rieur<\/p>\n","protected":false},"author":8,"featured_media":11974,"comment_status":"open","ping_status":"open","sticky":false,"template":"","format":"standard","meta":{"footnotes":""},"categories":[63],"tags":[],"class_list":{"0":"post-11964","1":"post","2":"type-post","3":"status-publish","4":"format-standard","5":"has-post-thumbnail","7":"category-recirculation-et-passivhaus"},"yoast_head":"<!-- This site is optimized with the Yoast SEO plugin v24.7 - https:\/\/yoast.com\/wordpress\/plugins\/seo\/ -->\n<title>FrecanAir : 5 solutions de recirculation pour votre cuisine - Blog de Frecan<\/title>\n<meta name=\"description\" content=\"Des alternatives professionnelles \u00e0 l\u2019extraction conventionnelle pour am\u00e9liorer la qualit\u00e9 de l\u2019air int\u00e9rieur. Solutions de recirculation...\" \/>\n<meta name=\"robots\" content=\"index, follow, max-snippet:-1, max-image-preview:large, max-video-preview:-1\" \/>\n<link rel=\"canonical\" href=\"https:\/\/www.frecan.es\/blog\/fr\/5-solutions-recirculation-frecan-air\/\" \/>\n<meta property=\"og:locale\" content=\"fr_FR\" \/>\n<meta property=\"og:type\" content=\"article\" \/>\n<meta property=\"og:title\" content=\"FrecanAir : 5 solutions de recirculation pour votre cuisine - Blog de Frecan\" \/>\n<meta property=\"og:description\" content=\"Des alternatives professionnelles \u00e0 l\u2019extraction conventionnelle pour am\u00e9liorer la qualit\u00e9 de l\u2019air int\u00e9rieur. Solutions de recirculation...\" \/>\n<meta property=\"og:url\" content=\"https:\/\/www.frecan.es\/blog\/fr\/5-solutions-recirculation-frecan-air\/\" \/>\n<meta property=\"og:site_name\" content=\"Blog de Frecan\" \/>\n<meta property=\"article:published_time\" content=\"2025-09-05T06:04:49+00:00\" \/>\n<meta property=\"article:modified_time\" content=\"2025-09-05T06:46:06+00:00\" \/>\n<meta property=\"og:image\" content=\"https:\/\/www.frecan.es\/blog\/wp-content\/uploads\/2025\/09\/frecanair-port-fr.jpg\" \/>\n\t<meta property=\"og:image:width\" content=\"442\" \/>\n\t<meta property=\"og:image:height\" content=\"442\" \/>\n\t<meta property=\"og:image:type\" content=\"image\/jpeg\" \/>\n<meta name=\"author\" content=\"Tha\u00efs Alcal\u00e1\" \/>\n<meta name=\"twitter:card\" content=\"summary_large_image\" \/>\n<meta name=\"twitter:label1\" content=\"\u00c9crit par\" \/>\n\t<meta name=\"twitter:data1\" content=\"Tha\u00efs Alcal\u00e1\" \/>\n\t<meta name=\"twitter:label2\" content=\"Dur\u00e9e de lecture estim\u00e9e\" \/>\n\t<meta name=\"twitter:data2\" content=\"4 minutes\" \/>\n<script type=\"application\/ld+json\" class=\"yoast-schema-graph\">{\"@context\":\"https:\/\/schema.org\",\"@graph\":[{\"@type\":\"Article\",\"@id\":\"https:\/\/www.frecan.es\/blog\/fr\/5-solutions-recirculation-frecan-air\/#article\",\"isPartOf\":{\"@id\":\"https:\/\/www.frecan.es\/blog\/fr\/5-solutions-recirculation-frecan-air\/\"},\"author\":{\"name\":\"Tha\u00efs Alcal\u00e1\",\"@id\":\"https:\/\/www.frecan.es\/blog\/fr\/#\/schema\/person\/807ea11d2c3f88890ae67a52637b8b3c\"},\"headline\":\"FrecanAir : 5 solutions de recirculation pour votre cuisine\",\"datePublished\":\"2025-09-05T06:04:49+00:00\",\"dateModified\":\"2025-09-05T06:46:06+00:00\",\"mainEntityOfPage\":{\"@id\":\"https:\/\/www.frecan.es\/blog\/fr\/5-solutions-recirculation-frecan-air\/\"},\"wordCount\":618,\"commentCount\":0,\"publisher\":{\"@id\":\"https:\/\/www.frecan.es\/blog\/fr\/#organization\"},\"image\":{\"@id\":\"https:\/\/www.frecan.es\/blog\/fr\/5-solutions-recirculation-frecan-air\/#primaryimage\"},\"thumbnailUrl\":\"https:\/\/www.frecan.es\/blog\/wp-content\/uploads\/2025\/09\/frecanair-port-fr.jpg\",\"articleSection\":[\"Recirculacion et Passivhaus\"],\"inLanguage\":\"fr-FR\",\"potentialAction\":[{\"@type\":\"CommentAction\",\"name\":\"Comment\",\"target\":[\"https:\/\/www.frecan.es\/blog\/fr\/5-solutions-recirculation-frecan-air\/#respond\"]}]},{\"@type\":\"WebPage\",\"@id\":\"https:\/\/www.frecan.es\/blog\/fr\/5-solutions-recirculation-frecan-air\/\",\"url\":\"https:\/\/www.frecan.es\/blog\/fr\/5-solutions-recirculation-frecan-air\/\",\"name\":\"FrecanAir : 5 solutions de recirculation pour votre cuisine - Blog de Frecan\",\"isPartOf\":{\"@id\":\"https:\/\/www.frecan.es\/blog\/fr\/#website\"},\"primaryImageOfPage\":{\"@id\":\"https:\/\/www.frecan.es\/blog\/fr\/5-solutions-recirculation-frecan-air\/#primaryimage\"},\"image\":{\"@id\":\"https:\/\/www.frecan.es\/blog\/fr\/5-solutions-recirculation-frecan-air\/#primaryimage\"},\"thumbnailUrl\":\"https:\/\/www.frecan.es\/blog\/wp-content\/uploads\/2025\/09\/frecanair-port-fr.jpg\",\"datePublished\":\"2025-09-05T06:04:49+00:00\",\"dateModified\":\"2025-09-05T06:46:06+00:00\",\"description\":\"Des alternatives professionnelles \u00e0 l\u2019extraction conventionnelle pour am\u00e9liorer la qualit\u00e9 de l\u2019air int\u00e9rieur. Solutions de recirculation...\",\"breadcrumb\":{\"@id\":\"https:\/\/www.frecan.es\/blog\/fr\/5-solutions-recirculation-frecan-air\/#breadcrumb\"},\"inLanguage\":\"fr-FR\",\"potentialAction\":[{\"@type\":\"ReadAction\",\"target\":[\"https:\/\/www.frecan.es\/blog\/fr\/5-solutions-recirculation-frecan-air\/\"]}]},{\"@type\":\"ImageObject\",\"inLanguage\":\"fr-FR\",\"@id\":\"https:\/\/www.frecan.es\/blog\/fr\/5-solutions-recirculation-frecan-air\/#primaryimage\",\"url\":\"https:\/\/www.frecan.es\/blog\/wp-content\/uploads\/2025\/09\/frecanair-port-fr.jpg\",\"contentUrl\":\"https:\/\/www.frecan.es\/blog\/wp-content\/uploads\/2025\/09\/frecanair-port-fr.jpg\",\"width\":442,\"height\":442},{\"@type\":\"BreadcrumbList\",\"@id\":\"https:\/\/www.frecan.es\/blog\/fr\/5-solutions-recirculation-frecan-air\/#breadcrumb\",\"itemListElement\":[{\"@type\":\"ListItem\",\"position\":1,\"name\":\"Page de Couverture\",\"item\":\"https:\/\/www.frecan.es\/blog\/fr\/\"},{\"@type\":\"ListItem\",\"position\":2,\"name\":\"FrecanAir : 5 solutions de recirculation pour votre cuisine\"}]},{\"@type\":\"WebSite\",\"@id\":\"https:\/\/www.frecan.es\/blog\/fr\/#website\",\"url\":\"https:\/\/www.frecan.es\/blog\/fr\/\",\"name\":\"Blog de Frecan\",\"description\":\"Artisanat, technologie et avant-garde au c\u0153ur de votre cuisine\",\"publisher\":{\"@id\":\"https:\/\/www.frecan.es\/blog\/fr\/#organization\"},\"potentialAction\":[{\"@type\":\"SearchAction\",\"target\":{\"@type\":\"EntryPoint\",\"urlTemplate\":\"https:\/\/www.frecan.es\/blog\/fr\/?s={search_term_string}\"},\"query-input\":{\"@type\":\"PropertyValueSpecification\",\"valueRequired\":true,\"valueName\":\"search_term_string\"}}],\"inLanguage\":\"fr-FR\"},{\"@type\":\"Organization\",\"@id\":\"https:\/\/www.frecan.es\/blog\/fr\/#organization\",\"name\":\"Frecan\",\"url\":\"https:\/\/www.frecan.es\/blog\/fr\/\",\"logo\":{\"@type\":\"ImageObject\",\"inLanguage\":\"fr-FR\",\"@id\":\"https:\/\/www.frecan.es\/blog\/fr\/#\/schema\/logo\/image\/\",\"url\":\"https:\/\/www.frecan.es\/blog\/wp-content\/uploads\/2016\/02\/logo-frecan.png\",\"contentUrl\":\"https:\/\/www.frecan.es\/blog\/wp-content\/uploads\/2016\/02\/logo-frecan.png\",\"width\":250,\"height\":27,\"caption\":\"Frecan\"},\"image\":{\"@id\":\"https:\/\/www.frecan.es\/blog\/fr\/#\/schema\/logo\/image\/\"}},{\"@type\":\"Person\",\"@id\":\"https:\/\/www.frecan.es\/blog\/fr\/#\/schema\/person\/807ea11d2c3f88890ae67a52637b8b3c\",\"name\":\"Tha\u00efs Alcal\u00e1\",\"image\":{\"@type\":\"ImageObject\",\"inLanguage\":\"fr-FR\",\"@id\":\"https:\/\/www.frecan.es\/blog\/fr\/#\/schema\/person\/image\/\",\"url\":\"https:\/\/secure.gravatar.com\/avatar\/ad063cd811075f52af0714b5e973cd08?s=96&d=mm&r=g\",\"contentUrl\":\"https:\/\/secure.gravatar.com\/avatar\/ad063cd811075f52af0714b5e973cd08?s=96&d=mm&r=g\",\"caption\":\"Tha\u00efs Alcal\u00e1\"},\"sameAs\":[\"http:\/\/www.frecan.es\"]}]}<\/script>\n<!-- \/ Yoast SEO plugin. -->","yoast_head_json":{"title":"FrecanAir : 5 solutions de recirculation pour votre cuisine - Blog de Frecan","description":"Des alternatives professionnelles \u00e0 l\u2019extraction conventionnelle pour am\u00e9liorer la qualit\u00e9 de l\u2019air int\u00e9rieur. Solutions de recirculation...","robots":{"index":"index","follow":"follow","max-snippet":"max-snippet:-1","max-image-preview":"max-image-preview:large","max-video-preview":"max-video-preview:-1"},"canonical":"https:\/\/www.frecan.es\/blog\/fr\/5-solutions-recirculation-frecan-air\/","og_locale":"fr_FR","og_type":"article","og_title":"FrecanAir : 5 solutions de recirculation pour votre cuisine - Blog de Frecan","og_description":"Des alternatives professionnelles \u00e0 l\u2019extraction conventionnelle pour am\u00e9liorer la qualit\u00e9 de l\u2019air int\u00e9rieur. Solutions de recirculation...","og_url":"https:\/\/www.frecan.es\/blog\/fr\/5-solutions-recirculation-frecan-air\/","og_site_name":"Blog de Frecan","article_published_time":"2025-09-05T06:04:49+00:00","article_modified_time":"2025-09-05T06:46:06+00:00","og_image":[{"width":442,"height":442,"url":"https:\/\/www.frecan.es\/blog\/wp-content\/uploads\/2025\/09\/frecanair-port-fr.jpg","type":"image\/jpeg"}],"author":"Tha\u00efs Alcal\u00e1","twitter_card":"summary_large_image","twitter_misc":{"\u00c9crit par":"Tha\u00efs Alcal\u00e1","Dur\u00e9e de lecture estim\u00e9e":"4 minutes"},"schema":{"@context":"https:\/\/schema.org","@graph":[{"@type":"Article","@id":"https:\/\/www.frecan.es\/blog\/fr\/5-solutions-recirculation-frecan-air\/#article","isPartOf":{"@id":"https:\/\/www.frecan.es\/blog\/fr\/5-solutions-recirculation-frecan-air\/"},"author":{"name":"Tha\u00efs Alcal\u00e1","@id":"https:\/\/www.frecan.es\/blog\/fr\/#\/schema\/person\/807ea11d2c3f88890ae67a52637b8b3c"},"headline":"FrecanAir : 5 solutions de recirculation pour votre cuisine","datePublished":"2025-09-05T06:04:49+00:00","dateModified":"2025-09-05T06:46:06+00:00","mainEntityOfPage":{"@id":"https:\/\/www.frecan.es\/blog\/fr\/5-solutions-recirculation-frecan-air\/"},"wordCount":618,"commentCount":0,"publisher":{"@id":"https:\/\/www.frecan.es\/blog\/fr\/#organization"},"image":{"@id":"https:\/\/www.frecan.es\/blog\/fr\/5-solutions-recirculation-frecan-air\/#primaryimage"},"thumbnailUrl":"https:\/\/www.frecan.es\/blog\/wp-content\/uploads\/2025\/09\/frecanair-port-fr.jpg","articleSection":["Recirculacion et Passivhaus"],"inLanguage":"fr-FR","potentialAction":[{"@type":"CommentAction","name":"Comment","target":["https:\/\/www.frecan.es\/blog\/fr\/5-solutions-recirculation-frecan-air\/#respond"]}]},{"@type":"WebPage","@id":"https:\/\/www.frecan.es\/blog\/fr\/5-solutions-recirculation-frecan-air\/","url":"https:\/\/www.frecan.es\/blog\/fr\/5-solutions-recirculation-frecan-air\/","name":"FrecanAir : 5 solutions de recirculation pour votre cuisine - Blog de Frecan","isPartOf":{"@id":"https:\/\/www.frecan.es\/blog\/fr\/#website"},"primaryImageOfPage":{"@id":"https:\/\/www.frecan.es\/blog\/fr\/5-solutions-recirculation-frecan-air\/#primaryimage"},"image":{"@id":"https:\/\/www.frecan.es\/blog\/fr\/5-solutions-recirculation-frecan-air\/#primaryimage"},"thumbnailUrl":"https:\/\/www.frecan.es\/blog\/wp-content\/uploads\/2025\/09\/frecanair-port-fr.jpg","datePublished":"2025-09-05T06:04:49+00:00","dateModified":"2025-09-05T06:46:06+00:00","description":"Des alternatives professionnelles \u00e0 l\u2019extraction conventionnelle pour am\u00e9liorer la qualit\u00e9 de l\u2019air int\u00e9rieur. Solutions de recirculation...","breadcrumb":{"@id":"https:\/\/www.frecan.es\/blog\/fr\/5-solutions-recirculation-frecan-air\/#breadcrumb"},"inLanguage":"fr-FR","potentialAction":[{"@type":"ReadAction","target":["https:\/\/www.frecan.es\/blog\/fr\/5-solutions-recirculation-frecan-air\/"]}]},{"@type":"ImageObject","inLanguage":"fr-FR","@id":"https:\/\/www.frecan.es\/blog\/fr\/5-solutions-recirculation-frecan-air\/#primaryimage","url":"https:\/\/www.frecan.es\/blog\/wp-content\/uploads\/2025\/09\/frecanair-port-fr.jpg","contentUrl":"https:\/\/www.frecan.es\/blog\/wp-content\/uploads\/2025\/09\/frecanair-port-fr.jpg","width":442,"height":442},{"@type":"BreadcrumbList","@id":"https:\/\/www.frecan.es\/blog\/fr\/5-solutions-recirculation-frecan-air\/#breadcrumb","itemListElement":[{"@type":"ListItem","position":1,"name":"Page de Couverture","item":"https:\/\/www.frecan.es\/blog\/fr\/"},{"@type":"ListItem","position":2,"name":"FrecanAir : 5 solutions de recirculation pour votre cuisine"}]},{"@type":"WebSite","@id":"https:\/\/www.frecan.es\/blog\/fr\/#website","url":"https:\/\/www.frecan.es\/blog\/fr\/","name":"Blog de Frecan","description":"Artisanat, technologie et avant-garde au c\u0153ur de votre cuisine","publisher":{"@id":"https:\/\/www.frecan.es\/blog\/fr\/#organization"},"potentialAction":[{"@type":"SearchAction","target":{"@type":"EntryPoint","urlTemplate":"https:\/\/www.frecan.es\/blog\/fr\/?s={search_term_string}"},"query-input":{"@type":"PropertyValueSpecification","valueRequired":true,"valueName":"search_term_string"}}],"inLanguage":"fr-FR"},{"@type":"Organization","@id":"https:\/\/www.frecan.es\/blog\/fr\/#organization","name":"Frecan","url":"https:\/\/www.frecan.es\/blog\/fr\/","logo":{"@type":"ImageObject","inLanguage":"fr-FR","@id":"https:\/\/www.frecan.es\/blog\/fr\/#\/schema\/logo\/image\/","url":"https:\/\/www.frecan.es\/blog\/wp-content\/uploads\/2016\/02\/logo-frecan.png","contentUrl":"https:\/\/www.frecan.es\/blog\/wp-content\/uploads\/2016\/02\/logo-frecan.png","width":250,"height":27,"caption":"Frecan"},"image":{"@id":"https:\/\/www.frecan.es\/blog\/fr\/#\/schema\/logo\/image\/"}},{"@type":"Person","@id":"https:\/\/www.frecan.es\/blog\/fr\/#\/schema\/person\/807ea11d2c3f88890ae67a52637b8b3c","name":"Tha\u00efs Alcal\u00e1","image":{"@type":"ImageObject","inLanguage":"fr-FR","@id":"https:\/\/www.frecan.es\/blog\/fr\/#\/schema\/person\/image\/","url":"https:\/\/secure.gravatar.com\/avatar\/ad063cd811075f52af0714b5e973cd08?s=96&d=mm&r=g","contentUrl":"https:\/\/secure.gravatar.com\/avatar\/ad063cd811075f52af0714b5e973cd08?s=96&d=mm&r=g","caption":"Tha\u00efs Alcal\u00e1"},"sameAs":["http:\/\/www.frecan.es"]}]}},"_links":{"self":[{"href":"https:\/\/www.frecan.es\/blog\/fr\/wp-json\/wp\/v2\/posts\/11964","targetHints":{"allow":["GET"]}}],"collection":[{"href":"https:\/\/www.frecan.es\/blog\/fr\/wp-json\/wp\/v2\/posts"}],"about":[{"href":"https:\/\/www.frecan.es\/blog\/fr\/wp-json\/wp\/v2\/types\/post"}],"author":[{"embeddable":true,"href":"https:\/\/www.frecan.es\/blog\/fr\/wp-json\/wp\/v2\/users\/8"}],"replies":[{"embeddable":true,"href":"https:\/\/www.frecan.es\/blog\/fr\/wp-json\/wp\/v2\/comments?post=11964"}],"version-history":[{"count":2,"href":"https:\/\/www.frecan.es\/blog\/fr\/wp-json\/wp\/v2\/posts\/11964\/revisions"}],"predecessor-version":[{"id":11980,"href":"https:\/\/www.frecan.es\/blog\/fr\/wp-json\/wp\/v2\/posts\/11964\/revisions\/11980"}],"wp:featuredmedia":[{"embeddable":true,"href":"https:\/\/www.frecan.es\/blog\/fr\/wp-json\/wp\/v2\/media\/11974"}],"wp:attachment":[{"href":"https:\/\/www.frecan.es\/blog\/fr\/wp-json\/wp\/v2\/media?parent=11964"}],"wp:term":[{"taxonomy":"category","embeddable":true,"href":"https:\/\/www.frecan.es\/blog\/fr\/wp-json\/wp\/v2\/categories?post=11964"},{"taxonomy":"post_tag","embeddable":true,"href":"https:\/\/www.frecan.es\/blog\/fr\/wp-json\/wp\/v2\/tags?post=11964"}],"curies":[{"name":"wp","href":"https:\/\/api.w.org\/{rel}","templated":true}]}}