{"id":11584,"date":"2025-04-24T10:00:57","date_gmt":"2025-04-24T08:00:57","guid":{"rendered":"https:\/\/www.frecan.es\/blog\/?p=11584"},"modified":"2025-04-23T14:02:23","modified_gmt":"2025-04-23T12:02:23","slug":"frecantek-pieces-uniques","status":"publish","type":"post","link":"https:\/\/www.frecan.es\/blog\/fr\/frecantek-pieces-uniques\/","title":{"rendered":"frecanTEK : Des pi\u00e8ces uniques pour des cuisines uniques"},"content":{"rendered":"<h2><strong><span style=\"color: #808080;\">Toutes les cuisines ne se ressemblent pas. Et tout le monde ne cuisine, ne vit ou ne r\u00eave pas de la m\u00eame fa\u00e7on. Alors, pourquoi se contenter de solutions standard ?<br \/>\n<\/span><\/strong><!--more--><\/h2>\n<p class=\"\" data-start=\"2834\" data-end=\"3139\">frecanTEK est n\u00e9 de cette id\u00e9e : \u00e9couter, comprendre et donner forme \u00e0 des espaces qui ne se con\u00e7oivent pas \u00e0 partir de mod\u00e8les, mais \u00e0 partir de la personnalit\u00e9. C\u2019est la division de Frecan qui transforme l\u2019acier inoxydable en outil pour construire ce qui n\u2019existait pas\u2026 jusqu\u2019\u00e0 ce que vous l\u2019imaginiez.<\/p>\n<p data-start=\"2834\" data-end=\"3139\"><a href=\"http:\/\/frecantek.es\/fr\/index.html\" target=\"_blank\" rel=\"noopener\"><img loading=\"lazy\" decoding=\"async\" width=\"2560\" height=\"1756\" class=\"alignnone wp-image-11579 size-full\" src=\"https:\/\/www.frecan.es\/blog\/wp-content\/uploads\/2025\/04\/Cocina_C22024-scaled.jpg\" class=\"light\" srcset=\"https:\/\/www.frecan.es\/blog\/wp-content\/uploads\/2025\/04\/Cocina_C22024-scaled.jpg 2560w, https:\/\/www.frecan.es\/blog\/wp-content\/uploads\/2025\/04\/Cocina_C22024-300x206.jpg 300w, https:\/\/www.frecan.es\/blog\/wp-content\/uploads\/2025\/04\/Cocina_C22024-1024x702.jpg 1024w, https:\/\/www.frecan.es\/blog\/wp-content\/uploads\/2025\/04\/Cocina_C22024-768x527.jpg 768w, https:\/\/www.frecan.es\/blog\/wp-content\/uploads\/2025\/04\/Cocina_C22024-1536x1054.jpg 1536w, https:\/\/www.frecan.es\/blog\/wp-content\/uploads\/2025\/04\/Cocina_C22024-2048x1405.jpg 2048w, https:\/\/www.frecan.es\/blog\/wp-content\/uploads\/2025\/04\/Cocina_C22024-800x549.jpg 800w, https:\/\/www.frecan.es\/blog\/wp-content\/uploads\/2025\/04\/Cocina_C22024-1280x878.jpg 1280w\" sizes=\"auto, (max-width: 2560px) 100vw, 2560px\" \/><\/a><\/p>\n<h3 data-start=\"3141\" data-end=\"3171\">Qu\u2019est-ce que frecanTEK ?<\/h3>\n<p class=\"\" data-start=\"3172\" data-end=\"3449\">Plus qu\u2019un service de fabrication sur mesure, frecanTEK est une mani\u00e8re de faire les choses : sans limites. Hottes, plans de travail, meubles, fa\u00e7ades ou structures d\u00e9coratives \u2014 tout est r\u00e9alis\u00e9 en acier inoxydable avec la pr\u00e9cision et l\u2019expertise de plus de 25 ans de m\u00e9tier.<\/p>\n<p class=\"\" data-start=\"3451\" data-end=\"3709\">Chaque pi\u00e8ce est fabriqu\u00e9e dans nos ateliers \u00e0 Barcelone, sur mesure, au millim\u00e8tre pr\u00e8s, pour s\u2019adapter \u00e0 votre projet, votre style et vos besoins. Mur ou \u00eelot ? Int\u00e9rieur ou ext\u00e9rieur ? Style industriel ou \u00e9l\u00e9gance minimaliste ? frecanTEK le rend possible.<\/p>\n<h3 data-start=\"3711\" data-end=\"3754\">Ce n\u2019est pas qu\u2019une question de design<\/h3>\n<p class=\"\" data-start=\"3755\" data-end=\"4020\">frecanTEK apporte des solutions. Espaces complexes, cuisines ext\u00e9rieures, maisons en bord de mer ou m\u00eame bateaux. Besoin d\u2019acier marin ? C\u2019est possible. Un fini assorti au bois ou \u00e0 la c\u00e9ramique ? Aussi. \u00c9clairage r\u00e9glable pour cr\u00e9er l\u2019ambiance parfaite ? Bien s\u00fbr.<\/p>\n<p class=\"\" data-start=\"4022\" data-end=\"4130\">Le tout, sans jamais faire de compromis sur l\u2019essentiel : fonctionnalit\u00e9, durabilit\u00e9, hygi\u00e8ne et r\u00e9sistance.<\/p>\n<h3 data-start=\"4132\" data-end=\"4153\">Con\u00e7u pour durer<\/h3>\n<p class=\"\" data-start=\"4154\" data-end=\"4229\">frecanTEK ne se contente pas de fabriquer, il cr\u00e9e des solutions durables :<\/p>\n<ul data-start=\"4230\" data-end=\"4786\">\n<li class=\"\" data-start=\"4230\" data-end=\"4339\">\n<p class=\"\" data-start=\"4232\" data-end=\"4339\"><strong>Acier AISI 304 ou 316<\/strong> \u2014 r\u00e9sistant, hygi\u00e9nique et adapt\u00e9 \u00e0 tout environnement, y compris ext\u00e9rieur ou marin.<\/p>\n<\/li>\n<li class=\"\" data-start=\"4340\" data-end=\"4476\">\n<p class=\"\" data-start=\"4342\" data-end=\"4476\"><strong>Finitions sur mesure<\/strong> : satin\u00e9e, vibr\u00e9e, vintage ou noire, blanche et texture (exclusif aux hottes). Chaque cuisine a son propre style.<\/p>\n<\/li>\n<li class=\"\" data-start=\"4477\" data-end=\"4557\">\n<p class=\"\" data-start=\"4479\" data-end=\"4557\"><strong>Compatibilit\u00e9 totale<\/strong> avec les plaques, \u00e9viers et syst\u00e8mes d\u2019extraction Frecan.<\/p>\n<\/li>\n<li class=\"\" data-start=\"4558\" data-end=\"4681\">\n<p class=\"\" data-start=\"4560\" data-end=\"4681\"><strong>\u00c9clairage \u00e0 votre go\u00fbt<\/strong> : dans les hottes, temp\u00e9rature de couleur r\u00e9glable de 2700K \u00e0 6500K, pour cr\u00e9er l\u2019ambiance id\u00e9ale.<\/p>\n<\/li>\n<li class=\"\" data-start=\"4682\" data-end=\"4786\">\n<p class=\"\" data-start=\"4684\" data-end=\"4786\"><strong>Installation polyvalente<\/strong> : adapt\u00e9 aux plafonds hauts, aux meubles sp\u00e9ciaux ou aux designs hors normes.<\/p>\n<\/li>\n<\/ul>\n<h3 data-start=\"4788\" data-end=\"4821\">Que pouvons-nous fabriquer ?<\/h3>\n<p class=\"\" data-start=\"4822\" data-end=\"5012\">Tout. Hottes, plans de travail, cr\u00e9dences, \u00e9tag\u00e8res, portes, structures d\u00e9coratives\u2026 Si cela peut se concevoir, cela peut se fabriquer. Si vous pouvez l\u2019imaginer, frecanTEK peut le r\u00e9aliser.<\/p>\n<h3 data-start=\"5014\" data-end=\"5048\">Vous avez un projet en t\u00eate ?<\/h3>\n<p class=\"\" data-start=\"5049\" data-end=\"5245\">frecanTEK n\u2019est pas r\u00e9serv\u00e9 aux grandes r\u00e9novations ou aux studios de design. C\u2019est aussi pour les particuliers qui veulent un r\u00e9sultat unique, et pour les professionnels qui veulent se d\u00e9marquer.<\/p>\n<p class=\"\" data-start=\"5247\" data-end=\"5334\">Parlez-nous de votre id\u00e9e. Nous la concr\u00e9tiserons.<\/p>\n<p class=\"\" data-start=\"5247\" data-end=\"5334\"><strong>D\u00e9couvrez-en plus sur <span style=\"color: #0000ff;\"><a style=\"color: #0000ff;\" href=\"http:\/\/frecantek.es\/fr\/index.html\">frecantek.es\/fr<\/a><\/span><\/strong><\/p>\n<p><strong>Tel.:<\/strong> 93 793 66 22<\/p>\n<p><strong>E-mail:<\/strong> <a href=\"mailto:frecantek@frecan.com\"><strong><span style=\"color: #0000ff;\">frecantek@frecan.com<\/span><\/strong><\/a><\/p>\n<h4>En savoir plus<\/h4>\n<blockquote class=\"wp-embedded-content\" data-secret=\"lmdTBBNpju\"><p><a href=\"https:\/\/www.frecan.es\/blog\/fr\/hotte-personnalisee-frecan\/\">Personaliza tu campana con Frecan<\/a><\/p><\/blockquote>\n<p><iframe loading=\"lazy\" class=\"wp-embedded-content\" sandbox=\"allow-scripts\" security=\"restricted\" style=\"position: absolute; visibility: hidden;\" title=\"\u00ab\u00a0Personaliza tu campana con Frecan\u00a0\u00bb &#8212; Blog de Frecan\" src=\"https:\/\/www.frecan.es\/blog\/fr\/hotte-personnalisee-frecan\/embed\/#?secret=KyR9TKqrQh#?secret=lmdTBBNpju\" data-secret=\"lmdTBBNpju\" width=\"600\" height=\"338\" frameborder=\"0\" marginwidth=\"0\" marginheight=\"0\" scrolling=\"no\"><\/iframe><\/p>\n<blockquote class=\"wp-embedded-content\" data-secret=\"4PgUfoOqdl\"><p><a href=\"https:\/\/www.frecan.es\/blog\/fr\/acier-inoxydable-entretien-utilisation-et-nettoyage\/\">Acero inoxidable | Mantenimiento, uso y limpieza<\/a><\/p><\/blockquote>\n<p><iframe loading=\"lazy\" class=\"wp-embedded-content\" sandbox=\"allow-scripts\" security=\"restricted\" style=\"position: absolute; visibility: hidden;\" title=\"\u00ab\u00a0Acero inoxidable | Mantenimiento, uso y limpieza\u00a0\u00bb &#8212; Blog de Frecan\" src=\"https:\/\/www.frecan.es\/blog\/fr\/acier-inoxydable-entretien-utilisation-et-nettoyage\/embed\/#?secret=iaGdf3m3n8#?secret=4PgUfoOqdl\" data-secret=\"4PgUfoOqdl\" width=\"600\" height=\"338\" frameborder=\"0\" marginwidth=\"0\" marginheight=\"0\" scrolling=\"no\"><\/iframe><\/p>\n","protected":false},"excerpt":{"rendered":"<p>Toutes les cuisines ne se ressemblent pas. Et tout le monde ne cuisine, ne vit ou ne r\u00eave pas de la m\u00eame fa\u00e7on. Alors, pourquoi se contenter de solutions standard ?<\/p>\n","protected":false},"author":8,"featured_media":11581,"comment_status":"open","ping_status":"open","sticky":false,"template":"","format":"standard","meta":{"footnotes":""},"categories":[74],"tags":[],"class_list":{"0":"post-11584","1":"post","2":"type-post","3":"status-publish","4":"format-standard","5":"has-post-thumbnail","7":"category-frecantek-fr"},"yoast_head":"<!-- This site is optimized with the Yoast SEO plugin v24.7 - https:\/\/yoast.com\/wordpress\/plugins\/seo\/ -->\n<title>frecanTEK : Des pi\u00e8ces uniques pour des cuisines uniques - Blog de Frecan<\/title>\n<meta name=\"description\" content=\"Chaque pi\u00e8ce frecanTEK est fabriqu\u00e9e dans nos ateliers \u00e0 Barcelone, sur mesure, au millim\u00e8tre pr\u00e8s... Hottes, plans de travail, cr\u00e9dences...\" \/>\n<meta name=\"robots\" content=\"index, follow, max-snippet:-1, max-image-preview:large, max-video-preview:-1\" \/>\n<link rel=\"canonical\" href=\"https:\/\/www.frecan.es\/blog\/fr\/frecantek-pieces-uniques\/\" \/>\n<meta property=\"og:locale\" content=\"fr_FR\" \/>\n<meta property=\"og:type\" content=\"article\" \/>\n<meta property=\"og:title\" content=\"frecanTEK : Des pi\u00e8ces uniques pour des cuisines uniques - Blog de Frecan\" \/>\n<meta property=\"og:description\" content=\"Chaque pi\u00e8ce frecanTEK est fabriqu\u00e9e dans nos ateliers \u00e0 Barcelone, sur mesure, au millim\u00e8tre pr\u00e8s... Hottes, plans de travail, cr\u00e9dences...\" \/>\n<meta property=\"og:url\" content=\"https:\/\/www.frecan.es\/blog\/fr\/frecantek-pieces-uniques\/\" \/>\n<meta property=\"og:site_name\" content=\"Blog de Frecan\" \/>\n<meta property=\"article:published_time\" content=\"2025-04-24T08:00:57+00:00\" \/>\n<meta property=\"og:image\" content=\"https:\/\/www.frecan.es\/blog\/wp-content\/uploads\/2025\/04\/Cocina_C22024-scaled.jpg\" \/>\n\t<meta property=\"og:image:width\" content=\"2560\" \/>\n\t<meta property=\"og:image:height\" content=\"1756\" \/>\n\t<meta property=\"og:image:type\" content=\"image\/jpeg\" \/>\n<meta name=\"author\" content=\"Tha\u00efs Alcal\u00e1\" \/>\n<meta name=\"twitter:card\" content=\"summary_large_image\" \/>\n<meta name=\"twitter:label1\" content=\"\u00c9crit par\" \/>\n\t<meta name=\"twitter:data1\" content=\"Tha\u00efs Alcal\u00e1\" \/>\n\t<meta name=\"twitter:label2\" content=\"Dur\u00e9e de lecture estim\u00e9e\" \/>\n\t<meta name=\"twitter:data2\" content=\"3 minutes\" \/>\n<script type=\"application\/ld+json\" class=\"yoast-schema-graph\">{\"@context\":\"https:\/\/schema.org\",\"@graph\":[{\"@type\":\"Article\",\"@id\":\"https:\/\/www.frecan.es\/blog\/fr\/frecantek-pieces-uniques\/#article\",\"isPartOf\":{\"@id\":\"https:\/\/www.frecan.es\/blog\/fr\/frecantek-pieces-uniques\/\"},\"author\":{\"name\":\"Tha\u00efs Alcal\u00e1\",\"@id\":\"https:\/\/www.frecan.es\/blog\/fr\/#\/schema\/person\/807ea11d2c3f88890ae67a52637b8b3c\"},\"headline\":\"frecanTEK : Des pi\u00e8ces uniques pour des cuisines uniques\",\"datePublished\":\"2025-04-24T08:00:57+00:00\",\"mainEntityOfPage\":{\"@id\":\"https:\/\/www.frecan.es\/blog\/fr\/frecantek-pieces-uniques\/\"},\"wordCount\":490,\"commentCount\":0,\"publisher\":{\"@id\":\"https:\/\/www.frecan.es\/blog\/fr\/#organization\"},\"image\":{\"@id\":\"https:\/\/www.frecan.es\/blog\/fr\/frecantek-pieces-uniques\/#primaryimage\"},\"thumbnailUrl\":\"https:\/\/www.frecan.es\/blog\/wp-content\/uploads\/2025\/04\/Cocina_C22024-scaled.jpg\",\"articleSection\":[\"FrecanTEK\"],\"inLanguage\":\"fr-FR\",\"potentialAction\":[{\"@type\":\"CommentAction\",\"name\":\"Comment\",\"target\":[\"https:\/\/www.frecan.es\/blog\/fr\/frecantek-pieces-uniques\/#respond\"]}]},{\"@type\":\"WebPage\",\"@id\":\"https:\/\/www.frecan.es\/blog\/fr\/frecantek-pieces-uniques\/\",\"url\":\"https:\/\/www.frecan.es\/blog\/fr\/frecantek-pieces-uniques\/\",\"name\":\"frecanTEK : Des pi\u00e8ces uniques pour des cuisines uniques - Blog de Frecan\",\"isPartOf\":{\"@id\":\"https:\/\/www.frecan.es\/blog\/fr\/#website\"},\"primaryImageOfPage\":{\"@id\":\"https:\/\/www.frecan.es\/blog\/fr\/frecantek-pieces-uniques\/#primaryimage\"},\"image\":{\"@id\":\"https:\/\/www.frecan.es\/blog\/fr\/frecantek-pieces-uniques\/#primaryimage\"},\"thumbnailUrl\":\"https:\/\/www.frecan.es\/blog\/wp-content\/uploads\/2025\/04\/Cocina_C22024-scaled.jpg\",\"datePublished\":\"2025-04-24T08:00:57+00:00\",\"description\":\"Chaque pi\u00e8ce frecanTEK est fabriqu\u00e9e dans nos ateliers \u00e0 Barcelone, sur mesure, au millim\u00e8tre pr\u00e8s... Hottes, plans de travail, cr\u00e9dences...\",\"breadcrumb\":{\"@id\":\"https:\/\/www.frecan.es\/blog\/fr\/frecantek-pieces-uniques\/#breadcrumb\"},\"inLanguage\":\"fr-FR\",\"potentialAction\":[{\"@type\":\"ReadAction\",\"target\":[\"https:\/\/www.frecan.es\/blog\/fr\/frecantek-pieces-uniques\/\"]}]},{\"@type\":\"ImageObject\",\"inLanguage\":\"fr-FR\",\"@id\":\"https:\/\/www.frecan.es\/blog\/fr\/frecantek-pieces-uniques\/#primaryimage\",\"url\":\"https:\/\/www.frecan.es\/blog\/wp-content\/uploads\/2025\/04\/Cocina_C22024-scaled.jpg\",\"contentUrl\":\"https:\/\/www.frecan.es\/blog\/wp-content\/uploads\/2025\/04\/Cocina_C22024-scaled.jpg\",\"width\":2560,\"height\":1756},{\"@type\":\"BreadcrumbList\",\"@id\":\"https:\/\/www.frecan.es\/blog\/fr\/frecantek-pieces-uniques\/#breadcrumb\",\"itemListElement\":[{\"@type\":\"ListItem\",\"position\":1,\"name\":\"Page de Couverture\",\"item\":\"https:\/\/www.frecan.es\/blog\/fr\/\"},{\"@type\":\"ListItem\",\"position\":2,\"name\":\"frecanTEK : Des pi\u00e8ces uniques pour des cuisines uniques\"}]},{\"@type\":\"WebSite\",\"@id\":\"https:\/\/www.frecan.es\/blog\/fr\/#website\",\"url\":\"https:\/\/www.frecan.es\/blog\/fr\/\",\"name\":\"Blog de Frecan\",\"description\":\"Artisanat, technologie et avant-garde au c\u0153ur de votre cuisine\",\"publisher\":{\"@id\":\"https:\/\/www.frecan.es\/blog\/fr\/#organization\"},\"potentialAction\":[{\"@type\":\"SearchAction\",\"target\":{\"@type\":\"EntryPoint\",\"urlTemplate\":\"https:\/\/www.frecan.es\/blog\/fr\/?s={search_term_string}\"},\"query-input\":{\"@type\":\"PropertyValueSpecification\",\"valueRequired\":true,\"valueName\":\"search_term_string\"}}],\"inLanguage\":\"fr-FR\"},{\"@type\":\"Organization\",\"@id\":\"https:\/\/www.frecan.es\/blog\/fr\/#organization\",\"name\":\"Frecan\",\"url\":\"https:\/\/www.frecan.es\/blog\/fr\/\",\"logo\":{\"@type\":\"ImageObject\",\"inLanguage\":\"fr-FR\",\"@id\":\"https:\/\/www.frecan.es\/blog\/fr\/#\/schema\/logo\/image\/\",\"url\":\"https:\/\/www.frecan.es\/blog\/wp-content\/uploads\/2016\/02\/logo-frecan.png\",\"contentUrl\":\"https:\/\/www.frecan.es\/blog\/wp-content\/uploads\/2016\/02\/logo-frecan.png\",\"width\":250,\"height\":27,\"caption\":\"Frecan\"},\"image\":{\"@id\":\"https:\/\/www.frecan.es\/blog\/fr\/#\/schema\/logo\/image\/\"}},{\"@type\":\"Person\",\"@id\":\"https:\/\/www.frecan.es\/blog\/fr\/#\/schema\/person\/807ea11d2c3f88890ae67a52637b8b3c\",\"name\":\"Tha\u00efs Alcal\u00e1\",\"image\":{\"@type\":\"ImageObject\",\"inLanguage\":\"fr-FR\",\"@id\":\"https:\/\/www.frecan.es\/blog\/fr\/#\/schema\/person\/image\/\",\"url\":\"https:\/\/secure.gravatar.com\/avatar\/ad063cd811075f52af0714b5e973cd08?s=96&d=mm&r=g\",\"contentUrl\":\"https:\/\/secure.gravatar.com\/avatar\/ad063cd811075f52af0714b5e973cd08?s=96&d=mm&r=g\",\"caption\":\"Tha\u00efs Alcal\u00e1\"},\"sameAs\":[\"http:\/\/www.frecan.es\"]}]}<\/script>\n<!-- \/ Yoast SEO plugin. -->","yoast_head_json":{"title":"frecanTEK : Des pi\u00e8ces uniques pour des cuisines uniques - Blog de Frecan","description":"Chaque pi\u00e8ce frecanTEK est fabriqu\u00e9e dans nos ateliers \u00e0 Barcelone, sur mesure, au millim\u00e8tre pr\u00e8s... Hottes, plans de travail, cr\u00e9dences...","robots":{"index":"index","follow":"follow","max-snippet":"max-snippet:-1","max-image-preview":"max-image-preview:large","max-video-preview":"max-video-preview:-1"},"canonical":"https:\/\/www.frecan.es\/blog\/fr\/frecantek-pieces-uniques\/","og_locale":"fr_FR","og_type":"article","og_title":"frecanTEK : Des pi\u00e8ces uniques pour des cuisines uniques - Blog de Frecan","og_description":"Chaque pi\u00e8ce frecanTEK est fabriqu\u00e9e dans nos ateliers \u00e0 Barcelone, sur mesure, au millim\u00e8tre pr\u00e8s... Hottes, plans de travail, cr\u00e9dences...","og_url":"https:\/\/www.frecan.es\/blog\/fr\/frecantek-pieces-uniques\/","og_site_name":"Blog de Frecan","article_published_time":"2025-04-24T08:00:57+00:00","og_image":[{"width":2560,"height":1756,"url":"https:\/\/www.frecan.es\/blog\/wp-content\/uploads\/2025\/04\/Cocina_C22024-scaled.jpg","type":"image\/jpeg"}],"author":"Tha\u00efs Alcal\u00e1","twitter_card":"summary_large_image","twitter_misc":{"\u00c9crit par":"Tha\u00efs Alcal\u00e1","Dur\u00e9e de lecture estim\u00e9e":"3 minutes"},"schema":{"@context":"https:\/\/schema.org","@graph":[{"@type":"Article","@id":"https:\/\/www.frecan.es\/blog\/fr\/frecantek-pieces-uniques\/#article","isPartOf":{"@id":"https:\/\/www.frecan.es\/blog\/fr\/frecantek-pieces-uniques\/"},"author":{"name":"Tha\u00efs Alcal\u00e1","@id":"https:\/\/www.frecan.es\/blog\/fr\/#\/schema\/person\/807ea11d2c3f88890ae67a52637b8b3c"},"headline":"frecanTEK : Des pi\u00e8ces uniques pour des cuisines uniques","datePublished":"2025-04-24T08:00:57+00:00","mainEntityOfPage":{"@id":"https:\/\/www.frecan.es\/blog\/fr\/frecantek-pieces-uniques\/"},"wordCount":490,"commentCount":0,"publisher":{"@id":"https:\/\/www.frecan.es\/blog\/fr\/#organization"},"image":{"@id":"https:\/\/www.frecan.es\/blog\/fr\/frecantek-pieces-uniques\/#primaryimage"},"thumbnailUrl":"https:\/\/www.frecan.es\/blog\/wp-content\/uploads\/2025\/04\/Cocina_C22024-scaled.jpg","articleSection":["FrecanTEK"],"inLanguage":"fr-FR","potentialAction":[{"@type":"CommentAction","name":"Comment","target":["https:\/\/www.frecan.es\/blog\/fr\/frecantek-pieces-uniques\/#respond"]}]},{"@type":"WebPage","@id":"https:\/\/www.frecan.es\/blog\/fr\/frecantek-pieces-uniques\/","url":"https:\/\/www.frecan.es\/blog\/fr\/frecantek-pieces-uniques\/","name":"frecanTEK : Des pi\u00e8ces uniques pour des cuisines uniques - Blog de Frecan","isPartOf":{"@id":"https:\/\/www.frecan.es\/blog\/fr\/#website"},"primaryImageOfPage":{"@id":"https:\/\/www.frecan.es\/blog\/fr\/frecantek-pieces-uniques\/#primaryimage"},"image":{"@id":"https:\/\/www.frecan.es\/blog\/fr\/frecantek-pieces-uniques\/#primaryimage"},"thumbnailUrl":"https:\/\/www.frecan.es\/blog\/wp-content\/uploads\/2025\/04\/Cocina_C22024-scaled.jpg","datePublished":"2025-04-24T08:00:57+00:00","description":"Chaque pi\u00e8ce frecanTEK est fabriqu\u00e9e dans nos ateliers \u00e0 Barcelone, sur mesure, au millim\u00e8tre pr\u00e8s... Hottes, plans de travail, cr\u00e9dences...","breadcrumb":{"@id":"https:\/\/www.frecan.es\/blog\/fr\/frecantek-pieces-uniques\/#breadcrumb"},"inLanguage":"fr-FR","potentialAction":[{"@type":"ReadAction","target":["https:\/\/www.frecan.es\/blog\/fr\/frecantek-pieces-uniques\/"]}]},{"@type":"ImageObject","inLanguage":"fr-FR","@id":"https:\/\/www.frecan.es\/blog\/fr\/frecantek-pieces-uniques\/#primaryimage","url":"https:\/\/www.frecan.es\/blog\/wp-content\/uploads\/2025\/04\/Cocina_C22024-scaled.jpg","contentUrl":"https:\/\/www.frecan.es\/blog\/wp-content\/uploads\/2025\/04\/Cocina_C22024-scaled.jpg","width":2560,"height":1756},{"@type":"BreadcrumbList","@id":"https:\/\/www.frecan.es\/blog\/fr\/frecantek-pieces-uniques\/#breadcrumb","itemListElement":[{"@type":"ListItem","position":1,"name":"Page de Couverture","item":"https:\/\/www.frecan.es\/blog\/fr\/"},{"@type":"ListItem","position":2,"name":"frecanTEK : Des pi\u00e8ces uniques pour des cuisines uniques"}]},{"@type":"WebSite","@id":"https:\/\/www.frecan.es\/blog\/fr\/#website","url":"https:\/\/www.frecan.es\/blog\/fr\/","name":"Blog de Frecan","description":"Artisanat, technologie et avant-garde au c\u0153ur de votre cuisine","publisher":{"@id":"https:\/\/www.frecan.es\/blog\/fr\/#organization"},"potentialAction":[{"@type":"SearchAction","target":{"@type":"EntryPoint","urlTemplate":"https:\/\/www.frecan.es\/blog\/fr\/?s={search_term_string}"},"query-input":{"@type":"PropertyValueSpecification","valueRequired":true,"valueName":"search_term_string"}}],"inLanguage":"fr-FR"},{"@type":"Organization","@id":"https:\/\/www.frecan.es\/blog\/fr\/#organization","name":"Frecan","url":"https:\/\/www.frecan.es\/blog\/fr\/","logo":{"@type":"ImageObject","inLanguage":"fr-FR","@id":"https:\/\/www.frecan.es\/blog\/fr\/#\/schema\/logo\/image\/","url":"https:\/\/www.frecan.es\/blog\/wp-content\/uploads\/2016\/02\/logo-frecan.png","contentUrl":"https:\/\/www.frecan.es\/blog\/wp-content\/uploads\/2016\/02\/logo-frecan.png","width":250,"height":27,"caption":"Frecan"},"image":{"@id":"https:\/\/www.frecan.es\/blog\/fr\/#\/schema\/logo\/image\/"}},{"@type":"Person","@id":"https:\/\/www.frecan.es\/blog\/fr\/#\/schema\/person\/807ea11d2c3f88890ae67a52637b8b3c","name":"Tha\u00efs Alcal\u00e1","image":{"@type":"ImageObject","inLanguage":"fr-FR","@id":"https:\/\/www.frecan.es\/blog\/fr\/#\/schema\/person\/image\/","url":"https:\/\/secure.gravatar.com\/avatar\/ad063cd811075f52af0714b5e973cd08?s=96&d=mm&r=g","contentUrl":"https:\/\/secure.gravatar.com\/avatar\/ad063cd811075f52af0714b5e973cd08?s=96&d=mm&r=g","caption":"Tha\u00efs Alcal\u00e1"},"sameAs":["http:\/\/www.frecan.es"]}]}},"_links":{"self":[{"href":"https:\/\/www.frecan.es\/blog\/fr\/wp-json\/wp\/v2\/posts\/11584","targetHints":{"allow":["GET"]}}],"collection":[{"href":"https:\/\/www.frecan.es\/blog\/fr\/wp-json\/wp\/v2\/posts"}],"about":[{"href":"https:\/\/www.frecan.es\/blog\/fr\/wp-json\/wp\/v2\/types\/post"}],"author":[{"embeddable":true,"href":"https:\/\/www.frecan.es\/blog\/fr\/wp-json\/wp\/v2\/users\/8"}],"replies":[{"embeddable":true,"href":"https:\/\/www.frecan.es\/blog\/fr\/wp-json\/wp\/v2\/comments?post=11584"}],"version-history":[{"count":6,"href":"https:\/\/www.frecan.es\/blog\/fr\/wp-json\/wp\/v2\/posts\/11584\/revisions"}],"predecessor-version":[{"id":11599,"href":"https:\/\/www.frecan.es\/blog\/fr\/wp-json\/wp\/v2\/posts\/11584\/revisions\/11599"}],"wp:featuredmedia":[{"embeddable":true,"href":"https:\/\/www.frecan.es\/blog\/fr\/wp-json\/wp\/v2\/media\/11581"}],"wp:attachment":[{"href":"https:\/\/www.frecan.es\/blog\/fr\/wp-json\/wp\/v2\/media?parent=11584"}],"wp:term":[{"taxonomy":"category","embeddable":true,"href":"https:\/\/www.frecan.es\/blog\/fr\/wp-json\/wp\/v2\/categories?post=11584"},{"taxonomy":"post_tag","embeddable":true,"href":"https:\/\/www.frecan.es\/blog\/fr\/wp-json\/wp\/v2\/tags?post=11584"}],"curies":[{"name":"wp","href":"https:\/\/api.w.org\/{rel}","templated":true}]}}