{"id":11570,"date":"2025-04-17T10:00:59","date_gmt":"2025-04-17T08:00:59","guid":{"rendered":"https:\/\/www.frecan.es\/blog\/?p=11570"},"modified":"2025-04-15T10:28:11","modified_gmt":"2025-04-15T08:28:11","slug":"semaine-sainte-cuisine-de-tradition","status":"publish","type":"post","link":"https:\/\/www.frecan.es\/blog\/fr\/semaine-sainte-cuisine-de-tradition\/","title":{"rendered":"Semaine Sainte : cuisine de tradition, d\u2019ar\u00f4mes et d\u2019\u00e2me"},"content":{"rendered":"<h2><strong><span style=\"color: #808080;\">Pendant la Semaine Sainte, les traditions ne se contentent pas d\u2019\u00eatre rappel\u00e9es\u2026 elles se cuisinent.<\/span><\/strong><!--more--><\/h2>\n<p>Elles mijotent lentement, entre parfums familiers, ingr\u00e9dients simples et recettes qui nous rappellent la maison, m\u00eame de loin.<\/p>\n<p>Car en cette p\u00e9riode, la cuisine redevient ce qu\u2019elle a toujours \u00e9t\u00e9 : <strong data-start=\"2787\" data-end=\"2811\">le c\u0153ur de la maison<\/strong>. Et chez Frecan, on souhaite vous accompagner avec deux incontournables de cette saison :<\/p>\n<p><img loading=\"lazy\" decoding=\"async\" class=\"alignnone wp-image-11565 size-full\" src=\"https:\/\/www.frecan.es\/blog\/wp-content\/uploads\/2025\/04\/Semana-santa-recetas-frecan.jpg\" alt=\"Semaine Sainte - Frecan\" width=\"910\" height=\"359\" srcset=\"https:\/\/www.frecan.es\/blog\/wp-content\/uploads\/2025\/04\/Semana-santa-recetas-frecan.jpg 910w, https:\/\/www.frecan.es\/blog\/wp-content\/uploads\/2025\/04\/Semana-santa-recetas-frecan-300x118.jpg 300w, https:\/\/www.frecan.es\/blog\/wp-content\/uploads\/2025\/04\/Semana-santa-recetas-frecan-768x303.jpg 768w, https:\/\/www.frecan.es\/blog\/wp-content\/uploads\/2025\/04\/Semana-santa-recetas-frecan-800x316.jpg 800w\" sizes=\"auto, (max-width: 910px) 100vw, 910px\" \/><\/p>\n<ul>\n<li aria-level=\"1\"><b><strong data-start=\"2905\" data-end=\"2942\">Potage de car\u00eame pour r\u00e9conforter<\/strong><\/b><\/li>\n<li aria-level=\"1\"><b><strong data-start=\"2945\" data-end=\"2970\"><em>Torrijas<\/em> pour adoucir<\/strong><\/b><\/li>\n<\/ul>\n<p>L\u2019un se mange \u00e0 la cuill\u00e8re, l\u2019autre \u00e0 la petite cuill\u00e8re. Ensemble, elles servent la tradition \u00e0 table.<\/p>\n<h3>? Potage de car\u00eame<\/h3>\n<p>Un plat humble et savoureux, typique des vendredis de Car\u00eame. Sans viande, mais plein d\u2019histoire. Cod, pois chiches et \u00e9pinards en vedette.<\/p>\n<h4>Ingr\u00e9dients (pour 4 personnes) :<\/h4>\n<ul>\n<li aria-level=\"1\">300 g de pois chiches cuits<\/li>\n<li aria-level=\"1\">200 g d\u2019\u00e9pinards frais<\/li>\n<li aria-level=\"1\">200 g de morue dessal\u00e9e<\/li>\n<li aria-level=\"1\">1 oignon<\/li>\n<li aria-level=\"1\">2 gousses d\u2019ail<\/li>\n<li aria-level=\"1\">1 c. \u00e0 caf\u00e9 de paprika doux<\/li>\n<li aria-level=\"1\">1 feuille de laurier<\/li>\n<li aria-level=\"1\">1 \u0153uf dur (facultatif)<\/li>\n<li aria-level=\"1\">Huile d\u2019olive vierge extra, sel et poivre<\/li>\n<\/ul>\n<h4>Pr\u00e9paration:<\/h4>\n<ol>\n<li aria-level=\"1\">Faites revenir l\u2019oignon et l\u2019ail hach\u00e9s dans l\u2019huile jusqu\u2019\u00e0 ce qu\u2019ils soient dor\u00e9s.<\/li>\n<li aria-level=\"1\">Ajoutez le paprika, remuez rapidement, puis ajoutez les \u00e9pinards.<\/li>\n<li aria-level=\"1\">Incorporez les pois chiches, la morue et la feuille de laurier.<\/li>\n<li aria-level=\"1\">Couvrez d\u2019eau ou de bouillon l\u00e9ger et laissez mijoter 15\u201320 min.<\/li>\n<li aria-level=\"1\">Rectifiez l\u2019assaisonnement. Servez chaud, avec \u0153uf dur si vous le souhaitez.<\/li>\n<\/ol>\n<h3>? <em>Torrijas<\/em><\/h3>\n<p>Le dessert embl\u00e9matique de la Semaine Sainte. Croquantes \u00e0 l\u2019ext\u00e9rieur, moelleuses \u00e0 l\u2019int\u00e9rieur, parfum\u00e9es \u00e0 la cannelle et au citron.<\/p>\n<h4>Ingr\u00e9dients :<\/h4>\n<ul>\n<li aria-level=\"1\">1 baguette de la veille<\/li>\n<li aria-level=\"1\">500 ml de lait<\/li>\n<li aria-level=\"1\">1 b\u00e2ton de cannelle<\/li>\n<li aria-level=\"1\">Zeste d\u2019un citron<\/li>\n<li aria-level=\"1\">2 \u0153ufs<\/li>\n<li aria-level=\"1\">Sucre et cannelle en poudre<\/li>\n<li aria-level=\"1\">Huile d\u2019olive douce pour friture<\/li>\n<\/ul>\n<h4>Pr\u00e9paration :<\/h4>\n<ol>\n<li aria-level=\"1\">Faites infuser le lait avec la cannelle et le zeste. Laissez ti\u00e9dir.<\/li>\n<li aria-level=\"1\">Coupez le pain en tranches \u00e9paisses et laissez-les s\u2019imbiber du lait.<\/li>\n<li aria-level=\"1\">Trempez dans l\u2019\u0153uf battu et faites frire jusqu\u2019\u00e0 ce qu\u2019elles soient dor\u00e9es.<\/li>\n<li aria-level=\"1\">\u00c9gouttez et saupoudrez de sucre et de cannelle.<\/li>\n<li aria-level=\"1\">Pour plus de douceur : un filet de miel&#8230; et c\u2019est le paradis.<\/li>\n<\/ol>\n<h3>Tradition<\/h3>\n<p>La Semaine Sainte se vit aussi en cuisine, entre marmites, parfums et moments partag\u00e9s, seul ou \u00e0 plusieurs.<\/p>\n<p>Chez Frecan, nous pensons que la cuisine n\u2019est pas seulement un lieu o\u00f9 l\u2019on pr\u00e9pare des plats, mais un espace o\u00f9 le quotidien prend tout son sens.<\/p>\n<p><strong data-start=\"4954\" data-end=\"4988\">Envie d\u2019essayer ces recettes ?<\/strong><\/p>\n<h4>En savoir plus<\/h4>\n<blockquote class=\"wp-embedded-content\" data-secret=\"Y1bUwcDIbD\"><p><a href=\"https:\/\/www.frecan.es\/blog\/fr\/nouvelle-vitro-603-basic\/\">Lo esencial, sin complicaciones: nueva Vitro 603 Basic<\/a><\/p><\/blockquote>\n<p><iframe loading=\"lazy\" class=\"wp-embedded-content\" sandbox=\"allow-scripts\" security=\"restricted\" style=\"position: absolute; visibility: hidden;\" title=\"\u00ab\u00a0Lo esencial, sin complicaciones: nueva Vitro 603 Basic\u00a0\u00bb &#8212; Blog de Frecan\" src=\"https:\/\/www.frecan.es\/blog\/fr\/nouvelle-vitro-603-basic\/embed\/#?secret=wNSRjbWcdL#?secret=Y1bUwcDIbD\" data-secret=\"Y1bUwcDIbD\" width=\"600\" height=\"338\" frameborder=\"0\" marginwidth=\"0\" marginheight=\"0\" scrolling=\"no\"><\/iframe><\/p>\n<blockquote class=\"wp-embedded-content\" data-secret=\"STSmb3bAVn\"><p><a href=\"https:\/\/www.frecan.es\/blog\/fr\/scl-glass\/\">Tu cocina merece ese glow. Y SCL Glass lo tiene.<\/a><\/p><\/blockquote>\n<p><iframe loading=\"lazy\" class=\"wp-embedded-content\" sandbox=\"allow-scripts\" security=\"restricted\" style=\"position: absolute; visibility: hidden;\" title=\"\u00ab\u00a0Tu cocina merece ese glow. Y SCL Glass lo tiene.\u00a0\u00bb &#8212; Blog de Frecan\" src=\"https:\/\/www.frecan.es\/blog\/fr\/scl-glass\/embed\/#?secret=SobJw1EuDA#?secret=STSmb3bAVn\" data-secret=\"STSmb3bAVn\" width=\"600\" height=\"338\" frameborder=\"0\" marginwidth=\"0\" marginheight=\"0\" scrolling=\"no\"><\/iframe><\/p>\n","protected":false},"excerpt":{"rendered":"<p>Pendant la Semaine Sainte, les traditions ne se contentent pas d\u2019\u00eatre rappel\u00e9es\u2026 elles se cuisinent.<\/p>\n","protected":false},"author":8,"featured_media":11560,"comment_status":"open","ping_status":"open","sticky":false,"template":"","format":"standard","meta":{"footnotes":""},"categories":[65,56],"tags":[],"class_list":{"0":"post-11570","1":"post","2":"type-post","3":"status-publish","4":"format-standard","5":"has-post-thumbnail","7":"category-autres","8":"category-non-classe"},"yoast_head":"<!-- This site is optimized with the Yoast SEO plugin v24.7 - https:\/\/yoast.com\/wordpress\/plugins\/seo\/ -->\n<title>Semaine Sainte : cuisine de tradition, d\u2019ar\u00f4mes et d\u2019\u00e2me - Blog de Frecan<\/title>\n<meta name=\"description\" content=\"Chez Frecan, cette Semaine Sainte, nous souhaitons vous accompagner avec deux grands classiques incontournables : le potage de car\u00eame et les torrijas.\" \/>\n<meta name=\"robots\" content=\"index, follow, max-snippet:-1, max-image-preview:large, max-video-preview:-1\" \/>\n<link rel=\"canonical\" href=\"https:\/\/www.frecan.es\/blog\/fr\/semaine-sainte-cuisine-de-tradition\/\" \/>\n<meta property=\"og:locale\" content=\"fr_FR\" \/>\n<meta property=\"og:type\" content=\"article\" \/>\n<meta property=\"og:title\" content=\"Semaine Sainte : cuisine de tradition, d\u2019ar\u00f4mes et d\u2019\u00e2me - Blog de Frecan\" \/>\n<meta property=\"og:description\" content=\"Chez Frecan, cette Semaine Sainte, nous souhaitons vous accompagner avec deux grands classiques incontournables : le potage de car\u00eame et les torrijas.\" \/>\n<meta property=\"og:url\" content=\"https:\/\/www.frecan.es\/blog\/fr\/semaine-sainte-cuisine-de-tradition\/\" \/>\n<meta property=\"og:site_name\" content=\"Blog de Frecan\" \/>\n<meta property=\"article:published_time\" content=\"2025-04-17T08:00:59+00:00\" \/>\n<meta property=\"og:image\" content=\"https:\/\/www.frecan.es\/blog\/wp-content\/uploads\/2025\/04\/ChatGPT-Image-14-abr-2025-13_33_28.png\" \/>\n\t<meta property=\"og:image:width\" content=\"1024\" \/>\n\t<meta property=\"og:image:height\" content=\"1024\" \/>\n\t<meta property=\"og:image:type\" content=\"image\/png\" \/>\n<meta name=\"author\" content=\"Tha\u00efs Alcal\u00e1\" \/>\n<meta name=\"twitter:card\" content=\"summary_large_image\" \/>\n<meta name=\"twitter:label1\" content=\"\u00c9crit par\" \/>\n\t<meta name=\"twitter:data1\" content=\"Tha\u00efs Alcal\u00e1\" \/>\n\t<meta name=\"twitter:label2\" content=\"Dur\u00e9e de lecture estim\u00e9e\" \/>\n\t<meta name=\"twitter:data2\" content=\"3 minutes\" \/>\n<script type=\"application\/ld+json\" class=\"yoast-schema-graph\">{\"@context\":\"https:\/\/schema.org\",\"@graph\":[{\"@type\":\"Article\",\"@id\":\"https:\/\/www.frecan.es\/blog\/fr\/semaine-sainte-cuisine-de-tradition\/#article\",\"isPartOf\":{\"@id\":\"https:\/\/www.frecan.es\/blog\/fr\/semaine-sainte-cuisine-de-tradition\/\"},\"author\":{\"name\":\"Tha\u00efs Alcal\u00e1\",\"@id\":\"https:\/\/www.frecan.es\/blog\/fr\/#\/schema\/person\/807ea11d2c3f88890ae67a52637b8b3c\"},\"headline\":\"Semaine Sainte : cuisine de tradition, d\u2019ar\u00f4mes et d\u2019\u00e2me\",\"datePublished\":\"2025-04-17T08:00:59+00:00\",\"mainEntityOfPage\":{\"@id\":\"https:\/\/www.frecan.es\/blog\/fr\/semaine-sainte-cuisine-de-tradition\/\"},\"wordCount\":430,\"commentCount\":0,\"publisher\":{\"@id\":\"https:\/\/www.frecan.es\/blog\/fr\/#organization\"},\"image\":{\"@id\":\"https:\/\/www.frecan.es\/blog\/fr\/semaine-sainte-cuisine-de-tradition\/#primaryimage\"},\"thumbnailUrl\":\"https:\/\/www.frecan.es\/blog\/wp-content\/uploads\/2025\/04\/ChatGPT-Image-14-abr-2025-13_33_28.png\",\"articleSection\":[\"Autres\"],\"inLanguage\":\"fr-FR\",\"potentialAction\":[{\"@type\":\"CommentAction\",\"name\":\"Comment\",\"target\":[\"https:\/\/www.frecan.es\/blog\/fr\/semaine-sainte-cuisine-de-tradition\/#respond\"]}]},{\"@type\":\"WebPage\",\"@id\":\"https:\/\/www.frecan.es\/blog\/fr\/semaine-sainte-cuisine-de-tradition\/\",\"url\":\"https:\/\/www.frecan.es\/blog\/fr\/semaine-sainte-cuisine-de-tradition\/\",\"name\":\"Semaine Sainte : cuisine de tradition, d\u2019ar\u00f4mes et d\u2019\u00e2me - Blog de Frecan\",\"isPartOf\":{\"@id\":\"https:\/\/www.frecan.es\/blog\/fr\/#website\"},\"primaryImageOfPage\":{\"@id\":\"https:\/\/www.frecan.es\/blog\/fr\/semaine-sainte-cuisine-de-tradition\/#primaryimage\"},\"image\":{\"@id\":\"https:\/\/www.frecan.es\/blog\/fr\/semaine-sainte-cuisine-de-tradition\/#primaryimage\"},\"thumbnailUrl\":\"https:\/\/www.frecan.es\/blog\/wp-content\/uploads\/2025\/04\/ChatGPT-Image-14-abr-2025-13_33_28.png\",\"datePublished\":\"2025-04-17T08:00:59+00:00\",\"description\":\"Chez Frecan, cette Semaine Sainte, nous souhaitons vous accompagner avec deux grands classiques incontournables : le potage de car\u00eame et les torrijas.\",\"breadcrumb\":{\"@id\":\"https:\/\/www.frecan.es\/blog\/fr\/semaine-sainte-cuisine-de-tradition\/#breadcrumb\"},\"inLanguage\":\"fr-FR\",\"potentialAction\":[{\"@type\":\"ReadAction\",\"target\":[\"https:\/\/www.frecan.es\/blog\/fr\/semaine-sainte-cuisine-de-tradition\/\"]}]},{\"@type\":\"ImageObject\",\"inLanguage\":\"fr-FR\",\"@id\":\"https:\/\/www.frecan.es\/blog\/fr\/semaine-sainte-cuisine-de-tradition\/#primaryimage\",\"url\":\"https:\/\/www.frecan.es\/blog\/wp-content\/uploads\/2025\/04\/ChatGPT-Image-14-abr-2025-13_33_28.png\",\"contentUrl\":\"https:\/\/www.frecan.es\/blog\/wp-content\/uploads\/2025\/04\/ChatGPT-Image-14-abr-2025-13_33_28.png\",\"width\":1024,\"height\":1024},{\"@type\":\"BreadcrumbList\",\"@id\":\"https:\/\/www.frecan.es\/blog\/fr\/semaine-sainte-cuisine-de-tradition\/#breadcrumb\",\"itemListElement\":[{\"@type\":\"ListItem\",\"position\":1,\"name\":\"Page de Couverture\",\"item\":\"https:\/\/www.frecan.es\/blog\/fr\/\"},{\"@type\":\"ListItem\",\"position\":2,\"name\":\"Semaine Sainte : cuisine de tradition, d\u2019ar\u00f4mes et d\u2019\u00e2me\"}]},{\"@type\":\"WebSite\",\"@id\":\"https:\/\/www.frecan.es\/blog\/fr\/#website\",\"url\":\"https:\/\/www.frecan.es\/blog\/fr\/\",\"name\":\"Blog de Frecan\",\"description\":\"Artisanat, technologie et avant-garde au c\u0153ur de votre cuisine\",\"publisher\":{\"@id\":\"https:\/\/www.frecan.es\/blog\/fr\/#organization\"},\"potentialAction\":[{\"@type\":\"SearchAction\",\"target\":{\"@type\":\"EntryPoint\",\"urlTemplate\":\"https:\/\/www.frecan.es\/blog\/fr\/?s={search_term_string}\"},\"query-input\":{\"@type\":\"PropertyValueSpecification\",\"valueRequired\":true,\"valueName\":\"search_term_string\"}}],\"inLanguage\":\"fr-FR\"},{\"@type\":\"Organization\",\"@id\":\"https:\/\/www.frecan.es\/blog\/fr\/#organization\",\"name\":\"Frecan\",\"url\":\"https:\/\/www.frecan.es\/blog\/fr\/\",\"logo\":{\"@type\":\"ImageObject\",\"inLanguage\":\"fr-FR\",\"@id\":\"https:\/\/www.frecan.es\/blog\/fr\/#\/schema\/logo\/image\/\",\"url\":\"https:\/\/www.frecan.es\/blog\/wp-content\/uploads\/2016\/02\/logo-frecan.png\",\"contentUrl\":\"https:\/\/www.frecan.es\/blog\/wp-content\/uploads\/2016\/02\/logo-frecan.png\",\"width\":250,\"height\":27,\"caption\":\"Frecan\"},\"image\":{\"@id\":\"https:\/\/www.frecan.es\/blog\/fr\/#\/schema\/logo\/image\/\"}},{\"@type\":\"Person\",\"@id\":\"https:\/\/www.frecan.es\/blog\/fr\/#\/schema\/person\/807ea11d2c3f88890ae67a52637b8b3c\",\"name\":\"Tha\u00efs Alcal\u00e1\",\"image\":{\"@type\":\"ImageObject\",\"inLanguage\":\"fr-FR\",\"@id\":\"https:\/\/www.frecan.es\/blog\/fr\/#\/schema\/person\/image\/\",\"url\":\"https:\/\/secure.gravatar.com\/avatar\/ad063cd811075f52af0714b5e973cd08?s=96&d=mm&r=g\",\"contentUrl\":\"https:\/\/secure.gravatar.com\/avatar\/ad063cd811075f52af0714b5e973cd08?s=96&d=mm&r=g\",\"caption\":\"Tha\u00efs Alcal\u00e1\"},\"sameAs\":[\"http:\/\/www.frecan.es\"]}]}<\/script>\n<!-- \/ Yoast SEO plugin. -->","yoast_head_json":{"title":"Semaine Sainte : cuisine de tradition, d\u2019ar\u00f4mes et d\u2019\u00e2me - Blog de Frecan","description":"Chez Frecan, cette Semaine Sainte, nous souhaitons vous accompagner avec deux grands classiques incontournables : le potage de car\u00eame et les torrijas.","robots":{"index":"index","follow":"follow","max-snippet":"max-snippet:-1","max-image-preview":"max-image-preview:large","max-video-preview":"max-video-preview:-1"},"canonical":"https:\/\/www.frecan.es\/blog\/fr\/semaine-sainte-cuisine-de-tradition\/","og_locale":"fr_FR","og_type":"article","og_title":"Semaine Sainte : cuisine de tradition, d\u2019ar\u00f4mes et d\u2019\u00e2me - Blog de Frecan","og_description":"Chez Frecan, cette Semaine Sainte, nous souhaitons vous accompagner avec deux grands classiques incontournables : le potage de car\u00eame et les torrijas.","og_url":"https:\/\/www.frecan.es\/blog\/fr\/semaine-sainte-cuisine-de-tradition\/","og_site_name":"Blog de Frecan","article_published_time":"2025-04-17T08:00:59+00:00","og_image":[{"url":"https:\/\/www.frecan.es\/blog\/wp-content\/uploads\/2025\/04\/ChatGPT-Image-14-abr-2025-13_33_28.png","width":1024,"height":1024,"type":"image\/png"}],"author":"Tha\u00efs Alcal\u00e1","twitter_card":"summary_large_image","twitter_misc":{"\u00c9crit par":"Tha\u00efs Alcal\u00e1","Dur\u00e9e de lecture estim\u00e9e":"3 minutes"},"schema":{"@context":"https:\/\/schema.org","@graph":[{"@type":"Article","@id":"https:\/\/www.frecan.es\/blog\/fr\/semaine-sainte-cuisine-de-tradition\/#article","isPartOf":{"@id":"https:\/\/www.frecan.es\/blog\/fr\/semaine-sainte-cuisine-de-tradition\/"},"author":{"name":"Tha\u00efs Alcal\u00e1","@id":"https:\/\/www.frecan.es\/blog\/fr\/#\/schema\/person\/807ea11d2c3f88890ae67a52637b8b3c"},"headline":"Semaine Sainte : cuisine de tradition, d\u2019ar\u00f4mes et d\u2019\u00e2me","datePublished":"2025-04-17T08:00:59+00:00","mainEntityOfPage":{"@id":"https:\/\/www.frecan.es\/blog\/fr\/semaine-sainte-cuisine-de-tradition\/"},"wordCount":430,"commentCount":0,"publisher":{"@id":"https:\/\/www.frecan.es\/blog\/fr\/#organization"},"image":{"@id":"https:\/\/www.frecan.es\/blog\/fr\/semaine-sainte-cuisine-de-tradition\/#primaryimage"},"thumbnailUrl":"https:\/\/www.frecan.es\/blog\/wp-content\/uploads\/2025\/04\/ChatGPT-Image-14-abr-2025-13_33_28.png","articleSection":["Autres"],"inLanguage":"fr-FR","potentialAction":[{"@type":"CommentAction","name":"Comment","target":["https:\/\/www.frecan.es\/blog\/fr\/semaine-sainte-cuisine-de-tradition\/#respond"]}]},{"@type":"WebPage","@id":"https:\/\/www.frecan.es\/blog\/fr\/semaine-sainte-cuisine-de-tradition\/","url":"https:\/\/www.frecan.es\/blog\/fr\/semaine-sainte-cuisine-de-tradition\/","name":"Semaine Sainte : cuisine de tradition, d\u2019ar\u00f4mes et d\u2019\u00e2me - Blog de Frecan","isPartOf":{"@id":"https:\/\/www.frecan.es\/blog\/fr\/#website"},"primaryImageOfPage":{"@id":"https:\/\/www.frecan.es\/blog\/fr\/semaine-sainte-cuisine-de-tradition\/#primaryimage"},"image":{"@id":"https:\/\/www.frecan.es\/blog\/fr\/semaine-sainte-cuisine-de-tradition\/#primaryimage"},"thumbnailUrl":"https:\/\/www.frecan.es\/blog\/wp-content\/uploads\/2025\/04\/ChatGPT-Image-14-abr-2025-13_33_28.png","datePublished":"2025-04-17T08:00:59+00:00","description":"Chez Frecan, cette Semaine Sainte, nous souhaitons vous accompagner avec deux grands classiques incontournables : le potage de car\u00eame et les torrijas.","breadcrumb":{"@id":"https:\/\/www.frecan.es\/blog\/fr\/semaine-sainte-cuisine-de-tradition\/#breadcrumb"},"inLanguage":"fr-FR","potentialAction":[{"@type":"ReadAction","target":["https:\/\/www.frecan.es\/blog\/fr\/semaine-sainte-cuisine-de-tradition\/"]}]},{"@type":"ImageObject","inLanguage":"fr-FR","@id":"https:\/\/www.frecan.es\/blog\/fr\/semaine-sainte-cuisine-de-tradition\/#primaryimage","url":"https:\/\/www.frecan.es\/blog\/wp-content\/uploads\/2025\/04\/ChatGPT-Image-14-abr-2025-13_33_28.png","contentUrl":"https:\/\/www.frecan.es\/blog\/wp-content\/uploads\/2025\/04\/ChatGPT-Image-14-abr-2025-13_33_28.png","width":1024,"height":1024},{"@type":"BreadcrumbList","@id":"https:\/\/www.frecan.es\/blog\/fr\/semaine-sainte-cuisine-de-tradition\/#breadcrumb","itemListElement":[{"@type":"ListItem","position":1,"name":"Page de Couverture","item":"https:\/\/www.frecan.es\/blog\/fr\/"},{"@type":"ListItem","position":2,"name":"Semaine Sainte : cuisine de tradition, d\u2019ar\u00f4mes et d\u2019\u00e2me"}]},{"@type":"WebSite","@id":"https:\/\/www.frecan.es\/blog\/fr\/#website","url":"https:\/\/www.frecan.es\/blog\/fr\/","name":"Blog de Frecan","description":"Artisanat, technologie et avant-garde au c\u0153ur de votre cuisine","publisher":{"@id":"https:\/\/www.frecan.es\/blog\/fr\/#organization"},"potentialAction":[{"@type":"SearchAction","target":{"@type":"EntryPoint","urlTemplate":"https:\/\/www.frecan.es\/blog\/fr\/?s={search_term_string}"},"query-input":{"@type":"PropertyValueSpecification","valueRequired":true,"valueName":"search_term_string"}}],"inLanguage":"fr-FR"},{"@type":"Organization","@id":"https:\/\/www.frecan.es\/blog\/fr\/#organization","name":"Frecan","url":"https:\/\/www.frecan.es\/blog\/fr\/","logo":{"@type":"ImageObject","inLanguage":"fr-FR","@id":"https:\/\/www.frecan.es\/blog\/fr\/#\/schema\/logo\/image\/","url":"https:\/\/www.frecan.es\/blog\/wp-content\/uploads\/2016\/02\/logo-frecan.png","contentUrl":"https:\/\/www.frecan.es\/blog\/wp-content\/uploads\/2016\/02\/logo-frecan.png","width":250,"height":27,"caption":"Frecan"},"image":{"@id":"https:\/\/www.frecan.es\/blog\/fr\/#\/schema\/logo\/image\/"}},{"@type":"Person","@id":"https:\/\/www.frecan.es\/blog\/fr\/#\/schema\/person\/807ea11d2c3f88890ae67a52637b8b3c","name":"Tha\u00efs Alcal\u00e1","image":{"@type":"ImageObject","inLanguage":"fr-FR","@id":"https:\/\/www.frecan.es\/blog\/fr\/#\/schema\/person\/image\/","url":"https:\/\/secure.gravatar.com\/avatar\/ad063cd811075f52af0714b5e973cd08?s=96&d=mm&r=g","contentUrl":"https:\/\/secure.gravatar.com\/avatar\/ad063cd811075f52af0714b5e973cd08?s=96&d=mm&r=g","caption":"Tha\u00efs Alcal\u00e1"},"sameAs":["http:\/\/www.frecan.es"]}]}},"_links":{"self":[{"href":"https:\/\/www.frecan.es\/blog\/fr\/wp-json\/wp\/v2\/posts\/11570","targetHints":{"allow":["GET"]}}],"collection":[{"href":"https:\/\/www.frecan.es\/blog\/fr\/wp-json\/wp\/v2\/posts"}],"about":[{"href":"https:\/\/www.frecan.es\/blog\/fr\/wp-json\/wp\/v2\/types\/post"}],"author":[{"embeddable":true,"href":"https:\/\/www.frecan.es\/blog\/fr\/wp-json\/wp\/v2\/users\/8"}],"replies":[{"embeddable":true,"href":"https:\/\/www.frecan.es\/blog\/fr\/wp-json\/wp\/v2\/comments?post=11570"}],"version-history":[{"count":3,"href":"https:\/\/www.frecan.es\/blog\/fr\/wp-json\/wp\/v2\/posts\/11570\/revisions"}],"predecessor-version":[{"id":11576,"href":"https:\/\/www.frecan.es\/blog\/fr\/wp-json\/wp\/v2\/posts\/11570\/revisions\/11576"}],"wp:featuredmedia":[{"embeddable":true,"href":"https:\/\/www.frecan.es\/blog\/fr\/wp-json\/wp\/v2\/media\/11560"}],"wp:attachment":[{"href":"https:\/\/www.frecan.es\/blog\/fr\/wp-json\/wp\/v2\/media?parent=11570"}],"wp:term":[{"taxonomy":"category","embeddable":true,"href":"https:\/\/www.frecan.es\/blog\/fr\/wp-json\/wp\/v2\/categories?post=11570"},{"taxonomy":"post_tag","embeddable":true,"href":"https:\/\/www.frecan.es\/blog\/fr\/wp-json\/wp\/v2\/tags?post=11570"}],"curies":[{"name":"wp","href":"https:\/\/api.w.org\/{rel}","templated":true}]}}