{"id":11485,"date":"2025-03-27T16:00:47","date_gmt":"2025-03-27T14:00:47","guid":{"rendered":"https:\/\/www.frecan.es\/blog\/?p=11485"},"modified":"2025-03-27T14:42:45","modified_gmt":"2025-03-27T12:42:45","slug":"conserver-le-vin-correctement-a-la-maison-est-essentiel","status":"publish","type":"post","link":"https:\/\/www.frecan.es\/blog\/fr\/conserver-le-vin-correctement-a-la-maison-est-essentiel\/","title":{"rendered":"Conserver correctement le vin \u00e0 la maison est essentiel"},"content":{"rendered":"<h2><span style=\"color: #808080;\"><b><span class=\"relative -mx-px my-[-0.2rem] rounded px-px py-[0.2rem]\"><strong data-start=\"2384\" data-end=\"2443\">Conserver correctement le vin \u00e0 la maison est essentiel<\/strong> pour pr\u00e9server sa saveur et sa qualit\u00e9.<\/span><br \/>\n<\/b><\/span><!--more--><\/h2>\n<p>Les <strong data-start=\"2491\" data-end=\"2550\">vinoth\u00e8ques encastrables en colonne de la s\u00e9rie Pomerol<\/strong> de Frecan offrent une solution parfaite aux amateurs de vin souhaitant allier <strong data-start=\"2629\" data-end=\"2659\">\u00e9l\u00e9gance et fonctionnalit\u00e9<\/strong> dans leur int\u00e9rieur.<\/p>\n<p><a href=\"https:\/\/www.frecan.es\/vinotecas\/\" target=\"_blank\" rel=\"noopener\"><img loading=\"lazy\" decoding=\"async\" width=\"1913\" height=\"866\" class=\"wp-image-11493 size-full alignnone\" src=\"https:\/\/www.frecan.es\/blog\/wp-content\/uploads\/2025\/03\/pomerol_1.jpg\" class=\"light\" srcset=\"https:\/\/www.frecan.es\/blog\/wp-content\/uploads\/2025\/03\/pomerol_1.jpg 1913w, https:\/\/www.frecan.es\/blog\/wp-content\/uploads\/2025\/03\/pomerol_1-300x136.jpg 300w, https:\/\/www.frecan.es\/blog\/wp-content\/uploads\/2025\/03\/pomerol_1-1024x464.jpg 1024w, https:\/\/www.frecan.es\/blog\/wp-content\/uploads\/2025\/03\/pomerol_1-768x348.jpg 768w, https:\/\/www.frecan.es\/blog\/wp-content\/uploads\/2025\/03\/pomerol_1-1536x695.jpg 1536w, https:\/\/www.frecan.es\/blog\/wp-content\/uploads\/2025\/03\/pomerol_1-800x362.jpg 800w, https:\/\/www.frecan.es\/blog\/wp-content\/uploads\/2025\/03\/pomerol_1-1280x579.jpg 1280w\" sizes=\"auto, (max-width: 1913px) 100vw, 1913px\" \/><\/a><\/p>\n<h3>Pourquoi choisir une vinoth\u00e8que encastrable en colonne ?<\/h3>\n<p class=\"\" data-start=\"2754\" data-end=\"2898\">Ces vinoth\u00e8ques permettent d\u2019<strong data-start=\"2783\" data-end=\"2814\">optimiser l\u2019espace vertical<\/strong> dans la cuisine ou le salon, en s\u2019int\u00e9grant harmonieusement au mobilier existant.<\/p>\n<p class=\"\" data-start=\"2900\" data-end=\"3052\">La <strong data-start=\"2903\" data-end=\"2920\">s\u00e9rie Pomerol<\/strong> se distingue par un <strong data-start=\"2941\" data-end=\"2986\">design raffin\u00e9 et une technologie avanc\u00e9e<\/strong>, garantissant des conditions id\u00e9ales pour la conservation du vin.<\/p>\n<h3>Caract\u00e9ristiques principales de la s\u00e9rie Pomerol<\/h3>\n<ul>\n<li class=\"\" data-start=\"3119\" data-end=\"3248\">\n<p class=\"\" data-start=\"3121\" data-end=\"3248\"><strong data-start=\"3121\" data-end=\"3158\">Contr\u00f4le pr\u00e9cis de la temp\u00e9rature<\/strong> : Zones ind\u00e9pendantes r\u00e9glables entre 5\u00ba et 20\u00baC, id\u00e9ales pour diff\u00e9rents types de vin.<\/p>\n<\/li>\n<li class=\"\" data-start=\"3249\" data-end=\"3377\">\n<p class=\"\" data-start=\"3251\" data-end=\"3377\"><strong data-start=\"3251\" data-end=\"3283\">Protection contre la lumi\u00e8re<\/strong> : Triple vitrage tremp\u00e9 avec protection UV pour \u00e9viter l\u2019oxydation et pr\u00e9server les ar\u00f4mes.<\/p>\n<\/li>\n<li class=\"\" data-start=\"3378\" data-end=\"3480\">\n<p class=\"\" data-start=\"3380\" data-end=\"3480\"><strong data-start=\"3380\" data-end=\"3402\">Humidit\u00e9 contr\u00f4l\u00e9e<\/strong> : Maintient le bouchon en parfait \u00e9tat, pr\u00e9servant ainsi la qualit\u00e9 du vin.<\/p>\n<\/li>\n<li class=\"\" data-start=\"3481\" data-end=\"3573\">\n<p class=\"\" data-start=\"3483\" data-end=\"3573\"><strong data-start=\"3483\" data-end=\"3510\">Syst\u00e8me anti-vibrations<\/strong> : Prot\u00e8ge les s\u00e9diments et assure un vieillissement optimal.<\/p>\n<\/li>\n<li class=\"\" data-start=\"3574\" data-end=\"3694\">\n<p class=\"\" data-start=\"3576\" data-end=\"3694\"><strong data-start=\"3576\" data-end=\"3602\">\u00c9clairage LED r\u00e9glable<\/strong> : Trois niveaux d\u2019intensit\u00e9 en lumi\u00e8re chaude (3000K), sans compromettre la conservation.<\/p>\n<\/li>\n<li class=\"\" data-start=\"3695\" data-end=\"3798\">\n<p class=\"\" data-start=\"3697\" data-end=\"3798\"><strong data-start=\"3697\" data-end=\"3717\">Porte r\u00e9versible<\/strong> : Con\u00e7ue pour s\u2019adapter \u00e0 tous les espaces, avec ouverture dans les deux sens.<\/p>\n<\/li>\n<\/ul>\n<h3>Mod\u00e8les de la s\u00e9rie Pomerol<\/h3>\n<p><a href=\"https:\/\/www.frecan.es\/vinotecas\/\" target=\"_blank\" rel=\"noopener\"><img loading=\"lazy\" decoding=\"async\" width=\"1913\" height=\"866\" class=\"wp-image-11490 size-full alignnone\" src=\"https:\/\/www.frecan.es\/blog\/wp-content\/uploads\/2025\/03\/pomerol-g2.jpg\" class=\"light\" srcset=\"https:\/\/www.frecan.es\/blog\/wp-content\/uploads\/2025\/03\/pomerol-g2.jpg 1913w, https:\/\/www.frecan.es\/blog\/wp-content\/uploads\/2025\/03\/pomerol-g2-300x136.jpg 300w, https:\/\/www.frecan.es\/blog\/wp-content\/uploads\/2025\/03\/pomerol-g2-1024x464.jpg 1024w, https:\/\/www.frecan.es\/blog\/wp-content\/uploads\/2025\/03\/pomerol-g2-768x348.jpg 768w, https:\/\/www.frecan.es\/blog\/wp-content\/uploads\/2025\/03\/pomerol-g2-1536x695.jpg 1536w, https:\/\/www.frecan.es\/blog\/wp-content\/uploads\/2025\/03\/pomerol-g2-800x362.jpg 800w, https:\/\/www.frecan.es\/blog\/wp-content\/uploads\/2025\/03\/pomerol-g2-1280x579.jpg 1280w\" sizes=\"auto, (max-width: 1913px) 100vw, 1913px\" \/><\/a><\/p>\n<ul>\n<li class=\"\" data-start=\"3844\" data-end=\"3941\">\n<p class=\"\" data-start=\"3846\" data-end=\"3941\"><strong data-start=\"3846\" data-end=\"3860\">Pomerol 45<\/strong> : 45 cm de hauteur, capacit\u00e9 de 23 bouteilles \u2014 id\u00e9al pour les espaces moyens.<\/p>\n<\/li>\n<li class=\"\" data-start=\"3942\" data-end=\"4050\">\n<p class=\"\" data-start=\"3944\" data-end=\"4050\"><strong data-start=\"3944\" data-end=\"3958\">Pomerol 60<\/strong> : 60 cm de hauteur, jusqu\u2019\u00e0 26 bouteilles \u2014 un bon \u00e9quilibre entre compacit\u00e9 et capacit\u00e9.<\/p>\n<\/li>\n<li class=\"\" data-start=\"4051\" data-end=\"4180\">\n<p class=\"\" data-start=\"4053\" data-end=\"4180\"><strong data-start=\"4053\" data-end=\"4067\">Pomerol 88<\/strong> : 88 cm de hauteur, capacit\u00e9 de 50 bouteilles \u2014 pour ceux qui veulent plus d\u2019espace sans compromis esth\u00e9tique.<\/p>\n<\/li>\n<li class=\"\" data-start=\"4181\" data-end=\"4302\">\n<p class=\"\" data-start=\"4183\" data-end=\"4302\"><strong data-start=\"4183\" data-end=\"4198\">Pomerol 122<\/strong> : Le plus grand mod\u00e8le, 122 cm de hauteur, 73 bouteilles \u2014 con\u00e7u pour les v\u00e9ritables collectionneurs.<\/p>\n<\/li>\n<\/ul>\n<h3>Int\u00e9gration dans la maison<\/h3>\n<p>Les vinoth\u00e8ques Pomerol s\u2019int\u00e8grent parfaitement dans <strong data-start=\"4400\" data-end=\"4434\">des colonnes de 60 cm de large<\/strong>, avec diff\u00e9rentes hauteurs selon le mod\u00e8le choisi. Leur design <strong data-start=\"4498\" data-end=\"4520\">moderne et \u00e9l\u00e9gant<\/strong> en fait un <strong data-start=\"4532\" data-end=\"4552\">compl\u00e9ment id\u00e9al<\/strong> pour toute cuisine ou pi\u00e8ce de vie.<\/p>\n<p data-start=\"1518\" data-end=\"1643\"><a href=\"https:\/\/www.frecan.es\/vinotecas\/\" target=\"_blank\" rel=\"noopener\"><img loading=\"lazy\" decoding=\"async\" width=\"1913\" height=\"866\" class=\"wp-image-11496 size-full alignnone\" src=\"https:\/\/www.frecan.es\/blog\/wp-content\/uploads\/2025\/03\/Pomerol_2.jpg\" class=\"light\" srcset=\"https:\/\/www.frecan.es\/blog\/wp-content\/uploads\/2025\/03\/Pomerol_2.jpg 1913w, https:\/\/www.frecan.es\/blog\/wp-content\/uploads\/2025\/03\/Pomerol_2-300x136.jpg 300w, https:\/\/www.frecan.es\/blog\/wp-content\/uploads\/2025\/03\/Pomerol_2-1024x464.jpg 1024w, https:\/\/www.frecan.es\/blog\/wp-content\/uploads\/2025\/03\/Pomerol_2-768x348.jpg 768w, https:\/\/www.frecan.es\/blog\/wp-content\/uploads\/2025\/03\/Pomerol_2-1536x695.jpg 1536w, https:\/\/www.frecan.es\/blog\/wp-content\/uploads\/2025\/03\/Pomerol_2-800x362.jpg 800w, https:\/\/www.frecan.es\/blog\/wp-content\/uploads\/2025\/03\/Pomerol_2-1280x579.jpg 1280w\" sizes=\"auto, (max-width: 1913px) 100vw, 1913px\" \/><\/a><\/p>\n<p class=\"\" data-start=\"4595\" data-end=\"4761\">En r\u00e9sum\u00e9, la s\u00e9rie Pomerol de Frecan offre des solutions de conservation du vin <strong data-start=\"4676\" data-end=\"4709\">haut de gamme et polyvalentes<\/strong>, alliant <strong data-start=\"4719\" data-end=\"4742\">technologie avanc\u00e9e<\/strong> et design raffin\u00e9.<\/p>\n<p class=\"\" data-start=\"4763\" data-end=\"4913\">Parce qu\u2019une vinoth\u00e8que <strong data-start=\"4787\" data-end=\"4830\">n\u2019est pas qu\u2019un appareil \u00e9lectrom\u00e9nager<\/strong>, c\u2019est <strong data-start=\"4838\" data-end=\"4913\">une fa\u00e7on d\u2019honorer le vin comme il se doit \u2014 et comme vous le m\u00e9ritez.<\/strong><\/p>\n<p class=\"\" data-start=\"4915\" data-end=\"5022\"><strong data-start=\"4918\" data-end=\"5022\" data-is-last-node=\"\">D\u00e9couvrez notre gamme de vinoth\u00e8ques en colonne et offrez \u00e0 votre collection le soin qu\u2019elle m\u00e9rite.<\/strong><\/p>\n<ul>\n<li><span style=\"color: #0000ff;\"><a style=\"color: #0000ff;\" href=\"https:\/\/www.frecan.es\/vinotecas\/pomerol-45\/\"><strong>Voir Pomerol 45<\/strong><\/a><\/span><\/li>\n<li><span style=\"color: #0000ff;\"><a style=\"color: #0000ff;\" href=\"https:\/\/www.frecan.es\/vinotecas\/pomerol-60\/\"><strong>Voir Pomerol 60<\/strong><\/a><\/span><\/li>\n<li><span style=\"color: #0000ff;\"><a style=\"color: #0000ff;\" href=\"https:\/\/www.frecan.es\/vinotecas\/pomerol-88\/\"><strong>Voir Pomerol 88<\/strong><\/a><\/span><\/li>\n<li><span style=\"color: #0000ff;\"><strong><a style=\"color: #0000ff;\" href=\"https:\/\/www.frecan.es\/vinotecas\/pomerol-45\/\">Voir <\/a><a style=\"color: #0000ff;\" href=\"https:\/\/www.frecan.es\/vinotecas\/pomerol-122\/\">Pomerol 122<\/a><\/strong><\/span><\/li>\n<\/ul>\n<blockquote class=\"wp-embedded-content\" data-secret=\"gix3oJBPqI\"><p><a href=\"https:\/\/www.frecan.es\/blog\/fr\/nouveau-caves-a-vin\/\">Vinotecas Frecan | Nueva Gama<\/a><\/p><\/blockquote>\n<p><iframe loading=\"lazy\" class=\"wp-embedded-content\" sandbox=\"allow-scripts\" security=\"restricted\" style=\"position: absolute; visibility: hidden;\" title=\"\u00ab\u00a0Vinotecas Frecan | Nueva Gama\u00a0\u00bb &#8212; Blog de Frecan\" src=\"https:\/\/www.frecan.es\/blog\/fr\/nouveau-caves-a-vin\/embed\/#?secret=bj8cjkups9#?secret=gix3oJBPqI\" data-secret=\"gix3oJBPqI\" width=\"600\" height=\"338\" frameborder=\"0\" marginwidth=\"0\" marginheight=\"0\" scrolling=\"no\"><\/iframe><\/p>\n<blockquote class=\"wp-embedded-content\" data-secret=\"tGZQCKNgss\"><p><a href=\"https:\/\/www.frecan.es\/blog\/fr\/cave-a-vin-sous-plan\/\">Conservar el vino correctamente en casa no es tan f\u00e1cil<\/a><\/p><\/blockquote>\n<p><iframe loading=\"lazy\" class=\"wp-embedded-content\" sandbox=\"allow-scripts\" security=\"restricted\" style=\"position: absolute; visibility: hidden;\" title=\"\u00ab\u00a0Conservar el vino correctamente en casa no es tan f\u00e1cil\u00a0\u00bb &#8212; Blog de Frecan\" src=\"https:\/\/www.frecan.es\/blog\/fr\/cave-a-vin-sous-plan\/embed\/#?secret=LYIpVkCTnw#?secret=tGZQCKNgss\" data-secret=\"tGZQCKNgss\" width=\"600\" height=\"338\" frameborder=\"0\" marginwidth=\"0\" marginheight=\"0\" scrolling=\"no\"><\/iframe><\/p>\n<h2><\/h2>\n","protected":false},"excerpt":{"rendered":"<p>Conserver correctement le vin \u00e0 la maison est essentiel pour pr\u00e9server sa saveur et sa qualit\u00e9.<\/p>\n","protected":false},"author":1,"featured_media":11510,"comment_status":"open","ping_status":"open","sticky":false,"template":"","format":"standard","meta":{"footnotes":""},"categories":[82],"tags":[],"class_list":{"0":"post-11485","1":"post","2":"type-post","3":"status-publish","4":"format-standard","5":"has-post-thumbnail","7":"category-caves-a-vin-fr"},"yoast_head":"<!-- This site is optimized with the Yoast SEO plugin v24.7 - https:\/\/yoast.com\/wordpress\/plugins\/seo\/ -->\n<title>Conserver correctement le vin \u00e0 la maison est essentiel - Blog de Frecan<\/title>\n<meta name=\"description\" content=\"Conserver correctement le vin \u00e0 la maison est essentiel pour pr\u00e9server sa saveur et sa qualit\u00e9... Les vinoth\u00e8ques encastrables en colonne...\" \/>\n<meta name=\"robots\" content=\"index, follow, max-snippet:-1, max-image-preview:large, max-video-preview:-1\" \/>\n<link rel=\"canonical\" href=\"https:\/\/www.frecan.es\/blog\/fr\/conserver-le-vin-correctement-a-la-maison-est-essentiel\/\" \/>\n<meta property=\"og:locale\" content=\"fr_FR\" \/>\n<meta property=\"og:type\" content=\"article\" \/>\n<meta property=\"og:title\" content=\"Conserver correctement le vin \u00e0 la maison est essentiel - Blog de Frecan\" \/>\n<meta property=\"og:description\" content=\"Conserver correctement le vin \u00e0 la maison est essentiel pour pr\u00e9server sa saveur et sa qualit\u00e9... Les vinoth\u00e8ques encastrables en colonne...\" \/>\n<meta property=\"og:url\" content=\"https:\/\/www.frecan.es\/blog\/fr\/conserver-le-vin-correctement-a-la-maison-est-essentiel\/\" \/>\n<meta property=\"og:site_name\" content=\"Blog de Frecan\" \/>\n<meta property=\"article:published_time\" content=\"2025-03-27T14:00:47+00:00\" \/>\n<meta property=\"og:image\" content=\"https:\/\/www.frecan.es\/blog\/wp-content\/uploads\/2025\/03\/Portada-pomerol.jpg\" \/>\n\t<meta property=\"og:image:width\" content=\"1080\" \/>\n\t<meta property=\"og:image:height\" content=\"1080\" \/>\n\t<meta property=\"og:image:type\" content=\"image\/jpeg\" \/>\n<meta name=\"author\" content=\"Frecan\" \/>\n<meta name=\"twitter:card\" content=\"summary_large_image\" \/>\n<meta name=\"twitter:label1\" content=\"\u00c9crit par\" \/>\n\t<meta name=\"twitter:data1\" content=\"Frecan\" \/>\n\t<meta name=\"twitter:label2\" content=\"Dur\u00e9e de lecture estim\u00e9e\" \/>\n\t<meta name=\"twitter:data2\" content=\"3 minutes\" \/>\n<script type=\"application\/ld+json\" class=\"yoast-schema-graph\">{\"@context\":\"https:\/\/schema.org\",\"@graph\":[{\"@type\":\"Article\",\"@id\":\"https:\/\/www.frecan.es\/blog\/fr\/conserver-le-vin-correctement-a-la-maison-est-essentiel\/#article\",\"isPartOf\":{\"@id\":\"https:\/\/www.frecan.es\/blog\/fr\/conserver-le-vin-correctement-a-la-maison-est-essentiel\/\"},\"author\":{\"name\":\"Frecan\",\"@id\":\"https:\/\/www.frecan.es\/blog\/fr\/#\/schema\/person\/6ce22ce910798f1b9c38e553a28a563a\"},\"headline\":\"Conserver correctement le vin \u00e0 la maison est essentiel\",\"datePublished\":\"2025-03-27T14:00:47+00:00\",\"mainEntityOfPage\":{\"@id\":\"https:\/\/www.frecan.es\/blog\/fr\/conserver-le-vin-correctement-a-la-maison-est-essentiel\/\"},\"wordCount\":445,\"commentCount\":0,\"publisher\":{\"@id\":\"https:\/\/www.frecan.es\/blog\/fr\/#organization\"},\"image\":{\"@id\":\"https:\/\/www.frecan.es\/blog\/fr\/conserver-le-vin-correctement-a-la-maison-est-essentiel\/#primaryimage\"},\"thumbnailUrl\":\"https:\/\/www.frecan.es\/blog\/wp-content\/uploads\/2025\/03\/Portada-pomerol.jpg\",\"articleSection\":[\"Caves \u00e0 vin\"],\"inLanguage\":\"fr-FR\",\"potentialAction\":[{\"@type\":\"CommentAction\",\"name\":\"Comment\",\"target\":[\"https:\/\/www.frecan.es\/blog\/fr\/conserver-le-vin-correctement-a-la-maison-est-essentiel\/#respond\"]}]},{\"@type\":\"WebPage\",\"@id\":\"https:\/\/www.frecan.es\/blog\/fr\/conserver-le-vin-correctement-a-la-maison-est-essentiel\/\",\"url\":\"https:\/\/www.frecan.es\/blog\/fr\/conserver-le-vin-correctement-a-la-maison-est-essentiel\/\",\"name\":\"Conserver correctement le vin \u00e0 la maison est essentiel - Blog de Frecan\",\"isPartOf\":{\"@id\":\"https:\/\/www.frecan.es\/blog\/fr\/#website\"},\"primaryImageOfPage\":{\"@id\":\"https:\/\/www.frecan.es\/blog\/fr\/conserver-le-vin-correctement-a-la-maison-est-essentiel\/#primaryimage\"},\"image\":{\"@id\":\"https:\/\/www.frecan.es\/blog\/fr\/conserver-le-vin-correctement-a-la-maison-est-essentiel\/#primaryimage\"},\"thumbnailUrl\":\"https:\/\/www.frecan.es\/blog\/wp-content\/uploads\/2025\/03\/Portada-pomerol.jpg\",\"datePublished\":\"2025-03-27T14:00:47+00:00\",\"description\":\"Conserver correctement le vin \u00e0 la maison est essentiel pour pr\u00e9server sa saveur et sa qualit\u00e9... Les vinoth\u00e8ques encastrables en colonne...\",\"breadcrumb\":{\"@id\":\"https:\/\/www.frecan.es\/blog\/fr\/conserver-le-vin-correctement-a-la-maison-est-essentiel\/#breadcrumb\"},\"inLanguage\":\"fr-FR\",\"potentialAction\":[{\"@type\":\"ReadAction\",\"target\":[\"https:\/\/www.frecan.es\/blog\/fr\/conserver-le-vin-correctement-a-la-maison-est-essentiel\/\"]}]},{\"@type\":\"ImageObject\",\"inLanguage\":\"fr-FR\",\"@id\":\"https:\/\/www.frecan.es\/blog\/fr\/conserver-le-vin-correctement-a-la-maison-est-essentiel\/#primaryimage\",\"url\":\"https:\/\/www.frecan.es\/blog\/wp-content\/uploads\/2025\/03\/Portada-pomerol.jpg\",\"contentUrl\":\"https:\/\/www.frecan.es\/blog\/wp-content\/uploads\/2025\/03\/Portada-pomerol.jpg\",\"width\":1080,\"height\":1080},{\"@type\":\"BreadcrumbList\",\"@id\":\"https:\/\/www.frecan.es\/blog\/fr\/conserver-le-vin-correctement-a-la-maison-est-essentiel\/#breadcrumb\",\"itemListElement\":[{\"@type\":\"ListItem\",\"position\":1,\"name\":\"Page de Couverture\",\"item\":\"https:\/\/www.frecan.es\/blog\/fr\/\"},{\"@type\":\"ListItem\",\"position\":2,\"name\":\"Conserver correctement le vin \u00e0 la maison est essentiel\"}]},{\"@type\":\"WebSite\",\"@id\":\"https:\/\/www.frecan.es\/blog\/fr\/#website\",\"url\":\"https:\/\/www.frecan.es\/blog\/fr\/\",\"name\":\"Blog de Frecan\",\"description\":\"Artisanat, technologie et avant-garde au c\u0153ur de votre cuisine\",\"publisher\":{\"@id\":\"https:\/\/www.frecan.es\/blog\/fr\/#organization\"},\"potentialAction\":[{\"@type\":\"SearchAction\",\"target\":{\"@type\":\"EntryPoint\",\"urlTemplate\":\"https:\/\/www.frecan.es\/blog\/fr\/?s={search_term_string}\"},\"query-input\":{\"@type\":\"PropertyValueSpecification\",\"valueRequired\":true,\"valueName\":\"search_term_string\"}}],\"inLanguage\":\"fr-FR\"},{\"@type\":\"Organization\",\"@id\":\"https:\/\/www.frecan.es\/blog\/fr\/#organization\",\"name\":\"Frecan\",\"url\":\"https:\/\/www.frecan.es\/blog\/fr\/\",\"logo\":{\"@type\":\"ImageObject\",\"inLanguage\":\"fr-FR\",\"@id\":\"https:\/\/www.frecan.es\/blog\/fr\/#\/schema\/logo\/image\/\",\"url\":\"https:\/\/www.frecan.es\/blog\/wp-content\/uploads\/2016\/02\/logo-frecan.png\",\"contentUrl\":\"https:\/\/www.frecan.es\/blog\/wp-content\/uploads\/2016\/02\/logo-frecan.png\",\"width\":250,\"height\":27,\"caption\":\"Frecan\"},\"image\":{\"@id\":\"https:\/\/www.frecan.es\/blog\/fr\/#\/schema\/logo\/image\/\"}},{\"@type\":\"Person\",\"@id\":\"https:\/\/www.frecan.es\/blog\/fr\/#\/schema\/person\/6ce22ce910798f1b9c38e553a28a563a\",\"name\":\"Frecan\",\"image\":{\"@type\":\"ImageObject\",\"inLanguage\":\"fr-FR\",\"@id\":\"https:\/\/www.frecan.es\/blog\/fr\/#\/schema\/person\/image\/\",\"url\":\"https:\/\/secure.gravatar.com\/avatar\/419cd07cc761d2a4efea60ebf2d104a5?s=96&d=mm&r=g\",\"contentUrl\":\"https:\/\/secure.gravatar.com\/avatar\/419cd07cc761d2a4efea60ebf2d104a5?s=96&d=mm&r=g\",\"caption\":\"Frecan\"},\"sameAs\":[\"http:\/\/www.frecan.es\/\"]}]}<\/script>\n<!-- \/ Yoast SEO plugin. -->","yoast_head_json":{"title":"Conserver correctement le vin \u00e0 la maison est essentiel - Blog de Frecan","description":"Conserver correctement le vin \u00e0 la maison est essentiel pour pr\u00e9server sa saveur et sa qualit\u00e9... Les vinoth\u00e8ques encastrables en colonne...","robots":{"index":"index","follow":"follow","max-snippet":"max-snippet:-1","max-image-preview":"max-image-preview:large","max-video-preview":"max-video-preview:-1"},"canonical":"https:\/\/www.frecan.es\/blog\/fr\/conserver-le-vin-correctement-a-la-maison-est-essentiel\/","og_locale":"fr_FR","og_type":"article","og_title":"Conserver correctement le vin \u00e0 la maison est essentiel - Blog de Frecan","og_description":"Conserver correctement le vin \u00e0 la maison est essentiel pour pr\u00e9server sa saveur et sa qualit\u00e9... Les vinoth\u00e8ques encastrables en colonne...","og_url":"https:\/\/www.frecan.es\/blog\/fr\/conserver-le-vin-correctement-a-la-maison-est-essentiel\/","og_site_name":"Blog de Frecan","article_published_time":"2025-03-27T14:00:47+00:00","og_image":[{"width":1080,"height":1080,"url":"https:\/\/www.frecan.es\/blog\/wp-content\/uploads\/2025\/03\/Portada-pomerol.jpg","type":"image\/jpeg"}],"author":"Frecan","twitter_card":"summary_large_image","twitter_misc":{"\u00c9crit par":"Frecan","Dur\u00e9e de lecture estim\u00e9e":"3 minutes"},"schema":{"@context":"https:\/\/schema.org","@graph":[{"@type":"Article","@id":"https:\/\/www.frecan.es\/blog\/fr\/conserver-le-vin-correctement-a-la-maison-est-essentiel\/#article","isPartOf":{"@id":"https:\/\/www.frecan.es\/blog\/fr\/conserver-le-vin-correctement-a-la-maison-est-essentiel\/"},"author":{"name":"Frecan","@id":"https:\/\/www.frecan.es\/blog\/fr\/#\/schema\/person\/6ce22ce910798f1b9c38e553a28a563a"},"headline":"Conserver correctement le vin \u00e0 la maison est essentiel","datePublished":"2025-03-27T14:00:47+00:00","mainEntityOfPage":{"@id":"https:\/\/www.frecan.es\/blog\/fr\/conserver-le-vin-correctement-a-la-maison-est-essentiel\/"},"wordCount":445,"commentCount":0,"publisher":{"@id":"https:\/\/www.frecan.es\/blog\/fr\/#organization"},"image":{"@id":"https:\/\/www.frecan.es\/blog\/fr\/conserver-le-vin-correctement-a-la-maison-est-essentiel\/#primaryimage"},"thumbnailUrl":"https:\/\/www.frecan.es\/blog\/wp-content\/uploads\/2025\/03\/Portada-pomerol.jpg","articleSection":["Caves \u00e0 vin"],"inLanguage":"fr-FR","potentialAction":[{"@type":"CommentAction","name":"Comment","target":["https:\/\/www.frecan.es\/blog\/fr\/conserver-le-vin-correctement-a-la-maison-est-essentiel\/#respond"]}]},{"@type":"WebPage","@id":"https:\/\/www.frecan.es\/blog\/fr\/conserver-le-vin-correctement-a-la-maison-est-essentiel\/","url":"https:\/\/www.frecan.es\/blog\/fr\/conserver-le-vin-correctement-a-la-maison-est-essentiel\/","name":"Conserver correctement le vin \u00e0 la maison est essentiel - Blog de Frecan","isPartOf":{"@id":"https:\/\/www.frecan.es\/blog\/fr\/#website"},"primaryImageOfPage":{"@id":"https:\/\/www.frecan.es\/blog\/fr\/conserver-le-vin-correctement-a-la-maison-est-essentiel\/#primaryimage"},"image":{"@id":"https:\/\/www.frecan.es\/blog\/fr\/conserver-le-vin-correctement-a-la-maison-est-essentiel\/#primaryimage"},"thumbnailUrl":"https:\/\/www.frecan.es\/blog\/wp-content\/uploads\/2025\/03\/Portada-pomerol.jpg","datePublished":"2025-03-27T14:00:47+00:00","description":"Conserver correctement le vin \u00e0 la maison est essentiel pour pr\u00e9server sa saveur et sa qualit\u00e9... Les vinoth\u00e8ques encastrables en colonne...","breadcrumb":{"@id":"https:\/\/www.frecan.es\/blog\/fr\/conserver-le-vin-correctement-a-la-maison-est-essentiel\/#breadcrumb"},"inLanguage":"fr-FR","potentialAction":[{"@type":"ReadAction","target":["https:\/\/www.frecan.es\/blog\/fr\/conserver-le-vin-correctement-a-la-maison-est-essentiel\/"]}]},{"@type":"ImageObject","inLanguage":"fr-FR","@id":"https:\/\/www.frecan.es\/blog\/fr\/conserver-le-vin-correctement-a-la-maison-est-essentiel\/#primaryimage","url":"https:\/\/www.frecan.es\/blog\/wp-content\/uploads\/2025\/03\/Portada-pomerol.jpg","contentUrl":"https:\/\/www.frecan.es\/blog\/wp-content\/uploads\/2025\/03\/Portada-pomerol.jpg","width":1080,"height":1080},{"@type":"BreadcrumbList","@id":"https:\/\/www.frecan.es\/blog\/fr\/conserver-le-vin-correctement-a-la-maison-est-essentiel\/#breadcrumb","itemListElement":[{"@type":"ListItem","position":1,"name":"Page de Couverture","item":"https:\/\/www.frecan.es\/blog\/fr\/"},{"@type":"ListItem","position":2,"name":"Conserver correctement le vin \u00e0 la maison est essentiel"}]},{"@type":"WebSite","@id":"https:\/\/www.frecan.es\/blog\/fr\/#website","url":"https:\/\/www.frecan.es\/blog\/fr\/","name":"Blog de Frecan","description":"Artisanat, technologie et avant-garde au c\u0153ur de votre cuisine","publisher":{"@id":"https:\/\/www.frecan.es\/blog\/fr\/#organization"},"potentialAction":[{"@type":"SearchAction","target":{"@type":"EntryPoint","urlTemplate":"https:\/\/www.frecan.es\/blog\/fr\/?s={search_term_string}"},"query-input":{"@type":"PropertyValueSpecification","valueRequired":true,"valueName":"search_term_string"}}],"inLanguage":"fr-FR"},{"@type":"Organization","@id":"https:\/\/www.frecan.es\/blog\/fr\/#organization","name":"Frecan","url":"https:\/\/www.frecan.es\/blog\/fr\/","logo":{"@type":"ImageObject","inLanguage":"fr-FR","@id":"https:\/\/www.frecan.es\/blog\/fr\/#\/schema\/logo\/image\/","url":"https:\/\/www.frecan.es\/blog\/wp-content\/uploads\/2016\/02\/logo-frecan.png","contentUrl":"https:\/\/www.frecan.es\/blog\/wp-content\/uploads\/2016\/02\/logo-frecan.png","width":250,"height":27,"caption":"Frecan"},"image":{"@id":"https:\/\/www.frecan.es\/blog\/fr\/#\/schema\/logo\/image\/"}},{"@type":"Person","@id":"https:\/\/www.frecan.es\/blog\/fr\/#\/schema\/person\/6ce22ce910798f1b9c38e553a28a563a","name":"Frecan","image":{"@type":"ImageObject","inLanguage":"fr-FR","@id":"https:\/\/www.frecan.es\/blog\/fr\/#\/schema\/person\/image\/","url":"https:\/\/secure.gravatar.com\/avatar\/419cd07cc761d2a4efea60ebf2d104a5?s=96&d=mm&r=g","contentUrl":"https:\/\/secure.gravatar.com\/avatar\/419cd07cc761d2a4efea60ebf2d104a5?s=96&d=mm&r=g","caption":"Frecan"},"sameAs":["http:\/\/www.frecan.es\/"]}]}},"_links":{"self":[{"href":"https:\/\/www.frecan.es\/blog\/fr\/wp-json\/wp\/v2\/posts\/11485","targetHints":{"allow":["GET"]}}],"collection":[{"href":"https:\/\/www.frecan.es\/blog\/fr\/wp-json\/wp\/v2\/posts"}],"about":[{"href":"https:\/\/www.frecan.es\/blog\/fr\/wp-json\/wp\/v2\/types\/post"}],"author":[{"embeddable":true,"href":"https:\/\/www.frecan.es\/blog\/fr\/wp-json\/wp\/v2\/users\/1"}],"replies":[{"embeddable":true,"href":"https:\/\/www.frecan.es\/blog\/fr\/wp-json\/wp\/v2\/comments?post=11485"}],"version-history":[{"count":2,"href":"https:\/\/www.frecan.es\/blog\/fr\/wp-json\/wp\/v2\/posts\/11485\/revisions"}],"predecessor-version":[{"id":11507,"href":"https:\/\/www.frecan.es\/blog\/fr\/wp-json\/wp\/v2\/posts\/11485\/revisions\/11507"}],"wp:featuredmedia":[{"embeddable":true,"href":"https:\/\/www.frecan.es\/blog\/fr\/wp-json\/wp\/v2\/media\/11510"}],"wp:attachment":[{"href":"https:\/\/www.frecan.es\/blog\/fr\/wp-json\/wp\/v2\/media?parent=11485"}],"wp:term":[{"taxonomy":"category","embeddable":true,"href":"https:\/\/www.frecan.es\/blog\/fr\/wp-json\/wp\/v2\/categories?post=11485"},{"taxonomy":"post_tag","embeddable":true,"href":"https:\/\/www.frecan.es\/blog\/fr\/wp-json\/wp\/v2\/tags?post=11485"}],"curies":[{"name":"wp","href":"https:\/\/api.w.org\/{rel}","templated":true}]}}