{"id":11425,"date":"2025-03-06T09:00:24","date_gmt":"2025-03-06T07:00:24","guid":{"rendered":"https:\/\/www.frecan.es\/blog\/vinotecas-bajo-encimera\/"},"modified":"2025-03-06T11:27:52","modified_gmt":"2025-03-06T09:27:52","slug":"cave-a-vin-sous-plan","status":"publish","type":"post","link":"https:\/\/www.frecan.es\/blog\/fr\/cave-a-vin-sous-plan\/","title":{"rendered":"Conserver le vin correctement \u00e0 la maison n&rsquo;est pas si simple"},"content":{"rendered":"<h2><span style=\"color: #808080;\"><b>De petits changements dans la lumi\u00e8re, la temp\u00e9rature ou l\u2019humidit\u00e9 peuvent alt\u00e9rer le vin, lui faisant perdre son caract\u00e8re et devenant fade ou d\u00e9s\u00e9quilibr\u00e9.<\/b><\/span><br \/>\n<!--more--><\/h2>\n<p>Par exemple, si vous stockez votre vin dans le garde-manger, sur une \u00e9tag\u00e8re ou m\u00eame au r\u00e9frig\u00e9rateur, cela pose un probl\u00e8me : <b>aucun de ces endroits ne garantit les conditions id\u00e9ales<\/b> pour que le vin reste en parfait \u00e9tat.<\/p>\n<p>C\u2019est pourquoi, si vous voulez vraiment appr\u00e9cier le vin tel qu\u2019il a \u00e9t\u00e9 con\u00e7u, <b>vous avez besoin d\u2019un espace adapt\u00e9 \u00e0 sa conservation<\/b>.<\/p>\n<p><a href=\"https:\/\/www.frecan.fr\/caves_a_vin\/\" target=\"_blank\" rel=\"noopener\"><img loading=\"lazy\" decoding=\"async\" width=\"2045\" height=\"714\" class=\"alignnone wp-image-11409 size-full\" src=\"https:\/\/www.frecan.es\/blog\/wp-content\/uploads\/2025\/03\/medoc-30-g1.jpg\" class=\"light\" srcset=\"https:\/\/www.frecan.es\/blog\/wp-content\/uploads\/2025\/03\/medoc-30-g1.jpg 2045w, https:\/\/www.frecan.es\/blog\/wp-content\/uploads\/2025\/03\/medoc-30-g1-300x105.jpg 300w, https:\/\/www.frecan.es\/blog\/wp-content\/uploads\/2025\/03\/medoc-30-g1-1024x358.jpg 1024w, https:\/\/www.frecan.es\/blog\/wp-content\/uploads\/2025\/03\/medoc-30-g1-768x268.jpg 768w, https:\/\/www.frecan.es\/blog\/wp-content\/uploads\/2025\/03\/medoc-30-g1-1536x536.jpg 1536w, https:\/\/www.frecan.es\/blog\/wp-content\/uploads\/2025\/03\/medoc-30-g1-800x279.jpg 800w, https:\/\/www.frecan.es\/blog\/wp-content\/uploads\/2025\/03\/medoc-30-g1-1280x447.jpg 1280w\" sizes=\"auto, (max-width: 2045px) 100vw, 2045px\" \/><\/a><\/p>\n<h4>Pourquoi une cave \u00e0 vin ?<\/h4>\n<p>Une cave \u00e0 vin <strong>r<\/strong><b>ecr\u00e9e les conditions id\u00e9ales de conservation<\/b>, garantissant que chaque bouteille reste intacte jusqu\u2019au moment o\u00f9 vous d\u00e9cidez de l\u2019ouvrir.<\/p>\n<p>Chez <b>Frecan<\/b>, nous ne concevons pas seulement des caves \u00e0 vin avec une technologie avanc\u00e9e, nous le faisons avec la conviction que le vin m\u00e9rite d\u2019\u00eatre conserv\u00e9 avec le m\u00eame respect que celui avec lequel il a \u00e9t\u00e9 cr\u00e9\u00e9.<\/p>\n<p><b>\u00c9clairage<\/b> \u2192 Le <b>triple vitrage avec protection UV<\/b> emp\u00eache l&rsquo;oxydation et pr\u00e9serve les ar\u00f4mes du vin. De plus, <b>l&rsquo;\u00e9clairage LED 3000K<\/b> avec trois niveaux d&rsquo;intensit\u00e9 assure une visibilit\u00e9 optimale sans compromettre la conservation.<\/p>\n<p><b>Temp\u00e9rature stable<\/b> \u2192 Le <b>contr\u00f4le \u00e9lectronique <\/b>et les <b>zones ind\u00e9pendantes<\/b>, r\u00e9glables entre <b>5\u00ba et 20\u00ba<\/b>, permettent un ajustement pr\u00e9cis pour diff\u00e9rents types de vin, en \u00e9vitant les variations qui pourraient alt\u00e9rer leur qualit\u00e9.<\/p>\n<p><b>Humidit\u00e9 contr\u00f4l\u00e9e<\/b> \u2192 Maintient le bouchon en parfait \u00e9tat, emp\u00eachant l\u2019oxydation et la formation de moisissures. De plus, les <b>\u00e9tag\u00e8res en bois de Sapele<\/b>, r\u00e9sistantes \u00e0 l&rsquo;humidit\u00e9, sont id\u00e9ales pour les espaces ext\u00e9rieurs et les yachts.<\/p>\n<p><b>Syst\u00e8me anti-vibrations<\/b> \u2192 Prot\u00e8ge les s\u00e9diments du vin, garantissant un vieillissement naturel et harmonieux.<\/p>\n<p><b>Qualit\u00e9 de l\u2019Air<\/b> \u2192 Un <b>filtre \u00e0 charbon actif<\/b> assure un air pur et sans odeurs qui pourraient affecter le vin.<\/p>\n<p><b>Adaptabilit\u00e9<\/b> \u2192 <b>Porte r\u00e9versible et poign\u00e9e discr\u00e8te<\/b>, con\u00e7ues pour s&rsquo;adapter \u00e0 tous les espaces et permettre une ouverture dans les deux sens.<\/p>\n<h4>O\u00f9 installer votre cave \u00e0 vin ?<\/h4>\n<p>Une fois que vous avez d\u00e9cid\u00e9 d\u2019ajouter une cave \u00e0 vin \u00e0 votre maison, la question suivante est : <b>o\u00f9 l\u2019installer ?<\/b><\/p>\n<p>Si vous souhaitez l&rsquo;int\u00e9grer \u00e0 votre cuisine <b>sans prendre plus d\u2019espace<\/b>, la meilleure option est une <b>cave \u00e0 vin sous plan<\/b>, car elle <b>s&rsquo;adapte \u00e0 toutes les tailles de cuisines<\/b>.<\/p>\n<p>Les caves \u00e0 vin sous plan Frecan offrent une <b>grande capacit\u00e9<\/b> dans un format compact :<\/p>\n<p><b>Medoc 30<\/b> \u2192 Jusqu&rsquo;\u00e0 <b>16 bouteilles<\/b>.<br \/>\n<b>Medoc 60<\/b> \u2192 Jusqu&rsquo;\u00e0 <b>45 bouteilles<\/b>.<\/p>\n<p><a href=\"https:\/\/www.frecan.fr\/caves_a_vin\/\" target=\"_blank\" rel=\"noopener\"><img loading=\"lazy\" decoding=\"async\" width=\"1357\" height=\"714\" class=\"alignnone wp-image-11412 size-full\" src=\"https:\/\/www.frecan.es\/blog\/wp-content\/uploads\/2025\/03\/medoc-30-g2.jpg\" class=\"light\" srcset=\"https:\/\/www.frecan.es\/blog\/wp-content\/uploads\/2025\/03\/medoc-30-g2.jpg 1357w, https:\/\/www.frecan.es\/blog\/wp-content\/uploads\/2025\/03\/medoc-30-g2-300x158.jpg 300w, https:\/\/www.frecan.es\/blog\/wp-content\/uploads\/2025\/03\/medoc-30-g2-1024x539.jpg 1024w, https:\/\/www.frecan.es\/blog\/wp-content\/uploads\/2025\/03\/medoc-30-g2-768x404.jpg 768w, https:\/\/www.frecan.es\/blog\/wp-content\/uploads\/2025\/03\/medoc-30-g2-800x421.jpg 800w, https:\/\/www.frecan.es\/blog\/wp-content\/uploads\/2025\/03\/medoc-30-g2-1280x673.jpg 1280w\" sizes=\"auto, (max-width: 1357px) 100vw, 1357px\" \/><\/a><\/p>\n<p>Une cave \u00e0 vin n&rsquo;est pas qu\u2019un simple appareil, c&rsquo;est la cl\u00e9 pour appr\u00e9cier le vin tel qu&rsquo;il doit \u00eatre d\u00e9gust\u00e9 \u2013 tout comme vous le m\u00e9ritez !<\/p>\n<p><b><i>D\u00e9couvrez notre gamme de caves \u00e0 vin sous plan et offrez \u00e0 votre collection le soin qu\u2019elle m\u00e9rite.<\/i><\/b><\/p>\n<ul>\n<li aria-level=\"1\"><span style=\"color: #0000ff;\"><strong><a style=\"color: #0000ff;\" href=\"https:\/\/www.frecan.fr\/caves_a_vin\/medoc-30\/\">Voir Medoc 30\u00a0<\/a><\/strong><\/span><\/li>\n<li aria-level=\"1\"><span style=\"color: #0000ff;\"><strong><a style=\"color: #0000ff;\" href=\"https:\/\/www.frecan.fr\/caves_a_vin\/medoc-60\/\">Voir Medoc 60<\/a><\/strong><\/span><\/li>\n<\/ul>\n<blockquote class=\"wp-embedded-content\" data-secret=\"PhwxePYOM7\"><p><a href=\"https:\/\/www.frecan.es\/blog\/nuevas-vinotecas-frecan\/\">Vinotecas Frecan | Nueva Gama<\/a><\/p><\/blockquote>\n<p><iframe loading=\"lazy\" class=\"wp-embedded-content\" sandbox=\"allow-scripts\" security=\"restricted\" style=\"position: absolute; visibility: hidden;\" title=\"\u00ab\u00a0Vinotecas Frecan | Nueva Gama\u00a0\u00bb &#8212; Blog de Frecan\" src=\"https:\/\/www.frecan.es\/blog\/nuevas-vinotecas-frecan\/embed\/#?secret=VUn2ghmZMI#?secret=PhwxePYOM7\" data-secret=\"PhwxePYOM7\" width=\"600\" height=\"338\" frameborder=\"0\" marginwidth=\"0\" marginheight=\"0\" scrolling=\"no\"><\/iframe><\/p>\n<blockquote class=\"wp-embedded-content\" data-secret=\"6iWxhCsIKa\"><p><a href=\"https:\/\/www.frecan.es\/blog\/alta-alella-celler-de-les-aus-frecan\/\">Visita de Frecan a Alta Alella, Celler de les Aus<\/a><\/p><\/blockquote>\n<p><iframe loading=\"lazy\" class=\"wp-embedded-content\" sandbox=\"allow-scripts\" security=\"restricted\" style=\"position: absolute; visibility: hidden;\" title=\"\u00ab\u00a0Visita de Frecan a Alta Alella, Celler de les Aus\u00a0\u00bb &#8212; Blog de Frecan\" src=\"https:\/\/www.frecan.es\/blog\/alta-alella-celler-de-les-aus-frecan\/embed\/#?secret=8qeMHYmSUI#?secret=6iWxhCsIKa\" data-secret=\"6iWxhCsIKa\" width=\"600\" height=\"338\" frameborder=\"0\" marginwidth=\"0\" marginheight=\"0\" scrolling=\"no\"><\/iframe><\/p>\n","protected":false},"excerpt":{"rendered":"<p>De petits changements dans la lumi\u00e8re, la temp\u00e9rature ou l\u2019humidit\u00e9 peuvent alt\u00e9rer le vin, lui faisant perdre son caract\u00e8re et devenant fade ou d\u00e9s\u00e9quilibr\u00e9.<\/p>\n","protected":false},"author":8,"featured_media":11418,"comment_status":"open","ping_status":"open","sticky":false,"template":"","format":"standard","meta":{"footnotes":""},"categories":[82],"tags":[],"class_list":{"0":"post-11425","1":"post","2":"type-post","3":"status-publish","4":"format-standard","5":"has-post-thumbnail","7":"category-caves-a-vin-fr"},"yoast_head":"<!-- This site is optimized with the Yoast SEO plugin v24.7 - https:\/\/yoast.com\/wordpress\/plugins\/seo\/ -->\n<title>Conserver le vin correctement \u00e0 la maison n&#039;est pas si simple - Blog de Frecan<\/title>\n<meta name=\"description\" content=\"Si vous stockez votre vin dans le garde-manger, sur une \u00e9tag\u00e8re ou m\u00eame au r\u00e9frig\u00e9rateur, cela pose un probl\u00e8me : aucun de ces endroits ne garantit...\" \/>\n<meta name=\"robots\" content=\"index, follow, max-snippet:-1, max-image-preview:large, max-video-preview:-1\" \/>\n<link rel=\"canonical\" href=\"https:\/\/www.frecan.es\/blog\/fr\/cave-a-vin-sous-plan\/\" \/>\n<meta property=\"og:locale\" content=\"fr_FR\" \/>\n<meta property=\"og:type\" content=\"article\" \/>\n<meta property=\"og:title\" content=\"Conserver le vin correctement \u00e0 la maison n&#039;est pas si simple - Blog de Frecan\" \/>\n<meta property=\"og:description\" content=\"Si vous stockez votre vin dans le garde-manger, sur une \u00e9tag\u00e8re ou m\u00eame au r\u00e9frig\u00e9rateur, cela pose un probl\u00e8me : aucun de ces endroits ne garantit...\" \/>\n<meta property=\"og:url\" content=\"https:\/\/www.frecan.es\/blog\/fr\/cave-a-vin-sous-plan\/\" \/>\n<meta property=\"og:site_name\" content=\"Blog de Frecan\" \/>\n<meta property=\"article:published_time\" content=\"2025-03-06T07:00:24+00:00\" \/>\n<meta property=\"article:modified_time\" content=\"2025-03-06T09:27:52+00:00\" \/>\n<meta property=\"og:image\" content=\"https:\/\/www.frecan.es\/blog\/wp-content\/uploads\/2025\/03\/medoc-30-g1578.jpg\" \/>\n\t<meta property=\"og:image:width\" content=\"640\" \/>\n\t<meta property=\"og:image:height\" content=\"640\" \/>\n\t<meta property=\"og:image:type\" content=\"image\/jpeg\" \/>\n<meta name=\"author\" content=\"Tha\u00efs Alcal\u00e1\" \/>\n<meta name=\"twitter:card\" content=\"summary_large_image\" \/>\n<meta name=\"twitter:label1\" content=\"\u00c9crit par\" \/>\n\t<meta name=\"twitter:data1\" content=\"Tha\u00efs Alcal\u00e1\" \/>\n\t<meta name=\"twitter:label2\" content=\"Dur\u00e9e de lecture estim\u00e9e\" \/>\n\t<meta name=\"twitter:data2\" content=\"3 minutes\" \/>\n<script type=\"application\/ld+json\" class=\"yoast-schema-graph\">{\"@context\":\"https:\/\/schema.org\",\"@graph\":[{\"@type\":\"Article\",\"@id\":\"https:\/\/www.frecan.es\/blog\/fr\/cave-a-vin-sous-plan\/#article\",\"isPartOf\":{\"@id\":\"https:\/\/www.frecan.es\/blog\/fr\/cave-a-vin-sous-plan\/\"},\"author\":{\"name\":\"Tha\u00efs Alcal\u00e1\",\"@id\":\"https:\/\/www.frecan.es\/blog\/fr\/#\/schema\/person\/807ea11d2c3f88890ae67a52637b8b3c\"},\"headline\":\"Conserver le vin correctement \u00e0 la maison n&rsquo;est pas si simple\",\"datePublished\":\"2025-03-06T07:00:24+00:00\",\"dateModified\":\"2025-03-06T09:27:52+00:00\",\"mainEntityOfPage\":{\"@id\":\"https:\/\/www.frecan.es\/blog\/fr\/cave-a-vin-sous-plan\/\"},\"wordCount\":500,\"commentCount\":0,\"publisher\":{\"@id\":\"https:\/\/www.frecan.es\/blog\/fr\/#organization\"},\"image\":{\"@id\":\"https:\/\/www.frecan.es\/blog\/fr\/cave-a-vin-sous-plan\/#primaryimage\"},\"thumbnailUrl\":\"https:\/\/www.frecan.es\/blog\/wp-content\/uploads\/2025\/03\/medoc-30-g1578.jpg\",\"articleSection\":[\"Caves \u00e0 vin\"],\"inLanguage\":\"fr-FR\",\"potentialAction\":[{\"@type\":\"CommentAction\",\"name\":\"Comment\",\"target\":[\"https:\/\/www.frecan.es\/blog\/fr\/cave-a-vin-sous-plan\/#respond\"]}]},{\"@type\":\"WebPage\",\"@id\":\"https:\/\/www.frecan.es\/blog\/fr\/cave-a-vin-sous-plan\/\",\"url\":\"https:\/\/www.frecan.es\/blog\/fr\/cave-a-vin-sous-plan\/\",\"name\":\"Conserver le vin correctement \u00e0 la maison n'est pas si simple - Blog de Frecan\",\"isPartOf\":{\"@id\":\"https:\/\/www.frecan.es\/blog\/fr\/#website\"},\"primaryImageOfPage\":{\"@id\":\"https:\/\/www.frecan.es\/blog\/fr\/cave-a-vin-sous-plan\/#primaryimage\"},\"image\":{\"@id\":\"https:\/\/www.frecan.es\/blog\/fr\/cave-a-vin-sous-plan\/#primaryimage\"},\"thumbnailUrl\":\"https:\/\/www.frecan.es\/blog\/wp-content\/uploads\/2025\/03\/medoc-30-g1578.jpg\",\"datePublished\":\"2025-03-06T07:00:24+00:00\",\"dateModified\":\"2025-03-06T09:27:52+00:00\",\"description\":\"Si vous stockez votre vin dans le garde-manger, sur une \u00e9tag\u00e8re ou m\u00eame au r\u00e9frig\u00e9rateur, cela pose un probl\u00e8me : aucun de ces endroits ne garantit...\",\"breadcrumb\":{\"@id\":\"https:\/\/www.frecan.es\/blog\/fr\/cave-a-vin-sous-plan\/#breadcrumb\"},\"inLanguage\":\"fr-FR\",\"potentialAction\":[{\"@type\":\"ReadAction\",\"target\":[\"https:\/\/www.frecan.es\/blog\/fr\/cave-a-vin-sous-plan\/\"]}]},{\"@type\":\"ImageObject\",\"inLanguage\":\"fr-FR\",\"@id\":\"https:\/\/www.frecan.es\/blog\/fr\/cave-a-vin-sous-plan\/#primaryimage\",\"url\":\"https:\/\/www.frecan.es\/blog\/wp-content\/uploads\/2025\/03\/medoc-30-g1578.jpg\",\"contentUrl\":\"https:\/\/www.frecan.es\/blog\/wp-content\/uploads\/2025\/03\/medoc-30-g1578.jpg\",\"width\":640,\"height\":640,\"caption\":\"Vino, Frecan\"},{\"@type\":\"BreadcrumbList\",\"@id\":\"https:\/\/www.frecan.es\/blog\/fr\/cave-a-vin-sous-plan\/#breadcrumb\",\"itemListElement\":[{\"@type\":\"ListItem\",\"position\":1,\"name\":\"Page de Couverture\",\"item\":\"https:\/\/www.frecan.es\/blog\/fr\/\"},{\"@type\":\"ListItem\",\"position\":2,\"name\":\"Conserver le vin correctement \u00e0 la maison n&#8217;est pas si simple\"}]},{\"@type\":\"WebSite\",\"@id\":\"https:\/\/www.frecan.es\/blog\/fr\/#website\",\"url\":\"https:\/\/www.frecan.es\/blog\/fr\/\",\"name\":\"Blog de Frecan\",\"description\":\"Artisanat, technologie et avant-garde au c\u0153ur de votre cuisine\",\"publisher\":{\"@id\":\"https:\/\/www.frecan.es\/blog\/fr\/#organization\"},\"potentialAction\":[{\"@type\":\"SearchAction\",\"target\":{\"@type\":\"EntryPoint\",\"urlTemplate\":\"https:\/\/www.frecan.es\/blog\/fr\/?s={search_term_string}\"},\"query-input\":{\"@type\":\"PropertyValueSpecification\",\"valueRequired\":true,\"valueName\":\"search_term_string\"}}],\"inLanguage\":\"fr-FR\"},{\"@type\":\"Organization\",\"@id\":\"https:\/\/www.frecan.es\/blog\/fr\/#organization\",\"name\":\"Frecan\",\"url\":\"https:\/\/www.frecan.es\/blog\/fr\/\",\"logo\":{\"@type\":\"ImageObject\",\"inLanguage\":\"fr-FR\",\"@id\":\"https:\/\/www.frecan.es\/blog\/fr\/#\/schema\/logo\/image\/\",\"url\":\"https:\/\/www.frecan.es\/blog\/wp-content\/uploads\/2016\/02\/logo-frecan.png\",\"contentUrl\":\"https:\/\/www.frecan.es\/blog\/wp-content\/uploads\/2016\/02\/logo-frecan.png\",\"width\":250,\"height\":27,\"caption\":\"Frecan\"},\"image\":{\"@id\":\"https:\/\/www.frecan.es\/blog\/fr\/#\/schema\/logo\/image\/\"}},{\"@type\":\"Person\",\"@id\":\"https:\/\/www.frecan.es\/blog\/fr\/#\/schema\/person\/807ea11d2c3f88890ae67a52637b8b3c\",\"name\":\"Tha\u00efs Alcal\u00e1\",\"image\":{\"@type\":\"ImageObject\",\"inLanguage\":\"fr-FR\",\"@id\":\"https:\/\/www.frecan.es\/blog\/fr\/#\/schema\/person\/image\/\",\"url\":\"https:\/\/secure.gravatar.com\/avatar\/ad063cd811075f52af0714b5e973cd08?s=96&d=mm&r=g\",\"contentUrl\":\"https:\/\/secure.gravatar.com\/avatar\/ad063cd811075f52af0714b5e973cd08?s=96&d=mm&r=g\",\"caption\":\"Tha\u00efs Alcal\u00e1\"},\"sameAs\":[\"http:\/\/www.frecan.es\"]}]}<\/script>\n<!-- \/ Yoast SEO plugin. -->","yoast_head_json":{"title":"Conserver le vin correctement \u00e0 la maison n'est pas si simple - Blog de Frecan","description":"Si vous stockez votre vin dans le garde-manger, sur une \u00e9tag\u00e8re ou m\u00eame au r\u00e9frig\u00e9rateur, cela pose un probl\u00e8me : aucun de ces endroits ne garantit...","robots":{"index":"index","follow":"follow","max-snippet":"max-snippet:-1","max-image-preview":"max-image-preview:large","max-video-preview":"max-video-preview:-1"},"canonical":"https:\/\/www.frecan.es\/blog\/fr\/cave-a-vin-sous-plan\/","og_locale":"fr_FR","og_type":"article","og_title":"Conserver le vin correctement \u00e0 la maison n'est pas si simple - Blog de Frecan","og_description":"Si vous stockez votre vin dans le garde-manger, sur une \u00e9tag\u00e8re ou m\u00eame au r\u00e9frig\u00e9rateur, cela pose un probl\u00e8me : aucun de ces endroits ne garantit...","og_url":"https:\/\/www.frecan.es\/blog\/fr\/cave-a-vin-sous-plan\/","og_site_name":"Blog de Frecan","article_published_time":"2025-03-06T07:00:24+00:00","article_modified_time":"2025-03-06T09:27:52+00:00","og_image":[{"width":640,"height":640,"url":"https:\/\/www.frecan.es\/blog\/wp-content\/uploads\/2025\/03\/medoc-30-g1578.jpg","type":"image\/jpeg"}],"author":"Tha\u00efs Alcal\u00e1","twitter_card":"summary_large_image","twitter_misc":{"\u00c9crit par":"Tha\u00efs Alcal\u00e1","Dur\u00e9e de lecture estim\u00e9e":"3 minutes"},"schema":{"@context":"https:\/\/schema.org","@graph":[{"@type":"Article","@id":"https:\/\/www.frecan.es\/blog\/fr\/cave-a-vin-sous-plan\/#article","isPartOf":{"@id":"https:\/\/www.frecan.es\/blog\/fr\/cave-a-vin-sous-plan\/"},"author":{"name":"Tha\u00efs Alcal\u00e1","@id":"https:\/\/www.frecan.es\/blog\/fr\/#\/schema\/person\/807ea11d2c3f88890ae67a52637b8b3c"},"headline":"Conserver le vin correctement \u00e0 la maison n&rsquo;est pas si simple","datePublished":"2025-03-06T07:00:24+00:00","dateModified":"2025-03-06T09:27:52+00:00","mainEntityOfPage":{"@id":"https:\/\/www.frecan.es\/blog\/fr\/cave-a-vin-sous-plan\/"},"wordCount":500,"commentCount":0,"publisher":{"@id":"https:\/\/www.frecan.es\/blog\/fr\/#organization"},"image":{"@id":"https:\/\/www.frecan.es\/blog\/fr\/cave-a-vin-sous-plan\/#primaryimage"},"thumbnailUrl":"https:\/\/www.frecan.es\/blog\/wp-content\/uploads\/2025\/03\/medoc-30-g1578.jpg","articleSection":["Caves \u00e0 vin"],"inLanguage":"fr-FR","potentialAction":[{"@type":"CommentAction","name":"Comment","target":["https:\/\/www.frecan.es\/blog\/fr\/cave-a-vin-sous-plan\/#respond"]}]},{"@type":"WebPage","@id":"https:\/\/www.frecan.es\/blog\/fr\/cave-a-vin-sous-plan\/","url":"https:\/\/www.frecan.es\/blog\/fr\/cave-a-vin-sous-plan\/","name":"Conserver le vin correctement \u00e0 la maison n'est pas si simple - Blog de Frecan","isPartOf":{"@id":"https:\/\/www.frecan.es\/blog\/fr\/#website"},"primaryImageOfPage":{"@id":"https:\/\/www.frecan.es\/blog\/fr\/cave-a-vin-sous-plan\/#primaryimage"},"image":{"@id":"https:\/\/www.frecan.es\/blog\/fr\/cave-a-vin-sous-plan\/#primaryimage"},"thumbnailUrl":"https:\/\/www.frecan.es\/blog\/wp-content\/uploads\/2025\/03\/medoc-30-g1578.jpg","datePublished":"2025-03-06T07:00:24+00:00","dateModified":"2025-03-06T09:27:52+00:00","description":"Si vous stockez votre vin dans le garde-manger, sur une \u00e9tag\u00e8re ou m\u00eame au r\u00e9frig\u00e9rateur, cela pose un probl\u00e8me : aucun de ces endroits ne garantit...","breadcrumb":{"@id":"https:\/\/www.frecan.es\/blog\/fr\/cave-a-vin-sous-plan\/#breadcrumb"},"inLanguage":"fr-FR","potentialAction":[{"@type":"ReadAction","target":["https:\/\/www.frecan.es\/blog\/fr\/cave-a-vin-sous-plan\/"]}]},{"@type":"ImageObject","inLanguage":"fr-FR","@id":"https:\/\/www.frecan.es\/blog\/fr\/cave-a-vin-sous-plan\/#primaryimage","url":"https:\/\/www.frecan.es\/blog\/wp-content\/uploads\/2025\/03\/medoc-30-g1578.jpg","contentUrl":"https:\/\/www.frecan.es\/blog\/wp-content\/uploads\/2025\/03\/medoc-30-g1578.jpg","width":640,"height":640,"caption":"Vino, Frecan"},{"@type":"BreadcrumbList","@id":"https:\/\/www.frecan.es\/blog\/fr\/cave-a-vin-sous-plan\/#breadcrumb","itemListElement":[{"@type":"ListItem","position":1,"name":"Page de Couverture","item":"https:\/\/www.frecan.es\/blog\/fr\/"},{"@type":"ListItem","position":2,"name":"Conserver le vin correctement \u00e0 la maison n&#8217;est pas si simple"}]},{"@type":"WebSite","@id":"https:\/\/www.frecan.es\/blog\/fr\/#website","url":"https:\/\/www.frecan.es\/blog\/fr\/","name":"Blog de Frecan","description":"Artisanat, technologie et avant-garde au c\u0153ur de votre cuisine","publisher":{"@id":"https:\/\/www.frecan.es\/blog\/fr\/#organization"},"potentialAction":[{"@type":"SearchAction","target":{"@type":"EntryPoint","urlTemplate":"https:\/\/www.frecan.es\/blog\/fr\/?s={search_term_string}"},"query-input":{"@type":"PropertyValueSpecification","valueRequired":true,"valueName":"search_term_string"}}],"inLanguage":"fr-FR"},{"@type":"Organization","@id":"https:\/\/www.frecan.es\/blog\/fr\/#organization","name":"Frecan","url":"https:\/\/www.frecan.es\/blog\/fr\/","logo":{"@type":"ImageObject","inLanguage":"fr-FR","@id":"https:\/\/www.frecan.es\/blog\/fr\/#\/schema\/logo\/image\/","url":"https:\/\/www.frecan.es\/blog\/wp-content\/uploads\/2016\/02\/logo-frecan.png","contentUrl":"https:\/\/www.frecan.es\/blog\/wp-content\/uploads\/2016\/02\/logo-frecan.png","width":250,"height":27,"caption":"Frecan"},"image":{"@id":"https:\/\/www.frecan.es\/blog\/fr\/#\/schema\/logo\/image\/"}},{"@type":"Person","@id":"https:\/\/www.frecan.es\/blog\/fr\/#\/schema\/person\/807ea11d2c3f88890ae67a52637b8b3c","name":"Tha\u00efs Alcal\u00e1","image":{"@type":"ImageObject","inLanguage":"fr-FR","@id":"https:\/\/www.frecan.es\/blog\/fr\/#\/schema\/person\/image\/","url":"https:\/\/secure.gravatar.com\/avatar\/ad063cd811075f52af0714b5e973cd08?s=96&d=mm&r=g","contentUrl":"https:\/\/secure.gravatar.com\/avatar\/ad063cd811075f52af0714b5e973cd08?s=96&d=mm&r=g","caption":"Tha\u00efs Alcal\u00e1"},"sameAs":["http:\/\/www.frecan.es"]}]}},"_links":{"self":[{"href":"https:\/\/www.frecan.es\/blog\/fr\/wp-json\/wp\/v2\/posts\/11425","targetHints":{"allow":["GET"]}}],"collection":[{"href":"https:\/\/www.frecan.es\/blog\/fr\/wp-json\/wp\/v2\/posts"}],"about":[{"href":"https:\/\/www.frecan.es\/blog\/fr\/wp-json\/wp\/v2\/types\/post"}],"author":[{"embeddable":true,"href":"https:\/\/www.frecan.es\/blog\/fr\/wp-json\/wp\/v2\/users\/8"}],"replies":[{"embeddable":true,"href":"https:\/\/www.frecan.es\/blog\/fr\/wp-json\/wp\/v2\/comments?post=11425"}],"version-history":[{"count":6,"href":"https:\/\/www.frecan.es\/blog\/fr\/wp-json\/wp\/v2\/posts\/11425\/revisions"}],"predecessor-version":[{"id":11436,"href":"https:\/\/www.frecan.es\/blog\/fr\/wp-json\/wp\/v2\/posts\/11425\/revisions\/11436"}],"wp:featuredmedia":[{"embeddable":true,"href":"https:\/\/www.frecan.es\/blog\/fr\/wp-json\/wp\/v2\/media\/11418"}],"wp:attachment":[{"href":"https:\/\/www.frecan.es\/blog\/fr\/wp-json\/wp\/v2\/media?parent=11425"}],"wp:term":[{"taxonomy":"category","embeddable":true,"href":"https:\/\/www.frecan.es\/blog\/fr\/wp-json\/wp\/v2\/categories?post=11425"},{"taxonomy":"post_tag","embeddable":true,"href":"https:\/\/www.frecan.es\/blog\/fr\/wp-json\/wp\/v2\/tags?post=11425"}],"curies":[{"name":"wp","href":"https:\/\/api.w.org\/{rel}","templated":true}]}}