{"id":11307,"date":"2025-01-30T10:00:00","date_gmt":"2025-01-30T08:00:00","guid":{"rendered":"https:\/\/www.frecan.es\/blog\/?p=11307"},"modified":"2025-01-28T14:36:15","modified_gmt":"2025-01-28T12:36:15","slug":"alta-alella-celler-de-les-aus-frecan","status":"publish","type":"post","link":"https:\/\/www.frecan.es\/blog\/fr\/alta-alella-celler-de-les-aus-frecan\/","title":{"rendered":"Visite de Frecan \u00e0 Alta Alella, Celler de les Aus"},"content":{"rendered":"<h2><span style=\"color: #808080;\"><b>L&rsquo;air frais, les vignobles sans fin et le parfum du vin avec la mer en toile de fond : tel \u00e9tait le cadre de la r\u00e9cente exp\u00e9rience de <em>team building<\/em> de Frecan au <em>Celler de les Aus<\/em>.<\/b><\/span><br \/>\n<!--more--><\/h2>\n<p><a href=\"https:\/\/www.frecan.fr\/caves_a_vin\/\" target=\"_blank\" rel=\"noopener\"><img loading=\"lazy\" decoding=\"async\" width=\"2198\" height=\"1121\" class=\"aligncenter wp-image-11290 size-full\" src=\"https:\/\/www.frecan.es\/blog\/wp-content\/uploads\/2025\/01\/412587963.jpg\" class=\"light\" srcset=\"https:\/\/www.frecan.es\/blog\/wp-content\/uploads\/2025\/01\/412587963.jpg 2198w, https:\/\/www.frecan.es\/blog\/wp-content\/uploads\/2025\/01\/412587963-300x153.jpg 300w, https:\/\/www.frecan.es\/blog\/wp-content\/uploads\/2025\/01\/412587963-1024x522.jpg 1024w, https:\/\/www.frecan.es\/blog\/wp-content\/uploads\/2025\/01\/412587963-768x392.jpg 768w, https:\/\/www.frecan.es\/blog\/wp-content\/uploads\/2025\/01\/412587963-1536x783.jpg 1536w, https:\/\/www.frecan.es\/blog\/wp-content\/uploads\/2025\/01\/412587963-2048x1044.jpg 2048w, https:\/\/www.frecan.es\/blog\/wp-content\/uploads\/2025\/01\/412587963-800x408.jpg 800w, https:\/\/www.frecan.es\/blog\/wp-content\/uploads\/2025\/01\/412587963-1280x653.jpg 1280w\" sizes=\"auto, (max-width: 2198px) 100vw, 2198px\" \/><\/a><\/p>\n<p>Le vin a une magie particuli\u00e8re, une histoire \u00e0 raconter. Lors de notre visite \u00e0 Alta Alella, nous avons eu l\u2019occasion d\u2019apprendre de pr\u00e8s ce que signifie prendre soin et pr\u00e9server cette magie. Comme l\u2019a dit Josep Maria Pujol, fondateur de la cave : \u00ab L\u2019\u00e9laboration du vin ne se termine que lorsque la bouteille est ouverte. \u00bb<\/p>\n<p>Cette phrase nous a fait r\u00e9fl\u00e9chir. Si le vin est un produit vivant, comment garantir qu\u2019il arrive \u00e0 table tel qu\u2019il a \u00e9t\u00e9 con\u00e7u ?<\/p>\n<h3>Qu\u2019est-ce qu\u2019une cave \u00e0 vin ?<\/h3>\n<p>\u00c0 Alta Alella, nous n\u2019avons pas seulement d\u00e9couvert le processus de vinification, mais \u00e9galement l\u2019importance des petits d\u00e9tails dans l\u2019environnement du vin, qui peuvent faire toute la diff\u00e9rence entre un vin exceptionnel et un vin qui perd son caract\u00e8re.<\/p>\n<p>Pas besoin d\u2019une grande cave souterraine : une cave \u00e0 vin peut recr\u00e9er les conditions id\u00e9ales de temp\u00e9rature, d\u2019humidit\u00e9 et de protection n\u00e9cessaires \u00e0 la maturation du vin. Cet espace garantit que chaque bouteille trouve sa place, grandisse et attende patiemment son moment d\u2019\u00eatre d\u00e9bouch\u00e9e.<\/p>\n<p>L\u2019air, la lumi\u00e8re, la temp\u00e9rature et les soins sont essentiels. Avoir une cave \u00e0 vin \u00e0 la maison n\u2019est pas un luxe : c\u2019est une mani\u00e8re d\u2019appr\u00e9cier le vin, de lui donner la place qu\u2019il m\u00e9rite et de le d\u00e9guster \u00e0 son meilleur.<\/p>\n<p><a href=\"https:\/\/www.frecan.fr\/caves_a_vin\/\" target=\"_blank\" rel=\"noopener\"><img loading=\"lazy\" decoding=\"async\" width=\"2198\" height=\"1121\" class=\"aligncenter wp-image-11318 size-full\" src=\"https:\/\/www.frecan.es\/blog\/wp-content\/uploads\/2025\/01\/412587964-1.jpg\" class=\"light\" srcset=\"https:\/\/www.frecan.es\/blog\/wp-content\/uploads\/2025\/01\/412587964-1.jpg 2198w, https:\/\/www.frecan.es\/blog\/wp-content\/uploads\/2025\/01\/412587964-1-300x153.jpg 300w, https:\/\/www.frecan.es\/blog\/wp-content\/uploads\/2025\/01\/412587964-1-1024x522.jpg 1024w, https:\/\/www.frecan.es\/blog\/wp-content\/uploads\/2025\/01\/412587964-1-768x392.jpg 768w, https:\/\/www.frecan.es\/blog\/wp-content\/uploads\/2025\/01\/412587964-1-1536x783.jpg 1536w, https:\/\/www.frecan.es\/blog\/wp-content\/uploads\/2025\/01\/412587964-1-2048x1044.jpg 2048w, https:\/\/www.frecan.es\/blog\/wp-content\/uploads\/2025\/01\/412587964-1-800x408.jpg 800w, https:\/\/www.frecan.es\/blog\/wp-content\/uploads\/2025\/01\/412587964-1-1280x653.jpg 1280w\" sizes=\"auto, (max-width: 2198px) 100vw, 2198px\" \/><\/a><\/p>\n<h3>Pourquoi est-ce essentiel ?<\/h3>\n<p>La visite au Celler de les Aus a \u00e9t\u00e9 bien plus qu\u2019enrichissante : elle a uni notre \u00e9quipe et approfondi notre compr\u00e9hension du soin du vin. Nous avons appris que pr\u00e9server le vin chez soi est bien plus qu\u2019une simple t\u00e2che pratique : c\u2019est un art qui exige connaissances et attention.<\/p>\n<p>Parmi les points cl\u00e9s, nous avons d\u00e9couvert comment la lumi\u00e8re peut alt\u00e9rer les compos\u00e9s aromatiques, en particulier dans les vins blancs et effervescents, et acc\u00e9l\u00e9rer l\u2019oxydation. C\u2019est pourquoi nos caves \u00e0 vin sont dot\u00e9es de verres teint\u00e9s avec <strong>protection UV<\/strong>.<\/p>\n<p>De plus, la temp\u00e9rature est essentielle pour maintenir la stabilit\u00e9 chimique et aromatique des vins. Certains mod\u00e8les Frecan disposent de zones \u00e0 <strong>double temp\u00e9rature<\/strong>, permettant de conserver diff\u00e9rents types de vin dans des conditions optimales.<\/p>\n<p>Il est \u00e9galement crucial de maintenir une <strong>humidit\u00e9<\/strong> entre 50 % et 70 %. Un environnement trop sec peut ass\u00e9cher les bouchons et oxyder le vin, tandis qu\u2019une humidit\u00e9 excessive peut provoquer de la moisissure. Nos caves \u00e0 vin Frecan r\u00e9gulent automatiquement ce param\u00e8tre et, dans des environnements extr\u00eamement secs, offrent un accessoire suppl\u00e9mentaire pour garantir l\u2019\u00e9quilibre.<\/p>\n<p>Les <strong>vibrations<\/strong> et la qualit\u00e9 de la <strong>ventilation<\/strong> sont tout aussi importantes. Les vibrations peuvent perturber le processus naturel de vieillissement du vin, tandis qu\u2019un air de mauvaise qualit\u00e9 peut alt\u00e9rer sa saveur. Nos caves \u00e0 vin offrent un environnement stable et s\u00fbr, ainsi qu\u2019un air propre gr\u00e2ce \u00e0 des filtres int\u00e9gr\u00e9s qui \u00e9liminent les odeurs ind\u00e9sirables.<\/p>\n<p>Enfin, elles assurent non seulement un environnement stable et un air propre, mais aussi un <strong>stockage<\/strong> optimal. Les bouteilles doivent \u00eatre stock\u00e9es horizontalement pour maintenir l\u2019humidit\u00e9 du bouchon et \u00e9viter qu\u2019il ne perde sa pression. C\u2019est pourquoi nos caves \u00e0 vin incluent des \u00e9tag\u00e8res ergonomiques et des zones ind\u00e9pendantes, permettant une organisation pratique par type ou mill\u00e9sime, tout en garantissant une conservation optimale.<\/p>\n<p><a href=\"https:\/\/www.frecan.fr\/caves_a_vin\/\" target=\"_blank\" rel=\"noopener\"><img loading=\"lazy\" decoding=\"async\" width=\"2198\" height=\"1121\" class=\"aligncenter wp-image-11296 size-full\" src=\"https:\/\/www.frecan.es\/blog\/wp-content\/uploads\/2025\/01\/412587965.jpg\" class=\"light\" srcset=\"https:\/\/www.frecan.es\/blog\/wp-content\/uploads\/2025\/01\/412587965.jpg 2198w, https:\/\/www.frecan.es\/blog\/wp-content\/uploads\/2025\/01\/412587965-300x153.jpg 300w, https:\/\/www.frecan.es\/blog\/wp-content\/uploads\/2025\/01\/412587965-1024x522.jpg 1024w, https:\/\/www.frecan.es\/blog\/wp-content\/uploads\/2025\/01\/412587965-768x392.jpg 768w, https:\/\/www.frecan.es\/blog\/wp-content\/uploads\/2025\/01\/412587965-1536x783.jpg 1536w, https:\/\/www.frecan.es\/blog\/wp-content\/uploads\/2025\/01\/412587965-2048x1044.jpg 2048w, https:\/\/www.frecan.es\/blog\/wp-content\/uploads\/2025\/01\/412587965-800x408.jpg 800w, https:\/\/www.frecan.es\/blog\/wp-content\/uploads\/2025\/01\/412587965-1280x653.jpg 1280w\" sizes=\"auto, (max-width: 2198px) 100vw, 2198px\" \/><\/a><\/p>\n<p>En somme, Frecan ne se limite pas \u00e0 concevoir des produits fonctionnels : son essence r\u00e9side dans le soin apport\u00e9 aux personnes et aux espaces qu\u2019elles habitent. La visite au Celler de les Aus n\u2019a pas seulement \u00e9t\u00e9 une <strong>journ\u00e9e d\u2019apprentissage<\/strong>, mais une exp\u00e9rience qui a r\u00e9affirm\u00e9 cet engagement.<\/p>\n<p>L\u2019exp\u00e9rience de <strong>team building<\/strong> \u00e0 Alta Alella a renforc\u00e9 notre conviction que, tout comme le vin, nos produits doivent \u00eatre trait\u00e9s avec <strong>soin et savoir-faire<\/strong>. Nous repartons avec une id\u00e9e claire : la technologie, bien appliqu\u00e9e, sublime le quotidien.<\/p>\n<p><em>Ensemble, nous continuons de grandir en tant qu\u2019\u00e9quipe et en tant que professionnels.<\/em><\/p>\n<p><span style=\"color: #0000ff;\"><a style=\"color: #0000ff;\" href=\"https:\/\/www.frecan.fr\/caves_a_vin\/\"><strong>D\u00e9couvrez les caves \u00e0 vin Frecan<\/strong><\/a><\/span><\/p>\n<h3>En savoir plus<\/h3>\n<blockquote class=\"wp-embedded-content\" data-secret=\"KSB1gDcHPv\"><p><a href=\"https:\/\/www.frecan.es\/blog\/fr\/nouveau-caves-a-vin\/\">Vinotecas Frecan | Nueva Gama<\/a><\/p><\/blockquote>\n<p><iframe loading=\"lazy\" class=\"wp-embedded-content\" sandbox=\"allow-scripts\" security=\"restricted\" style=\"position: absolute; visibility: hidden;\" title=\"\u00ab\u00a0Vinotecas Frecan | Nueva Gama\u00a0\u00bb &#8212; Blog de Frecan\" src=\"https:\/\/www.frecan.es\/blog\/fr\/nouveau-caves-a-vin\/embed\/#?secret=HlQOtvCunU#?secret=KSB1gDcHPv\" data-secret=\"KSB1gDcHPv\" width=\"600\" height=\"338\" frameborder=\"0\" marginwidth=\"0\" marginheight=\"0\" scrolling=\"no\"><\/iframe><\/p>\n<blockquote class=\"wp-embedded-content\" data-secret=\"456flWuIWb\"><p><a href=\"https:\/\/www.frecan.es\/blog\/fr\/nouveau-catalogue-2025\/\">Nuevo Cat\u00e1logo: Aspiraci\u00f3n y cocci\u00f3n para cocinas modernas<\/a><\/p><\/blockquote>\n<p><iframe loading=\"lazy\" class=\"wp-embedded-content\" sandbox=\"allow-scripts\" security=\"restricted\" style=\"position: absolute; visibility: hidden;\" title=\"\u00ab\u00a0Nuevo Cat\u00e1logo: Aspiraci\u00f3n y cocci\u00f3n para cocinas modernas\u00a0\u00bb &#8212; Blog de Frecan\" src=\"https:\/\/www.frecan.es\/blog\/fr\/nouveau-catalogue-2025\/embed\/#?secret=G7Wb29c3WV#?secret=456flWuIWb\" data-secret=\"456flWuIWb\" width=\"600\" height=\"338\" frameborder=\"0\" marginwidth=\"0\" marginheight=\"0\" scrolling=\"no\"><\/iframe><\/p>\n","protected":false},"excerpt":{"rendered":"<p>L&rsquo;air frais, les vignobles sans fin et le parfum du vin avec la mer en toile de fond : tel \u00e9tait le cadre de la r\u00e9cente exp\u00e9rience de <em>team building<\/em> de Frecan au <em>Celler de les Aus<\/em>.<\/p>\n","protected":false},"author":8,"featured_media":11301,"comment_status":"open","ping_status":"open","sticky":false,"template":"","format":"standard","meta":{"footnotes":""},"categories":[65,82],"tags":[],"class_list":{"0":"post-11307","1":"post","2":"type-post","3":"status-publish","4":"format-standard","5":"has-post-thumbnail","7":"category-autres","8":"category-caves-a-vin-fr"},"yoast_head":"<!-- This site is optimized with the Yoast SEO plugin v24.7 - https:\/\/yoast.com\/wordpress\/plugins\/seo\/ -->\n<title>Visite de Frecan \u00e0 Alta Alella, Celler de les Aus - Blog de Frecan<\/title>\n<meta name=\"description\" content=\"Qu\u2019est-ce qu\u2019une cave \u00e0 vin ? Pourquoi est-ce essentiel ? La visite au Celler de les Aus a \u00e9t\u00e9 bien plus qu\u2019enrichissant...\" \/>\n<meta name=\"robots\" content=\"index, follow, max-snippet:-1, max-image-preview:large, max-video-preview:-1\" \/>\n<link rel=\"canonical\" href=\"https:\/\/www.frecan.es\/blog\/fr\/alta-alella-celler-de-les-aus-frecan\/\" \/>\n<meta property=\"og:locale\" content=\"fr_FR\" \/>\n<meta property=\"og:type\" content=\"article\" \/>\n<meta property=\"og:title\" content=\"Visite de Frecan \u00e0 Alta Alella, Celler de les Aus - Blog de Frecan\" \/>\n<meta property=\"og:description\" content=\"Qu\u2019est-ce qu\u2019une cave \u00e0 vin ? Pourquoi est-ce essentiel ? La visite au Celler de les Aus a \u00e9t\u00e9 bien plus qu\u2019enrichissant...\" \/>\n<meta property=\"og:url\" content=\"https:\/\/www.frecan.es\/blog\/fr\/alta-alella-celler-de-les-aus-frecan\/\" \/>\n<meta property=\"og:site_name\" content=\"Blog de Frecan\" \/>\n<meta property=\"article:published_time\" content=\"2025-01-30T08:00:00+00:00\" \/>\n<meta property=\"og:image\" content=\"https:\/\/www.frecan.es\/blog\/wp-content\/uploads\/2025\/01\/412587966.jpg\" \/>\n\t<meta property=\"og:image:width\" content=\"1080\" \/>\n\t<meta property=\"og:image:height\" content=\"1080\" \/>\n\t<meta property=\"og:image:type\" content=\"image\/jpeg\" \/>\n<meta name=\"author\" content=\"Tha\u00efs Alcal\u00e1\" \/>\n<meta name=\"twitter:card\" content=\"summary_large_image\" \/>\n<meta name=\"twitter:label1\" content=\"\u00c9crit par\" \/>\n\t<meta name=\"twitter:data1\" content=\"Tha\u00efs Alcal\u00e1\" \/>\n\t<meta name=\"twitter:label2\" content=\"Dur\u00e9e de lecture estim\u00e9e\" \/>\n\t<meta name=\"twitter:data2\" content=\"4 minutes\" \/>\n<script type=\"application\/ld+json\" class=\"yoast-schema-graph\">{\"@context\":\"https:\/\/schema.org\",\"@graph\":[{\"@type\":\"Article\",\"@id\":\"https:\/\/www.frecan.es\/blog\/fr\/alta-alella-celler-de-les-aus-frecan\/#article\",\"isPartOf\":{\"@id\":\"https:\/\/www.frecan.es\/blog\/fr\/alta-alella-celler-de-les-aus-frecan\/\"},\"author\":{\"name\":\"Tha\u00efs Alcal\u00e1\",\"@id\":\"https:\/\/www.frecan.es\/blog\/fr\/#\/schema\/person\/807ea11d2c3f88890ae67a52637b8b3c\"},\"headline\":\"Visite de Frecan \u00e0 Alta Alella, Celler de les Aus\",\"datePublished\":\"2025-01-30T08:00:00+00:00\",\"mainEntityOfPage\":{\"@id\":\"https:\/\/www.frecan.es\/blog\/fr\/alta-alella-celler-de-les-aus-frecan\/\"},\"wordCount\":756,\"commentCount\":0,\"publisher\":{\"@id\":\"https:\/\/www.frecan.es\/blog\/fr\/#organization\"},\"image\":{\"@id\":\"https:\/\/www.frecan.es\/blog\/fr\/alta-alella-celler-de-les-aus-frecan\/#primaryimage\"},\"thumbnailUrl\":\"https:\/\/www.frecan.es\/blog\/wp-content\/uploads\/2025\/01\/412587966.jpg\",\"articleSection\":[\"Autres\",\"Caves \u00e0 vin\"],\"inLanguage\":\"fr-FR\",\"potentialAction\":[{\"@type\":\"CommentAction\",\"name\":\"Comment\",\"target\":[\"https:\/\/www.frecan.es\/blog\/fr\/alta-alella-celler-de-les-aus-frecan\/#respond\"]}]},{\"@type\":\"WebPage\",\"@id\":\"https:\/\/www.frecan.es\/blog\/fr\/alta-alella-celler-de-les-aus-frecan\/\",\"url\":\"https:\/\/www.frecan.es\/blog\/fr\/alta-alella-celler-de-les-aus-frecan\/\",\"name\":\"Visite de Frecan \u00e0 Alta Alella, Celler de les Aus - Blog de Frecan\",\"isPartOf\":{\"@id\":\"https:\/\/www.frecan.es\/blog\/fr\/#website\"},\"primaryImageOfPage\":{\"@id\":\"https:\/\/www.frecan.es\/blog\/fr\/alta-alella-celler-de-les-aus-frecan\/#primaryimage\"},\"image\":{\"@id\":\"https:\/\/www.frecan.es\/blog\/fr\/alta-alella-celler-de-les-aus-frecan\/#primaryimage\"},\"thumbnailUrl\":\"https:\/\/www.frecan.es\/blog\/wp-content\/uploads\/2025\/01\/412587966.jpg\",\"datePublished\":\"2025-01-30T08:00:00+00:00\",\"description\":\"Qu\u2019est-ce qu\u2019une cave \u00e0 vin ? Pourquoi est-ce essentiel ? La visite au Celler de les Aus a \u00e9t\u00e9 bien plus qu\u2019enrichissant...\",\"breadcrumb\":{\"@id\":\"https:\/\/www.frecan.es\/blog\/fr\/alta-alella-celler-de-les-aus-frecan\/#breadcrumb\"},\"inLanguage\":\"fr-FR\",\"potentialAction\":[{\"@type\":\"ReadAction\",\"target\":[\"https:\/\/www.frecan.es\/blog\/fr\/alta-alella-celler-de-les-aus-frecan\/\"]}]},{\"@type\":\"ImageObject\",\"inLanguage\":\"fr-FR\",\"@id\":\"https:\/\/www.frecan.es\/blog\/fr\/alta-alella-celler-de-les-aus-frecan\/#primaryimage\",\"url\":\"https:\/\/www.frecan.es\/blog\/wp-content\/uploads\/2025\/01\/412587966.jpg\",\"contentUrl\":\"https:\/\/www.frecan.es\/blog\/wp-content\/uploads\/2025\/01\/412587966.jpg\",\"width\":1080,\"height\":1080,\"caption\":\"Vinoteca Frecan - Alta Alella, Celler de les Aus\"},{\"@type\":\"BreadcrumbList\",\"@id\":\"https:\/\/www.frecan.es\/blog\/fr\/alta-alella-celler-de-les-aus-frecan\/#breadcrumb\",\"itemListElement\":[{\"@type\":\"ListItem\",\"position\":1,\"name\":\"Page de Couverture\",\"item\":\"https:\/\/www.frecan.es\/blog\/fr\/\"},{\"@type\":\"ListItem\",\"position\":2,\"name\":\"Visite de Frecan \u00e0 Alta Alella, Celler de les Aus\"}]},{\"@type\":\"WebSite\",\"@id\":\"https:\/\/www.frecan.es\/blog\/fr\/#website\",\"url\":\"https:\/\/www.frecan.es\/blog\/fr\/\",\"name\":\"Blog de Frecan\",\"description\":\"Artisanat, technologie et avant-garde au c\u0153ur de votre cuisine\",\"publisher\":{\"@id\":\"https:\/\/www.frecan.es\/blog\/fr\/#organization\"},\"potentialAction\":[{\"@type\":\"SearchAction\",\"target\":{\"@type\":\"EntryPoint\",\"urlTemplate\":\"https:\/\/www.frecan.es\/blog\/fr\/?s={search_term_string}\"},\"query-input\":{\"@type\":\"PropertyValueSpecification\",\"valueRequired\":true,\"valueName\":\"search_term_string\"}}],\"inLanguage\":\"fr-FR\"},{\"@type\":\"Organization\",\"@id\":\"https:\/\/www.frecan.es\/blog\/fr\/#organization\",\"name\":\"Frecan\",\"url\":\"https:\/\/www.frecan.es\/blog\/fr\/\",\"logo\":{\"@type\":\"ImageObject\",\"inLanguage\":\"fr-FR\",\"@id\":\"https:\/\/www.frecan.es\/blog\/fr\/#\/schema\/logo\/image\/\",\"url\":\"https:\/\/www.frecan.es\/blog\/wp-content\/uploads\/2016\/02\/logo-frecan.png\",\"contentUrl\":\"https:\/\/www.frecan.es\/blog\/wp-content\/uploads\/2016\/02\/logo-frecan.png\",\"width\":250,\"height\":27,\"caption\":\"Frecan\"},\"image\":{\"@id\":\"https:\/\/www.frecan.es\/blog\/fr\/#\/schema\/logo\/image\/\"}},{\"@type\":\"Person\",\"@id\":\"https:\/\/www.frecan.es\/blog\/fr\/#\/schema\/person\/807ea11d2c3f88890ae67a52637b8b3c\",\"name\":\"Tha\u00efs Alcal\u00e1\",\"image\":{\"@type\":\"ImageObject\",\"inLanguage\":\"fr-FR\",\"@id\":\"https:\/\/www.frecan.es\/blog\/fr\/#\/schema\/person\/image\/\",\"url\":\"https:\/\/secure.gravatar.com\/avatar\/ad063cd811075f52af0714b5e973cd08?s=96&d=mm&r=g\",\"contentUrl\":\"https:\/\/secure.gravatar.com\/avatar\/ad063cd811075f52af0714b5e973cd08?s=96&d=mm&r=g\",\"caption\":\"Tha\u00efs Alcal\u00e1\"},\"sameAs\":[\"http:\/\/www.frecan.es\"]}]}<\/script>\n<!-- \/ Yoast SEO plugin. -->","yoast_head_json":{"title":"Visite de Frecan \u00e0 Alta Alella, Celler de les Aus - Blog de Frecan","description":"Qu\u2019est-ce qu\u2019une cave \u00e0 vin ? Pourquoi est-ce essentiel ? La visite au Celler de les Aus a \u00e9t\u00e9 bien plus qu\u2019enrichissant...","robots":{"index":"index","follow":"follow","max-snippet":"max-snippet:-1","max-image-preview":"max-image-preview:large","max-video-preview":"max-video-preview:-1"},"canonical":"https:\/\/www.frecan.es\/blog\/fr\/alta-alella-celler-de-les-aus-frecan\/","og_locale":"fr_FR","og_type":"article","og_title":"Visite de Frecan \u00e0 Alta Alella, Celler de les Aus - Blog de Frecan","og_description":"Qu\u2019est-ce qu\u2019une cave \u00e0 vin ? Pourquoi est-ce essentiel ? La visite au Celler de les Aus a \u00e9t\u00e9 bien plus qu\u2019enrichissant...","og_url":"https:\/\/www.frecan.es\/blog\/fr\/alta-alella-celler-de-les-aus-frecan\/","og_site_name":"Blog de Frecan","article_published_time":"2025-01-30T08:00:00+00:00","og_image":[{"width":1080,"height":1080,"url":"https:\/\/www.frecan.es\/blog\/wp-content\/uploads\/2025\/01\/412587966.jpg","type":"image\/jpeg"}],"author":"Tha\u00efs Alcal\u00e1","twitter_card":"summary_large_image","twitter_misc":{"\u00c9crit par":"Tha\u00efs Alcal\u00e1","Dur\u00e9e de lecture estim\u00e9e":"4 minutes"},"schema":{"@context":"https:\/\/schema.org","@graph":[{"@type":"Article","@id":"https:\/\/www.frecan.es\/blog\/fr\/alta-alella-celler-de-les-aus-frecan\/#article","isPartOf":{"@id":"https:\/\/www.frecan.es\/blog\/fr\/alta-alella-celler-de-les-aus-frecan\/"},"author":{"name":"Tha\u00efs Alcal\u00e1","@id":"https:\/\/www.frecan.es\/blog\/fr\/#\/schema\/person\/807ea11d2c3f88890ae67a52637b8b3c"},"headline":"Visite de Frecan \u00e0 Alta Alella, Celler de les Aus","datePublished":"2025-01-30T08:00:00+00:00","mainEntityOfPage":{"@id":"https:\/\/www.frecan.es\/blog\/fr\/alta-alella-celler-de-les-aus-frecan\/"},"wordCount":756,"commentCount":0,"publisher":{"@id":"https:\/\/www.frecan.es\/blog\/fr\/#organization"},"image":{"@id":"https:\/\/www.frecan.es\/blog\/fr\/alta-alella-celler-de-les-aus-frecan\/#primaryimage"},"thumbnailUrl":"https:\/\/www.frecan.es\/blog\/wp-content\/uploads\/2025\/01\/412587966.jpg","articleSection":["Autres","Caves \u00e0 vin"],"inLanguage":"fr-FR","potentialAction":[{"@type":"CommentAction","name":"Comment","target":["https:\/\/www.frecan.es\/blog\/fr\/alta-alella-celler-de-les-aus-frecan\/#respond"]}]},{"@type":"WebPage","@id":"https:\/\/www.frecan.es\/blog\/fr\/alta-alella-celler-de-les-aus-frecan\/","url":"https:\/\/www.frecan.es\/blog\/fr\/alta-alella-celler-de-les-aus-frecan\/","name":"Visite de Frecan \u00e0 Alta Alella, Celler de les Aus - Blog de Frecan","isPartOf":{"@id":"https:\/\/www.frecan.es\/blog\/fr\/#website"},"primaryImageOfPage":{"@id":"https:\/\/www.frecan.es\/blog\/fr\/alta-alella-celler-de-les-aus-frecan\/#primaryimage"},"image":{"@id":"https:\/\/www.frecan.es\/blog\/fr\/alta-alella-celler-de-les-aus-frecan\/#primaryimage"},"thumbnailUrl":"https:\/\/www.frecan.es\/blog\/wp-content\/uploads\/2025\/01\/412587966.jpg","datePublished":"2025-01-30T08:00:00+00:00","description":"Qu\u2019est-ce qu\u2019une cave \u00e0 vin ? Pourquoi est-ce essentiel ? La visite au Celler de les Aus a \u00e9t\u00e9 bien plus qu\u2019enrichissant...","breadcrumb":{"@id":"https:\/\/www.frecan.es\/blog\/fr\/alta-alella-celler-de-les-aus-frecan\/#breadcrumb"},"inLanguage":"fr-FR","potentialAction":[{"@type":"ReadAction","target":["https:\/\/www.frecan.es\/blog\/fr\/alta-alella-celler-de-les-aus-frecan\/"]}]},{"@type":"ImageObject","inLanguage":"fr-FR","@id":"https:\/\/www.frecan.es\/blog\/fr\/alta-alella-celler-de-les-aus-frecan\/#primaryimage","url":"https:\/\/www.frecan.es\/blog\/wp-content\/uploads\/2025\/01\/412587966.jpg","contentUrl":"https:\/\/www.frecan.es\/blog\/wp-content\/uploads\/2025\/01\/412587966.jpg","width":1080,"height":1080,"caption":"Vinoteca Frecan - Alta Alella, Celler de les Aus"},{"@type":"BreadcrumbList","@id":"https:\/\/www.frecan.es\/blog\/fr\/alta-alella-celler-de-les-aus-frecan\/#breadcrumb","itemListElement":[{"@type":"ListItem","position":1,"name":"Page de Couverture","item":"https:\/\/www.frecan.es\/blog\/fr\/"},{"@type":"ListItem","position":2,"name":"Visite de Frecan \u00e0 Alta Alella, Celler de les Aus"}]},{"@type":"WebSite","@id":"https:\/\/www.frecan.es\/blog\/fr\/#website","url":"https:\/\/www.frecan.es\/blog\/fr\/","name":"Blog de Frecan","description":"Artisanat, technologie et avant-garde au c\u0153ur de votre cuisine","publisher":{"@id":"https:\/\/www.frecan.es\/blog\/fr\/#organization"},"potentialAction":[{"@type":"SearchAction","target":{"@type":"EntryPoint","urlTemplate":"https:\/\/www.frecan.es\/blog\/fr\/?s={search_term_string}"},"query-input":{"@type":"PropertyValueSpecification","valueRequired":true,"valueName":"search_term_string"}}],"inLanguage":"fr-FR"},{"@type":"Organization","@id":"https:\/\/www.frecan.es\/blog\/fr\/#organization","name":"Frecan","url":"https:\/\/www.frecan.es\/blog\/fr\/","logo":{"@type":"ImageObject","inLanguage":"fr-FR","@id":"https:\/\/www.frecan.es\/blog\/fr\/#\/schema\/logo\/image\/","url":"https:\/\/www.frecan.es\/blog\/wp-content\/uploads\/2016\/02\/logo-frecan.png","contentUrl":"https:\/\/www.frecan.es\/blog\/wp-content\/uploads\/2016\/02\/logo-frecan.png","width":250,"height":27,"caption":"Frecan"},"image":{"@id":"https:\/\/www.frecan.es\/blog\/fr\/#\/schema\/logo\/image\/"}},{"@type":"Person","@id":"https:\/\/www.frecan.es\/blog\/fr\/#\/schema\/person\/807ea11d2c3f88890ae67a52637b8b3c","name":"Tha\u00efs Alcal\u00e1","image":{"@type":"ImageObject","inLanguage":"fr-FR","@id":"https:\/\/www.frecan.es\/blog\/fr\/#\/schema\/person\/image\/","url":"https:\/\/secure.gravatar.com\/avatar\/ad063cd811075f52af0714b5e973cd08?s=96&d=mm&r=g","contentUrl":"https:\/\/secure.gravatar.com\/avatar\/ad063cd811075f52af0714b5e973cd08?s=96&d=mm&r=g","caption":"Tha\u00efs Alcal\u00e1"},"sameAs":["http:\/\/www.frecan.es"]}]}},"_links":{"self":[{"href":"https:\/\/www.frecan.es\/blog\/fr\/wp-json\/wp\/v2\/posts\/11307","targetHints":{"allow":["GET"]}}],"collection":[{"href":"https:\/\/www.frecan.es\/blog\/fr\/wp-json\/wp\/v2\/posts"}],"about":[{"href":"https:\/\/www.frecan.es\/blog\/fr\/wp-json\/wp\/v2\/types\/post"}],"author":[{"embeddable":true,"href":"https:\/\/www.frecan.es\/blog\/fr\/wp-json\/wp\/v2\/users\/8"}],"replies":[{"embeddable":true,"href":"https:\/\/www.frecan.es\/blog\/fr\/wp-json\/wp\/v2\/comments?post=11307"}],"version-history":[{"count":5,"href":"https:\/\/www.frecan.es\/blog\/fr\/wp-json\/wp\/v2\/posts\/11307\/revisions"}],"predecessor-version":[{"id":11327,"href":"https:\/\/www.frecan.es\/blog\/fr\/wp-json\/wp\/v2\/posts\/11307\/revisions\/11327"}],"wp:featuredmedia":[{"embeddable":true,"href":"https:\/\/www.frecan.es\/blog\/fr\/wp-json\/wp\/v2\/media\/11301"}],"wp:attachment":[{"href":"https:\/\/www.frecan.es\/blog\/fr\/wp-json\/wp\/v2\/media?parent=11307"}],"wp:term":[{"taxonomy":"category","embeddable":true,"href":"https:\/\/www.frecan.es\/blog\/fr\/wp-json\/wp\/v2\/categories?post=11307"},{"taxonomy":"post_tag","embeddable":true,"href":"https:\/\/www.frecan.es\/blog\/fr\/wp-json\/wp\/v2\/tags?post=11307"}],"curies":[{"name":"wp","href":"https:\/\/api.w.org\/{rel}","templated":true}]}}