{"id":11012,"date":"2024-11-28T11:34:14","date_gmt":"2024-11-28T09:34:14","guid":{"rendered":"https:\/\/www.frecan.es\/blog\/motor-360-espiral\/"},"modified":"2024-11-28T12:50:37","modified_gmt":"2024-11-28T10:50:37","slug":"moteur-360o-spiral","status":"publish","type":"post","link":"https:\/\/www.frecan.es\/blog\/fr\/moteur-360o-spiral\/","title":{"rendered":"Saviez-vous que le Moteur 360\u00ba Spiral est d\u00e9sormais plus silencieux que jamais ?"},"content":{"rendered":"<h2><span style=\"color: #808080;\"><b>Le Moteur 360\u00ba Spiral ne red\u00e9finit pas seulement la puissance et l&rsquo;efficacit\u00e9, il int\u00e8gre \u00e9galement une nouveaut\u00e9 qui le rend encore plus exceptionnel.<\/b><\/span><br \/>\n<!--more--><\/h2>\n<h2><a href=\"https:\/\/www.frecan.fr\/hottes\/plafonnieres\/\" target=\"_blank\" rel=\"noopener\"><img loading=\"lazy\" decoding=\"async\" width=\"1900\" height=\"699\" class=\"aligncenter wp-image-11006 size-full\" src=\"https:\/\/www.frecan.es\/blog\/wp-content\/uploads\/2024\/11\/360-2024.gif\" class=\"light\"><\/a><\/h2>\n<p>Chez Frecan, nous nous engageons pour l&rsquo;innovation, le respect de l&rsquo;environnement et la cr\u00e9ation de produits qui font la diff\u00e9rence dans votre cuisine. Notre Moteur 360\u00ba Spiral A+++ incarne cette vision : une combinaison parfaite d&rsquo;efficacit\u00e9 \u00e9nerg\u00e9tique, de durabilit\u00e9 et de performance.<\/p>\n<h4><strong>Performances maximales avec moins d&rsquo;effort<\/strong><\/h4>\n<p>Le Moteur 360\u00ba Spiral ne red\u00e9finit pas seulement la puissance et l&rsquo;efficacit\u00e9, il int\u00e8gre \u00e9galement une nouveaut\u00e9 qui le rend encore plus exceptionnel : un <strong>mat\u00e9riau phonique absorbant pour r\u00e9duire encore davantage les niveaux sonores<\/strong>. Cela signifie que vous pouvez profiter d&rsquo;<strong>une cuisine plus silencieuse<\/strong> tout en b\u00e9n\u00e9ficiant d&rsquo;une performance optimale.<\/p>\n<p>Gr\u00e2ce \u00e0 son a\u00e9rodynamisme avanc\u00e9, ce moteur utilise moins d&rsquo;\u00e9nergie pour obtenir de meilleurs r\u00e9sultats, r\u00e9duisant ainsi la consommation \u00e9nerg\u00e9tique sans compromettre les performances. Cela en fait un choix id\u00e9al parmi les meilleures classes \u00e9nerg\u00e9tiques<strong><span style=\"color: #99cc00;\">A++<\/span> <\/strong>et<strong> <span style=\"color: #339966;\">A+++<\/span><\/strong>.<\/p>\n<h4><strong>Un engagement envers la durabilit\u00e9<\/strong><\/h4>\n<p>Le respect de l&rsquo;environnement guide chacune de nos actions chez Frecan. C&rsquo;est pourquoi le Moteur 360\u00ba Spiral est <strong>fabriqu\u00e9 \u00e0 partir de mat\u00e9riaux recycl\u00e9s<\/strong>, offrant une grande r\u00e9sistance m\u00e9canique et la capacit\u00e9 de fonctionner \u00e0 des temp\u00e9ratures \u00e9lev\u00e9es.<\/p>\n<h4><strong>Pourquoi 360\u00ba ?<\/strong><\/h4>\n<p>Le moteur rotatif 360\u00ba est con\u00e7u pour simplifier au maximum l&rsquo;installation de nos hottes. Son <strong>syst\u00e8me rotatif<\/strong> permet de positionner les conduits d&rsquo;extraction dans toutes les directions, ce qui le rend id\u00e9al m\u00eame pour les cuisines murales ou les situations avec des obstacles dans les faux plafonds.<\/p>\n<p>Avec le Moteur 360\u00ba Spiral, tout devient simple : ajustez le moteur \u00e0 l&rsquo;angle requis, serrez les vis et c&rsquo;est tout. Ce design garantit non seulement un confort pour l&rsquo;installateur mais \u00e9galement une plus grande polyvalence pour tout type de cuisine<\/p>\n<h4><strong>Le c\u0153ur de nos hottes de plafond<\/strong><\/h4>\n<p>Le Moteur 360\u00ba Spiral n&rsquo;est pas seulement un \u00e9l\u00e9ment cl\u00e9 de notre engagement envers la durabilit\u00e9 et les performances, il am\u00e9liore \u00e9galement toute notre gamme de hottes de plafond. Gr\u00e2ce \u00e0 sa capacit\u00e9 \u00e0 allier <strong>efficacit\u00e9, silence et durabilit\u00e9<\/strong>, chaque hotte \u00e9quip\u00e9e de ce moteur garantit une exp\u00e9rience de cuisine plus agr\u00e9able et confortable.<\/p>\n<p>D\u00e9couvrez dans <a href=\"https:\/\/www.downloads.frecan.com\/\">notre catalogue<\/a> comment le nouveau Moteur 360\u00ba Spiral A+++ peut transformer votre cuisine, en offrant l&rsquo;\u00e9quilibre parfait entre technologie, design et respect de l&rsquo;environnement.<\/p>\n<p><a href=\"https:\/\/www.frecan.fr\/hottes\/plafonnieres\/\">D\u00e9couvrez nos hottes de plafond<\/a><\/p>\n<h4>En savoir plus<\/h4>\n<blockquote class=\"wp-embedded-content\" data-secret=\"5cRY1tYUX4\"><p><a href=\"https:\/\/www.frecan.es\/blog\/fr\/filtres-textiles-charbon-actif\/\">Filtros textiles de carb\u00f3n activo<\/a><\/p><\/blockquote>\n<p><iframe loading=\"lazy\" class=\"wp-embedded-content\" sandbox=\"allow-scripts\" security=\"restricted\" style=\"position: absolute; visibility: hidden;\" title=\"\u00ab\u00a0Filtros textiles de carb\u00f3n activo\u00a0\u00bb &#8212; Blog de Frecan\" src=\"https:\/\/www.frecan.es\/blog\/fr\/filtres-textiles-charbon-actif\/embed\/#?secret=z8CUUYpHxy#?secret=5cRY1tYUX4\" data-secret=\"5cRY1tYUX4\" width=\"600\" height=\"338\" frameborder=\"0\" marginwidth=\"0\" marginheight=\"0\" scrolling=\"no\"><\/iframe><\/p>\n<blockquote class=\"wp-embedded-content\" data-secret=\"aa5wo3fI7s\"><p><a href=\"https:\/\/www.frecan.es\/blog\/fr\/nouveau-catalogue-2025\/\">Nuevo Cat\u00e1logo: Aspiraci\u00f3n y cocci\u00f3n para cocinas modernas<\/a><\/p><\/blockquote>\n<p><iframe loading=\"lazy\" class=\"wp-embedded-content\" sandbox=\"allow-scripts\" security=\"restricted\" style=\"position: absolute; visibility: hidden;\" title=\"\u00ab\u00a0Nuevo Cat\u00e1logo: Aspiraci\u00f3n y cocci\u00f3n para cocinas modernas\u00a0\u00bb &#8212; Blog de Frecan\" src=\"https:\/\/www.frecan.es\/blog\/fr\/nouveau-catalogue-2025\/embed\/#?secret=ep7BFkKeMK#?secret=aa5wo3fI7s\" data-secret=\"aa5wo3fI7s\" width=\"600\" height=\"338\" frameborder=\"0\" marginwidth=\"0\" marginheight=\"0\" scrolling=\"no\"><\/iframe><\/p>\n","protected":false},"excerpt":{"rendered":"<p>Le Moteur 360\u00ba Spiral ne red\u00e9finit pas seulement la puissance et l&rsquo;efficacit\u00e9, il int\u00e8gre \u00e9galement une nouveaut\u00e9 qui le rend encore plus exceptionnel.<\/p>\n","protected":false},"author":8,"featured_media":11019,"comment_status":"open","ping_status":"open","sticky":false,"template":"","format":"standard","meta":{"footnotes":""},"categories":[56],"tags":[],"class_list":{"0":"post-11012","1":"post","2":"type-post","3":"status-publish","4":"format-standard","5":"has-post-thumbnail","7":"category-non-classe"},"yoast_head":"<!-- This site is optimized with the Yoast SEO plugin v24.7 - https:\/\/yoast.com\/wordpress\/plugins\/seo\/ -->\n<title>Saviez-vous que le Moteur 360\u00ba Spiral est d\u00e9sormais plus silencieux que jamais ? - Blog de Frecan<\/title>\n<meta name=\"description\" content=\"Le Moteur 360\u00ba Spiral ne red\u00e9finit pas seulement la puissance et l&#039;efficacit\u00e9, il int\u00e8gre \u00e9galement une nouveaut\u00e9 qui le rend encore plus exceptionnel...\" \/>\n<meta name=\"robots\" content=\"index, follow, max-snippet:-1, max-image-preview:large, max-video-preview:-1\" \/>\n<link rel=\"canonical\" href=\"https:\/\/www.frecan.es\/blog\/fr\/moteur-360o-spiral\/\" \/>\n<meta property=\"og:locale\" content=\"fr_FR\" \/>\n<meta property=\"og:type\" content=\"article\" \/>\n<meta property=\"og:title\" content=\"Saviez-vous que le Moteur 360\u00ba Spiral est d\u00e9sormais plus silencieux que jamais ? - Blog de Frecan\" \/>\n<meta property=\"og:description\" content=\"Le Moteur 360\u00ba Spiral ne red\u00e9finit pas seulement la puissance et l&#039;efficacit\u00e9, il int\u00e8gre \u00e9galement une nouveaut\u00e9 qui le rend encore plus exceptionnel...\" \/>\n<meta property=\"og:url\" content=\"https:\/\/www.frecan.es\/blog\/fr\/moteur-360o-spiral\/\" \/>\n<meta property=\"og:site_name\" content=\"Blog de Frecan\" \/>\n<meta property=\"article:published_time\" content=\"2024-11-28T09:34:14+00:00\" \/>\n<meta property=\"article:modified_time\" content=\"2024-11-28T10:50:37+00:00\" \/>\n<meta property=\"og:image\" content=\"https:\/\/www.frecan.es\/blog\/wp-content\/uploads\/2024\/11\/360-2025.jpg\" \/>\n\t<meta property=\"og:image:width\" content=\"1080\" \/>\n\t<meta property=\"og:image:height\" content=\"1081\" \/>\n\t<meta property=\"og:image:type\" content=\"image\/jpeg\" \/>\n<meta name=\"author\" content=\"Tha\u00efs Alcal\u00e1\" \/>\n<meta name=\"twitter:card\" content=\"summary_large_image\" \/>\n<meta name=\"twitter:label1\" content=\"\u00c9crit par\" \/>\n\t<meta name=\"twitter:data1\" content=\"Tha\u00efs Alcal\u00e1\" \/>\n\t<meta name=\"twitter:label2\" content=\"Dur\u00e9e de lecture estim\u00e9e\" \/>\n\t<meta name=\"twitter:data2\" content=\"3 minutes\" \/>\n<script type=\"application\/ld+json\" class=\"yoast-schema-graph\">{\"@context\":\"https:\/\/schema.org\",\"@graph\":[{\"@type\":\"Article\",\"@id\":\"https:\/\/www.frecan.es\/blog\/fr\/moteur-360o-spiral\/#article\",\"isPartOf\":{\"@id\":\"https:\/\/www.frecan.es\/blog\/fr\/moteur-360o-spiral\/\"},\"author\":{\"name\":\"Tha\u00efs Alcal\u00e1\",\"@id\":\"https:\/\/www.frecan.es\/blog\/fr\/#\/schema\/person\/807ea11d2c3f88890ae67a52637b8b3c\"},\"headline\":\"Saviez-vous que le Moteur 360\u00ba Spiral est d\u00e9sormais plus silencieux que jamais ?\",\"datePublished\":\"2024-11-28T09:34:14+00:00\",\"dateModified\":\"2024-11-28T10:50:37+00:00\",\"mainEntityOfPage\":{\"@id\":\"https:\/\/www.frecan.es\/blog\/fr\/moteur-360o-spiral\/\"},\"wordCount\":433,\"commentCount\":0,\"publisher\":{\"@id\":\"https:\/\/www.frecan.es\/blog\/fr\/#organization\"},\"image\":{\"@id\":\"https:\/\/www.frecan.es\/blog\/fr\/moteur-360o-spiral\/#primaryimage\"},\"thumbnailUrl\":\"https:\/\/www.frecan.es\/blog\/wp-content\/uploads\/2024\/11\/360-2025.jpg\",\"inLanguage\":\"fr-FR\",\"potentialAction\":[{\"@type\":\"CommentAction\",\"name\":\"Comment\",\"target\":[\"https:\/\/www.frecan.es\/blog\/fr\/moteur-360o-spiral\/#respond\"]}]},{\"@type\":\"WebPage\",\"@id\":\"https:\/\/www.frecan.es\/blog\/fr\/moteur-360o-spiral\/\",\"url\":\"https:\/\/www.frecan.es\/blog\/fr\/moteur-360o-spiral\/\",\"name\":\"Saviez-vous que le Moteur 360\u00ba Spiral est d\u00e9sormais plus silencieux que jamais ? - Blog de Frecan\",\"isPartOf\":{\"@id\":\"https:\/\/www.frecan.es\/blog\/fr\/#website\"},\"primaryImageOfPage\":{\"@id\":\"https:\/\/www.frecan.es\/blog\/fr\/moteur-360o-spiral\/#primaryimage\"},\"image\":{\"@id\":\"https:\/\/www.frecan.es\/blog\/fr\/moteur-360o-spiral\/#primaryimage\"},\"thumbnailUrl\":\"https:\/\/www.frecan.es\/blog\/wp-content\/uploads\/2024\/11\/360-2025.jpg\",\"datePublished\":\"2024-11-28T09:34:14+00:00\",\"dateModified\":\"2024-11-28T10:50:37+00:00\",\"description\":\"Le Moteur 360\u00ba Spiral ne red\u00e9finit pas seulement la puissance et l'efficacit\u00e9, il int\u00e8gre \u00e9galement une nouveaut\u00e9 qui le rend encore plus exceptionnel...\",\"breadcrumb\":{\"@id\":\"https:\/\/www.frecan.es\/blog\/fr\/moteur-360o-spiral\/#breadcrumb\"},\"inLanguage\":\"fr-FR\",\"potentialAction\":[{\"@type\":\"ReadAction\",\"target\":[\"https:\/\/www.frecan.es\/blog\/fr\/moteur-360o-spiral\/\"]}]},{\"@type\":\"ImageObject\",\"inLanguage\":\"fr-FR\",\"@id\":\"https:\/\/www.frecan.es\/blog\/fr\/moteur-360o-spiral\/#primaryimage\",\"url\":\"https:\/\/www.frecan.es\/blog\/wp-content\/uploads\/2024\/11\/360-2025.jpg\",\"contentUrl\":\"https:\/\/www.frecan.es\/blog\/wp-content\/uploads\/2024\/11\/360-2025.jpg\",\"width\":1080,\"height\":1081,\"caption\":\"Motor Espiral 360 Frecan\"},{\"@type\":\"BreadcrumbList\",\"@id\":\"https:\/\/www.frecan.es\/blog\/fr\/moteur-360o-spiral\/#breadcrumb\",\"itemListElement\":[{\"@type\":\"ListItem\",\"position\":1,\"name\":\"Page de Couverture\",\"item\":\"https:\/\/www.frecan.es\/blog\/fr\/\"},{\"@type\":\"ListItem\",\"position\":2,\"name\":\"Saviez-vous que le Moteur 360\u00ba Spiral est d\u00e9sormais plus silencieux que jamais ?\"}]},{\"@type\":\"WebSite\",\"@id\":\"https:\/\/www.frecan.es\/blog\/fr\/#website\",\"url\":\"https:\/\/www.frecan.es\/blog\/fr\/\",\"name\":\"Blog de Frecan\",\"description\":\"Artisanat, technologie et avant-garde au c\u0153ur de votre cuisine\",\"publisher\":{\"@id\":\"https:\/\/www.frecan.es\/blog\/fr\/#organization\"},\"potentialAction\":[{\"@type\":\"SearchAction\",\"target\":{\"@type\":\"EntryPoint\",\"urlTemplate\":\"https:\/\/www.frecan.es\/blog\/fr\/?s={search_term_string}\"},\"query-input\":{\"@type\":\"PropertyValueSpecification\",\"valueRequired\":true,\"valueName\":\"search_term_string\"}}],\"inLanguage\":\"fr-FR\"},{\"@type\":\"Organization\",\"@id\":\"https:\/\/www.frecan.es\/blog\/fr\/#organization\",\"name\":\"Frecan\",\"url\":\"https:\/\/www.frecan.es\/blog\/fr\/\",\"logo\":{\"@type\":\"ImageObject\",\"inLanguage\":\"fr-FR\",\"@id\":\"https:\/\/www.frecan.es\/blog\/fr\/#\/schema\/logo\/image\/\",\"url\":\"https:\/\/www.frecan.es\/blog\/wp-content\/uploads\/2016\/02\/logo-frecan.png\",\"contentUrl\":\"https:\/\/www.frecan.es\/blog\/wp-content\/uploads\/2016\/02\/logo-frecan.png\",\"width\":250,\"height\":27,\"caption\":\"Frecan\"},\"image\":{\"@id\":\"https:\/\/www.frecan.es\/blog\/fr\/#\/schema\/logo\/image\/\"}},{\"@type\":\"Person\",\"@id\":\"https:\/\/www.frecan.es\/blog\/fr\/#\/schema\/person\/807ea11d2c3f88890ae67a52637b8b3c\",\"name\":\"Tha\u00efs Alcal\u00e1\",\"image\":{\"@type\":\"ImageObject\",\"inLanguage\":\"fr-FR\",\"@id\":\"https:\/\/www.frecan.es\/blog\/fr\/#\/schema\/person\/image\/\",\"url\":\"https:\/\/secure.gravatar.com\/avatar\/ad063cd811075f52af0714b5e973cd08?s=96&d=mm&r=g\",\"contentUrl\":\"https:\/\/secure.gravatar.com\/avatar\/ad063cd811075f52af0714b5e973cd08?s=96&d=mm&r=g\",\"caption\":\"Tha\u00efs Alcal\u00e1\"},\"sameAs\":[\"http:\/\/www.frecan.es\"]}]}<\/script>\n<!-- \/ Yoast SEO plugin. -->","yoast_head_json":{"title":"Saviez-vous que le Moteur 360\u00ba Spiral est d\u00e9sormais plus silencieux que jamais ? - Blog de Frecan","description":"Le Moteur 360\u00ba Spiral ne red\u00e9finit pas seulement la puissance et l'efficacit\u00e9, il int\u00e8gre \u00e9galement une nouveaut\u00e9 qui le rend encore plus exceptionnel...","robots":{"index":"index","follow":"follow","max-snippet":"max-snippet:-1","max-image-preview":"max-image-preview:large","max-video-preview":"max-video-preview:-1"},"canonical":"https:\/\/www.frecan.es\/blog\/fr\/moteur-360o-spiral\/","og_locale":"fr_FR","og_type":"article","og_title":"Saviez-vous que le Moteur 360\u00ba Spiral est d\u00e9sormais plus silencieux que jamais ? - Blog de Frecan","og_description":"Le Moteur 360\u00ba Spiral ne red\u00e9finit pas seulement la puissance et l'efficacit\u00e9, il int\u00e8gre \u00e9galement une nouveaut\u00e9 qui le rend encore plus exceptionnel...","og_url":"https:\/\/www.frecan.es\/blog\/fr\/moteur-360o-spiral\/","og_site_name":"Blog de Frecan","article_published_time":"2024-11-28T09:34:14+00:00","article_modified_time":"2024-11-28T10:50:37+00:00","og_image":[{"width":1080,"height":1081,"url":"https:\/\/www.frecan.es\/blog\/wp-content\/uploads\/2024\/11\/360-2025.jpg","type":"image\/jpeg"}],"author":"Tha\u00efs Alcal\u00e1","twitter_card":"summary_large_image","twitter_misc":{"\u00c9crit par":"Tha\u00efs Alcal\u00e1","Dur\u00e9e de lecture estim\u00e9e":"3 minutes"},"schema":{"@context":"https:\/\/schema.org","@graph":[{"@type":"Article","@id":"https:\/\/www.frecan.es\/blog\/fr\/moteur-360o-spiral\/#article","isPartOf":{"@id":"https:\/\/www.frecan.es\/blog\/fr\/moteur-360o-spiral\/"},"author":{"name":"Tha\u00efs Alcal\u00e1","@id":"https:\/\/www.frecan.es\/blog\/fr\/#\/schema\/person\/807ea11d2c3f88890ae67a52637b8b3c"},"headline":"Saviez-vous que le Moteur 360\u00ba Spiral est d\u00e9sormais plus silencieux que jamais ?","datePublished":"2024-11-28T09:34:14+00:00","dateModified":"2024-11-28T10:50:37+00:00","mainEntityOfPage":{"@id":"https:\/\/www.frecan.es\/blog\/fr\/moteur-360o-spiral\/"},"wordCount":433,"commentCount":0,"publisher":{"@id":"https:\/\/www.frecan.es\/blog\/fr\/#organization"},"image":{"@id":"https:\/\/www.frecan.es\/blog\/fr\/moteur-360o-spiral\/#primaryimage"},"thumbnailUrl":"https:\/\/www.frecan.es\/blog\/wp-content\/uploads\/2024\/11\/360-2025.jpg","inLanguage":"fr-FR","potentialAction":[{"@type":"CommentAction","name":"Comment","target":["https:\/\/www.frecan.es\/blog\/fr\/moteur-360o-spiral\/#respond"]}]},{"@type":"WebPage","@id":"https:\/\/www.frecan.es\/blog\/fr\/moteur-360o-spiral\/","url":"https:\/\/www.frecan.es\/blog\/fr\/moteur-360o-spiral\/","name":"Saviez-vous que le Moteur 360\u00ba Spiral est d\u00e9sormais plus silencieux que jamais ? - Blog de Frecan","isPartOf":{"@id":"https:\/\/www.frecan.es\/blog\/fr\/#website"},"primaryImageOfPage":{"@id":"https:\/\/www.frecan.es\/blog\/fr\/moteur-360o-spiral\/#primaryimage"},"image":{"@id":"https:\/\/www.frecan.es\/blog\/fr\/moteur-360o-spiral\/#primaryimage"},"thumbnailUrl":"https:\/\/www.frecan.es\/blog\/wp-content\/uploads\/2024\/11\/360-2025.jpg","datePublished":"2024-11-28T09:34:14+00:00","dateModified":"2024-11-28T10:50:37+00:00","description":"Le Moteur 360\u00ba Spiral ne red\u00e9finit pas seulement la puissance et l'efficacit\u00e9, il int\u00e8gre \u00e9galement une nouveaut\u00e9 qui le rend encore plus exceptionnel...","breadcrumb":{"@id":"https:\/\/www.frecan.es\/blog\/fr\/moteur-360o-spiral\/#breadcrumb"},"inLanguage":"fr-FR","potentialAction":[{"@type":"ReadAction","target":["https:\/\/www.frecan.es\/blog\/fr\/moteur-360o-spiral\/"]}]},{"@type":"ImageObject","inLanguage":"fr-FR","@id":"https:\/\/www.frecan.es\/blog\/fr\/moteur-360o-spiral\/#primaryimage","url":"https:\/\/www.frecan.es\/blog\/wp-content\/uploads\/2024\/11\/360-2025.jpg","contentUrl":"https:\/\/www.frecan.es\/blog\/wp-content\/uploads\/2024\/11\/360-2025.jpg","width":1080,"height":1081,"caption":"Motor Espiral 360 Frecan"},{"@type":"BreadcrumbList","@id":"https:\/\/www.frecan.es\/blog\/fr\/moteur-360o-spiral\/#breadcrumb","itemListElement":[{"@type":"ListItem","position":1,"name":"Page de Couverture","item":"https:\/\/www.frecan.es\/blog\/fr\/"},{"@type":"ListItem","position":2,"name":"Saviez-vous que le Moteur 360\u00ba Spiral est d\u00e9sormais plus silencieux que jamais ?"}]},{"@type":"WebSite","@id":"https:\/\/www.frecan.es\/blog\/fr\/#website","url":"https:\/\/www.frecan.es\/blog\/fr\/","name":"Blog de Frecan","description":"Artisanat, technologie et avant-garde au c\u0153ur de votre cuisine","publisher":{"@id":"https:\/\/www.frecan.es\/blog\/fr\/#organization"},"potentialAction":[{"@type":"SearchAction","target":{"@type":"EntryPoint","urlTemplate":"https:\/\/www.frecan.es\/blog\/fr\/?s={search_term_string}"},"query-input":{"@type":"PropertyValueSpecification","valueRequired":true,"valueName":"search_term_string"}}],"inLanguage":"fr-FR"},{"@type":"Organization","@id":"https:\/\/www.frecan.es\/blog\/fr\/#organization","name":"Frecan","url":"https:\/\/www.frecan.es\/blog\/fr\/","logo":{"@type":"ImageObject","inLanguage":"fr-FR","@id":"https:\/\/www.frecan.es\/blog\/fr\/#\/schema\/logo\/image\/","url":"https:\/\/www.frecan.es\/blog\/wp-content\/uploads\/2016\/02\/logo-frecan.png","contentUrl":"https:\/\/www.frecan.es\/blog\/wp-content\/uploads\/2016\/02\/logo-frecan.png","width":250,"height":27,"caption":"Frecan"},"image":{"@id":"https:\/\/www.frecan.es\/blog\/fr\/#\/schema\/logo\/image\/"}},{"@type":"Person","@id":"https:\/\/www.frecan.es\/blog\/fr\/#\/schema\/person\/807ea11d2c3f88890ae67a52637b8b3c","name":"Tha\u00efs Alcal\u00e1","image":{"@type":"ImageObject","inLanguage":"fr-FR","@id":"https:\/\/www.frecan.es\/blog\/fr\/#\/schema\/person\/image\/","url":"https:\/\/secure.gravatar.com\/avatar\/ad063cd811075f52af0714b5e973cd08?s=96&d=mm&r=g","contentUrl":"https:\/\/secure.gravatar.com\/avatar\/ad063cd811075f52af0714b5e973cd08?s=96&d=mm&r=g","caption":"Tha\u00efs Alcal\u00e1"},"sameAs":["http:\/\/www.frecan.es"]}]}},"_links":{"self":[{"href":"https:\/\/www.frecan.es\/blog\/fr\/wp-json\/wp\/v2\/posts\/11012","targetHints":{"allow":["GET"]}}],"collection":[{"href":"https:\/\/www.frecan.es\/blog\/fr\/wp-json\/wp\/v2\/posts"}],"about":[{"href":"https:\/\/www.frecan.es\/blog\/fr\/wp-json\/wp\/v2\/types\/post"}],"author":[{"embeddable":true,"href":"https:\/\/www.frecan.es\/blog\/fr\/wp-json\/wp\/v2\/users\/8"}],"replies":[{"embeddable":true,"href":"https:\/\/www.frecan.es\/blog\/fr\/wp-json\/wp\/v2\/comments?post=11012"}],"version-history":[{"count":2,"href":"https:\/\/www.frecan.es\/blog\/fr\/wp-json\/wp\/v2\/posts\/11012\/revisions"}],"predecessor-version":[{"id":11016,"href":"https:\/\/www.frecan.es\/blog\/fr\/wp-json\/wp\/v2\/posts\/11012\/revisions\/11016"}],"wp:featuredmedia":[{"embeddable":true,"href":"https:\/\/www.frecan.es\/blog\/fr\/wp-json\/wp\/v2\/media\/11019"}],"wp:attachment":[{"href":"https:\/\/www.frecan.es\/blog\/fr\/wp-json\/wp\/v2\/media?parent=11012"}],"wp:term":[{"taxonomy":"category","embeddable":true,"href":"https:\/\/www.frecan.es\/blog\/fr\/wp-json\/wp\/v2\/categories?post=11012"},{"taxonomy":"post_tag","embeddable":true,"href":"https:\/\/www.frecan.es\/blog\/fr\/wp-json\/wp\/v2\/tags?post=11012"}],"curies":[{"name":"wp","href":"https:\/\/api.w.org\/{rel}","templated":true}]}}