{"id":10953,"date":"2024-11-14T10:00:13","date_gmt":"2024-11-14T08:00:13","guid":{"rendered":"https:\/\/www.frecan.es\/blog\/?p=10953"},"modified":"2024-11-14T10:28:33","modified_gmt":"2024-11-14T08:28:33","slug":"filtres-textiles-charbon-actif","status":"publish","type":"post","link":"https:\/\/www.frecan.es\/blog\/fr\/filtres-textiles-charbon-actif\/","title":{"rendered":"Filtres textiles \u00e0 charbon actif"},"content":{"rendered":"<h2><span style=\"color: #808080;\"><b>Filtres textiles \u00e0 charbon actif, la solution optimale pour le filtrage des particules dans la cuisine<\/b><\/span><!--more--><\/h2>\n<p><a href=\"https:\/\/www.frecan.fr\/hottes\/recirculation\/filtre-textil\/\" target=\"_blank\" rel=\"noopener\"><img loading=\"lazy\" decoding=\"async\" width=\"2000\" height=\"690\" class=\"aligncenter wp-image-10938 size-full\" src=\"https:\/\/www.frecan.es\/blog\/wp-content\/uploads\/2024\/11\/filtros-textiles-lavanda.jpg\" class=\"light\" srcset=\"https:\/\/www.frecan.es\/blog\/wp-content\/uploads\/2024\/11\/filtros-textiles-lavanda.jpg 2000w, https:\/\/www.frecan.es\/blog\/wp-content\/uploads\/2024\/11\/filtros-textiles-lavanda-300x104.jpg 300w, https:\/\/www.frecan.es\/blog\/wp-content\/uploads\/2024\/11\/filtros-textiles-lavanda-1024x353.jpg 1024w, https:\/\/www.frecan.es\/blog\/wp-content\/uploads\/2024\/11\/filtros-textiles-lavanda-768x265.jpg 768w, https:\/\/www.frecan.es\/blog\/wp-content\/uploads\/2024\/11\/filtros-textiles-lavanda-1536x530.jpg 1536w, https:\/\/www.frecan.es\/blog\/wp-content\/uploads\/2024\/11\/filtros-textiles-lavanda-800x276.jpg 800w, https:\/\/www.frecan.es\/blog\/wp-content\/uploads\/2024\/11\/filtros-textiles-lavanda-1280x442.jpg 1280w\" sizes=\"auto, (max-width: 2000px) 100vw, 2000px\" \/><\/a><\/p>\n<p>Nous savons que la cuisine est bien plus qu&rsquo;un simple lieu de pr\u00e9paration des repas ; c&rsquo;est un espace o\u00f9 l&rsquo;on partage des moments, et o\u00f9 le bien-\u00eatre de notre famille, ou de nous-m\u00eames, est une priorit\u00e9. Cependant, la qualit\u00e9 de l&rsquo;air dans la cuisine passe souvent inaper\u00e7ue.<\/p>\n<p>Vous est-il d\u00e9j\u00e0 arriv\u00e9 de remarquer qu&rsquo;apr\u00e8s avoir cuisin\u00e9, l&rsquo;odeur reste dans l&rsquo;air ou que l&rsquo;air semble lourd ? Avec les nouveaux filtres textiles \u00e0 charbon actif de Frecan, nous vous offrons une solution simple et efficace pour garder votre cuisine fra\u00eeche et sans odeurs.<\/p>\n<h3><b><strong>Pourquoi choisir les filtres textiles de Frecan ?<\/strong><\/b><\/h3>\n<p><a href=\"https:\/\/www.frecan.fr\/hottes\/recirculation\/filtre-textil\/\" target=\"_blank\" rel=\"noopener\"><img loading=\"lazy\" decoding=\"async\" width=\"2000\" height=\"690\" class=\"aligncenter wp-image-10941 size-full\" src=\"https:\/\/www.frecan.es\/blog\/wp-content\/uploads\/2024\/11\/filtros-textiles.jpg\" class=\"light\" srcset=\"https:\/\/www.frecan.es\/blog\/wp-content\/uploads\/2024\/11\/filtros-textiles.jpg 2000w, https:\/\/www.frecan.es\/blog\/wp-content\/uploads\/2024\/11\/filtros-textiles-300x104.jpg 300w, https:\/\/www.frecan.es\/blog\/wp-content\/uploads\/2024\/11\/filtros-textiles-1024x353.jpg 1024w, https:\/\/www.frecan.es\/blog\/wp-content\/uploads\/2024\/11\/filtros-textiles-768x265.jpg 768w, https:\/\/www.frecan.es\/blog\/wp-content\/uploads\/2024\/11\/filtros-textiles-1536x530.jpg 1536w, https:\/\/www.frecan.es\/blog\/wp-content\/uploads\/2024\/11\/filtros-textiles-800x276.jpg 800w, https:\/\/www.frecan.es\/blog\/wp-content\/uploads\/2024\/11\/filtros-textiles-1280x442.jpg 1280w\" sizes=\"auto, (max-width: 2000px) 100vw, 2000px\" \/><\/a><\/p>\n<h4><b><strong>Adieu aux odeurs persistantes<\/strong><\/b><\/h4>\n<p>Il n\u2019y a rien de plus d\u00e9sagr\u00e9able que les odeurs de cuisine qui persistent dans l&rsquo;air bien apr\u00e8s avoir termin\u00e9 de cuisiner. Gr\u00e2ce \u00e0 la <strong>haute densit\u00e9 de particules de charbon actif<\/strong>, nos filtres <strong>retiennent jusqu&rsquo;\u00e0 80 %<\/strong> de ces odeurs et des compos\u00e9s organiques volatils (COV) \u00e9mis pendant la cuisson. Cela signifie que votre cuisine restera fra\u00eeche et accueillante, m\u00eame apr\u00e8s les recettes les plus intenses.<\/p>\n<h4><b><strong>Ventilation optimale<\/strong><\/b><\/h4>\n<p>Nos filtres sont con\u00e7us pour offrir une <strong>faible perte de pression<\/strong> et une <strong>grande perm\u00e9abilit\u00e9<\/strong> \u00e0 l&rsquo;air, permettant une circulation efficace sans affecter la puissance d&rsquo;extraction de la hotte. Cela signifie que l&rsquo;air circule bien dans la cuisine, la maintenant ventil\u00e9e et sans fum\u00e9e, sans perdre en efficacit\u00e9.<\/p>\n<h4><b><strong>Facile \u00e0 installer, encore plus facile \u00e0 entretenir<\/strong><\/b><\/h4>\n<p>Nous savons que vous recherchez des solutions pratiques et sans tracas. C&rsquo;est pourquoi nos filtres textiles sont con\u00e7us pour une installation rapide et facile, avec une durabilit\u00e9 allant jusqu&rsquo;\u00e0 deux ans*. Et lorsque vient enfin le moment de les changer, rien de plus simple : retirez le couvercle, placez le nouveau filtre, et c&rsquo;est tout ! Pas besoin d&rsquo;outils ni de comp\u00e9tences particuli\u00e8res.<\/p>\n<p style=\"font-size: 12px;\">(* En tenant compte d&rsquo;une utilisation d&rsquo;environ 2 heures par jour et d&rsquo;une efficacit\u00e9 minimale de 60 %, pour maintenir leur performance optimale et garantir un environnement toujours frais, nous recommandons de les remplacer chaque ann\u00e9e)<\/p>\n<h4><b>Parce que l&rsquo;air que vous respirez compte aussi<\/b><\/h4>\n<p>Il ne s&rsquo;agit pas seulement d&rsquo;\u00e9liminer les odeurs ; il s&rsquo;agit d&rsquo;am\u00e9liorer la qualit\u00e9 de l&rsquo;air que vous respirez en cuisinant, et qui, d&rsquo;une certaine mani\u00e8re, atteint \u00e9galement vos aliments. Avec son syst\u00e8me de <strong>drainage des liquides<\/strong> et sa <strong>structure micro-poreuse<\/strong> soigneusement con\u00e7ue, ces filtres garantissent un air propre et sans impuret\u00e9s, offrant un environnement plus sain pour vous et vos proches.<\/p>\n<p><em>Contrairement aux autres types de filtres, comme les filtres HEPA con\u00e7us pour les particules ultra-fines, nos filtres textiles \u00e0 charbon actif sont <strong>sp\u00e9cifiquement con\u00e7us pour pi\u00e9ger les gaz et les odeurs<\/strong>, les v\u00e9ritables d\u00e9fis d&rsquo;une cuisine. Donc, si vous recherchez une <strong>solution efficace et facile<\/strong> \u00e0 entretenir pour am\u00e9liorer la qualit\u00e9 de l&rsquo;air dans votre cuisine, les filtres textiles de Frecan sont exactement ce qu&rsquo;il vous faut.<\/em><\/p>\n<h3><strong>Pr\u00eat \u00e0 transformer l&rsquo;air de votre cuisine ?<\/strong><\/h3>\n<p>Avec les nouveaux filtres textiles de Frecan, garder un air propre et frais dans votre cuisine n\u2019a jamais \u00e9t\u00e9 aussi simple. D\u00e9couvrez-en plus sur leur installation, entretien et disponibilit\u00e9 sur notre site web, ou consultez nos experts. Chez Frecan, nous voulons que vous profitiez de chaque moment pass\u00e9 en cuisine en sachant que vous respirez le meilleur air possible.<\/p>\n<h4><a href=\"https:\/\/www.frecan.fr\/hottes\/recirculation\/filtre-textil\/\" target=\"_blank\" rel=\"noopener\"><img loading=\"lazy\" decoding=\"async\" width=\"2000\" height=\"353\" class=\"aligncenter wp-image-10944 size-full\" src=\"https:\/\/www.frecan.es\/blog\/wp-content\/uploads\/2024\/11\/filtros-textiles-todos.jpg\" class=\"light\" srcset=\"https:\/\/www.frecan.es\/blog\/wp-content\/uploads\/2024\/11\/filtros-textiles-todos.jpg 2000w, https:\/\/www.frecan.es\/blog\/wp-content\/uploads\/2024\/11\/filtros-textiles-todos-300x53.jpg 300w, https:\/\/www.frecan.es\/blog\/wp-content\/uploads\/2024\/11\/filtros-textiles-todos-1024x181.jpg 1024w, https:\/\/www.frecan.es\/blog\/wp-content\/uploads\/2024\/11\/filtros-textiles-todos-768x136.jpg 768w, https:\/\/www.frecan.es\/blog\/wp-content\/uploads\/2024\/11\/filtros-textiles-todos-1536x271.jpg 1536w, https:\/\/www.frecan.es\/blog\/wp-content\/uploads\/2024\/11\/filtros-textiles-todos-800x141.jpg 800w, https:\/\/www.frecan.es\/blog\/wp-content\/uploads\/2024\/11\/filtros-textiles-todos-1280x226.jpg 1280w\" sizes=\"auto, (max-width: 2000px) 100vw, 2000px\" \/><\/a>Mod\u00e8les<\/h4>\n<ul>\n<li>Filtre textile \u00e0 charbon actif (TC1) : Compatible avec hottes int\u00e9gr\u00e9es<\/li>\n<li>Caisson de recyclage textile plafond (TC2) : Compatible avec hottes de plafond<\/li>\n<li>Caisson-R socle textile 100 mm (TC3) : Compatible avec hottes de surface<\/li>\n<li>Caisson-R socle textile 60 mm (TC4) : Compatible avec hottes de surface<\/li>\n<\/ul>\n<p><a href=\"https:\/\/www.frecan.fr\/hottes\/recirculation\/filtre-textil\/\">Plus d&rsquo;informations sur notre site internet.<\/a><\/p>\n<h4>En savoir plus<\/h4>\n<blockquote class=\"wp-embedded-content\" data-secret=\"juKxzuU3XP\"><p><a href=\"https:\/\/www.frecan.es\/blog\/fr\/nouveau-caves-a-vin\/\">Vinotecas Frecan | Nueva Gama<\/a><\/p><\/blockquote>\n<p><iframe loading=\"lazy\" class=\"wp-embedded-content\" sandbox=\"allow-scripts\" security=\"restricted\" style=\"position: absolute; visibility: hidden;\" title=\"\u00ab\u00a0Vinotecas Frecan | Nueva Gama\u00a0\u00bb &#8212; Blog de Frecan\" src=\"https:\/\/www.frecan.es\/blog\/fr\/nouveau-caves-a-vin\/embed\/#?secret=az58rucpve#?secret=juKxzuU3XP\" data-secret=\"juKxzuU3XP\" width=\"600\" height=\"338\" frameborder=\"0\" marginwidth=\"0\" marginheight=\"0\" scrolling=\"no\"><\/iframe><\/p>\n<blockquote class=\"wp-embedded-content\" data-secret=\"FCDRYEbCyL\"><p><a href=\"https:\/\/www.frecan.es\/blog\/fr\/nouveau-catalogue-2025\/\">Nuevo Cat\u00e1logo: Aspiraci\u00f3n y cocci\u00f3n para cocinas modernas<\/a><\/p><\/blockquote>\n<p><iframe loading=\"lazy\" class=\"wp-embedded-content\" sandbox=\"allow-scripts\" security=\"restricted\" style=\"position: absolute; visibility: hidden;\" title=\"\u00ab\u00a0Nuevo Cat\u00e1logo: Aspiraci\u00f3n y cocci\u00f3n para cocinas modernas\u00a0\u00bb &#8212; Blog de Frecan\" src=\"https:\/\/www.frecan.es\/blog\/fr\/nouveau-catalogue-2025\/embed\/#?secret=XOmoKHNk9Q#?secret=FCDRYEbCyL\" data-secret=\"FCDRYEbCyL\" width=\"600\" height=\"338\" frameborder=\"0\" marginwidth=\"0\" marginheight=\"0\" scrolling=\"no\"><\/iframe><\/p>\n","protected":false},"excerpt":{"rendered":"<p>Filtres textiles \u00e0 charbon actif, la solution optimale pour le filtrage des particules dans la cuisine<\/p>\n","protected":false},"author":8,"featured_media":10951,"comment_status":"open","ping_status":"open","sticky":false,"template":"","format":"standard","meta":{"footnotes":""},"categories":[56],"tags":[],"class_list":{"0":"post-10953","1":"post","2":"type-post","3":"status-publish","4":"format-standard","5":"has-post-thumbnail","7":"category-non-classe"},"yoast_head":"<!-- This site is optimized with the Yoast SEO plugin v24.7 - https:\/\/yoast.com\/wordpress\/plugins\/seo\/ -->\n<title>Filtres textiles \u00e0 charbon actif - Blog de Frecan<\/title>\n<meta name=\"description\" content=\"Vous est-il d\u00e9j\u00e0 arriv\u00e9 de remarquer qu&#039;apr\u00e8s avoir cuisin\u00e9, l&#039;odeur reste dans l&#039;air ou que l&#039;air semble lourd ? Les filtres textiles \u00e0 charbon actif...\" \/>\n<meta name=\"robots\" content=\"index, follow, max-snippet:-1, max-image-preview:large, max-video-preview:-1\" \/>\n<link rel=\"canonical\" href=\"https:\/\/www.frecan.es\/blog\/fr\/filtres-textiles-charbon-actif\/\" \/>\n<meta property=\"og:locale\" content=\"fr_FR\" \/>\n<meta property=\"og:type\" content=\"article\" \/>\n<meta property=\"og:title\" content=\"Filtres textiles \u00e0 charbon actif - Blog de Frecan\" \/>\n<meta property=\"og:description\" content=\"Vous est-il d\u00e9j\u00e0 arriv\u00e9 de remarquer qu&#039;apr\u00e8s avoir cuisin\u00e9, l&#039;odeur reste dans l&#039;air ou que l&#039;air semble lourd ? Les filtres textiles \u00e0 charbon actif...\" \/>\n<meta property=\"og:url\" content=\"https:\/\/www.frecan.es\/blog\/fr\/filtres-textiles-charbon-actif\/\" \/>\n<meta property=\"og:site_name\" content=\"Blog de Frecan\" \/>\n<meta property=\"article:published_time\" content=\"2024-11-14T08:00:13+00:00\" \/>\n<meta property=\"article:modified_time\" content=\"2024-11-14T08:28:33+00:00\" \/>\n<meta property=\"og:image\" content=\"https:\/\/www.frecan.es\/blog\/wp-content\/uploads\/2024\/11\/filtros-textiles-2.jpg\" \/>\n\t<meta property=\"og:image:width\" content=\"690\" \/>\n\t<meta property=\"og:image:height\" content=\"690\" \/>\n\t<meta property=\"og:image:type\" content=\"image\/jpeg\" \/>\n<meta name=\"author\" content=\"Tha\u00efs Alcal\u00e1\" \/>\n<meta name=\"twitter:card\" content=\"summary_large_image\" \/>\n<meta name=\"twitter:label1\" content=\"\u00c9crit par\" \/>\n\t<meta name=\"twitter:data1\" content=\"Tha\u00efs Alcal\u00e1\" \/>\n\t<meta name=\"twitter:label2\" content=\"Dur\u00e9e de lecture estim\u00e9e\" \/>\n\t<meta name=\"twitter:data2\" content=\"4 minutes\" \/>\n<script type=\"application\/ld+json\" class=\"yoast-schema-graph\">{\"@context\":\"https:\/\/schema.org\",\"@graph\":[{\"@type\":\"Article\",\"@id\":\"https:\/\/www.frecan.es\/blog\/fr\/filtres-textiles-charbon-actif\/#article\",\"isPartOf\":{\"@id\":\"https:\/\/www.frecan.es\/blog\/fr\/filtres-textiles-charbon-actif\/\"},\"author\":{\"name\":\"Tha\u00efs Alcal\u00e1\",\"@id\":\"https:\/\/www.frecan.es\/blog\/fr\/#\/schema\/person\/807ea11d2c3f88890ae67a52637b8b3c\"},\"headline\":\"Filtres textiles \u00e0 charbon actif\",\"datePublished\":\"2024-11-14T08:00:13+00:00\",\"dateModified\":\"2024-11-14T08:28:33+00:00\",\"mainEntityOfPage\":{\"@id\":\"https:\/\/www.frecan.es\/blog\/fr\/filtres-textiles-charbon-actif\/\"},\"wordCount\":637,\"commentCount\":0,\"publisher\":{\"@id\":\"https:\/\/www.frecan.es\/blog\/fr\/#organization\"},\"image\":{\"@id\":\"https:\/\/www.frecan.es\/blog\/fr\/filtres-textiles-charbon-actif\/#primaryimage\"},\"thumbnailUrl\":\"https:\/\/www.frecan.es\/blog\/wp-content\/uploads\/2024\/11\/filtros-textiles-2.jpg\",\"inLanguage\":\"fr-FR\",\"potentialAction\":[{\"@type\":\"CommentAction\",\"name\":\"Comment\",\"target\":[\"https:\/\/www.frecan.es\/blog\/fr\/filtres-textiles-charbon-actif\/#respond\"]}]},{\"@type\":\"WebPage\",\"@id\":\"https:\/\/www.frecan.es\/blog\/fr\/filtres-textiles-charbon-actif\/\",\"url\":\"https:\/\/www.frecan.es\/blog\/fr\/filtres-textiles-charbon-actif\/\",\"name\":\"Filtres textiles \u00e0 charbon actif - Blog de Frecan\",\"isPartOf\":{\"@id\":\"https:\/\/www.frecan.es\/blog\/fr\/#website\"},\"primaryImageOfPage\":{\"@id\":\"https:\/\/www.frecan.es\/blog\/fr\/filtres-textiles-charbon-actif\/#primaryimage\"},\"image\":{\"@id\":\"https:\/\/www.frecan.es\/blog\/fr\/filtres-textiles-charbon-actif\/#primaryimage\"},\"thumbnailUrl\":\"https:\/\/www.frecan.es\/blog\/wp-content\/uploads\/2024\/11\/filtros-textiles-2.jpg\",\"datePublished\":\"2024-11-14T08:00:13+00:00\",\"dateModified\":\"2024-11-14T08:28:33+00:00\",\"description\":\"Vous est-il d\u00e9j\u00e0 arriv\u00e9 de remarquer qu'apr\u00e8s avoir cuisin\u00e9, l'odeur reste dans l'air ou que l'air semble lourd ? Les filtres textiles \u00e0 charbon actif...\",\"breadcrumb\":{\"@id\":\"https:\/\/www.frecan.es\/blog\/fr\/filtres-textiles-charbon-actif\/#breadcrumb\"},\"inLanguage\":\"fr-FR\",\"potentialAction\":[{\"@type\":\"ReadAction\",\"target\":[\"https:\/\/www.frecan.es\/blog\/fr\/filtres-textiles-charbon-actif\/\"]}]},{\"@type\":\"ImageObject\",\"inLanguage\":\"fr-FR\",\"@id\":\"https:\/\/www.frecan.es\/blog\/fr\/filtres-textiles-charbon-actif\/#primaryimage\",\"url\":\"https:\/\/www.frecan.es\/blog\/wp-content\/uploads\/2024\/11\/filtros-textiles-2.jpg\",\"contentUrl\":\"https:\/\/www.frecan.es\/blog\/wp-content\/uploads\/2024\/11\/filtros-textiles-2.jpg\",\"width\":690,\"height\":690,\"caption\":\"Filtros textiles de carb\u00f3n activo Frecan\"},{\"@type\":\"BreadcrumbList\",\"@id\":\"https:\/\/www.frecan.es\/blog\/fr\/filtres-textiles-charbon-actif\/#breadcrumb\",\"itemListElement\":[{\"@type\":\"ListItem\",\"position\":1,\"name\":\"Page de Couverture\",\"item\":\"https:\/\/www.frecan.es\/blog\/fr\/\"},{\"@type\":\"ListItem\",\"position\":2,\"name\":\"Filtres textiles \u00e0 charbon actif\"}]},{\"@type\":\"WebSite\",\"@id\":\"https:\/\/www.frecan.es\/blog\/fr\/#website\",\"url\":\"https:\/\/www.frecan.es\/blog\/fr\/\",\"name\":\"Blog de Frecan\",\"description\":\"Artisanat, technologie et avant-garde au c\u0153ur de votre cuisine\",\"publisher\":{\"@id\":\"https:\/\/www.frecan.es\/blog\/fr\/#organization\"},\"potentialAction\":[{\"@type\":\"SearchAction\",\"target\":{\"@type\":\"EntryPoint\",\"urlTemplate\":\"https:\/\/www.frecan.es\/blog\/fr\/?s={search_term_string}\"},\"query-input\":{\"@type\":\"PropertyValueSpecification\",\"valueRequired\":true,\"valueName\":\"search_term_string\"}}],\"inLanguage\":\"fr-FR\"},{\"@type\":\"Organization\",\"@id\":\"https:\/\/www.frecan.es\/blog\/fr\/#organization\",\"name\":\"Frecan\",\"url\":\"https:\/\/www.frecan.es\/blog\/fr\/\",\"logo\":{\"@type\":\"ImageObject\",\"inLanguage\":\"fr-FR\",\"@id\":\"https:\/\/www.frecan.es\/blog\/fr\/#\/schema\/logo\/image\/\",\"url\":\"https:\/\/www.frecan.es\/blog\/wp-content\/uploads\/2016\/02\/logo-frecan.png\",\"contentUrl\":\"https:\/\/www.frecan.es\/blog\/wp-content\/uploads\/2016\/02\/logo-frecan.png\",\"width\":250,\"height\":27,\"caption\":\"Frecan\"},\"image\":{\"@id\":\"https:\/\/www.frecan.es\/blog\/fr\/#\/schema\/logo\/image\/\"}},{\"@type\":\"Person\",\"@id\":\"https:\/\/www.frecan.es\/blog\/fr\/#\/schema\/person\/807ea11d2c3f88890ae67a52637b8b3c\",\"name\":\"Tha\u00efs Alcal\u00e1\",\"image\":{\"@type\":\"ImageObject\",\"inLanguage\":\"fr-FR\",\"@id\":\"https:\/\/www.frecan.es\/blog\/fr\/#\/schema\/person\/image\/\",\"url\":\"https:\/\/secure.gravatar.com\/avatar\/ad063cd811075f52af0714b5e973cd08?s=96&d=mm&r=g\",\"contentUrl\":\"https:\/\/secure.gravatar.com\/avatar\/ad063cd811075f52af0714b5e973cd08?s=96&d=mm&r=g\",\"caption\":\"Tha\u00efs Alcal\u00e1\"},\"sameAs\":[\"http:\/\/www.frecan.es\"]}]}<\/script>\n<!-- \/ Yoast SEO plugin. -->","yoast_head_json":{"title":"Filtres textiles \u00e0 charbon actif - Blog de Frecan","description":"Vous est-il d\u00e9j\u00e0 arriv\u00e9 de remarquer qu'apr\u00e8s avoir cuisin\u00e9, l'odeur reste dans l'air ou que l'air semble lourd ? Les filtres textiles \u00e0 charbon actif...","robots":{"index":"index","follow":"follow","max-snippet":"max-snippet:-1","max-image-preview":"max-image-preview:large","max-video-preview":"max-video-preview:-1"},"canonical":"https:\/\/www.frecan.es\/blog\/fr\/filtres-textiles-charbon-actif\/","og_locale":"fr_FR","og_type":"article","og_title":"Filtres textiles \u00e0 charbon actif - Blog de Frecan","og_description":"Vous est-il d\u00e9j\u00e0 arriv\u00e9 de remarquer qu'apr\u00e8s avoir cuisin\u00e9, l'odeur reste dans l'air ou que l'air semble lourd ? Les filtres textiles \u00e0 charbon actif...","og_url":"https:\/\/www.frecan.es\/blog\/fr\/filtres-textiles-charbon-actif\/","og_site_name":"Blog de Frecan","article_published_time":"2024-11-14T08:00:13+00:00","article_modified_time":"2024-11-14T08:28:33+00:00","og_image":[{"width":690,"height":690,"url":"https:\/\/www.frecan.es\/blog\/wp-content\/uploads\/2024\/11\/filtros-textiles-2.jpg","type":"image\/jpeg"}],"author":"Tha\u00efs Alcal\u00e1","twitter_card":"summary_large_image","twitter_misc":{"\u00c9crit par":"Tha\u00efs Alcal\u00e1","Dur\u00e9e de lecture estim\u00e9e":"4 minutes"},"schema":{"@context":"https:\/\/schema.org","@graph":[{"@type":"Article","@id":"https:\/\/www.frecan.es\/blog\/fr\/filtres-textiles-charbon-actif\/#article","isPartOf":{"@id":"https:\/\/www.frecan.es\/blog\/fr\/filtres-textiles-charbon-actif\/"},"author":{"name":"Tha\u00efs Alcal\u00e1","@id":"https:\/\/www.frecan.es\/blog\/fr\/#\/schema\/person\/807ea11d2c3f88890ae67a52637b8b3c"},"headline":"Filtres textiles \u00e0 charbon actif","datePublished":"2024-11-14T08:00:13+00:00","dateModified":"2024-11-14T08:28:33+00:00","mainEntityOfPage":{"@id":"https:\/\/www.frecan.es\/blog\/fr\/filtres-textiles-charbon-actif\/"},"wordCount":637,"commentCount":0,"publisher":{"@id":"https:\/\/www.frecan.es\/blog\/fr\/#organization"},"image":{"@id":"https:\/\/www.frecan.es\/blog\/fr\/filtres-textiles-charbon-actif\/#primaryimage"},"thumbnailUrl":"https:\/\/www.frecan.es\/blog\/wp-content\/uploads\/2024\/11\/filtros-textiles-2.jpg","inLanguage":"fr-FR","potentialAction":[{"@type":"CommentAction","name":"Comment","target":["https:\/\/www.frecan.es\/blog\/fr\/filtres-textiles-charbon-actif\/#respond"]}]},{"@type":"WebPage","@id":"https:\/\/www.frecan.es\/blog\/fr\/filtres-textiles-charbon-actif\/","url":"https:\/\/www.frecan.es\/blog\/fr\/filtres-textiles-charbon-actif\/","name":"Filtres textiles \u00e0 charbon actif - Blog de Frecan","isPartOf":{"@id":"https:\/\/www.frecan.es\/blog\/fr\/#website"},"primaryImageOfPage":{"@id":"https:\/\/www.frecan.es\/blog\/fr\/filtres-textiles-charbon-actif\/#primaryimage"},"image":{"@id":"https:\/\/www.frecan.es\/blog\/fr\/filtres-textiles-charbon-actif\/#primaryimage"},"thumbnailUrl":"https:\/\/www.frecan.es\/blog\/wp-content\/uploads\/2024\/11\/filtros-textiles-2.jpg","datePublished":"2024-11-14T08:00:13+00:00","dateModified":"2024-11-14T08:28:33+00:00","description":"Vous est-il d\u00e9j\u00e0 arriv\u00e9 de remarquer qu'apr\u00e8s avoir cuisin\u00e9, l'odeur reste dans l'air ou que l'air semble lourd ? Les filtres textiles \u00e0 charbon actif...","breadcrumb":{"@id":"https:\/\/www.frecan.es\/blog\/fr\/filtres-textiles-charbon-actif\/#breadcrumb"},"inLanguage":"fr-FR","potentialAction":[{"@type":"ReadAction","target":["https:\/\/www.frecan.es\/blog\/fr\/filtres-textiles-charbon-actif\/"]}]},{"@type":"ImageObject","inLanguage":"fr-FR","@id":"https:\/\/www.frecan.es\/blog\/fr\/filtres-textiles-charbon-actif\/#primaryimage","url":"https:\/\/www.frecan.es\/blog\/wp-content\/uploads\/2024\/11\/filtros-textiles-2.jpg","contentUrl":"https:\/\/www.frecan.es\/blog\/wp-content\/uploads\/2024\/11\/filtros-textiles-2.jpg","width":690,"height":690,"caption":"Filtros textiles de carb\u00f3n activo Frecan"},{"@type":"BreadcrumbList","@id":"https:\/\/www.frecan.es\/blog\/fr\/filtres-textiles-charbon-actif\/#breadcrumb","itemListElement":[{"@type":"ListItem","position":1,"name":"Page de Couverture","item":"https:\/\/www.frecan.es\/blog\/fr\/"},{"@type":"ListItem","position":2,"name":"Filtres textiles \u00e0 charbon actif"}]},{"@type":"WebSite","@id":"https:\/\/www.frecan.es\/blog\/fr\/#website","url":"https:\/\/www.frecan.es\/blog\/fr\/","name":"Blog de Frecan","description":"Artisanat, technologie et avant-garde au c\u0153ur de votre cuisine","publisher":{"@id":"https:\/\/www.frecan.es\/blog\/fr\/#organization"},"potentialAction":[{"@type":"SearchAction","target":{"@type":"EntryPoint","urlTemplate":"https:\/\/www.frecan.es\/blog\/fr\/?s={search_term_string}"},"query-input":{"@type":"PropertyValueSpecification","valueRequired":true,"valueName":"search_term_string"}}],"inLanguage":"fr-FR"},{"@type":"Organization","@id":"https:\/\/www.frecan.es\/blog\/fr\/#organization","name":"Frecan","url":"https:\/\/www.frecan.es\/blog\/fr\/","logo":{"@type":"ImageObject","inLanguage":"fr-FR","@id":"https:\/\/www.frecan.es\/blog\/fr\/#\/schema\/logo\/image\/","url":"https:\/\/www.frecan.es\/blog\/wp-content\/uploads\/2016\/02\/logo-frecan.png","contentUrl":"https:\/\/www.frecan.es\/blog\/wp-content\/uploads\/2016\/02\/logo-frecan.png","width":250,"height":27,"caption":"Frecan"},"image":{"@id":"https:\/\/www.frecan.es\/blog\/fr\/#\/schema\/logo\/image\/"}},{"@type":"Person","@id":"https:\/\/www.frecan.es\/blog\/fr\/#\/schema\/person\/807ea11d2c3f88890ae67a52637b8b3c","name":"Tha\u00efs Alcal\u00e1","image":{"@type":"ImageObject","inLanguage":"fr-FR","@id":"https:\/\/www.frecan.es\/blog\/fr\/#\/schema\/person\/image\/","url":"https:\/\/secure.gravatar.com\/avatar\/ad063cd811075f52af0714b5e973cd08?s=96&d=mm&r=g","contentUrl":"https:\/\/secure.gravatar.com\/avatar\/ad063cd811075f52af0714b5e973cd08?s=96&d=mm&r=g","caption":"Tha\u00efs Alcal\u00e1"},"sameAs":["http:\/\/www.frecan.es"]}]}},"_links":{"self":[{"href":"https:\/\/www.frecan.es\/blog\/fr\/wp-json\/wp\/v2\/posts\/10953","targetHints":{"allow":["GET"]}}],"collection":[{"href":"https:\/\/www.frecan.es\/blog\/fr\/wp-json\/wp\/v2\/posts"}],"about":[{"href":"https:\/\/www.frecan.es\/blog\/fr\/wp-json\/wp\/v2\/types\/post"}],"author":[{"embeddable":true,"href":"https:\/\/www.frecan.es\/blog\/fr\/wp-json\/wp\/v2\/users\/8"}],"replies":[{"embeddable":true,"href":"https:\/\/www.frecan.es\/blog\/fr\/wp-json\/wp\/v2\/comments?post=10953"}],"version-history":[{"count":6,"href":"https:\/\/www.frecan.es\/blog\/fr\/wp-json\/wp\/v2\/posts\/10953\/revisions"}],"predecessor-version":[{"id":10976,"href":"https:\/\/www.frecan.es\/blog\/fr\/wp-json\/wp\/v2\/posts\/10953\/revisions\/10976"}],"wp:featuredmedia":[{"embeddable":true,"href":"https:\/\/www.frecan.es\/blog\/fr\/wp-json\/wp\/v2\/media\/10951"}],"wp:attachment":[{"href":"https:\/\/www.frecan.es\/blog\/fr\/wp-json\/wp\/v2\/media?parent=10953"}],"wp:term":[{"taxonomy":"category","embeddable":true,"href":"https:\/\/www.frecan.es\/blog\/fr\/wp-json\/wp\/v2\/categories?post=10953"},{"taxonomy":"post_tag","embeddable":true,"href":"https:\/\/www.frecan.es\/blog\/fr\/wp-json\/wp\/v2\/tags?post=10953"}],"curies":[{"name":"wp","href":"https:\/\/api.w.org\/{rel}","templated":true}]}}