{"id":10869,"date":"2024-10-24T09:40:12","date_gmt":"2024-10-24T07:40:12","guid":{"rendered":"https:\/\/www.frecan.es\/blog\/nuevo-catalogo-2024-2025\/"},"modified":"2025-01-15T09:12:54","modified_gmt":"2025-01-15T07:12:54","slug":"nouveau-catalogue-2025","status":"publish","type":"post","link":"https:\/\/www.frecan.es\/blog\/fr\/nouveau-catalogue-2025\/","title":{"rendered":"Nouveau Catalogue : Aspiration et Cuisson pour Cuisines Modernes"},"content":{"rendered":"<h2><span style=\"color: #808080;\"><b>Chez Frecan, nous sommes ravis d&rsquo;annoncer le lancement de notre <strong>nouveau Catalogue 2025<\/strong>, qui entrera en vigueur le 1er janvier. <\/b><\/span><\/h2>\n<p><!--more--><\/p>\n<p><a href=\"https:\/\/www.downloads.frecan.com\/\" target=\"_blank\" rel=\"noopener\"><img loading=\"lazy\" decoding=\"async\" width=\"1024\" height=\"576\" class=\"aligncenter wp-image-11216 size-large\" src=\"https:\/\/www.frecan.es\/blog\/wp-content\/uploads\/2024\/10\/IMG_1994-1-1024x576.jpg\" class=\"light\" srcset=\"https:\/\/www.frecan.es\/blog\/wp-content\/uploads\/2024\/10\/IMG_1994-1-1024x576.jpg 1024w, https:\/\/www.frecan.es\/blog\/wp-content\/uploads\/2024\/10\/IMG_1994-1-300x169.jpg 300w, https:\/\/www.frecan.es\/blog\/wp-content\/uploads\/2024\/10\/IMG_1994-1-768x432.jpg 768w, https:\/\/www.frecan.es\/blog\/wp-content\/uploads\/2024\/10\/IMG_1994-1-1536x864.jpg 1536w, https:\/\/www.frecan.es\/blog\/wp-content\/uploads\/2024\/10\/IMG_1994-1-2048x1152.jpg 2048w, https:\/\/www.frecan.es\/blog\/wp-content\/uploads\/2024\/10\/IMG_1994-1-800x450.jpg 800w, https:\/\/www.frecan.es\/blog\/wp-content\/uploads\/2024\/10\/IMG_1994-1-1280x720.jpg 1280w\" sizes=\"auto, (max-width: 1024px) 100vw, 1024px\" \/><\/a><\/p>\n<p>Restez attentifs, car cette \u00e9dition du catalogue est riche en nouveaut\u00e9s et en solutions con\u00e7ues pour les cuisines modernes.<\/p>\n<p>Cette ann\u00e9e, nous avons renouvel\u00e9 et \u00e9largi notre gamme de produits pour offrir une s\u00e9lection encore plus polyvalente, adapt\u00e9e aux divers besoins de chaque utilisateur, tout en restant fid\u00e8les \u00e0 ce qui nous d\u00e9finit : l&rsquo;efficacit\u00e9, la fonctionnalit\u00e9 et le design.<\/p>\n<p>Le catalogue 2025 propose une mise \u00e0 jour des produits, avec de nouveaux designs et des technologies avanc\u00e9es qui font vraiment la diff\u00e9rence. Nous avons \u00e9cout\u00e9 nos clients et travaill\u00e9 avec soin pour cr\u00e9er des solutions qui allient style et performance. Chaque produit a \u00e9t\u00e9 soigneusement con\u00e7u pour am\u00e9liorer l&rsquo;exp\u00e9rience en cuisine.<\/p>\n<p><strong><a href=\"https:\/\/www.downloads.frecan.com\/\">T\u00c9L\u00c9CHARGEZ NOS CATALOGUES<\/a><\/strong><\/p>\n<h4>NOUVEAUT\u00c9S<\/h4>\n<p>Nous avons \u00e9largi et modernis\u00e9 notre collection de hottes aspirantes avec de nouveaux mod\u00e8les et technologies, am\u00e9liorant ainsi leurs performances, leur efficacit\u00e9 et leur niveau sonore. De plus, nous restons fermement engag\u00e9s en faveur de la durabilit\u00e9, en d\u00e9veloppant des syst\u00e8mes d&rsquo;aspiration efficaces qui ne n\u00e9cessitent pas de sortie ext\u00e9rieure. Ces innovations r\u00e9duisent la consommation d&rsquo;\u00e9nergie et minimisent l&rsquo;impact environnemental, sans compromettre la puissance qui caract\u00e9rise nos produits.<\/p>\n<h4><strong>Le meilleur est \u00e0 venir<\/strong><\/h4>\n<p>Et ce n&rsquo;est pas tout&#8230; Nous avons \u00e9galement \u00e9largi et mis \u00e0 jour l&rsquo;une de nos gammes de produits, et nous pr\u00e9parons le lancement d&rsquo;une nouvelle collection\u2026 mais pour l&rsquo;instant, nous gardons le secret. Nous vous en dirons bient\u00f4t plus, alors restez connect\u00e9s sur nos r\u00e9seaux sociaux et ne manquez pas les nouveaut\u00e9s !<\/p>\n<h4>D<strong>\u00e9couvrir plus<\/strong><\/h4>\n<blockquote class=\"wp-embedded-content\" data-secret=\"A85tQ6YDgS\"><p><a href=\"https:\/\/www.frecan.es\/blog\/fr\/frecantek-fabrication-sur-mesure\/\">frecanTEK | Fabricaci\u00f3n a medida<\/a><\/p><\/blockquote>\n<p><iframe loading=\"lazy\" class=\"wp-embedded-content\" sandbox=\"allow-scripts\" security=\"restricted\" style=\"position: absolute; visibility: hidden;\" title=\"\u00ab\u00a0frecanTEK | Fabricaci\u00f3n a medida\u00a0\u00bb &#8212; Blog de Frecan\" src=\"https:\/\/www.frecan.es\/blog\/fr\/frecantek-fabrication-sur-mesure\/embed\/#?secret=sn0zbTl5St#?secret=A85tQ6YDgS\" data-secret=\"A85tQ6YDgS\" width=\"600\" height=\"338\" frameborder=\"0\" marginwidth=\"0\" marginheight=\"0\" scrolling=\"no\"><\/iframe><\/p>\n<blockquote class=\"wp-embedded-content\" data-secret=\"JARKhc9Wi8\"><p><a href=\"https:\/\/www.frecan.es\/blog\/fr\/tendances-cuisines-2024-frecan\/\">Tendencias en cocinas 2024<\/a><\/p><\/blockquote>\n<p><iframe loading=\"lazy\" class=\"wp-embedded-content\" sandbox=\"allow-scripts\" security=\"restricted\" style=\"position: absolute; visibility: hidden;\" title=\"\u00ab\u00a0Tendencias en cocinas 2024\u00a0\u00bb &#8212; Blog de Frecan\" src=\"https:\/\/www.frecan.es\/blog\/fr\/tendances-cuisines-2024-frecan\/embed\/#?secret=uLJGMU8fRj#?secret=JARKhc9Wi8\" data-secret=\"JARKhc9Wi8\" width=\"600\" height=\"338\" frameborder=\"0\" marginwidth=\"0\" marginheight=\"0\" scrolling=\"no\"><\/iframe><\/p>\n","protected":false},"excerpt":{"rendered":"<p>Chez Frecan, nous sommes ravis d&rsquo;annoncer le lancement de notre nouveau Catalogue 2025, qui entrera en vigueur le 1er janvier. <\/p>\n","protected":false},"author":8,"featured_media":10865,"comment_status":"open","ping_status":"open","sticky":false,"template":"","format":"standard","meta":{"footnotes":""},"categories":[56],"tags":[],"class_list":{"0":"post-10869","1":"post","2":"type-post","3":"status-publish","4":"format-standard","5":"has-post-thumbnail","7":"category-non-classe"},"yoast_head":"<!-- This site is optimized with the Yoast SEO plugin v24.7 - https:\/\/yoast.com\/wordpress\/plugins\/seo\/ -->\n<title>Nouveau Catalogue : Aspiration et Cuisson pour Cuisines Modernes - Blog de Frecan<\/title>\n<meta name=\"description\" content=\"Chez Frecan, nous sommes ravis d&#039;annoncer le lancement de notre nouveau Catalogue 2025, qui entrera en vigueur le 1er janvier.\" \/>\n<meta name=\"robots\" content=\"index, follow, max-snippet:-1, max-image-preview:large, max-video-preview:-1\" \/>\n<link rel=\"canonical\" href=\"https:\/\/www.frecan.es\/blog\/fr\/nouveau-catalogue-2025\/\" \/>\n<meta property=\"og:locale\" content=\"fr_FR\" \/>\n<meta property=\"og:type\" content=\"article\" \/>\n<meta property=\"og:title\" content=\"Nouveau Catalogue : Aspiration et Cuisson pour Cuisines Modernes - Blog de Frecan\" \/>\n<meta property=\"og:description\" content=\"Chez Frecan, nous sommes ravis d&#039;annoncer le lancement de notre nouveau Catalogue 2025, qui entrera en vigueur le 1er janvier.\" \/>\n<meta property=\"og:url\" content=\"https:\/\/www.frecan.es\/blog\/fr\/nouveau-catalogue-2025\/\" \/>\n<meta property=\"og:site_name\" content=\"Blog de Frecan\" \/>\n<meta property=\"article:published_time\" content=\"2024-10-24T07:40:12+00:00\" \/>\n<meta property=\"article:modified_time\" content=\"2025-01-15T07:12:54+00:00\" \/>\n<meta property=\"og:image\" content=\"https:\/\/www.frecan.es\/blog\/wp-content\/uploads\/2024\/10\/IMG_1994-e1729756686983.jpg\" \/>\n\t<meta property=\"og:image:width\" content=\"2500\" \/>\n\t<meta property=\"og:image:height\" content=\"1406\" \/>\n\t<meta property=\"og:image:type\" content=\"image\/jpeg\" \/>\n<meta name=\"author\" content=\"Tha\u00efs Alcal\u00e1\" \/>\n<meta name=\"twitter:card\" content=\"summary_large_image\" \/>\n<meta name=\"twitter:label1\" content=\"\u00c9crit par\" \/>\n\t<meta name=\"twitter:data1\" content=\"Tha\u00efs Alcal\u00e1\" \/>\n\t<meta name=\"twitter:label2\" content=\"Dur\u00e9e de lecture estim\u00e9e\" \/>\n\t<meta name=\"twitter:data2\" content=\"2 minutes\" \/>\n<script type=\"application\/ld+json\" class=\"yoast-schema-graph\">{\"@context\":\"https:\/\/schema.org\",\"@graph\":[{\"@type\":\"Article\",\"@id\":\"https:\/\/www.frecan.es\/blog\/fr\/nouveau-catalogue-2025\/#article\",\"isPartOf\":{\"@id\":\"https:\/\/www.frecan.es\/blog\/fr\/nouveau-catalogue-2025\/\"},\"author\":{\"name\":\"Tha\u00efs Alcal\u00e1\",\"@id\":\"https:\/\/www.frecan.es\/blog\/fr\/#\/schema\/person\/807ea11d2c3f88890ae67a52637b8b3c\"},\"headline\":\"Nouveau Catalogue : Aspiration et Cuisson pour Cuisines Modernes\",\"datePublished\":\"2024-10-24T07:40:12+00:00\",\"dateModified\":\"2025-01-15T07:12:54+00:00\",\"mainEntityOfPage\":{\"@id\":\"https:\/\/www.frecan.es\/blog\/fr\/nouveau-catalogue-2025\/\"},\"wordCount\":310,\"commentCount\":0,\"publisher\":{\"@id\":\"https:\/\/www.frecan.es\/blog\/fr\/#organization\"},\"image\":{\"@id\":\"https:\/\/www.frecan.es\/blog\/fr\/nouveau-catalogue-2025\/#primaryimage\"},\"thumbnailUrl\":\"https:\/\/www.frecan.es\/blog\/wp-content\/uploads\/2024\/10\/IMG_1994-e1729756686983.jpg\",\"inLanguage\":\"fr-FR\",\"potentialAction\":[{\"@type\":\"CommentAction\",\"name\":\"Comment\",\"target\":[\"https:\/\/www.frecan.es\/blog\/fr\/nouveau-catalogue-2025\/#respond\"]}]},{\"@type\":\"WebPage\",\"@id\":\"https:\/\/www.frecan.es\/blog\/fr\/nouveau-catalogue-2025\/\",\"url\":\"https:\/\/www.frecan.es\/blog\/fr\/nouveau-catalogue-2025\/\",\"name\":\"Nouveau Catalogue : Aspiration et Cuisson pour Cuisines Modernes - Blog de Frecan\",\"isPartOf\":{\"@id\":\"https:\/\/www.frecan.es\/blog\/fr\/#website\"},\"primaryImageOfPage\":{\"@id\":\"https:\/\/www.frecan.es\/blog\/fr\/nouveau-catalogue-2025\/#primaryimage\"},\"image\":{\"@id\":\"https:\/\/www.frecan.es\/blog\/fr\/nouveau-catalogue-2025\/#primaryimage\"},\"thumbnailUrl\":\"https:\/\/www.frecan.es\/blog\/wp-content\/uploads\/2024\/10\/IMG_1994-e1729756686983.jpg\",\"datePublished\":\"2024-10-24T07:40:12+00:00\",\"dateModified\":\"2025-01-15T07:12:54+00:00\",\"description\":\"Chez Frecan, nous sommes ravis d'annoncer le lancement de notre nouveau Catalogue 2025, qui entrera en vigueur le 1er janvier.\",\"breadcrumb\":{\"@id\":\"https:\/\/www.frecan.es\/blog\/fr\/nouveau-catalogue-2025\/#breadcrumb\"},\"inLanguage\":\"fr-FR\",\"potentialAction\":[{\"@type\":\"ReadAction\",\"target\":[\"https:\/\/www.frecan.es\/blog\/fr\/nouveau-catalogue-2025\/\"]}]},{\"@type\":\"ImageObject\",\"inLanguage\":\"fr-FR\",\"@id\":\"https:\/\/www.frecan.es\/blog\/fr\/nouveau-catalogue-2025\/#primaryimage\",\"url\":\"https:\/\/www.frecan.es\/blog\/wp-content\/uploads\/2024\/10\/IMG_1994-e1729756686983.jpg\",\"contentUrl\":\"https:\/\/www.frecan.es\/blog\/wp-content\/uploads\/2024\/10\/IMG_1994-e1729756686983.jpg\",\"width\":2500,\"height\":1406,\"caption\":\"Cat\u00e1logo 2024 - 2025 Frecan\"},{\"@type\":\"BreadcrumbList\",\"@id\":\"https:\/\/www.frecan.es\/blog\/fr\/nouveau-catalogue-2025\/#breadcrumb\",\"itemListElement\":[{\"@type\":\"ListItem\",\"position\":1,\"name\":\"Page de Couverture\",\"item\":\"https:\/\/www.frecan.es\/blog\/fr\/\"},{\"@type\":\"ListItem\",\"position\":2,\"name\":\"Nouveau Catalogue : Aspiration et Cuisson pour Cuisines Modernes\"}]},{\"@type\":\"WebSite\",\"@id\":\"https:\/\/www.frecan.es\/blog\/fr\/#website\",\"url\":\"https:\/\/www.frecan.es\/blog\/fr\/\",\"name\":\"Blog de Frecan\",\"description\":\"Artisanat, technologie et avant-garde au c\u0153ur de votre cuisine\",\"publisher\":{\"@id\":\"https:\/\/www.frecan.es\/blog\/fr\/#organization\"},\"potentialAction\":[{\"@type\":\"SearchAction\",\"target\":{\"@type\":\"EntryPoint\",\"urlTemplate\":\"https:\/\/www.frecan.es\/blog\/fr\/?s={search_term_string}\"},\"query-input\":{\"@type\":\"PropertyValueSpecification\",\"valueRequired\":true,\"valueName\":\"search_term_string\"}}],\"inLanguage\":\"fr-FR\"},{\"@type\":\"Organization\",\"@id\":\"https:\/\/www.frecan.es\/blog\/fr\/#organization\",\"name\":\"Frecan\",\"url\":\"https:\/\/www.frecan.es\/blog\/fr\/\",\"logo\":{\"@type\":\"ImageObject\",\"inLanguage\":\"fr-FR\",\"@id\":\"https:\/\/www.frecan.es\/blog\/fr\/#\/schema\/logo\/image\/\",\"url\":\"https:\/\/www.frecan.es\/blog\/wp-content\/uploads\/2016\/02\/logo-frecan.png\",\"contentUrl\":\"https:\/\/www.frecan.es\/blog\/wp-content\/uploads\/2016\/02\/logo-frecan.png\",\"width\":250,\"height\":27,\"caption\":\"Frecan\"},\"image\":{\"@id\":\"https:\/\/www.frecan.es\/blog\/fr\/#\/schema\/logo\/image\/\"}},{\"@type\":\"Person\",\"@id\":\"https:\/\/www.frecan.es\/blog\/fr\/#\/schema\/person\/807ea11d2c3f88890ae67a52637b8b3c\",\"name\":\"Tha\u00efs Alcal\u00e1\",\"image\":{\"@type\":\"ImageObject\",\"inLanguage\":\"fr-FR\",\"@id\":\"https:\/\/www.frecan.es\/blog\/fr\/#\/schema\/person\/image\/\",\"url\":\"https:\/\/secure.gravatar.com\/avatar\/ad063cd811075f52af0714b5e973cd08?s=96&d=mm&r=g\",\"contentUrl\":\"https:\/\/secure.gravatar.com\/avatar\/ad063cd811075f52af0714b5e973cd08?s=96&d=mm&r=g\",\"caption\":\"Tha\u00efs Alcal\u00e1\"},\"sameAs\":[\"http:\/\/www.frecan.es\"]}]}<\/script>\n<!-- \/ Yoast SEO plugin. -->","yoast_head_json":{"title":"Nouveau Catalogue : Aspiration et Cuisson pour Cuisines Modernes - Blog de Frecan","description":"Chez Frecan, nous sommes ravis d'annoncer le lancement de notre nouveau Catalogue 2025, qui entrera en vigueur le 1er janvier.","robots":{"index":"index","follow":"follow","max-snippet":"max-snippet:-1","max-image-preview":"max-image-preview:large","max-video-preview":"max-video-preview:-1"},"canonical":"https:\/\/www.frecan.es\/blog\/fr\/nouveau-catalogue-2025\/","og_locale":"fr_FR","og_type":"article","og_title":"Nouveau Catalogue : Aspiration et Cuisson pour Cuisines Modernes - Blog de Frecan","og_description":"Chez Frecan, nous sommes ravis d'annoncer le lancement de notre nouveau Catalogue 2025, qui entrera en vigueur le 1er janvier.","og_url":"https:\/\/www.frecan.es\/blog\/fr\/nouveau-catalogue-2025\/","og_site_name":"Blog de Frecan","article_published_time":"2024-10-24T07:40:12+00:00","article_modified_time":"2025-01-15T07:12:54+00:00","og_image":[{"width":2500,"height":1406,"url":"https:\/\/www.frecan.es\/blog\/wp-content\/uploads\/2024\/10\/IMG_1994-e1729756686983.jpg","type":"image\/jpeg"}],"author":"Tha\u00efs Alcal\u00e1","twitter_card":"summary_large_image","twitter_misc":{"\u00c9crit par":"Tha\u00efs Alcal\u00e1","Dur\u00e9e de lecture estim\u00e9e":"2 minutes"},"schema":{"@context":"https:\/\/schema.org","@graph":[{"@type":"Article","@id":"https:\/\/www.frecan.es\/blog\/fr\/nouveau-catalogue-2025\/#article","isPartOf":{"@id":"https:\/\/www.frecan.es\/blog\/fr\/nouveau-catalogue-2025\/"},"author":{"name":"Tha\u00efs Alcal\u00e1","@id":"https:\/\/www.frecan.es\/blog\/fr\/#\/schema\/person\/807ea11d2c3f88890ae67a52637b8b3c"},"headline":"Nouveau Catalogue : Aspiration et Cuisson pour Cuisines Modernes","datePublished":"2024-10-24T07:40:12+00:00","dateModified":"2025-01-15T07:12:54+00:00","mainEntityOfPage":{"@id":"https:\/\/www.frecan.es\/blog\/fr\/nouveau-catalogue-2025\/"},"wordCount":310,"commentCount":0,"publisher":{"@id":"https:\/\/www.frecan.es\/blog\/fr\/#organization"},"image":{"@id":"https:\/\/www.frecan.es\/blog\/fr\/nouveau-catalogue-2025\/#primaryimage"},"thumbnailUrl":"https:\/\/www.frecan.es\/blog\/wp-content\/uploads\/2024\/10\/IMG_1994-e1729756686983.jpg","inLanguage":"fr-FR","potentialAction":[{"@type":"CommentAction","name":"Comment","target":["https:\/\/www.frecan.es\/blog\/fr\/nouveau-catalogue-2025\/#respond"]}]},{"@type":"WebPage","@id":"https:\/\/www.frecan.es\/blog\/fr\/nouveau-catalogue-2025\/","url":"https:\/\/www.frecan.es\/blog\/fr\/nouveau-catalogue-2025\/","name":"Nouveau Catalogue : Aspiration et Cuisson pour Cuisines Modernes - Blog de Frecan","isPartOf":{"@id":"https:\/\/www.frecan.es\/blog\/fr\/#website"},"primaryImageOfPage":{"@id":"https:\/\/www.frecan.es\/blog\/fr\/nouveau-catalogue-2025\/#primaryimage"},"image":{"@id":"https:\/\/www.frecan.es\/blog\/fr\/nouveau-catalogue-2025\/#primaryimage"},"thumbnailUrl":"https:\/\/www.frecan.es\/blog\/wp-content\/uploads\/2024\/10\/IMG_1994-e1729756686983.jpg","datePublished":"2024-10-24T07:40:12+00:00","dateModified":"2025-01-15T07:12:54+00:00","description":"Chez Frecan, nous sommes ravis d'annoncer le lancement de notre nouveau Catalogue 2025, qui entrera en vigueur le 1er janvier.","breadcrumb":{"@id":"https:\/\/www.frecan.es\/blog\/fr\/nouveau-catalogue-2025\/#breadcrumb"},"inLanguage":"fr-FR","potentialAction":[{"@type":"ReadAction","target":["https:\/\/www.frecan.es\/blog\/fr\/nouveau-catalogue-2025\/"]}]},{"@type":"ImageObject","inLanguage":"fr-FR","@id":"https:\/\/www.frecan.es\/blog\/fr\/nouveau-catalogue-2025\/#primaryimage","url":"https:\/\/www.frecan.es\/blog\/wp-content\/uploads\/2024\/10\/IMG_1994-e1729756686983.jpg","contentUrl":"https:\/\/www.frecan.es\/blog\/wp-content\/uploads\/2024\/10\/IMG_1994-e1729756686983.jpg","width":2500,"height":1406,"caption":"Cat\u00e1logo 2024 - 2025 Frecan"},{"@type":"BreadcrumbList","@id":"https:\/\/www.frecan.es\/blog\/fr\/nouveau-catalogue-2025\/#breadcrumb","itemListElement":[{"@type":"ListItem","position":1,"name":"Page de Couverture","item":"https:\/\/www.frecan.es\/blog\/fr\/"},{"@type":"ListItem","position":2,"name":"Nouveau Catalogue : Aspiration et Cuisson pour Cuisines Modernes"}]},{"@type":"WebSite","@id":"https:\/\/www.frecan.es\/blog\/fr\/#website","url":"https:\/\/www.frecan.es\/blog\/fr\/","name":"Blog de Frecan","description":"Artisanat, technologie et avant-garde au c\u0153ur de votre cuisine","publisher":{"@id":"https:\/\/www.frecan.es\/blog\/fr\/#organization"},"potentialAction":[{"@type":"SearchAction","target":{"@type":"EntryPoint","urlTemplate":"https:\/\/www.frecan.es\/blog\/fr\/?s={search_term_string}"},"query-input":{"@type":"PropertyValueSpecification","valueRequired":true,"valueName":"search_term_string"}}],"inLanguage":"fr-FR"},{"@type":"Organization","@id":"https:\/\/www.frecan.es\/blog\/fr\/#organization","name":"Frecan","url":"https:\/\/www.frecan.es\/blog\/fr\/","logo":{"@type":"ImageObject","inLanguage":"fr-FR","@id":"https:\/\/www.frecan.es\/blog\/fr\/#\/schema\/logo\/image\/","url":"https:\/\/www.frecan.es\/blog\/wp-content\/uploads\/2016\/02\/logo-frecan.png","contentUrl":"https:\/\/www.frecan.es\/blog\/wp-content\/uploads\/2016\/02\/logo-frecan.png","width":250,"height":27,"caption":"Frecan"},"image":{"@id":"https:\/\/www.frecan.es\/blog\/fr\/#\/schema\/logo\/image\/"}},{"@type":"Person","@id":"https:\/\/www.frecan.es\/blog\/fr\/#\/schema\/person\/807ea11d2c3f88890ae67a52637b8b3c","name":"Tha\u00efs Alcal\u00e1","image":{"@type":"ImageObject","inLanguage":"fr-FR","@id":"https:\/\/www.frecan.es\/blog\/fr\/#\/schema\/person\/image\/","url":"https:\/\/secure.gravatar.com\/avatar\/ad063cd811075f52af0714b5e973cd08?s=96&d=mm&r=g","contentUrl":"https:\/\/secure.gravatar.com\/avatar\/ad063cd811075f52af0714b5e973cd08?s=96&d=mm&r=g","caption":"Tha\u00efs Alcal\u00e1"},"sameAs":["http:\/\/www.frecan.es"]}]}},"_links":{"self":[{"href":"https:\/\/www.frecan.es\/blog\/fr\/wp-json\/wp\/v2\/posts\/10869","targetHints":{"allow":["GET"]}}],"collection":[{"href":"https:\/\/www.frecan.es\/blog\/fr\/wp-json\/wp\/v2\/posts"}],"about":[{"href":"https:\/\/www.frecan.es\/blog\/fr\/wp-json\/wp\/v2\/types\/post"}],"author":[{"embeddable":true,"href":"https:\/\/www.frecan.es\/blog\/fr\/wp-json\/wp\/v2\/users\/8"}],"replies":[{"embeddable":true,"href":"https:\/\/www.frecan.es\/blog\/fr\/wp-json\/wp\/v2\/comments?post=10869"}],"version-history":[{"count":12,"href":"https:\/\/www.frecan.es\/blog\/fr\/wp-json\/wp\/v2\/posts\/10869\/revisions"}],"predecessor-version":[{"id":11228,"href":"https:\/\/www.frecan.es\/blog\/fr\/wp-json\/wp\/v2\/posts\/10869\/revisions\/11228"}],"wp:featuredmedia":[{"embeddable":true,"href":"https:\/\/www.frecan.es\/blog\/fr\/wp-json\/wp\/v2\/media\/10865"}],"wp:attachment":[{"href":"https:\/\/www.frecan.es\/blog\/fr\/wp-json\/wp\/v2\/media?parent=10869"}],"wp:term":[{"taxonomy":"category","embeddable":true,"href":"https:\/\/www.frecan.es\/blog\/fr\/wp-json\/wp\/v2\/categories?post=10869"},{"taxonomy":"post_tag","embeddable":true,"href":"https:\/\/www.frecan.es\/blog\/fr\/wp-json\/wp\/v2\/tags?post=10869"}],"curies":[{"name":"wp","href":"https:\/\/api.w.org\/{rel}","templated":true}]}}