{"id":10706,"date":"2024-07-11T10:20:05","date_gmt":"2024-07-11T08:20:05","guid":{"rendered":"https:\/\/www.frecan.es\/blog\/?p=10706"},"modified":"2024-07-10T11:28:50","modified_gmt":"2024-07-10T09:28:50","slug":"cuisine-et-salon","status":"publish","type":"post","link":"https:\/\/www.frecan.es\/blog\/fr\/cuisine-et-salon\/","title":{"rendered":"Est-ce une bonne id\u00e9e de r\u00e9unir la cuisine et le salon ?"},"content":{"rendered":"<h2><span style=\"color: #808080;\"><b>L&rsquo;id\u00e9e de r\u00e9unir la cuisine et le salon devient de plus en plus populaire, car elle offre l&rsquo;avantage de cr\u00e9er un espace plus vaste et int\u00e9gr\u00e9. Cependant, il est naturel de se poser des questions sur les odeurs et la fonctionnalit\u00e9.<\/b><\/span><\/h2>\n<p><!--more--><br \/>\n<em><img loading=\"lazy\" decoding=\"async\" class=\"aligncenter wp-image-10702 size-full\" src=\"https:\/\/www.frecan.es\/blog\/wp-content\/uploads\/2024\/07\/reforma-cocina-overlord-sergi-quilez-marin-campana-isla-frecan-8.jpg\" alt=\"Cocina abierta - Campana a medida Frecan\" width=\"1400\" height=\"1019\" srcset=\"https:\/\/www.frecan.es\/blog\/wp-content\/uploads\/2024\/07\/reforma-cocina-overlord-sergi-quilez-marin-campana-isla-frecan-8.jpg 1400w, https:\/\/www.frecan.es\/blog\/wp-content\/uploads\/2024\/07\/reforma-cocina-overlord-sergi-quilez-marin-campana-isla-frecan-8-300x218.jpg 300w, https:\/\/www.frecan.es\/blog\/wp-content\/uploads\/2024\/07\/reforma-cocina-overlord-sergi-quilez-marin-campana-isla-frecan-8-1024x745.jpg 1024w, https:\/\/www.frecan.es\/blog\/wp-content\/uploads\/2024\/07\/reforma-cocina-overlord-sergi-quilez-marin-campana-isla-frecan-8-768x559.jpg 768w, https:\/\/www.frecan.es\/blog\/wp-content\/uploads\/2024\/07\/reforma-cocina-overlord-sergi-quilez-marin-campana-isla-frecan-8-800x582.jpg 800w, https:\/\/www.frecan.es\/blog\/wp-content\/uploads\/2024\/07\/reforma-cocina-overlord-sergi-quilez-marin-campana-isla-frecan-8-1280x932.jpg 1280w\" sizes=\"auto, (max-width: 1400px) 100vw, 1400px\" \/>Projet de cuisine con\u00e7u par <\/em><span class=\"placeholder editor-box w-full h-full px-3 pt-3 pb-2 outline-none block overflow-y-auto\" contenteditable=\"true\" data-placeholder=\"\" data-focused-advice=\"\" data-tribute=\"true\"><em>Overlord, Sergi Quilez<\/em><\/span><\/p>\n<h4>La cuisine : le c\u0153ur de la maison<\/h4>\n<p>Nous passons de plus en plus de temps dans la cuisine, non seulement parce que nous aimons cuisiner, mais aussi parce qu&rsquo;elle est devenue le centre de la vie sociale \u00e0 la maison. C&rsquo;est l&rsquo;endroit o\u00f9 commencent et se terminent les meilleures f\u00eates. C&rsquo;est pourquoi de nombreuses personnes d\u00e9cident de d\u00e9molir le mur qui s\u00e9pare la cuisine de la salle \u00e0 manger pour gagner de l&rsquo;espace, de la luminosit\u00e9, du confort et m\u00eame am\u00e9liorer l&rsquo;esth\u00e9tique de la maison.<\/p>\n<h4>La pr\u00e9occupation des odeurs<\/h4>\n<p>Une pr\u00e9occupation courante lorsqu&rsquo;on r\u00e9unit la cuisine et le salon est que les odeurs de la cuisine se r\u00e9pandent dans toute la maison. Cependant, ce probl\u00e8me ne d\u00e9pend pas tant du fait que la cuisine soit ouverte ou ferm\u00e9e, mais de l&rsquo;efficacit\u00e9 du syst\u00e8me d&rsquo;extraction des fum\u00e9es.<\/p>\n<h4>L&rsquo;importance d&rsquo;une bonne hotte aspirante<\/h4>\n<p>Une hotte aspirante de haute puissance, bien install\u00e9e et correctement utilis\u00e9e, peut emp\u00eacher la propagation des odeurs. Le v\u00e9ritable d\u00e9fi est de s&rsquo;assurer d&rsquo;avoir une hotte de qualit\u00e9 et que son installation soit optimale.<\/p>\n<p>En tant que sp\u00e9cialistes dans le domaine, nous savons que la hotte aspirante est une pi\u00e8ce fondamentale dans toute cuisine, car elle garantit un environnement frais et sans odeurs d\u00e9sagr\u00e9ables. C&rsquo;est pourquoi nous recommandons de porter une attention particuli\u00e8re \u00e0 son choix et \u00e0 son installation.<\/p>\n<p><a href=\"https:\/\/www.frecan.es\/blog\/fr\/choisir-votre-hotte\/\">Guide pour choisir la hotte aspirante parfaite<\/a><\/p>\n<p>Dans tous les cas, il faut tenir compte du fait que la puissance requise d&rsquo;une hotte aspirante varie selon la configuration de la cuisine. Par exemple, les installations dans les cuisines murales n\u00e9cessitent moins de puissance par rapport aux cuisines \u00eelot, en raison des diff\u00e9rences dans la dispersion des odeurs et de la fum\u00e9e.<\/p>\n<p>En d\u00e9finitive, r\u00e9unir la cuisine et le salon peut transformer votre maison en un espace plus vaste, lumineux et accueillant. Imaginez cuisiner tout en partageant des moments avec votre famille et vos amis, sans vous soucier des odeurs gr\u00e2ce \u00e0 une hotte aspirante efficace. Si vous envisagez cette r\u00e9forme, faites confiance aux experts pour garantir une installation optimale et une utilisation ad\u00e9quate. Faites de votre cuisine le v\u00e9ritable c\u0153ur de votre maison et profitez pleinement de chaque recoin !<\/p>\n<p><strong>D\u00e9couvrir plus<\/strong><\/p>\n<blockquote class=\"wp-embedded-content\" data-secret=\"Y2lBnEkmFG\"><p><a href=\"https:\/\/www.frecan.es\/blog\/fr\/hotte-personnalisee-frecan\/\">Personnalisez votre hotte avec Frecan<\/a><\/p><\/blockquote>\n<p><iframe loading=\"lazy\" class=\"wp-embedded-content\" sandbox=\"allow-scripts\" security=\"restricted\" style=\"position: absolute; clip: rect(1px, 1px, 1px, 1px);\" title=\"\u00ab\u00a0Personnalisez votre hotte avec Frecan\u00a0\u00bb &#8212; Blog de Frecan\" src=\"https:\/\/www.frecan.es\/blog\/fr\/hotte-personnalisee-frecan\/embed\/#?secret=ikg1rUoPwC#?secret=Y2lBnEkmFG\" data-secret=\"Y2lBnEkmFG\" width=\"600\" height=\"338\" frameborder=\"0\" marginwidth=\"0\" marginheight=\"0\" scrolling=\"no\"><\/iframe><\/p>\n<blockquote class=\"wp-embedded-content\" data-secret=\"U2FJA2lb2Q\"><p><a href=\"https:\/\/www.frecan.es\/blog\/fr\/plaques-de-cuisson-h-connect\/\">Plaques de cuisson H-Connect<\/a><\/p><\/blockquote>\n<p><iframe loading=\"lazy\" class=\"wp-embedded-content\" sandbox=\"allow-scripts\" security=\"restricted\" style=\"position: absolute; clip: rect(1px, 1px, 1px, 1px);\" title=\"\u00ab\u00a0Plaques de cuisson H-Connect\u00a0\u00bb &#8212; Blog de Frecan\" src=\"https:\/\/www.frecan.es\/blog\/fr\/plaques-de-cuisson-h-connect\/embed\/#?secret=FAdk3iW6uu#?secret=U2FJA2lb2Q\" data-secret=\"U2FJA2lb2Q\" width=\"600\" height=\"338\" frameborder=\"0\" marginwidth=\"0\" marginheight=\"0\" scrolling=\"no\"><\/iframe><\/p>\n","protected":false},"excerpt":{"rendered":"<p>L&rsquo;id\u00e9e de r\u00e9unir la cuisine et le salon devient de plus en plus populaire, car elle offre l&rsquo;avantage de cr\u00e9er un espace plus vaste et int\u00e9gr\u00e9. Cependant, il est naturel de se poser des questions sur les odeurs et la fonctionnalit\u00e9.<\/p>\n","protected":false},"author":8,"featured_media":10704,"comment_status":"open","ping_status":"open","sticky":false,"template":"","format":"standard","meta":{"footnotes":""},"categories":[68,74,64],"tags":[],"class_list":{"0":"post-10706","1":"post","2":"type-post","3":"status-publish","4":"format-standard","5":"has-post-thumbnail","7":"category-cuisines-design","8":"category-frecantek-fr","9":"category-hottes"},"yoast_head":"<!-- This site is optimized with the Yoast SEO plugin v24.7 - https:\/\/yoast.com\/wordpress\/plugins\/seo\/ -->\n<title>Est-ce une bonne id\u00e9e de r\u00e9unir la cuisine et le salon ? - Blog de Frecan<\/title>\n<meta name=\"description\" content=\"Une pr\u00e9occupation courante lorsqu&#039;on r\u00e9unit la cuisine et le salon est que les odeurs de la cuisine se r\u00e9pandent dans toute la maison...\" \/>\n<meta name=\"robots\" content=\"index, follow, max-snippet:-1, max-image-preview:large, max-video-preview:-1\" \/>\n<link rel=\"canonical\" href=\"https:\/\/www.frecan.es\/blog\/fr\/cuisine-et-salon\/\" \/>\n<meta property=\"og:locale\" content=\"fr_FR\" \/>\n<meta property=\"og:type\" content=\"article\" \/>\n<meta property=\"og:title\" content=\"Est-ce une bonne id\u00e9e de r\u00e9unir la cuisine et le salon ? - Blog de Frecan\" \/>\n<meta property=\"og:description\" content=\"Une pr\u00e9occupation courante lorsqu&#039;on r\u00e9unit la cuisine et le salon est que les odeurs de la cuisine se r\u00e9pandent dans toute la maison...\" \/>\n<meta property=\"og:url\" content=\"https:\/\/www.frecan.es\/blog\/fr\/cuisine-et-salon\/\" \/>\n<meta property=\"og:site_name\" content=\"Blog de Frecan\" \/>\n<meta property=\"article:published_time\" content=\"2024-07-11T08:20:05+00:00\" \/>\n<meta property=\"og:image\" content=\"https:\/\/www.frecan.es\/blog\/wp-content\/uploads\/2024\/07\/reforma-cocina-overlord-sergi-quilez-marin-campana-isla-frecan-8.jpg\" \/>\n\t<meta property=\"og:image:width\" content=\"1400\" \/>\n\t<meta property=\"og:image:height\" content=\"1019\" \/>\n\t<meta property=\"og:image:type\" content=\"image\/jpeg\" \/>\n<meta name=\"author\" content=\"Tha\u00efs Alcal\u00e1\" \/>\n<meta name=\"twitter:card\" content=\"summary_large_image\" \/>\n<meta name=\"twitter:label1\" content=\"\u00c9crit par\" \/>\n\t<meta name=\"twitter:data1\" content=\"Tha\u00efs Alcal\u00e1\" \/>\n\t<meta name=\"twitter:label2\" content=\"Dur\u00e9e de lecture estim\u00e9e\" \/>\n\t<meta name=\"twitter:data2\" content=\"3 minutes\" \/>\n<script type=\"application\/ld+json\" class=\"yoast-schema-graph\">{\"@context\":\"https:\/\/schema.org\",\"@graph\":[{\"@type\":\"Article\",\"@id\":\"https:\/\/www.frecan.es\/blog\/fr\/cuisine-et-salon\/#article\",\"isPartOf\":{\"@id\":\"https:\/\/www.frecan.es\/blog\/fr\/cuisine-et-salon\/\"},\"author\":{\"name\":\"Tha\u00efs Alcal\u00e1\",\"@id\":\"https:\/\/www.frecan.es\/blog\/fr\/#\/schema\/person\/807ea11d2c3f88890ae67a52637b8b3c\"},\"headline\":\"Est-ce une bonne id\u00e9e de r\u00e9unir la cuisine et le salon ?\",\"datePublished\":\"2024-07-11T08:20:05+00:00\",\"mainEntityOfPage\":{\"@id\":\"https:\/\/www.frecan.es\/blog\/fr\/cuisine-et-salon\/\"},\"wordCount\":476,\"commentCount\":0,\"publisher\":{\"@id\":\"https:\/\/www.frecan.es\/blog\/fr\/#organization\"},\"image\":{\"@id\":\"https:\/\/www.frecan.es\/blog\/fr\/cuisine-et-salon\/#primaryimage\"},\"thumbnailUrl\":\"https:\/\/www.frecan.es\/blog\/wp-content\/uploads\/2024\/07\/reforma-cocina-overlord-sergi-quilez-marin-campana-isla-frecan-8.jpg\",\"articleSection\":[\"Cuisines design\",\"FrecanTEK\",\"Syst\u00e8mes d'extraction \/ hottes\"],\"inLanguage\":\"fr-FR\",\"potentialAction\":[{\"@type\":\"CommentAction\",\"name\":\"Comment\",\"target\":[\"https:\/\/www.frecan.es\/blog\/fr\/cuisine-et-salon\/#respond\"]}]},{\"@type\":\"WebPage\",\"@id\":\"https:\/\/www.frecan.es\/blog\/fr\/cuisine-et-salon\/\",\"url\":\"https:\/\/www.frecan.es\/blog\/fr\/cuisine-et-salon\/\",\"name\":\"Est-ce une bonne id\u00e9e de r\u00e9unir la cuisine et le salon ? - Blog de Frecan\",\"isPartOf\":{\"@id\":\"https:\/\/www.frecan.es\/blog\/fr\/#website\"},\"primaryImageOfPage\":{\"@id\":\"https:\/\/www.frecan.es\/blog\/fr\/cuisine-et-salon\/#primaryimage\"},\"image\":{\"@id\":\"https:\/\/www.frecan.es\/blog\/fr\/cuisine-et-salon\/#primaryimage\"},\"thumbnailUrl\":\"https:\/\/www.frecan.es\/blog\/wp-content\/uploads\/2024\/07\/reforma-cocina-overlord-sergi-quilez-marin-campana-isla-frecan-8.jpg\",\"datePublished\":\"2024-07-11T08:20:05+00:00\",\"description\":\"Une pr\u00e9occupation courante lorsqu'on r\u00e9unit la cuisine et le salon est que les odeurs de la cuisine se r\u00e9pandent dans toute la maison...\",\"breadcrumb\":{\"@id\":\"https:\/\/www.frecan.es\/blog\/fr\/cuisine-et-salon\/#breadcrumb\"},\"inLanguage\":\"fr-FR\",\"potentialAction\":[{\"@type\":\"ReadAction\",\"target\":[\"https:\/\/www.frecan.es\/blog\/fr\/cuisine-et-salon\/\"]}]},{\"@type\":\"ImageObject\",\"inLanguage\":\"fr-FR\",\"@id\":\"https:\/\/www.frecan.es\/blog\/fr\/cuisine-et-salon\/#primaryimage\",\"url\":\"https:\/\/www.frecan.es\/blog\/wp-content\/uploads\/2024\/07\/reforma-cocina-overlord-sergi-quilez-marin-campana-isla-frecan-8.jpg\",\"contentUrl\":\"https:\/\/www.frecan.es\/blog\/wp-content\/uploads\/2024\/07\/reforma-cocina-overlord-sergi-quilez-marin-campana-isla-frecan-8.jpg\",\"width\":1400,\"height\":1019,\"caption\":\"Cocina abierta - Campana a medida Frecan\"},{\"@type\":\"BreadcrumbList\",\"@id\":\"https:\/\/www.frecan.es\/blog\/fr\/cuisine-et-salon\/#breadcrumb\",\"itemListElement\":[{\"@type\":\"ListItem\",\"position\":1,\"name\":\"Page de Couverture\",\"item\":\"https:\/\/www.frecan.es\/blog\/fr\/\"},{\"@type\":\"ListItem\",\"position\":2,\"name\":\"Est-ce une bonne id\u00e9e de r\u00e9unir la cuisine et le salon ?\"}]},{\"@type\":\"WebSite\",\"@id\":\"https:\/\/www.frecan.es\/blog\/fr\/#website\",\"url\":\"https:\/\/www.frecan.es\/blog\/fr\/\",\"name\":\"Blog de Frecan\",\"description\":\"Artisanat, technologie et avant-garde au c\u0153ur de votre cuisine\",\"publisher\":{\"@id\":\"https:\/\/www.frecan.es\/blog\/fr\/#organization\"},\"potentialAction\":[{\"@type\":\"SearchAction\",\"target\":{\"@type\":\"EntryPoint\",\"urlTemplate\":\"https:\/\/www.frecan.es\/blog\/fr\/?s={search_term_string}\"},\"query-input\":{\"@type\":\"PropertyValueSpecification\",\"valueRequired\":true,\"valueName\":\"search_term_string\"}}],\"inLanguage\":\"fr-FR\"},{\"@type\":\"Organization\",\"@id\":\"https:\/\/www.frecan.es\/blog\/fr\/#organization\",\"name\":\"Frecan\",\"url\":\"https:\/\/www.frecan.es\/blog\/fr\/\",\"logo\":{\"@type\":\"ImageObject\",\"inLanguage\":\"fr-FR\",\"@id\":\"https:\/\/www.frecan.es\/blog\/fr\/#\/schema\/logo\/image\/\",\"url\":\"https:\/\/www.frecan.es\/blog\/wp-content\/uploads\/2016\/02\/logo-frecan.png\",\"contentUrl\":\"https:\/\/www.frecan.es\/blog\/wp-content\/uploads\/2016\/02\/logo-frecan.png\",\"width\":250,\"height\":27,\"caption\":\"Frecan\"},\"image\":{\"@id\":\"https:\/\/www.frecan.es\/blog\/fr\/#\/schema\/logo\/image\/\"}},{\"@type\":\"Person\",\"@id\":\"https:\/\/www.frecan.es\/blog\/fr\/#\/schema\/person\/807ea11d2c3f88890ae67a52637b8b3c\",\"name\":\"Tha\u00efs Alcal\u00e1\",\"image\":{\"@type\":\"ImageObject\",\"inLanguage\":\"fr-FR\",\"@id\":\"https:\/\/www.frecan.es\/blog\/fr\/#\/schema\/person\/image\/\",\"url\":\"https:\/\/secure.gravatar.com\/avatar\/ad063cd811075f52af0714b5e973cd08?s=96&d=mm&r=g\",\"contentUrl\":\"https:\/\/secure.gravatar.com\/avatar\/ad063cd811075f52af0714b5e973cd08?s=96&d=mm&r=g\",\"caption\":\"Tha\u00efs Alcal\u00e1\"},\"sameAs\":[\"http:\/\/www.frecan.es\"]}]}<\/script>\n<!-- \/ Yoast SEO plugin. -->","yoast_head_json":{"title":"Est-ce une bonne id\u00e9e de r\u00e9unir la cuisine et le salon ? - Blog de Frecan","description":"Une pr\u00e9occupation courante lorsqu'on r\u00e9unit la cuisine et le salon est que les odeurs de la cuisine se r\u00e9pandent dans toute la maison...","robots":{"index":"index","follow":"follow","max-snippet":"max-snippet:-1","max-image-preview":"max-image-preview:large","max-video-preview":"max-video-preview:-1"},"canonical":"https:\/\/www.frecan.es\/blog\/fr\/cuisine-et-salon\/","og_locale":"fr_FR","og_type":"article","og_title":"Est-ce une bonne id\u00e9e de r\u00e9unir la cuisine et le salon ? - Blog de Frecan","og_description":"Une pr\u00e9occupation courante lorsqu'on r\u00e9unit la cuisine et le salon est que les odeurs de la cuisine se r\u00e9pandent dans toute la maison...","og_url":"https:\/\/www.frecan.es\/blog\/fr\/cuisine-et-salon\/","og_site_name":"Blog de Frecan","article_published_time":"2024-07-11T08:20:05+00:00","og_image":[{"width":1400,"height":1019,"url":"https:\/\/www.frecan.es\/blog\/wp-content\/uploads\/2024\/07\/reforma-cocina-overlord-sergi-quilez-marin-campana-isla-frecan-8.jpg","type":"image\/jpeg"}],"author":"Tha\u00efs Alcal\u00e1","twitter_card":"summary_large_image","twitter_misc":{"\u00c9crit par":"Tha\u00efs Alcal\u00e1","Dur\u00e9e de lecture estim\u00e9e":"3 minutes"},"schema":{"@context":"https:\/\/schema.org","@graph":[{"@type":"Article","@id":"https:\/\/www.frecan.es\/blog\/fr\/cuisine-et-salon\/#article","isPartOf":{"@id":"https:\/\/www.frecan.es\/blog\/fr\/cuisine-et-salon\/"},"author":{"name":"Tha\u00efs Alcal\u00e1","@id":"https:\/\/www.frecan.es\/blog\/fr\/#\/schema\/person\/807ea11d2c3f88890ae67a52637b8b3c"},"headline":"Est-ce une bonne id\u00e9e de r\u00e9unir la cuisine et le salon ?","datePublished":"2024-07-11T08:20:05+00:00","mainEntityOfPage":{"@id":"https:\/\/www.frecan.es\/blog\/fr\/cuisine-et-salon\/"},"wordCount":476,"commentCount":0,"publisher":{"@id":"https:\/\/www.frecan.es\/blog\/fr\/#organization"},"image":{"@id":"https:\/\/www.frecan.es\/blog\/fr\/cuisine-et-salon\/#primaryimage"},"thumbnailUrl":"https:\/\/www.frecan.es\/blog\/wp-content\/uploads\/2024\/07\/reforma-cocina-overlord-sergi-quilez-marin-campana-isla-frecan-8.jpg","articleSection":["Cuisines design","FrecanTEK","Syst\u00e8mes d'extraction \/ hottes"],"inLanguage":"fr-FR","potentialAction":[{"@type":"CommentAction","name":"Comment","target":["https:\/\/www.frecan.es\/blog\/fr\/cuisine-et-salon\/#respond"]}]},{"@type":"WebPage","@id":"https:\/\/www.frecan.es\/blog\/fr\/cuisine-et-salon\/","url":"https:\/\/www.frecan.es\/blog\/fr\/cuisine-et-salon\/","name":"Est-ce une bonne id\u00e9e de r\u00e9unir la cuisine et le salon ? - Blog de Frecan","isPartOf":{"@id":"https:\/\/www.frecan.es\/blog\/fr\/#website"},"primaryImageOfPage":{"@id":"https:\/\/www.frecan.es\/blog\/fr\/cuisine-et-salon\/#primaryimage"},"image":{"@id":"https:\/\/www.frecan.es\/blog\/fr\/cuisine-et-salon\/#primaryimage"},"thumbnailUrl":"https:\/\/www.frecan.es\/blog\/wp-content\/uploads\/2024\/07\/reforma-cocina-overlord-sergi-quilez-marin-campana-isla-frecan-8.jpg","datePublished":"2024-07-11T08:20:05+00:00","description":"Une pr\u00e9occupation courante lorsqu'on r\u00e9unit la cuisine et le salon est que les odeurs de la cuisine se r\u00e9pandent dans toute la maison...","breadcrumb":{"@id":"https:\/\/www.frecan.es\/blog\/fr\/cuisine-et-salon\/#breadcrumb"},"inLanguage":"fr-FR","potentialAction":[{"@type":"ReadAction","target":["https:\/\/www.frecan.es\/blog\/fr\/cuisine-et-salon\/"]}]},{"@type":"ImageObject","inLanguage":"fr-FR","@id":"https:\/\/www.frecan.es\/blog\/fr\/cuisine-et-salon\/#primaryimage","url":"https:\/\/www.frecan.es\/blog\/wp-content\/uploads\/2024\/07\/reforma-cocina-overlord-sergi-quilez-marin-campana-isla-frecan-8.jpg","contentUrl":"https:\/\/www.frecan.es\/blog\/wp-content\/uploads\/2024\/07\/reforma-cocina-overlord-sergi-quilez-marin-campana-isla-frecan-8.jpg","width":1400,"height":1019,"caption":"Cocina abierta - Campana a medida Frecan"},{"@type":"BreadcrumbList","@id":"https:\/\/www.frecan.es\/blog\/fr\/cuisine-et-salon\/#breadcrumb","itemListElement":[{"@type":"ListItem","position":1,"name":"Page de Couverture","item":"https:\/\/www.frecan.es\/blog\/fr\/"},{"@type":"ListItem","position":2,"name":"Est-ce une bonne id\u00e9e de r\u00e9unir la cuisine et le salon ?"}]},{"@type":"WebSite","@id":"https:\/\/www.frecan.es\/blog\/fr\/#website","url":"https:\/\/www.frecan.es\/blog\/fr\/","name":"Blog de Frecan","description":"Artisanat, technologie et avant-garde au c\u0153ur de votre cuisine","publisher":{"@id":"https:\/\/www.frecan.es\/blog\/fr\/#organization"},"potentialAction":[{"@type":"SearchAction","target":{"@type":"EntryPoint","urlTemplate":"https:\/\/www.frecan.es\/blog\/fr\/?s={search_term_string}"},"query-input":{"@type":"PropertyValueSpecification","valueRequired":true,"valueName":"search_term_string"}}],"inLanguage":"fr-FR"},{"@type":"Organization","@id":"https:\/\/www.frecan.es\/blog\/fr\/#organization","name":"Frecan","url":"https:\/\/www.frecan.es\/blog\/fr\/","logo":{"@type":"ImageObject","inLanguage":"fr-FR","@id":"https:\/\/www.frecan.es\/blog\/fr\/#\/schema\/logo\/image\/","url":"https:\/\/www.frecan.es\/blog\/wp-content\/uploads\/2016\/02\/logo-frecan.png","contentUrl":"https:\/\/www.frecan.es\/blog\/wp-content\/uploads\/2016\/02\/logo-frecan.png","width":250,"height":27,"caption":"Frecan"},"image":{"@id":"https:\/\/www.frecan.es\/blog\/fr\/#\/schema\/logo\/image\/"}},{"@type":"Person","@id":"https:\/\/www.frecan.es\/blog\/fr\/#\/schema\/person\/807ea11d2c3f88890ae67a52637b8b3c","name":"Tha\u00efs Alcal\u00e1","image":{"@type":"ImageObject","inLanguage":"fr-FR","@id":"https:\/\/www.frecan.es\/blog\/fr\/#\/schema\/person\/image\/","url":"https:\/\/secure.gravatar.com\/avatar\/ad063cd811075f52af0714b5e973cd08?s=96&d=mm&r=g","contentUrl":"https:\/\/secure.gravatar.com\/avatar\/ad063cd811075f52af0714b5e973cd08?s=96&d=mm&r=g","caption":"Tha\u00efs Alcal\u00e1"},"sameAs":["http:\/\/www.frecan.es"]}]}},"_links":{"self":[{"href":"https:\/\/www.frecan.es\/blog\/fr\/wp-json\/wp\/v2\/posts\/10706","targetHints":{"allow":["GET"]}}],"collection":[{"href":"https:\/\/www.frecan.es\/blog\/fr\/wp-json\/wp\/v2\/posts"}],"about":[{"href":"https:\/\/www.frecan.es\/blog\/fr\/wp-json\/wp\/v2\/types\/post"}],"author":[{"embeddable":true,"href":"https:\/\/www.frecan.es\/blog\/fr\/wp-json\/wp\/v2\/users\/8"}],"replies":[{"embeddable":true,"href":"https:\/\/www.frecan.es\/blog\/fr\/wp-json\/wp\/v2\/comments?post=10706"}],"version-history":[{"count":2,"href":"https:\/\/www.frecan.es\/blog\/fr\/wp-json\/wp\/v2\/posts\/10706\/revisions"}],"predecessor-version":[{"id":10708,"href":"https:\/\/www.frecan.es\/blog\/fr\/wp-json\/wp\/v2\/posts\/10706\/revisions\/10708"}],"wp:featuredmedia":[{"embeddable":true,"href":"https:\/\/www.frecan.es\/blog\/fr\/wp-json\/wp\/v2\/media\/10704"}],"wp:attachment":[{"href":"https:\/\/www.frecan.es\/blog\/fr\/wp-json\/wp\/v2\/media?parent=10706"}],"wp:term":[{"taxonomy":"category","embeddable":true,"href":"https:\/\/www.frecan.es\/blog\/fr\/wp-json\/wp\/v2\/categories?post=10706"},{"taxonomy":"post_tag","embeddable":true,"href":"https:\/\/www.frecan.es\/blog\/fr\/wp-json\/wp\/v2\/tags?post=10706"}],"curies":[{"name":"wp","href":"https:\/\/api.w.org\/{rel}","templated":true}]}}