{"id":10641,"date":"2024-06-27T10:30:42","date_gmt":"2024-06-27T08:30:42","guid":{"rendered":"https:\/\/www.frecan.es\/blog\/?p=10641"},"modified":"2024-06-25T13:45:12","modified_gmt":"2024-06-25T11:45:12","slug":"plaques-de-cuisson-h-connect","status":"publish","type":"post","link":"https:\/\/www.frecan.es\/blog\/fr\/plaques-de-cuisson-h-connect\/","title":{"rendered":"Plaques de cuisson H-Connect"},"content":{"rendered":"<p><a href=\"https:\/\/www.frecan.fr\/tables\/hconnect-603-slider\/\" target=\"_blank\" rel=\"noopener\"><img loading=\"lazy\" decoding=\"async\" width=\"1200\" height=\"800\" class=\"aligncenter wp-image-10631 size-full\" src=\"https:\/\/www.frecan.es\/blog\/wp-content\/uploads\/2024\/06\/H-Connect-ambiente-fondo.jpg\" class=\"light\" srcset=\"https:\/\/www.frecan.es\/blog\/wp-content\/uploads\/2024\/06\/H-Connect-ambiente-fondo.jpg 1200w, https:\/\/www.frecan.es\/blog\/wp-content\/uploads\/2024\/06\/H-Connect-ambiente-fondo-300x200.jpg 300w, https:\/\/www.frecan.es\/blog\/wp-content\/uploads\/2024\/06\/H-Connect-ambiente-fondo-1024x683.jpg 1024w, https:\/\/www.frecan.es\/blog\/wp-content\/uploads\/2024\/06\/H-Connect-ambiente-fondo-768x512.jpg 768w, https:\/\/www.frecan.es\/blog\/wp-content\/uploads\/2024\/06\/H-Connect-ambiente-fondo-800x533.jpg 800w\" sizes=\"auto, (max-width: 1200px) 100vw, 1200px\" \/><\/a><\/p>\n<p>Les plaques de cuisson ont \u00e9norm\u00e9ment \u00e9volu\u00e9 ces derni\u00e8res ann\u00e9es, et Frecan est \u00e0 la pointe avec sa ligne innovante de plaques H-Connect. Ces plaques offrent non seulement un design \u00e9l\u00e9gant et des fonctionnalit\u00e9s avanc\u00e9es, mais am\u00e9liorent \u00e9galement le confort et la s\u00e9curit\u00e9 dans la cuisine gr\u00e2ce \u00e0 leur connexion sans fil avec les hottes aspirantes Frecan.<\/p>\n<h4><b>Confort | Contr\u00f4le sans sil<\/b><\/h4>\n<p>Une des caract\u00e9ristiques les plus remarquables des plaques de cuisson H-Connect est leur capacit\u00e9 \u00e0 contr\u00f4ler la hotte aspirante directement depuis la plaque. Cela simplifie non seulement le processus de cuisson, mais am\u00e9liore \u00e9galement la s\u00e9curit\u00e9 dans la cuisine en vous permettant de vous concentrer sur la pr\u00e9paration sans distractions.<\/p>\n<h4><b>Adaptabilit\u00e9 | <a href=\"https:\/\/www.frecan.fr\/\">Hottes Frecan<\/a><\/b><\/h4>\n<p>Les plaques H-Connect sont compatibles avec une large gamme de hottes aspirantes Frecan. Vous pouvez choisir parmi diff\u00e9rentes options et mod\u00e8les, y compris ceux de plafond, d&rsquo;int\u00e9gration, muraux et \u00eelots. Cette polyvalence vous permet de trouver la combinaison parfaite pour votre cuisine, assurant que tous vos appareils fonctionnent en harmonie.<\/p>\n<h4><b>Pr\u00e9cision et facilit\u00e9 d&rsquo;utilisation | Contr\u00f4le coulissant<\/b><\/h4>\n<p>Le contr\u00f4le coulissant est une autre caract\u00e9ristique cl\u00e9 des plaques H-Connect. Ce syst\u00e8me permet une s\u00e9lection rapide de la temp\u00e9rature en effleurant simplement le niveau de puissance d\u00e9sir\u00e9 sur l&rsquo;\u00e9cran tactile avec un doigt. Cette pr\u00e9cision et facilit\u00e9 d&rsquo;utilisation garantissent que vous aurez toujours le contr\u00f4le parfait de votre cuisson.<\/p>\n<div class=\"columns medium-6\">\n<p><a href=\"https:\/\/www.frecan.fr\/tables\/hconnect-603ELC\/\" target=\"_blank\" rel=\"noopener\"><img loading=\"lazy\" decoding=\"async\" width=\"1440\" height=\"840\" class=\"aligncenter wp-image-8113 size-full\" src=\"https:\/\/www.frecan.es\/blog\/wp-content\/uploads\/2023\/02\/modelo478g_h-connect-603elc-fp.jpg\" class=\"light\" srcset=\"https:\/\/www.frecan.es\/blog\/wp-content\/uploads\/2023\/02\/modelo478g_h-connect-603elc-fp.jpg 1440w, https:\/\/www.frecan.es\/blog\/wp-content\/uploads\/2023\/02\/modelo478g_h-connect-603elc-fp-300x175.jpg 300w, https:\/\/www.frecan.es\/blog\/wp-content\/uploads\/2023\/02\/modelo478g_h-connect-603elc-fp-1024x597.jpg 1024w, https:\/\/www.frecan.es\/blog\/wp-content\/uploads\/2023\/02\/modelo478g_h-connect-603elc-fp-768x448.jpg 768w, https:\/\/www.frecan.es\/blog\/wp-content\/uploads\/2023\/02\/modelo478g_h-connect-603elc-fp-800x467.jpg 800w, https:\/\/www.frecan.es\/blog\/wp-content\/uploads\/2023\/02\/modelo478g_h-connect-603elc-fp-1280x747.jpg 1280w\" sizes=\"auto, (max-width: 1440px) 100vw, 1440px\" \/><\/a><\/p>\n<h3>Mod\u00e8les H-Connect 603 | Cuisine exigeante<\/h3>\n<p>Les mod\u00e8les H-Connect 603 ont \u00e9t\u00e9 con\u00e7us en pensant aux cuisines les plus exigeantes. Ces plaques de cuisson \u00e0 3 zones sont dot\u00e9es d&rsquo;une large zone de cuisson \u00e0 induction qui permet l&rsquo;utilisation d&rsquo;ustensiles avec des diam\u00e8tres compris entre 11 et 30 cm. Cette flexibilit\u00e9 vous permet de cuisiner avec une vari\u00e9t\u00e9 de r\u00e9cipients, des petites casseroles aux grandes marmites et po\u00eales. <a href=\"https:\/\/www.frecan.fr\/tables\/hconnect-603ELC\/\">Voir mod\u00e8le 603 ELC<\/a> | <a href=\"https:\/\/www.frecan.fr\/tables\/hconnect-603-slider\/\">Voir mod\u00e8le 603 Slider<\/a><\/p>\n<\/div>\n<div class=\"columns medium-6\">\n<p><a href=\"https:\/\/www.frecan.fr\/tables\/hconnect-604-slider\/\" target=\"_blank\" rel=\"noopener\"><img loading=\"lazy\" decoding=\"async\" width=\"1440\" height=\"840\" class=\"aligncenter wp-image-8116 size-full\" src=\"https:\/\/www.frecan.es\/blog\/wp-content\/uploads\/2023\/02\/modelo479g_h-connect-604sliderb-fp.jpg\" class=\"light\" srcset=\"https:\/\/www.frecan.es\/blog\/wp-content\/uploads\/2023\/02\/modelo479g_h-connect-604sliderb-fp.jpg 1440w, https:\/\/www.frecan.es\/blog\/wp-content\/uploads\/2023\/02\/modelo479g_h-connect-604sliderb-fp-300x175.jpg 300w, https:\/\/www.frecan.es\/blog\/wp-content\/uploads\/2023\/02\/modelo479g_h-connect-604sliderb-fp-1024x597.jpg 1024w, https:\/\/www.frecan.es\/blog\/wp-content\/uploads\/2023\/02\/modelo479g_h-connect-604sliderb-fp-768x448.jpg 768w, https:\/\/www.frecan.es\/blog\/wp-content\/uploads\/2023\/02\/modelo479g_h-connect-604sliderb-fp-800x467.jpg 800w, https:\/\/www.frecan.es\/blog\/wp-content\/uploads\/2023\/02\/modelo479g_h-connect-604sliderb-fp-1280x747.jpg 1280w\" sizes=\"auto, (max-width: 1440px) 100vw, 1440px\" \/><\/a><\/p>\n<h3>H-Connect 604 | Cuisine flexible<\/h3>\n<p>Pour ceux qui recherchent encore plus de flexibilit\u00e9, le mod\u00e8le H-Connect 604 Slider Bridge est le choix parfait. Cette plaque permet d&rsquo;associer deux zones de cuisson pour cr\u00e9er une grande zone unique. Cela est id\u00e9al pour utiliser des r\u00e9cipients de plus grande taille ou pour cuisiner plusieurs plats simultan\u00e9ment. Avec cette fonctionnalit\u00e9, vous pouvez pr\u00e9parer des repas plus complexes et vari\u00e9s avec une plus grande facilit\u00e9.<a href=\"https:\/\/www.frecan.fr\/tables\/hconnect-604-slider\/\">Voir mod\u00e8le 604 Slider<\/a><\/p>\n<\/div>\n<p>En d\u00e9finitive, les plaques de cuisson H-Connect de Frecan repr\u00e9sentent un grand pas en avant dans la technologie de cuisine, offrant confort, flexibilit\u00e9 et contr\u00f4le. Que vous cherchiez une solution pour une cuisine exigeante ou que vous d\u00e9siriez une flexibilit\u00e9 maximale, les plaques H-Connect ont quelque chose \u00e0 offrir. Explorez les options disponibles et transformez votre cuisine en un espace moderne et efficace avec Frecan.<\/p>\n<p><strong>D\u00e9couvrir plus<\/strong><\/p>\n<blockquote class=\"wp-embedded-content\" data-secret=\"XTmdQQHoB8\"><p><a href=\"https:\/\/www.frecan.es\/blog\/fr\/choisir-votre-hotte\/\">Guide pour choisir la hotte aspirante parfaite<\/a><\/p><\/blockquote>\n<p><iframe loading=\"lazy\" class=\"wp-embedded-content\" sandbox=\"allow-scripts\" security=\"restricted\" style=\"position: absolute; clip: rect(1px, 1px, 1px, 1px);\" title=\"\u00ab\u00a0Guide pour choisir la hotte aspirante parfaite\u00a0\u00bb &#8212; Blog de Frecan\" src=\"https:\/\/www.frecan.es\/blog\/fr\/choisir-votre-hotte\/embed\/#?secret=dLArYlsFQk#?secret=XTmdQQHoB8\" data-secret=\"XTmdQQHoB8\" width=\"600\" height=\"338\" frameborder=\"0\" marginwidth=\"0\" marginheight=\"0\" scrolling=\"no\"><\/iframe><\/p>\n<blockquote class=\"wp-embedded-content\" data-secret=\"5M6EHi6OP1\"><p><a href=\"https:\/\/www.frecan.es\/blog\/fr\/hotte-personnalisee-frecan\/\">Personnalisez votre hotte avec Frecan<\/a><\/p><\/blockquote>\n<p><iframe loading=\"lazy\" class=\"wp-embedded-content\" sandbox=\"allow-scripts\" security=\"restricted\" style=\"position: absolute; clip: rect(1px, 1px, 1px, 1px);\" title=\"\u00ab\u00a0Personnalisez votre hotte avec Frecan\u00a0\u00bb &#8212; Blog de Frecan\" src=\"https:\/\/www.frecan.es\/blog\/fr\/hotte-personnalisee-frecan\/embed\/#?secret=wq5G2oc63Y#?secret=5M6EHi6OP1\" data-secret=\"5M6EHi6OP1\" width=\"600\" height=\"338\" frameborder=\"0\" marginwidth=\"0\" marginheight=\"0\" scrolling=\"no\"><\/iframe><\/p>\n","protected":false},"excerpt":{"rendered":"<\/p>\n<p>Les plaques de cuisson ont \u00e9norm\u00e9ment \u00e9volu\u00e9 ces derni\u00e8res ann\u00e9es, et Frecan est \u00e0 la pointe avec sa ligne innovante de plaques H-Connect. Ces plaques offrent non seulement un design \u00e9l\u00e9gant et des fonctionnalit\u00e9s avanc\u00e9es, mais am\u00e9liorent \u00e9galement le confort et la s\u00e9curit\u00e9 dans la cuisine gr\u00e2ce \u00e0 leur connexion sans fil avec les hottes &#8230;<\/p>\n","protected":false},"author":8,"featured_media":10655,"comment_status":"open","ping_status":"open","sticky":false,"template":"","format":"standard","meta":{"footnotes":""},"categories":[73],"tags":[],"class_list":{"0":"post-10641","1":"post","2":"type-post","3":"status-publish","4":"format-standard","5":"has-post-thumbnail","7":"category-placas-de-induccion-fr"},"yoast_head":"<!-- This site is optimized with the Yoast SEO plugin v24.7 - https:\/\/yoast.com\/wordpress\/plugins\/seo\/ -->\n<title>Plaques de cuisson H-Connect - Blog de Frecan<\/title>\n<meta name=\"description\" content=\"Cherchez-vous la solution pour une cuisine exigeante ou d\u00e9sirez-vous une flexibilit\u00e9 maximale ? Les plaques de cuisson H-Connect ont quelque chose \u00e0 vous offrir...\" \/>\n<meta name=\"robots\" content=\"index, follow, max-snippet:-1, max-image-preview:large, max-video-preview:-1\" \/>\n<link rel=\"canonical\" href=\"https:\/\/www.frecan.es\/blog\/fr\/plaques-de-cuisson-h-connect\/\" \/>\n<meta property=\"og:locale\" content=\"fr_FR\" \/>\n<meta property=\"og:type\" content=\"article\" \/>\n<meta property=\"og:title\" content=\"Plaques de cuisson H-Connect - Blog de Frecan\" \/>\n<meta property=\"og:description\" content=\"Cherchez-vous la solution pour une cuisine exigeante ou d\u00e9sirez-vous une flexibilit\u00e9 maximale ? Les plaques de cuisson H-Connect ont quelque chose \u00e0 vous offrir...\" \/>\n<meta property=\"og:url\" content=\"https:\/\/www.frecan.es\/blog\/fr\/plaques-de-cuisson-h-connect\/\" \/>\n<meta property=\"og:site_name\" content=\"Blog de Frecan\" \/>\n<meta property=\"article:published_time\" content=\"2024-06-27T08:30:42+00:00\" \/>\n<meta property=\"og:image\" content=\"https:\/\/www.frecan.es\/blog\/wp-content\/uploads\/2024\/06\/H-Connect-ambiente-fondo-1-e1719316161450.jpg\" \/>\n\t<meta property=\"og:image:width\" content=\"1200\" \/>\n\t<meta property=\"og:image:height\" content=\"800\" \/>\n\t<meta property=\"og:image:type\" content=\"image\/jpeg\" \/>\n<meta name=\"author\" content=\"Tha\u00efs Alcal\u00e1\" \/>\n<meta name=\"twitter:card\" content=\"summary_large_image\" \/>\n<meta name=\"twitter:label1\" content=\"\u00c9crit par\" \/>\n\t<meta name=\"twitter:data1\" content=\"Tha\u00efs Alcal\u00e1\" \/>\n\t<meta name=\"twitter:label2\" content=\"Dur\u00e9e de lecture estim\u00e9e\" \/>\n\t<meta name=\"twitter:data2\" content=\"3 minutes\" \/>\n<script type=\"application\/ld+json\" class=\"yoast-schema-graph\">{\"@context\":\"https:\/\/schema.org\",\"@graph\":[{\"@type\":\"Article\",\"@id\":\"https:\/\/www.frecan.es\/blog\/fr\/plaques-de-cuisson-h-connect\/#article\",\"isPartOf\":{\"@id\":\"https:\/\/www.frecan.es\/blog\/fr\/plaques-de-cuisson-h-connect\/\"},\"author\":{\"name\":\"Tha\u00efs Alcal\u00e1\",\"@id\":\"https:\/\/www.frecan.es\/blog\/fr\/#\/schema\/person\/807ea11d2c3f88890ae67a52637b8b3c\"},\"headline\":\"Plaques de cuisson H-Connect\",\"datePublished\":\"2024-06-27T08:30:42+00:00\",\"mainEntityOfPage\":{\"@id\":\"https:\/\/www.frecan.es\/blog\/fr\/plaques-de-cuisson-h-connect\/\"},\"wordCount\":490,\"commentCount\":0,\"publisher\":{\"@id\":\"https:\/\/www.frecan.es\/blog\/fr\/#organization\"},\"image\":{\"@id\":\"https:\/\/www.frecan.es\/blog\/fr\/plaques-de-cuisson-h-connect\/#primaryimage\"},\"thumbnailUrl\":\"https:\/\/www.frecan.es\/blog\/wp-content\/uploads\/2024\/06\/H-Connect-ambiente-fondo-1-e1719316161450.jpg\",\"articleSection\":[\"Placas de inducci\u00f3n\"],\"inLanguage\":\"fr-FR\",\"potentialAction\":[{\"@type\":\"CommentAction\",\"name\":\"Comment\",\"target\":[\"https:\/\/www.frecan.es\/blog\/fr\/plaques-de-cuisson-h-connect\/#respond\"]}]},{\"@type\":\"WebPage\",\"@id\":\"https:\/\/www.frecan.es\/blog\/fr\/plaques-de-cuisson-h-connect\/\",\"url\":\"https:\/\/www.frecan.es\/blog\/fr\/plaques-de-cuisson-h-connect\/\",\"name\":\"Plaques de cuisson H-Connect - Blog de Frecan\",\"isPartOf\":{\"@id\":\"https:\/\/www.frecan.es\/blog\/fr\/#website\"},\"primaryImageOfPage\":{\"@id\":\"https:\/\/www.frecan.es\/blog\/fr\/plaques-de-cuisson-h-connect\/#primaryimage\"},\"image\":{\"@id\":\"https:\/\/www.frecan.es\/blog\/fr\/plaques-de-cuisson-h-connect\/#primaryimage\"},\"thumbnailUrl\":\"https:\/\/www.frecan.es\/blog\/wp-content\/uploads\/2024\/06\/H-Connect-ambiente-fondo-1-e1719316161450.jpg\",\"datePublished\":\"2024-06-27T08:30:42+00:00\",\"description\":\"Cherchez-vous la solution pour une cuisine exigeante ou d\u00e9sirez-vous une flexibilit\u00e9 maximale ? Les plaques de cuisson H-Connect ont quelque chose \u00e0 vous offrir...\",\"breadcrumb\":{\"@id\":\"https:\/\/www.frecan.es\/blog\/fr\/plaques-de-cuisson-h-connect\/#breadcrumb\"},\"inLanguage\":\"fr-FR\",\"potentialAction\":[{\"@type\":\"ReadAction\",\"target\":[\"https:\/\/www.frecan.es\/blog\/fr\/plaques-de-cuisson-h-connect\/\"]}]},{\"@type\":\"ImageObject\",\"inLanguage\":\"fr-FR\",\"@id\":\"https:\/\/www.frecan.es\/blog\/fr\/plaques-de-cuisson-h-connect\/#primaryimage\",\"url\":\"https:\/\/www.frecan.es\/blog\/wp-content\/uploads\/2024\/06\/H-Connect-ambiente-fondo-1-e1719316161450.jpg\",\"contentUrl\":\"https:\/\/www.frecan.es\/blog\/wp-content\/uploads\/2024\/06\/H-Connect-ambiente-fondo-1-e1719316161450.jpg\",\"width\":1200,\"height\":800,\"caption\":\"placas de cocci\u00f3n H-Connects - Inducci\u00f3n Frecan\"},{\"@type\":\"BreadcrumbList\",\"@id\":\"https:\/\/www.frecan.es\/blog\/fr\/plaques-de-cuisson-h-connect\/#breadcrumb\",\"itemListElement\":[{\"@type\":\"ListItem\",\"position\":1,\"name\":\"Page de Couverture\",\"item\":\"https:\/\/www.frecan.es\/blog\/fr\/\"},{\"@type\":\"ListItem\",\"position\":2,\"name\":\"Plaques de cuisson H-Connect\"}]},{\"@type\":\"WebSite\",\"@id\":\"https:\/\/www.frecan.es\/blog\/fr\/#website\",\"url\":\"https:\/\/www.frecan.es\/blog\/fr\/\",\"name\":\"Blog de Frecan\",\"description\":\"Artisanat, technologie et avant-garde au c\u0153ur de votre cuisine\",\"publisher\":{\"@id\":\"https:\/\/www.frecan.es\/blog\/fr\/#organization\"},\"potentialAction\":[{\"@type\":\"SearchAction\",\"target\":{\"@type\":\"EntryPoint\",\"urlTemplate\":\"https:\/\/www.frecan.es\/blog\/fr\/?s={search_term_string}\"},\"query-input\":{\"@type\":\"PropertyValueSpecification\",\"valueRequired\":true,\"valueName\":\"search_term_string\"}}],\"inLanguage\":\"fr-FR\"},{\"@type\":\"Organization\",\"@id\":\"https:\/\/www.frecan.es\/blog\/fr\/#organization\",\"name\":\"Frecan\",\"url\":\"https:\/\/www.frecan.es\/blog\/fr\/\",\"logo\":{\"@type\":\"ImageObject\",\"inLanguage\":\"fr-FR\",\"@id\":\"https:\/\/www.frecan.es\/blog\/fr\/#\/schema\/logo\/image\/\",\"url\":\"https:\/\/www.frecan.es\/blog\/wp-content\/uploads\/2016\/02\/logo-frecan.png\",\"contentUrl\":\"https:\/\/www.frecan.es\/blog\/wp-content\/uploads\/2016\/02\/logo-frecan.png\",\"width\":250,\"height\":27,\"caption\":\"Frecan\"},\"image\":{\"@id\":\"https:\/\/www.frecan.es\/blog\/fr\/#\/schema\/logo\/image\/\"}},{\"@type\":\"Person\",\"@id\":\"https:\/\/www.frecan.es\/blog\/fr\/#\/schema\/person\/807ea11d2c3f88890ae67a52637b8b3c\",\"name\":\"Tha\u00efs Alcal\u00e1\",\"image\":{\"@type\":\"ImageObject\",\"inLanguage\":\"fr-FR\",\"@id\":\"https:\/\/www.frecan.es\/blog\/fr\/#\/schema\/person\/image\/\",\"url\":\"https:\/\/secure.gravatar.com\/avatar\/ad063cd811075f52af0714b5e973cd08?s=96&d=mm&r=g\",\"contentUrl\":\"https:\/\/secure.gravatar.com\/avatar\/ad063cd811075f52af0714b5e973cd08?s=96&d=mm&r=g\",\"caption\":\"Tha\u00efs Alcal\u00e1\"},\"sameAs\":[\"http:\/\/www.frecan.es\"]}]}<\/script>\n<!-- \/ Yoast SEO plugin. -->","yoast_head_json":{"title":"Plaques de cuisson H-Connect - Blog de Frecan","description":"Cherchez-vous la solution pour une cuisine exigeante ou d\u00e9sirez-vous une flexibilit\u00e9 maximale ? Les plaques de cuisson H-Connect ont quelque chose \u00e0 vous offrir...","robots":{"index":"index","follow":"follow","max-snippet":"max-snippet:-1","max-image-preview":"max-image-preview:large","max-video-preview":"max-video-preview:-1"},"canonical":"https:\/\/www.frecan.es\/blog\/fr\/plaques-de-cuisson-h-connect\/","og_locale":"fr_FR","og_type":"article","og_title":"Plaques de cuisson H-Connect - Blog de Frecan","og_description":"Cherchez-vous la solution pour une cuisine exigeante ou d\u00e9sirez-vous une flexibilit\u00e9 maximale ? Les plaques de cuisson H-Connect ont quelque chose \u00e0 vous offrir...","og_url":"https:\/\/www.frecan.es\/blog\/fr\/plaques-de-cuisson-h-connect\/","og_site_name":"Blog de Frecan","article_published_time":"2024-06-27T08:30:42+00:00","og_image":[{"width":1200,"height":800,"url":"https:\/\/www.frecan.es\/blog\/wp-content\/uploads\/2024\/06\/H-Connect-ambiente-fondo-1-e1719316161450.jpg","type":"image\/jpeg"}],"author":"Tha\u00efs Alcal\u00e1","twitter_card":"summary_large_image","twitter_misc":{"\u00c9crit par":"Tha\u00efs Alcal\u00e1","Dur\u00e9e de lecture estim\u00e9e":"3 minutes"},"schema":{"@context":"https:\/\/schema.org","@graph":[{"@type":"Article","@id":"https:\/\/www.frecan.es\/blog\/fr\/plaques-de-cuisson-h-connect\/#article","isPartOf":{"@id":"https:\/\/www.frecan.es\/blog\/fr\/plaques-de-cuisson-h-connect\/"},"author":{"name":"Tha\u00efs Alcal\u00e1","@id":"https:\/\/www.frecan.es\/blog\/fr\/#\/schema\/person\/807ea11d2c3f88890ae67a52637b8b3c"},"headline":"Plaques de cuisson H-Connect","datePublished":"2024-06-27T08:30:42+00:00","mainEntityOfPage":{"@id":"https:\/\/www.frecan.es\/blog\/fr\/plaques-de-cuisson-h-connect\/"},"wordCount":490,"commentCount":0,"publisher":{"@id":"https:\/\/www.frecan.es\/blog\/fr\/#organization"},"image":{"@id":"https:\/\/www.frecan.es\/blog\/fr\/plaques-de-cuisson-h-connect\/#primaryimage"},"thumbnailUrl":"https:\/\/www.frecan.es\/blog\/wp-content\/uploads\/2024\/06\/H-Connect-ambiente-fondo-1-e1719316161450.jpg","articleSection":["Placas de inducci\u00f3n"],"inLanguage":"fr-FR","potentialAction":[{"@type":"CommentAction","name":"Comment","target":["https:\/\/www.frecan.es\/blog\/fr\/plaques-de-cuisson-h-connect\/#respond"]}]},{"@type":"WebPage","@id":"https:\/\/www.frecan.es\/blog\/fr\/plaques-de-cuisson-h-connect\/","url":"https:\/\/www.frecan.es\/blog\/fr\/plaques-de-cuisson-h-connect\/","name":"Plaques de cuisson H-Connect - Blog de Frecan","isPartOf":{"@id":"https:\/\/www.frecan.es\/blog\/fr\/#website"},"primaryImageOfPage":{"@id":"https:\/\/www.frecan.es\/blog\/fr\/plaques-de-cuisson-h-connect\/#primaryimage"},"image":{"@id":"https:\/\/www.frecan.es\/blog\/fr\/plaques-de-cuisson-h-connect\/#primaryimage"},"thumbnailUrl":"https:\/\/www.frecan.es\/blog\/wp-content\/uploads\/2024\/06\/H-Connect-ambiente-fondo-1-e1719316161450.jpg","datePublished":"2024-06-27T08:30:42+00:00","description":"Cherchez-vous la solution pour une cuisine exigeante ou d\u00e9sirez-vous une flexibilit\u00e9 maximale ? Les plaques de cuisson H-Connect ont quelque chose \u00e0 vous offrir...","breadcrumb":{"@id":"https:\/\/www.frecan.es\/blog\/fr\/plaques-de-cuisson-h-connect\/#breadcrumb"},"inLanguage":"fr-FR","potentialAction":[{"@type":"ReadAction","target":["https:\/\/www.frecan.es\/blog\/fr\/plaques-de-cuisson-h-connect\/"]}]},{"@type":"ImageObject","inLanguage":"fr-FR","@id":"https:\/\/www.frecan.es\/blog\/fr\/plaques-de-cuisson-h-connect\/#primaryimage","url":"https:\/\/www.frecan.es\/blog\/wp-content\/uploads\/2024\/06\/H-Connect-ambiente-fondo-1-e1719316161450.jpg","contentUrl":"https:\/\/www.frecan.es\/blog\/wp-content\/uploads\/2024\/06\/H-Connect-ambiente-fondo-1-e1719316161450.jpg","width":1200,"height":800,"caption":"placas de cocci\u00f3n H-Connects - Inducci\u00f3n Frecan"},{"@type":"BreadcrumbList","@id":"https:\/\/www.frecan.es\/blog\/fr\/plaques-de-cuisson-h-connect\/#breadcrumb","itemListElement":[{"@type":"ListItem","position":1,"name":"Page de Couverture","item":"https:\/\/www.frecan.es\/blog\/fr\/"},{"@type":"ListItem","position":2,"name":"Plaques de cuisson H-Connect"}]},{"@type":"WebSite","@id":"https:\/\/www.frecan.es\/blog\/fr\/#website","url":"https:\/\/www.frecan.es\/blog\/fr\/","name":"Blog de Frecan","description":"Artisanat, technologie et avant-garde au c\u0153ur de votre cuisine","publisher":{"@id":"https:\/\/www.frecan.es\/blog\/fr\/#organization"},"potentialAction":[{"@type":"SearchAction","target":{"@type":"EntryPoint","urlTemplate":"https:\/\/www.frecan.es\/blog\/fr\/?s={search_term_string}"},"query-input":{"@type":"PropertyValueSpecification","valueRequired":true,"valueName":"search_term_string"}}],"inLanguage":"fr-FR"},{"@type":"Organization","@id":"https:\/\/www.frecan.es\/blog\/fr\/#organization","name":"Frecan","url":"https:\/\/www.frecan.es\/blog\/fr\/","logo":{"@type":"ImageObject","inLanguage":"fr-FR","@id":"https:\/\/www.frecan.es\/blog\/fr\/#\/schema\/logo\/image\/","url":"https:\/\/www.frecan.es\/blog\/wp-content\/uploads\/2016\/02\/logo-frecan.png","contentUrl":"https:\/\/www.frecan.es\/blog\/wp-content\/uploads\/2016\/02\/logo-frecan.png","width":250,"height":27,"caption":"Frecan"},"image":{"@id":"https:\/\/www.frecan.es\/blog\/fr\/#\/schema\/logo\/image\/"}},{"@type":"Person","@id":"https:\/\/www.frecan.es\/blog\/fr\/#\/schema\/person\/807ea11d2c3f88890ae67a52637b8b3c","name":"Tha\u00efs Alcal\u00e1","image":{"@type":"ImageObject","inLanguage":"fr-FR","@id":"https:\/\/www.frecan.es\/blog\/fr\/#\/schema\/person\/image\/","url":"https:\/\/secure.gravatar.com\/avatar\/ad063cd811075f52af0714b5e973cd08?s=96&d=mm&r=g","contentUrl":"https:\/\/secure.gravatar.com\/avatar\/ad063cd811075f52af0714b5e973cd08?s=96&d=mm&r=g","caption":"Tha\u00efs Alcal\u00e1"},"sameAs":["http:\/\/www.frecan.es"]}]}},"_links":{"self":[{"href":"https:\/\/www.frecan.es\/blog\/fr\/wp-json\/wp\/v2\/posts\/10641","targetHints":{"allow":["GET"]}}],"collection":[{"href":"https:\/\/www.frecan.es\/blog\/fr\/wp-json\/wp\/v2\/posts"}],"about":[{"href":"https:\/\/www.frecan.es\/blog\/fr\/wp-json\/wp\/v2\/types\/post"}],"author":[{"embeddable":true,"href":"https:\/\/www.frecan.es\/blog\/fr\/wp-json\/wp\/v2\/users\/8"}],"replies":[{"embeddable":true,"href":"https:\/\/www.frecan.es\/blog\/fr\/wp-json\/wp\/v2\/comments?post=10641"}],"version-history":[{"count":4,"href":"https:\/\/www.frecan.es\/blog\/fr\/wp-json\/wp\/v2\/posts\/10641\/revisions"}],"predecessor-version":[{"id":10643,"href":"https:\/\/www.frecan.es\/blog\/fr\/wp-json\/wp\/v2\/posts\/10641\/revisions\/10643"}],"wp:featuredmedia":[{"embeddable":true,"href":"https:\/\/www.frecan.es\/blog\/fr\/wp-json\/wp\/v2\/media\/10655"}],"wp:attachment":[{"href":"https:\/\/www.frecan.es\/blog\/fr\/wp-json\/wp\/v2\/media?parent=10641"}],"wp:term":[{"taxonomy":"category","embeddable":true,"href":"https:\/\/www.frecan.es\/blog\/fr\/wp-json\/wp\/v2\/categories?post=10641"},{"taxonomy":"post_tag","embeddable":true,"href":"https:\/\/www.frecan.es\/blog\/fr\/wp-json\/wp\/v2\/tags?post=10641"}],"curies":[{"name":"wp","href":"https:\/\/api.w.org\/{rel}","templated":true}]}}