{"id":10613,"date":"2024-06-20T10:30:13","date_gmt":"2024-06-20T08:30:13","guid":{"rendered":"https:\/\/www.frecan.es\/blog\/?p=10613"},"modified":"2024-06-20T09:38:15","modified_gmt":"2024-06-20T07:38:15","slug":"hotte-personnalisee-frecan","status":"publish","type":"post","link":"https:\/\/www.frecan.es\/blog\/fr\/hotte-personnalisee-frecan\/","title":{"rendered":"Personnalisez votre hotte avec Frecan"},"content":{"rendered":"<h2><span style=\"color: #808080;\">Vous pouvez modifier les tubes d\u00e9coratifs ou m\u00eame peindre votre hotte d\u2019une autre couleur. <\/span><\/h2>\n<p><!--more--><\/p>\n<p>Toutes nos hottes permettent certaines personnalisations. FrecanTEK offre \u00e0 ses clients la possibilit\u00e9 de personnaliser pratiquement n&rsquo;importe quel mod\u00e8le de ses hottes.<\/p>\n<p><a href=\"https:\/\/www.frecan.fr\/hottes\/sur-mesure\/\" target=\"_blank\" rel=\"noopener\"><img loading=\"lazy\" decoding=\"async\" width=\"1550\" height=\"1034\" class=\"aligncenter wp-image-10598 size-full\" src=\"https:\/\/www.frecan.es\/blog\/wp-content\/uploads\/2024\/06\/personalizar2.jpg\" class=\"light\" srcset=\"https:\/\/www.frecan.es\/blog\/wp-content\/uploads\/2024\/06\/personalizar2.jpg 1550w, https:\/\/www.frecan.es\/blog\/wp-content\/uploads\/2024\/06\/personalizar2-300x200.jpg 300w, https:\/\/www.frecan.es\/blog\/wp-content\/uploads\/2024\/06\/personalizar2-1024x683.jpg 1024w, https:\/\/www.frecan.es\/blog\/wp-content\/uploads\/2024\/06\/personalizar2-768x512.jpg 768w, https:\/\/www.frecan.es\/blog\/wp-content\/uploads\/2024\/06\/personalizar2-1536x1025.jpg 1536w, https:\/\/www.frecan.es\/blog\/wp-content\/uploads\/2024\/06\/personalizar2-800x534.jpg 800w, https:\/\/www.frecan.es\/blog\/wp-content\/uploads\/2024\/06\/personalizar2-1280x854.jpg 1280w\" sizes=\"auto, (max-width: 1550px) 100vw, 1550px\" \/><\/a><\/p>\n<p>De plus, nous fabriquons sur mesure une large gamme de mod\u00e8les pour les adapter aux cuisines les plus exclusives. Tous les mod\u00e8les du catalogue Frecan peuvent \u00eatre fabriqu\u00e9s avec les finitions suivantes, diff\u00e9rentes de l&rsquo;acier inoxydable :<\/p>\n<ul>\n<li aria-level=\"1\">Blanc mat<\/li>\n<li aria-level=\"1\">Noir mat<\/li>\n<li aria-level=\"1\"><em>Carbon<\/em> <em>texture<\/em><\/li>\n<li aria-level=\"1\"><em>Cupper texture<\/em><\/li>\n<\/ul>\n<h4>Couleur<\/h4>\n<p>Nous pouvons peindre n&rsquo;importe quel corps de nos hottes avec l&rsquo;une des finitions d\u00e9crites.<\/p>\n<p><a href=\"https:\/\/www.frecan.fr\/hottes\/sur-mesure\/\" target=\"_blank\" rel=\"noopener\"><img loading=\"lazy\" decoding=\"async\" width=\"1550\" height=\"1034\" class=\"aligncenter wp-image-10609 size-full\" src=\"https:\/\/www.frecan.es\/blog\/wp-content\/uploads\/2024\/06\/personalizar-1.gif\" class=\"light\"><\/a><\/p>\n<h4>Foudre<\/h4>\n<p>Choisissez l&rsquo;\u00e9clairage (selon le mod\u00e8le). Lumi\u00e8res LED r\u00e9glables entre 2700K et 6500K.<\/p>\n<h4>Hauteur de la hotte<\/h4>\n<p>Vous pouvez ajouter d&rsquo;autres options \u00e0 votre hotte sur mesure, telles que des structures et des tubes d\u00e9coratifs plus longs pour les hauts plafonds ainsi que des tirants suppl\u00e9mentaires.<\/p>\n<h4><a href=\"https:\/\/www.frecan.es\/campanas\/a-medida\/\">Hottes sur mesure<\/a><\/h4>\n<p><a href=\"https:\/\/www.frecan.fr\/hottes\/sur-mesure\/\" target=\"_blank\" rel=\"noopener\"><img loading=\"lazy\" decoding=\"async\" width=\"1550\" height=\"1034\" class=\"aligncenter wp-image-10601 size-full\" src=\"https:\/\/www.frecan.es\/blog\/wp-content\/uploads\/2024\/06\/personalizadas.gif\" class=\"light\"><\/a><\/p>\n<ul>\n<li aria-level=\"1\"><a href=\"https:\/\/www.frecan.fr\/hottes\/sur-mesure\/-scl360\/\">SCL 360<\/a><\/li>\n<li aria-level=\"1\"><a href=\"https:\/\/www.frecan.fr\/hottes\/sur-mesure\/nitro-sp\/\">Nitro 360<\/a><\/li>\n<li aria-level=\"1\"><a href=\"https:\/\/www.frecan.fr\/hottes\/sur-mesure\/-integratta\/\">Integratta<\/a><\/li>\n<li aria-level=\"1\"><a href=\"https:\/\/www.frecan.fr\/hottes\/sur-mesure\/vigor-sp\/\">Vigor prof<\/a><\/li>\n<li aria-level=\"1\"><a href=\"https:\/\/www.frecan.fr\/hottes\/sur-mesure\/ga-sur-measure\/\">GA<\/a><\/li>\n<li aria-level=\"1\"><a href=\"https:\/\/www.frecan.fr\/hottes\/sur-mesure\/Master-SP\/\">Master prof<\/a><\/li>\n<li aria-level=\"1\">Fine <a href=\"https:\/\/www.frecan.fr\/hottes\/sur-mesure\/fine-sp\/\">Mural<\/a> \/ <a href=\"https:\/\/www.frecan.fr\/hottes\/sur-mesure\/fine-sp-\/\">Isla<\/a><\/li>\n<li aria-level=\"1\">Mercury <a href=\"https:\/\/www.frecan.fr\/hottes\/sur-mesure\/mercury-sp\/\">Mural<\/a> \/ <a href=\"https:\/\/www.frecan.fr\/hottes\/sur-mesure\/-mercury\/\">Isla<\/a><\/li>\n<li aria-level=\"1\"><a href=\"https:\/\/www.frecan.fr\/hottes\/sur-mesure\/-square\/\">Square<\/a><\/li>\n<li aria-level=\"1\"><a href=\"https:\/\/www.frecan.fr\/hottes\/sur-mesure\/keops-sp\/\">Keops<\/a><\/li>\n<li aria-level=\"1\"><a href=\"https:\/\/www.frecan.fr\/hottes\/sur-mesure\/Keops-p-sp\/\">Keops prof<\/a><\/li>\n<li aria-level=\"1\"><a href=\"https:\/\/www.frecan.fr\/hottes\/sur-mesure\/etagere-fine-mercury\/\">Estante para Fine y Mercury Isla<\/a><\/li>\n<li aria-level=\"1\"><a href=\"https:\/\/www.frecan.fr\/hottes\/sur-mesure\/icustom-sp\/\">iCustom<\/a><\/li>\n<\/ul>\n<p>Nous fabriquons \u00e9galement des hottes enti\u00e8rement sur mesure.<\/p>\n<p>D\u00e9couvrez-en plus dans <a href=\"https:\/\/www.frecan.com\/pdf\/frecan-hottes-cuisson-2023-fr-int.pdf\">notre catalogue<\/a> !<\/p>\n<div class=\"flex flex-grow flex-col max-w-full\">\n<div class=\"min-h-[20px] text-message flex flex-col items-start whitespace-pre-wrap break-words [.text-message+&amp;]:mt-5 juice:w-full juice:items-end overflow-x-auto gap-2\" dir=\"auto\" data-message-author-role=\"assistant\" data-message-id=\"eed4ee6a-bb6f-4222-824c-35c0a6b72b64\">\n<div class=\"flex w-full flex-col gap-1 juice:empty:hidden juice:first:pt-[3px]\">\n<div class=\"markdown prose w-full break-words dark:prose-invert light\">\n<p>Contactez-nous \u00e0 <a href=\"frecantek@frecan.com\" rel=\"noreferrer\">frecantek@frecan.com<\/a>, dessinez ce que vous souhaitez construire et nos designers le r\u00e9aliseront.<\/p>\n<\/div>\n<\/div>\n<\/div>\n<\/div>\n<p><a href=\"http:\/\/www.frecantek.es\/fr\/index.html\">Plus d&rsquo;informations<\/a><\/p>\n<blockquote class=\"wp-embedded-content\" data-secret=\"nh5VW6pGCI\"><p><a href=\"https:\/\/www.frecan.es\/blog\/tendencias-cocinas-2024-frecan\/\">Tendencias en cocinas 2024<\/a><\/p><\/blockquote>\n<p><iframe loading=\"lazy\" class=\"wp-embedded-content\" sandbox=\"allow-scripts\" security=\"restricted\" style=\"position: absolute; clip: rect(1px, 1px, 1px, 1px);\" title=\"\u00abTendencias en cocinas 2024\u00bb \u2014 Blog de Frecan\" src=\"https:\/\/www.frecan.es\/blog\/tendencias-cocinas-2024-frecan\/embed\/#?secret=7XJyVjAjQ3#?secret=nh5VW6pGCI\" data-secret=\"nh5VW6pGCI\" width=\"600\" height=\"338\" frameborder=\"0\" marginwidth=\"0\" marginheight=\"0\" scrolling=\"no\"><\/iframe><\/p>\n<blockquote class=\"wp-embedded-content\" data-secret=\"gxShFM7yJk\"><p><a href=\"https:\/\/www.frecan.es\/blog\/tu-cocina-hecha-a-medida-frecantek\/\">FrecanTEK | T\u00fa cocina hecha a medida, dise\u00f1ada para durar<\/a><\/p><\/blockquote>\n<p><iframe loading=\"lazy\" class=\"wp-embedded-content\" sandbox=\"allow-scripts\" security=\"restricted\" style=\"position: absolute; clip: rect(1px, 1px, 1px, 1px);\" title=\"\u00abFrecanTEK | T\u00fa cocina hecha a medida, dise\u00f1ada para durar\u00bb \u2014 Blog de Frecan\" src=\"https:\/\/www.frecan.es\/blog\/tu-cocina-hecha-a-medida-frecantek\/embed\/#?secret=FMjZEj1XEg#?secret=gxShFM7yJk\" data-secret=\"gxShFM7yJk\" width=\"600\" height=\"338\" frameborder=\"0\" marginwidth=\"0\" marginheight=\"0\" scrolling=\"no\"><\/iframe><\/p>\n","protected":false},"excerpt":{"rendered":"<p>Vous pouvez modifier les tubes d\u00e9coratifs ou m\u00eame peindre votre hotte d\u2019une autre couleur. <\/p>\n","protected":false},"author":8,"featured_media":10600,"comment_status":"open","ping_status":"open","sticky":false,"template":"","format":"standard","meta":{"footnotes":""},"categories":[74,64],"tags":[],"class_list":{"0":"post-10613","1":"post","2":"type-post","3":"status-publish","4":"format-standard","5":"has-post-thumbnail","7":"category-frecantek-fr","8":"category-hottes"},"yoast_head":"<!-- This site is optimized with the Yoast SEO plugin v24.7 - https:\/\/yoast.com\/wordpress\/plugins\/seo\/ -->\n<title>Personnalisez votre hotte avec Frecan - Blog de Frecan<\/title>\n<meta name=\"description\" content=\"Vous souhaitez une hotte personnalis\u00e9e ? FrecanTEK offre la possibilit\u00e9 de personnaliser pratiquement n&#039;importe quel mod\u00e8le de ses hottes...\" \/>\n<meta name=\"robots\" content=\"index, follow, max-snippet:-1, max-image-preview:large, max-video-preview:-1\" \/>\n<link rel=\"canonical\" href=\"https:\/\/www.frecan.es\/blog\/fr\/hotte-personnalisee-frecan\/\" \/>\n<meta property=\"og:locale\" content=\"fr_FR\" \/>\n<meta property=\"og:type\" content=\"article\" \/>\n<meta property=\"og:title\" content=\"Personnalisez votre hotte avec Frecan - Blog de Frecan\" \/>\n<meta property=\"og:description\" content=\"Vous souhaitez une hotte personnalis\u00e9e ? FrecanTEK offre la possibilit\u00e9 de personnaliser pratiquement n&#039;importe quel mod\u00e8le de ses hottes...\" \/>\n<meta property=\"og:url\" content=\"https:\/\/www.frecan.es\/blog\/fr\/hotte-personnalisee-frecan\/\" \/>\n<meta property=\"og:site_name\" content=\"Blog de Frecan\" \/>\n<meta property=\"article:published_time\" content=\"2024-06-20T08:30:13+00:00\" \/>\n<meta property=\"og:image\" content=\"https:\/\/www.frecan.es\/blog\/wp-content\/uploads\/2024\/06\/personalizar2.jpg\" \/>\n\t<meta property=\"og:image:width\" content=\"1550\" \/>\n\t<meta property=\"og:image:height\" content=\"1034\" \/>\n\t<meta property=\"og:image:type\" content=\"image\/jpeg\" \/>\n<meta name=\"author\" content=\"Tha\u00efs Alcal\u00e1\" \/>\n<meta name=\"twitter:card\" content=\"summary_large_image\" \/>\n<meta name=\"twitter:label1\" content=\"\u00c9crit par\" \/>\n\t<meta name=\"twitter:data1\" content=\"Tha\u00efs Alcal\u00e1\" \/>\n\t<meta name=\"twitter:label2\" content=\"Dur\u00e9e de lecture estim\u00e9e\" \/>\n\t<meta name=\"twitter:data2\" content=\"2 minutes\" \/>\n<script type=\"application\/ld+json\" class=\"yoast-schema-graph\">{\"@context\":\"https:\/\/schema.org\",\"@graph\":[{\"@type\":\"Article\",\"@id\":\"https:\/\/www.frecan.es\/blog\/fr\/hotte-personnalisee-frecan\/#article\",\"isPartOf\":{\"@id\":\"https:\/\/www.frecan.es\/blog\/fr\/hotte-personnalisee-frecan\/\"},\"author\":{\"name\":\"Tha\u00efs Alcal\u00e1\",\"@id\":\"https:\/\/www.frecan.es\/blog\/fr\/#\/schema\/person\/807ea11d2c3f88890ae67a52637b8b3c\"},\"headline\":\"Personnalisez votre hotte avec Frecan\",\"datePublished\":\"2024-06-20T08:30:13+00:00\",\"mainEntityOfPage\":{\"@id\":\"https:\/\/www.frecan.es\/blog\/fr\/hotte-personnalisee-frecan\/\"},\"wordCount\":233,\"commentCount\":0,\"publisher\":{\"@id\":\"https:\/\/www.frecan.es\/blog\/fr\/#organization\"},\"image\":{\"@id\":\"https:\/\/www.frecan.es\/blog\/fr\/hotte-personnalisee-frecan\/#primaryimage\"},\"thumbnailUrl\":\"https:\/\/www.frecan.es\/blog\/wp-content\/uploads\/2024\/06\/personalizar2.jpg\",\"articleSection\":[\"FrecanTEK\",\"Syst\u00e8mes d'extraction \/ hottes\"],\"inLanguage\":\"fr-FR\",\"potentialAction\":[{\"@type\":\"CommentAction\",\"name\":\"Comment\",\"target\":[\"https:\/\/www.frecan.es\/blog\/fr\/hotte-personnalisee-frecan\/#respond\"]}]},{\"@type\":\"WebPage\",\"@id\":\"https:\/\/www.frecan.es\/blog\/fr\/hotte-personnalisee-frecan\/\",\"url\":\"https:\/\/www.frecan.es\/blog\/fr\/hotte-personnalisee-frecan\/\",\"name\":\"Personnalisez votre hotte avec Frecan - Blog de Frecan\",\"isPartOf\":{\"@id\":\"https:\/\/www.frecan.es\/blog\/fr\/#website\"},\"primaryImageOfPage\":{\"@id\":\"https:\/\/www.frecan.es\/blog\/fr\/hotte-personnalisee-frecan\/#primaryimage\"},\"image\":{\"@id\":\"https:\/\/www.frecan.es\/blog\/fr\/hotte-personnalisee-frecan\/#primaryimage\"},\"thumbnailUrl\":\"https:\/\/www.frecan.es\/blog\/wp-content\/uploads\/2024\/06\/personalizar2.jpg\",\"datePublished\":\"2024-06-20T08:30:13+00:00\",\"description\":\"Vous souhaitez une hotte personnalis\u00e9e ? FrecanTEK offre la possibilit\u00e9 de personnaliser pratiquement n'importe quel mod\u00e8le de ses hottes...\",\"breadcrumb\":{\"@id\":\"https:\/\/www.frecan.es\/blog\/fr\/hotte-personnalisee-frecan\/#breadcrumb\"},\"inLanguage\":\"fr-FR\",\"potentialAction\":[{\"@type\":\"ReadAction\",\"target\":[\"https:\/\/www.frecan.es\/blog\/fr\/hotte-personnalisee-frecan\/\"]}]},{\"@type\":\"ImageObject\",\"inLanguage\":\"fr-FR\",\"@id\":\"https:\/\/www.frecan.es\/blog\/fr\/hotte-personnalisee-frecan\/#primaryimage\",\"url\":\"https:\/\/www.frecan.es\/blog\/wp-content\/uploads\/2024\/06\/personalizar2.jpg\",\"contentUrl\":\"https:\/\/www.frecan.es\/blog\/wp-content\/uploads\/2024\/06\/personalizar2.jpg\",\"width\":1550,\"height\":1034,\"caption\":\"campana personalizada Frecan - Frecantek\"},{\"@type\":\"BreadcrumbList\",\"@id\":\"https:\/\/www.frecan.es\/blog\/fr\/hotte-personnalisee-frecan\/#breadcrumb\",\"itemListElement\":[{\"@type\":\"ListItem\",\"position\":1,\"name\":\"Page de Couverture\",\"item\":\"https:\/\/www.frecan.es\/blog\/fr\/\"},{\"@type\":\"ListItem\",\"position\":2,\"name\":\"Personnalisez votre hotte avec Frecan\"}]},{\"@type\":\"WebSite\",\"@id\":\"https:\/\/www.frecan.es\/blog\/fr\/#website\",\"url\":\"https:\/\/www.frecan.es\/blog\/fr\/\",\"name\":\"Blog de Frecan\",\"description\":\"Artisanat, technologie et avant-garde au c\u0153ur de votre cuisine\",\"publisher\":{\"@id\":\"https:\/\/www.frecan.es\/blog\/fr\/#organization\"},\"potentialAction\":[{\"@type\":\"SearchAction\",\"target\":{\"@type\":\"EntryPoint\",\"urlTemplate\":\"https:\/\/www.frecan.es\/blog\/fr\/?s={search_term_string}\"},\"query-input\":{\"@type\":\"PropertyValueSpecification\",\"valueRequired\":true,\"valueName\":\"search_term_string\"}}],\"inLanguage\":\"fr-FR\"},{\"@type\":\"Organization\",\"@id\":\"https:\/\/www.frecan.es\/blog\/fr\/#organization\",\"name\":\"Frecan\",\"url\":\"https:\/\/www.frecan.es\/blog\/fr\/\",\"logo\":{\"@type\":\"ImageObject\",\"inLanguage\":\"fr-FR\",\"@id\":\"https:\/\/www.frecan.es\/blog\/fr\/#\/schema\/logo\/image\/\",\"url\":\"https:\/\/www.frecan.es\/blog\/wp-content\/uploads\/2016\/02\/logo-frecan.png\",\"contentUrl\":\"https:\/\/www.frecan.es\/blog\/wp-content\/uploads\/2016\/02\/logo-frecan.png\",\"width\":250,\"height\":27,\"caption\":\"Frecan\"},\"image\":{\"@id\":\"https:\/\/www.frecan.es\/blog\/fr\/#\/schema\/logo\/image\/\"}},{\"@type\":\"Person\",\"@id\":\"https:\/\/www.frecan.es\/blog\/fr\/#\/schema\/person\/807ea11d2c3f88890ae67a52637b8b3c\",\"name\":\"Tha\u00efs Alcal\u00e1\",\"image\":{\"@type\":\"ImageObject\",\"inLanguage\":\"fr-FR\",\"@id\":\"https:\/\/www.frecan.es\/blog\/fr\/#\/schema\/person\/image\/\",\"url\":\"https:\/\/secure.gravatar.com\/avatar\/ad063cd811075f52af0714b5e973cd08?s=96&d=mm&r=g\",\"contentUrl\":\"https:\/\/secure.gravatar.com\/avatar\/ad063cd811075f52af0714b5e973cd08?s=96&d=mm&r=g\",\"caption\":\"Tha\u00efs Alcal\u00e1\"},\"sameAs\":[\"http:\/\/www.frecan.es\"]}]}<\/script>\n<!-- \/ Yoast SEO plugin. -->","yoast_head_json":{"title":"Personnalisez votre hotte avec Frecan - Blog de Frecan","description":"Vous souhaitez une hotte personnalis\u00e9e ? FrecanTEK offre la possibilit\u00e9 de personnaliser pratiquement n'importe quel mod\u00e8le de ses hottes...","robots":{"index":"index","follow":"follow","max-snippet":"max-snippet:-1","max-image-preview":"max-image-preview:large","max-video-preview":"max-video-preview:-1"},"canonical":"https:\/\/www.frecan.es\/blog\/fr\/hotte-personnalisee-frecan\/","og_locale":"fr_FR","og_type":"article","og_title":"Personnalisez votre hotte avec Frecan - Blog de Frecan","og_description":"Vous souhaitez une hotte personnalis\u00e9e ? FrecanTEK offre la possibilit\u00e9 de personnaliser pratiquement n'importe quel mod\u00e8le de ses hottes...","og_url":"https:\/\/www.frecan.es\/blog\/fr\/hotte-personnalisee-frecan\/","og_site_name":"Blog de Frecan","article_published_time":"2024-06-20T08:30:13+00:00","og_image":[{"width":1550,"height":1034,"url":"https:\/\/www.frecan.es\/blog\/wp-content\/uploads\/2024\/06\/personalizar2.jpg","type":"image\/jpeg"}],"author":"Tha\u00efs Alcal\u00e1","twitter_card":"summary_large_image","twitter_misc":{"\u00c9crit par":"Tha\u00efs Alcal\u00e1","Dur\u00e9e de lecture estim\u00e9e":"2 minutes"},"schema":{"@context":"https:\/\/schema.org","@graph":[{"@type":"Article","@id":"https:\/\/www.frecan.es\/blog\/fr\/hotte-personnalisee-frecan\/#article","isPartOf":{"@id":"https:\/\/www.frecan.es\/blog\/fr\/hotte-personnalisee-frecan\/"},"author":{"name":"Tha\u00efs Alcal\u00e1","@id":"https:\/\/www.frecan.es\/blog\/fr\/#\/schema\/person\/807ea11d2c3f88890ae67a52637b8b3c"},"headline":"Personnalisez votre hotte avec Frecan","datePublished":"2024-06-20T08:30:13+00:00","mainEntityOfPage":{"@id":"https:\/\/www.frecan.es\/blog\/fr\/hotte-personnalisee-frecan\/"},"wordCount":233,"commentCount":0,"publisher":{"@id":"https:\/\/www.frecan.es\/blog\/fr\/#organization"},"image":{"@id":"https:\/\/www.frecan.es\/blog\/fr\/hotte-personnalisee-frecan\/#primaryimage"},"thumbnailUrl":"https:\/\/www.frecan.es\/blog\/wp-content\/uploads\/2024\/06\/personalizar2.jpg","articleSection":["FrecanTEK","Syst\u00e8mes d'extraction \/ hottes"],"inLanguage":"fr-FR","potentialAction":[{"@type":"CommentAction","name":"Comment","target":["https:\/\/www.frecan.es\/blog\/fr\/hotte-personnalisee-frecan\/#respond"]}]},{"@type":"WebPage","@id":"https:\/\/www.frecan.es\/blog\/fr\/hotte-personnalisee-frecan\/","url":"https:\/\/www.frecan.es\/blog\/fr\/hotte-personnalisee-frecan\/","name":"Personnalisez votre hotte avec Frecan - Blog de Frecan","isPartOf":{"@id":"https:\/\/www.frecan.es\/blog\/fr\/#website"},"primaryImageOfPage":{"@id":"https:\/\/www.frecan.es\/blog\/fr\/hotte-personnalisee-frecan\/#primaryimage"},"image":{"@id":"https:\/\/www.frecan.es\/blog\/fr\/hotte-personnalisee-frecan\/#primaryimage"},"thumbnailUrl":"https:\/\/www.frecan.es\/blog\/wp-content\/uploads\/2024\/06\/personalizar2.jpg","datePublished":"2024-06-20T08:30:13+00:00","description":"Vous souhaitez une hotte personnalis\u00e9e ? FrecanTEK offre la possibilit\u00e9 de personnaliser pratiquement n'importe quel mod\u00e8le de ses hottes...","breadcrumb":{"@id":"https:\/\/www.frecan.es\/blog\/fr\/hotte-personnalisee-frecan\/#breadcrumb"},"inLanguage":"fr-FR","potentialAction":[{"@type":"ReadAction","target":["https:\/\/www.frecan.es\/blog\/fr\/hotte-personnalisee-frecan\/"]}]},{"@type":"ImageObject","inLanguage":"fr-FR","@id":"https:\/\/www.frecan.es\/blog\/fr\/hotte-personnalisee-frecan\/#primaryimage","url":"https:\/\/www.frecan.es\/blog\/wp-content\/uploads\/2024\/06\/personalizar2.jpg","contentUrl":"https:\/\/www.frecan.es\/blog\/wp-content\/uploads\/2024\/06\/personalizar2.jpg","width":1550,"height":1034,"caption":"campana personalizada Frecan - Frecantek"},{"@type":"BreadcrumbList","@id":"https:\/\/www.frecan.es\/blog\/fr\/hotte-personnalisee-frecan\/#breadcrumb","itemListElement":[{"@type":"ListItem","position":1,"name":"Page de Couverture","item":"https:\/\/www.frecan.es\/blog\/fr\/"},{"@type":"ListItem","position":2,"name":"Personnalisez votre hotte avec Frecan"}]},{"@type":"WebSite","@id":"https:\/\/www.frecan.es\/blog\/fr\/#website","url":"https:\/\/www.frecan.es\/blog\/fr\/","name":"Blog de Frecan","description":"Artisanat, technologie et avant-garde au c\u0153ur de votre cuisine","publisher":{"@id":"https:\/\/www.frecan.es\/blog\/fr\/#organization"},"potentialAction":[{"@type":"SearchAction","target":{"@type":"EntryPoint","urlTemplate":"https:\/\/www.frecan.es\/blog\/fr\/?s={search_term_string}"},"query-input":{"@type":"PropertyValueSpecification","valueRequired":true,"valueName":"search_term_string"}}],"inLanguage":"fr-FR"},{"@type":"Organization","@id":"https:\/\/www.frecan.es\/blog\/fr\/#organization","name":"Frecan","url":"https:\/\/www.frecan.es\/blog\/fr\/","logo":{"@type":"ImageObject","inLanguage":"fr-FR","@id":"https:\/\/www.frecan.es\/blog\/fr\/#\/schema\/logo\/image\/","url":"https:\/\/www.frecan.es\/blog\/wp-content\/uploads\/2016\/02\/logo-frecan.png","contentUrl":"https:\/\/www.frecan.es\/blog\/wp-content\/uploads\/2016\/02\/logo-frecan.png","width":250,"height":27,"caption":"Frecan"},"image":{"@id":"https:\/\/www.frecan.es\/blog\/fr\/#\/schema\/logo\/image\/"}},{"@type":"Person","@id":"https:\/\/www.frecan.es\/blog\/fr\/#\/schema\/person\/807ea11d2c3f88890ae67a52637b8b3c","name":"Tha\u00efs Alcal\u00e1","image":{"@type":"ImageObject","inLanguage":"fr-FR","@id":"https:\/\/www.frecan.es\/blog\/fr\/#\/schema\/person\/image\/","url":"https:\/\/secure.gravatar.com\/avatar\/ad063cd811075f52af0714b5e973cd08?s=96&d=mm&r=g","contentUrl":"https:\/\/secure.gravatar.com\/avatar\/ad063cd811075f52af0714b5e973cd08?s=96&d=mm&r=g","caption":"Tha\u00efs Alcal\u00e1"},"sameAs":["http:\/\/www.frecan.es"]}]}},"_links":{"self":[{"href":"https:\/\/www.frecan.es\/blog\/fr\/wp-json\/wp\/v2\/posts\/10613","targetHints":{"allow":["GET"]}}],"collection":[{"href":"https:\/\/www.frecan.es\/blog\/fr\/wp-json\/wp\/v2\/posts"}],"about":[{"href":"https:\/\/www.frecan.es\/blog\/fr\/wp-json\/wp\/v2\/types\/post"}],"author":[{"embeddable":true,"href":"https:\/\/www.frecan.es\/blog\/fr\/wp-json\/wp\/v2\/users\/8"}],"replies":[{"embeddable":true,"href":"https:\/\/www.frecan.es\/blog\/fr\/wp-json\/wp\/v2\/comments?post=10613"}],"version-history":[{"count":2,"href":"https:\/\/www.frecan.es\/blog\/fr\/wp-json\/wp\/v2\/posts\/10613\/revisions"}],"predecessor-version":[{"id":10615,"href":"https:\/\/www.frecan.es\/blog\/fr\/wp-json\/wp\/v2\/posts\/10613\/revisions\/10615"}],"wp:featuredmedia":[{"embeddable":true,"href":"https:\/\/www.frecan.es\/blog\/fr\/wp-json\/wp\/v2\/media\/10600"}],"wp:attachment":[{"href":"https:\/\/www.frecan.es\/blog\/fr\/wp-json\/wp\/v2\/media?parent=10613"}],"wp:term":[{"taxonomy":"category","embeddable":true,"href":"https:\/\/www.frecan.es\/blog\/fr\/wp-json\/wp\/v2\/categories?post=10613"},{"taxonomy":"post_tag","embeddable":true,"href":"https:\/\/www.frecan.es\/blog\/fr\/wp-json\/wp\/v2\/tags?post=10613"}],"curies":[{"name":"wp","href":"https:\/\/api.w.org\/{rel}","templated":true}]}}