{"id":10426,"date":"2026-04-30T09:00:49","date_gmt":"2026-04-30T07:00:49","guid":{"rendered":"https:\/\/www.frecan.es\/blog\/cocinar-al-aire-libre\/"},"modified":"2026-04-27T10:39:28","modified_gmt":"2026-04-27T08:39:28","slug":"cuisiner-en-plein-air","status":"publish","type":"post","link":"https:\/\/www.frecan.es\/blog\/fr\/cuisiner-en-plein-air\/","title":{"rendered":"Cette saison, rien ne vaut le plaisir de cuisiner en plein air"},"content":{"rendered":"<h2 style=\"color: #949494; font-size: 24px; line-height: 26px; margin-top: -20px;\">Imaginez cr\u00e9er de d\u00e9licieux repas entour\u00e9 d&rsquo;amis et de famille, profitant du soleil et de la brise. C&rsquo;est une exp\u00e9rience inestimable, et avec tous les avantages qu&rsquo;offre une cuisine en plein air, il n&rsquo;est pas \u00e9tonnant que nous soyons aussi obs\u00e9d\u00e9s !<\/h2>\n<p><!--more--><\/p>\n<p>Mais comment \u00eatre s\u00fbr qu&rsquo;une cuisine en plein air r\u00e9pondra \u00e0 nos attentes ? Une cuisine ext\u00e9rieure doit r\u00e9sister aux intemp\u00e9ries, du soleil br\u00fblant \u00e0 l&rsquo;humidit\u00e9 et aux gel\u00e9es. C&rsquo;est pourquoi il est essentiel de choisir des \u00e9l\u00e9ments durables et r\u00e9sistants pour les plans de travail et autres composants.<\/p>\n<p><img loading=\"lazy\" decoding=\"async\" class=\"aligncenter wp-image-12643 size-full\" src=\"https:\/\/www.frecan.es\/blog\/wp-content\/uploads\/2024\/04\/frecantek-cocina-exterior-2026.png\" alt=\"\" width=\"1372\" height=\"768\" srcset=\"https:\/\/www.frecan.es\/blog\/wp-content\/uploads\/2024\/04\/frecantek-cocina-exterior-2026.png 1372w, https:\/\/www.frecan.es\/blog\/wp-content\/uploads\/2024\/04\/frecantek-cocina-exterior-2026-300x168.png 300w, https:\/\/www.frecan.es\/blog\/wp-content\/uploads\/2024\/04\/frecantek-cocina-exterior-2026-1024x573.png 1024w, https:\/\/www.frecan.es\/blog\/wp-content\/uploads\/2024\/04\/frecantek-cocina-exterior-2026-768x430.png 768w, https:\/\/www.frecan.es\/blog\/wp-content\/uploads\/2024\/04\/frecantek-cocina-exterior-2026-800x448.png 800w, https:\/\/www.frecan.es\/blog\/wp-content\/uploads\/2024\/04\/frecantek-cocina-exterior-2026-1280x717.png 1280w\" sizes=\"auto, (max-width: 1372px) 100vw, 1372px\" \/><\/p>\n<p>Dans ce cas, le r\u00e9sultat d&rsquo;une cuisine ext\u00e9rieure de FrecanTEK est une cuisine professionnelle : nos cuisines sont con\u00e7ues avec de l&rsquo;acier inoxydable r\u00e9sistant AISI 316, connu pour sa capacit\u00e9 \u00e0 r\u00e9sister aux rigueurs du climat et \u00e0 maintenir son apparence impeccable au fil du temps.<\/p>\n<p>Bien s\u00fbr, nous fabriquons \u00e9galement des cuisines en acier AISI 304 pour une utilisation en int\u00e9rieur.<\/p>\n<p><img loading=\"lazy\" decoding=\"async\" class=\"aligncenter wp-image-10422 size-full\" src=\"https:\/\/www.frecan.es\/blog\/wp-content\/uploads\/2024\/04\/123485214-scaled.jpg\" alt=\"Cocina acero inoxidable - FrecanTEK\" width=\"2560\" height=\"2250\" srcset=\"https:\/\/www.frecan.es\/blog\/wp-content\/uploads\/2024\/04\/123485214-scaled.jpg 2560w, https:\/\/www.frecan.es\/blog\/wp-content\/uploads\/2024\/04\/123485214-300x264.jpg 300w, https:\/\/www.frecan.es\/blog\/wp-content\/uploads\/2024\/04\/123485214-1024x900.jpg 1024w, https:\/\/www.frecan.es\/blog\/wp-content\/uploads\/2024\/04\/123485214-768x675.jpg 768w, https:\/\/www.frecan.es\/blog\/wp-content\/uploads\/2024\/04\/123485214-1536x1350.jpg 1536w, https:\/\/www.frecan.es\/blog\/wp-content\/uploads\/2024\/04\/123485214-2048x1800.jpg 2048w, https:\/\/www.frecan.es\/blog\/wp-content\/uploads\/2024\/04\/123485214-800x703.jpg 800w, https:\/\/www.frecan.es\/blog\/wp-content\/uploads\/2024\/04\/123485214-1280x1125.jpg 1280w\" sizes=\"auto, (max-width: 2560px) 100vw, 2560px\" \/><\/p>\n<p>Nos cuisines sont enti\u00e8rement personnalisables pour s&rsquo;adapter \u00e0 votre style et \u00e0 vos besoins. Gr\u00e2ce \u00e0 leurs caract\u00e9ristiques, elles peuvent \u00eatre install\u00e9es parfaitement dans des contextes vintage, industriels et rustiques. Chaque d\u00e9tail peut \u00eatre ajust\u00e9 selon vos pr\u00e9f\u00e9rences et vos go\u00fbts.<\/p>\n<p>Sans oublier que l&rsquo;acier inoxydable, en plus d&rsquo;\u00eatre hautement r\u00e9sistant, est extr\u00eamement facile \u00e0 nettoyer et \u00e0 entretenir. Cela signifie que vous passerez plus de temps \u00e0 profiter de votre cuisine en plein air et moins de temps \u00e0 vous soucier de son entretien. Avec seulement quelques \u00e9tapes simples, vous pourrez maintenir votre espace impeccable et pr\u00eat \u00e0 \u00eatre utilis\u00e9 \u00e0 tout moment. <a href=\"https:\/\/www.frecan.es\/blog\/fr\/acier-inoxydable-entretien-utilisation-et-nettoyage\/\"><strong><span style=\"color: #0000ff;\">Lire l&rsquo;article<\/span><\/strong><\/a><\/p>\n<p>Alors, pourquoi se contenter d&rsquo;une cuisine int\u00e9rieure lorsque vous pouvez \u00e9galement apporter la magie \u00e0 l&rsquo;ext\u00e9rieur avec FrecanTek ? Concevez votre cuisine en plein air et commencez \u00e0 cr\u00e9er des souvenirs inoubliables sous le ciel ouvert. D\u00e9couvrez une nouvelle fa\u00e7on de profiter de la cuisine et du plein air en m\u00eame temps !<\/p>\n<blockquote class=\"wp-embedded-content\" data-secret=\"Wvypx9sAl6\"><p><a href=\"https:\/\/www.frecan.es\/blog\/fr\/acier-inoxydable-entretien-utilisation-et-nettoyage\/\">Acier inoxydable | Entretien, utilisation et nettoyage<\/a><\/p><\/blockquote>\n<p><iframe loading=\"lazy\" class=\"wp-embedded-content\" sandbox=\"allow-scripts\" security=\"restricted\" style=\"position: absolute; visibility: hidden;\" title=\"\u00ab\u00a0Acier inoxydable | Entretien, utilisation et nettoyage\u00a0\u00bb &#8212; Blog de Frecan\" src=\"https:\/\/www.frecan.es\/blog\/fr\/acier-inoxydable-entretien-utilisation-et-nettoyage\/embed\/#?secret=2VEsqciUGa#?secret=Wvypx9sAl6\" data-secret=\"Wvypx9sAl6\" width=\"600\" height=\"338\" frameborder=\"0\" marginwidth=\"0\" marginheight=\"0\" scrolling=\"no\"><\/iframe><\/p>\n<blockquote class=\"wp-embedded-content\" data-secret=\"LKcEcTxs2p\"><p><a href=\"https:\/\/www.frecan.es\/blog\/fr\/lapparition-de-frecantek\/\">L&rsquo;apparition de FrecanTEK<\/a><\/p><\/blockquote>\n<p><iframe loading=\"lazy\" class=\"wp-embedded-content\" sandbox=\"allow-scripts\" security=\"restricted\" style=\"position: absolute; visibility: hidden;\" title=\"\u00ab\u00a0L&rsquo;apparition de FrecanTEK\u00a0\u00bb &#8212; Blog de Frecan\" src=\"https:\/\/www.frecan.es\/blog\/fr\/lapparition-de-frecantek\/embed\/#?secret=XUiGgmPb5c#?secret=LKcEcTxs2p\" data-secret=\"LKcEcTxs2p\" width=\"600\" height=\"338\" frameborder=\"0\" marginwidth=\"0\" marginheight=\"0\" scrolling=\"no\"><\/iframe><\/p>\n<p>&nbsp;<\/p>\n","protected":false},"excerpt":{"rendered":"<p>Imaginez cr\u00e9er de d\u00e9licieux repas entour\u00e9 d&rsquo;amis et de famille, profitant du soleil et de la brise. C&rsquo;est une exp\u00e9rience inestimable, et avec tous les avantages qu&rsquo;offre une cuisine en plein air, il n&rsquo;est pas \u00e9tonnant que nous soyons aussi obs\u00e9d\u00e9s !<\/p>\n","protected":false},"author":8,"featured_media":12643,"comment_status":"open","ping_status":"open","sticky":false,"template":"","format":"standard","meta":{"footnotes":""},"categories":[74],"tags":[],"class_list":{"0":"post-10426","1":"post","2":"type-post","3":"status-publish","4":"format-standard","5":"has-post-thumbnail","7":"category-frecantek-fr"},"yoast_head":"<!-- This site is optimized with the Yoast SEO plugin v24.7 - https:\/\/yoast.com\/wordpress\/plugins\/seo\/ -->\n<title>Cette saison, rien ne vaut le plaisir de cuisiner en plein air - Blog de Frecan<\/title>\n<meta name=\"description\" content=\"Le r\u00e9sultat d&#039;une cuisine ext\u00e9rieure de FrecanTEK est une cuisine professionnelle : cuisines con\u00e7ues avec de l&#039;acier inoxydable AISI 316.\" \/>\n<meta name=\"robots\" content=\"index, follow, max-snippet:-1, max-image-preview:large, max-video-preview:-1\" \/>\n<link rel=\"canonical\" href=\"https:\/\/www.frecan.es\/blog\/fr\/cuisiner-en-plein-air\/\" \/>\n<meta property=\"og:locale\" content=\"fr_FR\" \/>\n<meta property=\"og:type\" content=\"article\" \/>\n<meta property=\"og:title\" content=\"Cette saison, rien ne vaut le plaisir de cuisiner en plein air - Blog de Frecan\" \/>\n<meta property=\"og:description\" content=\"Le r\u00e9sultat d&#039;une cuisine ext\u00e9rieure de FrecanTEK est une cuisine professionnelle : cuisines con\u00e7ues avec de l&#039;acier inoxydable AISI 316.\" \/>\n<meta property=\"og:url\" content=\"https:\/\/www.frecan.es\/blog\/fr\/cuisiner-en-plein-air\/\" \/>\n<meta property=\"og:site_name\" content=\"Blog de Frecan\" \/>\n<meta property=\"article:published_time\" content=\"2026-04-30T07:00:49+00:00\" \/>\n<meta property=\"og:image\" content=\"https:\/\/www.frecan.es\/blog\/wp-content\/uploads\/2024\/04\/frecantek-cocina-exterior-2026.png\" \/>\n\t<meta property=\"og:image:width\" content=\"1372\" \/>\n\t<meta property=\"og:image:height\" content=\"768\" \/>\n\t<meta property=\"og:image:type\" content=\"image\/png\" \/>\n<meta name=\"author\" content=\"Tha\u00efs Alcal\u00e1\" \/>\n<meta name=\"twitter:card\" content=\"summary_large_image\" \/>\n<meta name=\"twitter:label1\" content=\"\u00c9crit par\" \/>\n\t<meta name=\"twitter:data1\" content=\"Tha\u00efs Alcal\u00e1\" \/>\n\t<meta name=\"twitter:label2\" content=\"Dur\u00e9e de lecture estim\u00e9e\" \/>\n\t<meta name=\"twitter:data2\" content=\"3 minutes\" \/>\n<script type=\"application\/ld+json\" class=\"yoast-schema-graph\">{\"@context\":\"https:\/\/schema.org\",\"@graph\":[{\"@type\":\"Article\",\"@id\":\"https:\/\/www.frecan.es\/blog\/fr\/cuisiner-en-plein-air\/#article\",\"isPartOf\":{\"@id\":\"https:\/\/www.frecan.es\/blog\/fr\/cuisiner-en-plein-air\/\"},\"author\":{\"name\":\"Tha\u00efs Alcal\u00e1\",\"@id\":\"https:\/\/www.frecan.es\/blog\/fr\/#\/schema\/person\/807ea11d2c3f88890ae67a52637b8b3c\"},\"headline\":\"Cette saison, rien ne vaut le plaisir de cuisiner en plein air\",\"datePublished\":\"2026-04-30T07:00:49+00:00\",\"mainEntityOfPage\":{\"@id\":\"https:\/\/www.frecan.es\/blog\/fr\/cuisiner-en-plein-air\/\"},\"wordCount\":356,\"commentCount\":0,\"publisher\":{\"@id\":\"https:\/\/www.frecan.es\/blog\/fr\/#organization\"},\"image\":{\"@id\":\"https:\/\/www.frecan.es\/blog\/fr\/cuisiner-en-plein-air\/#primaryimage\"},\"thumbnailUrl\":\"https:\/\/www.frecan.es\/blog\/wp-content\/uploads\/2024\/04\/frecantek-cocina-exterior-2026.png\",\"articleSection\":[\"FrecanTEK\"],\"inLanguage\":\"fr-FR\",\"potentialAction\":[{\"@type\":\"CommentAction\",\"name\":\"Comment\",\"target\":[\"https:\/\/www.frecan.es\/blog\/fr\/cuisiner-en-plein-air\/#respond\"]}]},{\"@type\":\"WebPage\",\"@id\":\"https:\/\/www.frecan.es\/blog\/fr\/cuisiner-en-plein-air\/\",\"url\":\"https:\/\/www.frecan.es\/blog\/fr\/cuisiner-en-plein-air\/\",\"name\":\"Cette saison, rien ne vaut le plaisir de cuisiner en plein air - Blog de Frecan\",\"isPartOf\":{\"@id\":\"https:\/\/www.frecan.es\/blog\/fr\/#website\"},\"primaryImageOfPage\":{\"@id\":\"https:\/\/www.frecan.es\/blog\/fr\/cuisiner-en-plein-air\/#primaryimage\"},\"image\":{\"@id\":\"https:\/\/www.frecan.es\/blog\/fr\/cuisiner-en-plein-air\/#primaryimage\"},\"thumbnailUrl\":\"https:\/\/www.frecan.es\/blog\/wp-content\/uploads\/2024\/04\/frecantek-cocina-exterior-2026.png\",\"datePublished\":\"2026-04-30T07:00:49+00:00\",\"description\":\"Le r\u00e9sultat d'une cuisine ext\u00e9rieure de FrecanTEK est une cuisine professionnelle : cuisines con\u00e7ues avec de l'acier inoxydable AISI 316.\",\"breadcrumb\":{\"@id\":\"https:\/\/www.frecan.es\/blog\/fr\/cuisiner-en-plein-air\/#breadcrumb\"},\"inLanguage\":\"fr-FR\",\"potentialAction\":[{\"@type\":\"ReadAction\",\"target\":[\"https:\/\/www.frecan.es\/blog\/fr\/cuisiner-en-plein-air\/\"]}]},{\"@type\":\"ImageObject\",\"inLanguage\":\"fr-FR\",\"@id\":\"https:\/\/www.frecan.es\/blog\/fr\/cuisiner-en-plein-air\/#primaryimage\",\"url\":\"https:\/\/www.frecan.es\/blog\/wp-content\/uploads\/2024\/04\/frecantek-cocina-exterior-2026.png\",\"contentUrl\":\"https:\/\/www.frecan.es\/blog\/wp-content\/uploads\/2024\/04\/frecantek-cocina-exterior-2026.png\",\"width\":1372,\"height\":768},{\"@type\":\"BreadcrumbList\",\"@id\":\"https:\/\/www.frecan.es\/blog\/fr\/cuisiner-en-plein-air\/#breadcrumb\",\"itemListElement\":[{\"@type\":\"ListItem\",\"position\":1,\"name\":\"Page de Couverture\",\"item\":\"https:\/\/www.frecan.es\/blog\/fr\/\"},{\"@type\":\"ListItem\",\"position\":2,\"name\":\"Cette saison, rien ne vaut le plaisir de cuisiner en plein air\"}]},{\"@type\":\"WebSite\",\"@id\":\"https:\/\/www.frecan.es\/blog\/fr\/#website\",\"url\":\"https:\/\/www.frecan.es\/blog\/fr\/\",\"name\":\"Blog de Frecan\",\"description\":\"Artisanat, technologie et avant-garde au c\u0153ur de votre cuisine\",\"publisher\":{\"@id\":\"https:\/\/www.frecan.es\/blog\/fr\/#organization\"},\"potentialAction\":[{\"@type\":\"SearchAction\",\"target\":{\"@type\":\"EntryPoint\",\"urlTemplate\":\"https:\/\/www.frecan.es\/blog\/fr\/?s={search_term_string}\"},\"query-input\":{\"@type\":\"PropertyValueSpecification\",\"valueRequired\":true,\"valueName\":\"search_term_string\"}}],\"inLanguage\":\"fr-FR\"},{\"@type\":\"Organization\",\"@id\":\"https:\/\/www.frecan.es\/blog\/fr\/#organization\",\"name\":\"Frecan\",\"url\":\"https:\/\/www.frecan.es\/blog\/fr\/\",\"logo\":{\"@type\":\"ImageObject\",\"inLanguage\":\"fr-FR\",\"@id\":\"https:\/\/www.frecan.es\/blog\/fr\/#\/schema\/logo\/image\/\",\"url\":\"https:\/\/www.frecan.es\/blog\/wp-content\/uploads\/2016\/02\/logo-frecan.png\",\"contentUrl\":\"https:\/\/www.frecan.es\/blog\/wp-content\/uploads\/2016\/02\/logo-frecan.png\",\"width\":250,\"height\":27,\"caption\":\"Frecan\"},\"image\":{\"@id\":\"https:\/\/www.frecan.es\/blog\/fr\/#\/schema\/logo\/image\/\"}},{\"@type\":\"Person\",\"@id\":\"https:\/\/www.frecan.es\/blog\/fr\/#\/schema\/person\/807ea11d2c3f88890ae67a52637b8b3c\",\"name\":\"Tha\u00efs Alcal\u00e1\",\"image\":{\"@type\":\"ImageObject\",\"inLanguage\":\"fr-FR\",\"@id\":\"https:\/\/www.frecan.es\/blog\/fr\/#\/schema\/person\/image\/\",\"url\":\"https:\/\/secure.gravatar.com\/avatar\/ad063cd811075f52af0714b5e973cd08?s=96&d=mm&r=g\",\"contentUrl\":\"https:\/\/secure.gravatar.com\/avatar\/ad063cd811075f52af0714b5e973cd08?s=96&d=mm&r=g\",\"caption\":\"Tha\u00efs Alcal\u00e1\"},\"sameAs\":[\"http:\/\/www.frecan.es\"]}]}<\/script>\n<!-- \/ Yoast SEO plugin. -->","yoast_head_json":{"title":"Cette saison, rien ne vaut le plaisir de cuisiner en plein air - Blog de Frecan","description":"Le r\u00e9sultat d'une cuisine ext\u00e9rieure de FrecanTEK est une cuisine professionnelle : cuisines con\u00e7ues avec de l'acier inoxydable AISI 316.","robots":{"index":"index","follow":"follow","max-snippet":"max-snippet:-1","max-image-preview":"max-image-preview:large","max-video-preview":"max-video-preview:-1"},"canonical":"https:\/\/www.frecan.es\/blog\/fr\/cuisiner-en-plein-air\/","og_locale":"fr_FR","og_type":"article","og_title":"Cette saison, rien ne vaut le plaisir de cuisiner en plein air - Blog de Frecan","og_description":"Le r\u00e9sultat d'une cuisine ext\u00e9rieure de FrecanTEK est une cuisine professionnelle : cuisines con\u00e7ues avec de l'acier inoxydable AISI 316.","og_url":"https:\/\/www.frecan.es\/blog\/fr\/cuisiner-en-plein-air\/","og_site_name":"Blog de Frecan","article_published_time":"2026-04-30T07:00:49+00:00","og_image":[{"width":1372,"height":768,"url":"https:\/\/www.frecan.es\/blog\/wp-content\/uploads\/2024\/04\/frecantek-cocina-exterior-2026.png","type":"image\/png"}],"author":"Tha\u00efs Alcal\u00e1","twitter_card":"summary_large_image","twitter_misc":{"\u00c9crit par":"Tha\u00efs Alcal\u00e1","Dur\u00e9e de lecture estim\u00e9e":"3 minutes"},"schema":{"@context":"https:\/\/schema.org","@graph":[{"@type":"Article","@id":"https:\/\/www.frecan.es\/blog\/fr\/cuisiner-en-plein-air\/#article","isPartOf":{"@id":"https:\/\/www.frecan.es\/blog\/fr\/cuisiner-en-plein-air\/"},"author":{"name":"Tha\u00efs Alcal\u00e1","@id":"https:\/\/www.frecan.es\/blog\/fr\/#\/schema\/person\/807ea11d2c3f88890ae67a52637b8b3c"},"headline":"Cette saison, rien ne vaut le plaisir de cuisiner en plein air","datePublished":"2026-04-30T07:00:49+00:00","mainEntityOfPage":{"@id":"https:\/\/www.frecan.es\/blog\/fr\/cuisiner-en-plein-air\/"},"wordCount":356,"commentCount":0,"publisher":{"@id":"https:\/\/www.frecan.es\/blog\/fr\/#organization"},"image":{"@id":"https:\/\/www.frecan.es\/blog\/fr\/cuisiner-en-plein-air\/#primaryimage"},"thumbnailUrl":"https:\/\/www.frecan.es\/blog\/wp-content\/uploads\/2024\/04\/frecantek-cocina-exterior-2026.png","articleSection":["FrecanTEK"],"inLanguage":"fr-FR","potentialAction":[{"@type":"CommentAction","name":"Comment","target":["https:\/\/www.frecan.es\/blog\/fr\/cuisiner-en-plein-air\/#respond"]}]},{"@type":"WebPage","@id":"https:\/\/www.frecan.es\/blog\/fr\/cuisiner-en-plein-air\/","url":"https:\/\/www.frecan.es\/blog\/fr\/cuisiner-en-plein-air\/","name":"Cette saison, rien ne vaut le plaisir de cuisiner en plein air - Blog de Frecan","isPartOf":{"@id":"https:\/\/www.frecan.es\/blog\/fr\/#website"},"primaryImageOfPage":{"@id":"https:\/\/www.frecan.es\/blog\/fr\/cuisiner-en-plein-air\/#primaryimage"},"image":{"@id":"https:\/\/www.frecan.es\/blog\/fr\/cuisiner-en-plein-air\/#primaryimage"},"thumbnailUrl":"https:\/\/www.frecan.es\/blog\/wp-content\/uploads\/2024\/04\/frecantek-cocina-exterior-2026.png","datePublished":"2026-04-30T07:00:49+00:00","description":"Le r\u00e9sultat d'une cuisine ext\u00e9rieure de FrecanTEK est une cuisine professionnelle : cuisines con\u00e7ues avec de l'acier inoxydable AISI 316.","breadcrumb":{"@id":"https:\/\/www.frecan.es\/blog\/fr\/cuisiner-en-plein-air\/#breadcrumb"},"inLanguage":"fr-FR","potentialAction":[{"@type":"ReadAction","target":["https:\/\/www.frecan.es\/blog\/fr\/cuisiner-en-plein-air\/"]}]},{"@type":"ImageObject","inLanguage":"fr-FR","@id":"https:\/\/www.frecan.es\/blog\/fr\/cuisiner-en-plein-air\/#primaryimage","url":"https:\/\/www.frecan.es\/blog\/wp-content\/uploads\/2024\/04\/frecantek-cocina-exterior-2026.png","contentUrl":"https:\/\/www.frecan.es\/blog\/wp-content\/uploads\/2024\/04\/frecantek-cocina-exterior-2026.png","width":1372,"height":768},{"@type":"BreadcrumbList","@id":"https:\/\/www.frecan.es\/blog\/fr\/cuisiner-en-plein-air\/#breadcrumb","itemListElement":[{"@type":"ListItem","position":1,"name":"Page de Couverture","item":"https:\/\/www.frecan.es\/blog\/fr\/"},{"@type":"ListItem","position":2,"name":"Cette saison, rien ne vaut le plaisir de cuisiner en plein air"}]},{"@type":"WebSite","@id":"https:\/\/www.frecan.es\/blog\/fr\/#website","url":"https:\/\/www.frecan.es\/blog\/fr\/","name":"Blog de Frecan","description":"Artisanat, technologie et avant-garde au c\u0153ur de votre cuisine","publisher":{"@id":"https:\/\/www.frecan.es\/blog\/fr\/#organization"},"potentialAction":[{"@type":"SearchAction","target":{"@type":"EntryPoint","urlTemplate":"https:\/\/www.frecan.es\/blog\/fr\/?s={search_term_string}"},"query-input":{"@type":"PropertyValueSpecification","valueRequired":true,"valueName":"search_term_string"}}],"inLanguage":"fr-FR"},{"@type":"Organization","@id":"https:\/\/www.frecan.es\/blog\/fr\/#organization","name":"Frecan","url":"https:\/\/www.frecan.es\/blog\/fr\/","logo":{"@type":"ImageObject","inLanguage":"fr-FR","@id":"https:\/\/www.frecan.es\/blog\/fr\/#\/schema\/logo\/image\/","url":"https:\/\/www.frecan.es\/blog\/wp-content\/uploads\/2016\/02\/logo-frecan.png","contentUrl":"https:\/\/www.frecan.es\/blog\/wp-content\/uploads\/2016\/02\/logo-frecan.png","width":250,"height":27,"caption":"Frecan"},"image":{"@id":"https:\/\/www.frecan.es\/blog\/fr\/#\/schema\/logo\/image\/"}},{"@type":"Person","@id":"https:\/\/www.frecan.es\/blog\/fr\/#\/schema\/person\/807ea11d2c3f88890ae67a52637b8b3c","name":"Tha\u00efs Alcal\u00e1","image":{"@type":"ImageObject","inLanguage":"fr-FR","@id":"https:\/\/www.frecan.es\/blog\/fr\/#\/schema\/person\/image\/","url":"https:\/\/secure.gravatar.com\/avatar\/ad063cd811075f52af0714b5e973cd08?s=96&d=mm&r=g","contentUrl":"https:\/\/secure.gravatar.com\/avatar\/ad063cd811075f52af0714b5e973cd08?s=96&d=mm&r=g","caption":"Tha\u00efs Alcal\u00e1"},"sameAs":["http:\/\/www.frecan.es"]}]}},"_links":{"self":[{"href":"https:\/\/www.frecan.es\/blog\/fr\/wp-json\/wp\/v2\/posts\/10426","targetHints":{"allow":["GET"]}}],"collection":[{"href":"https:\/\/www.frecan.es\/blog\/fr\/wp-json\/wp\/v2\/posts"}],"about":[{"href":"https:\/\/www.frecan.es\/blog\/fr\/wp-json\/wp\/v2\/types\/post"}],"author":[{"embeddable":true,"href":"https:\/\/www.frecan.es\/blog\/fr\/wp-json\/wp\/v2\/users\/8"}],"replies":[{"embeddable":true,"href":"https:\/\/www.frecan.es\/blog\/fr\/wp-json\/wp\/v2\/comments?post=10426"}],"version-history":[{"count":4,"href":"https:\/\/www.frecan.es\/blog\/fr\/wp-json\/wp\/v2\/posts\/10426\/revisions"}],"predecessor-version":[{"id":12652,"href":"https:\/\/www.frecan.es\/blog\/fr\/wp-json\/wp\/v2\/posts\/10426\/revisions\/12652"}],"wp:featuredmedia":[{"embeddable":true,"href":"https:\/\/www.frecan.es\/blog\/fr\/wp-json\/wp\/v2\/media\/12643"}],"wp:attachment":[{"href":"https:\/\/www.frecan.es\/blog\/fr\/wp-json\/wp\/v2\/media?parent=10426"}],"wp:term":[{"taxonomy":"category","embeddable":true,"href":"https:\/\/www.frecan.es\/blog\/fr\/wp-json\/wp\/v2\/categories?post=10426"},{"taxonomy":"post_tag","embeddable":true,"href":"https:\/\/www.frecan.es\/blog\/fr\/wp-json\/wp\/v2\/tags?post=10426"}],"curies":[{"name":"wp","href":"https:\/\/api.w.org\/{rel}","templated":true}]}}