{"id":10104,"date":"2024-01-11T10:30:39","date_gmt":"2024-01-11T08:30:39","guid":{"rendered":"https:\/\/www.frecan.es\/blog\/efficient-ventilation\/"},"modified":"2024-01-12T14:57:47","modified_gmt":"2024-01-12T12:57:47","slug":"efficace-ventilation","status":"publish","type":"post","link":"https:\/\/www.frecan.es\/blog\/fr\/efficace-ventilation\/","title":{"rendered":"Les cl\u00e9s pour une ventilation efficace dans votre cuisine"},"content":{"rendered":"<h2 style=\"color: #949494; font-size: 24px; line-height: 26px; margin-top: -20px;\">Dans le design d\u2019int\u00e9rieur-cuisines, le choix d\u2019une hotte de cuisine de qualit\u00e9 est fondamental pour maintenir l\u2019\u00e9quilibre.<\/h2>\n<p><!--more--><\/p>\n<p>Chez Frecan, nous comprenons l\u2019importance de ne pas seulement offrir des produits efficaces sinon aussi informer sur son correct fonctionnement, sp\u00e9cialement par rapport \u00e0 la ventilation.<\/p>\n<p>Quand nous installons une hotte de cuisine avec \u00e9vacuation de l\u2019air vers l\u2019ext\u00e9rieur, il y a le besoin d\u2019\u00e9quilibrer le flux d\u2019air dans votre cuisine.<\/p>\n<p>Quand vous d\u00e9marrez la hotte, l\u2019air expuls\u00e9 a besoin d\u2019une entr\u00e9e d\u2019air pour \u00e9viter le vide, ce qui peut affecter l\u2019efficacit\u00e9 de la hotte et, m\u00eame la qualit\u00e9 de l\u2019ambiance de la cuisine.<\/p>\n<p>&nbsp;<\/p>\n<p><a href=\"https:\/\/www.frecan.es\/\" target=\"_blank\" rel=\"noopener\"><img loading=\"lazy\" decoding=\"async\" width=\"2000\" height=\"901\" class=\"aligncenter wp-image-10108 size-full\" src=\"https:\/\/www.frecan.es\/blog\/wp-content\/uploads\/2024\/01\/Ill-FR.gif\" class=\"light\"><\/a><\/p>\n<p>Dans un bon nombre des cas, les designers de cuisine int\u00e8grent intelligemment une entr\u00e9e d&rsquo;air en forme de grille, strat\u00e9giquement situ\u00e9 pour ne pas causer de d\u00e9sagr\u00e9ments directs \u00e0 ceux qui occupent l&rsquo;espace.<\/p>\n<p>Parfois, cette entr\u00e9e d\u2019air co\u00efncide \u00e9galement avec l\u2019espace n\u00e9cessaire \u00e0 l\u2019installation de la chaudi\u00e8re \u00e0 gaz, maximisant ainsi l\u2019utilisation de l\u2019espace.<\/p>\n<p>Nonobstant, il y a des fois ou les cuisines ou l\u2019entr\u00e9e d\u2019air n\u2019a pas \u00e9t\u00e9 pr\u00e9vue ou il est insuffisant, ce qui peut provoquer que l\u2019air entre par d\u2019autres moyens, tel que l\u2019air conditionn\u00e9 ou les fen\u00eatres.<\/p>\n<p>Il est essentiel de r\u00e9soudre ce probl\u00e8me pour garantir des performances optimales de la hotte et maintenir un environnement de cuisine confortable et frais.<\/p>\n<p>Dans le cas des cuisines \u00e9quip\u00e9es de hottes aspirantes de grande puissance, comme celles que nous proposons chez Frecan, la pr\u00e9sence d&rsquo;une entr\u00e9e d&rsquo;air ad\u00e9quate devient un \u00e9l\u00e9ment fondamental.<\/p>\n<p>L\u2019efficacit\u00e9 de ces hottes r\u00e9side dans leur capacit\u00e9 \u00e0 \u00e9liminer efficacement les fum\u00e9es et odeurs ind\u00e9sirables, et pour y parvenir, le flux d\u2019air doit \u00eatre parfaitement \u00e9quilibr\u00e9.<\/p>\n<h4>Comment pouvons-nous rem\u00e9dier \u00e0 une ventilation insuffisante ?<\/h4>\n<p>La meilleure solution est de pr\u00e9voir et de cr\u00e9er une entr\u00e9e d&rsquo;air suppl\u00e9mentaire \u00e0 un endroit strat\u00e9gique de la cuisine, de pr\u00e9f\u00e9rence en position \u00e9lev\u00e9e pour \u00e9viter les courants d&rsquo;air g\u00eanants.<\/p>\n<p>La r\u00e9glementation relative \u00e0 la ventilation des cuisines domestiques se concentre sur la n\u00e9cessit\u00e9 d&rsquo;installer des syst\u00e8mes d&rsquo;extraction ind\u00e9pendants pour la zone de cuisson, \u00e9tablissant un d\u00e9bit minimum de 180 m3\/h.<\/p>\n<p>Compte tenu de la puissance des moteurs de nos hottes, chez Frecan nous recommandons une alimentation en air plus importante. Au moins une entr\u00e9e d&rsquo;air d&rsquo;un diam\u00e8tre de 10 cm.<\/p>\n<p>Toutefois, si cette option n&rsquo;a pas \u00e9t\u00e9 pr\u00e9vue, une solution plus simple consiste \u00e0 maintenir la porte de la cuisine ouverte pendant le fonctionnement de la hotte, ainsi qu&rsquo;un syst\u00e8me de ventilation naturelle compl\u00e9mentaire, comme des fen\u00eatres ou des portes donnant sur l&rsquo;ext\u00e9rieur.<\/p>\n<p>De cette fa\u00e7on, nous permettons \u00e0 la m\u00eame quantit\u00e9 d&rsquo;air que celle expuls\u00e9e d&rsquo;entrer depuis d&rsquo;autres zones de la maison ou par une fen\u00eatre, en maintenant l&rsquo;\u00e9quilibre et en garantissant le fonctionnement de la hotte.<\/p>\n<p>Dans les endroits tr\u00e8s froids ou tr\u00e8s chauds o\u00f9 l\u2019on ne souhaite pas avoir de perte de temp\u00e9rature due \u00e0 cette entr\u00e9e d\u2019air de l\u2019ext\u00e9rieur, les hottes \u00e0 recirculation sont une bonne option \u00e0 consid\u00e9rer.<\/p>\n<p><a href=\"https:\/\/www.frecan.fr\/hottes\/recirculation\/\"><span style=\"color: #999999;\"><strong>frecan<span style=\"color: #00ccff;\">AIR<\/span><\/strong><\/span><\/a> dispose d&rsquo;une large gamme de filtres pour transformer une hotte aspirante Frecan en syst\u00e8me de recirculation.<\/p>\n<p>Apprenez-en davantage sur <a href=\"https:\/\/www.frecan.es\/blog\/fr\/systemes-de-recyclage-frecanair\/\"><strong><span style=\"color: #999999;\">frecan<span style=\"color: #00ccff;\">Air<\/span><\/span> <\/strong><\/a>dans ce lien.<\/p>\n<p>En conclusion, le choix d\u2019une hotte aspirante de qualit\u00e9, comme celles propos\u00e9es par Frecan, n&rsquo;est que le premier pas vers une cuisine propre et fra\u00eeche.<\/p>\n<p>Une planification minutieuse de la ventilation, en assurant une entr\u00e9e d&rsquo;air ad\u00e9quate, garantir non seulement le bon fonctionnement de la hotte, mais contribue \u00e9galement \u00e0 maintenir un environnement confortable et sain au c\u0153ur de votre cuisine.<\/p>\n<p><strong>D\u00e9couvrir plus<\/strong><\/p>\n<blockquote class=\"wp-embedded-content\" data-secret=\"gYfr0dUGp1\"><p><a href=\"https:\/\/www.frecan.es\/blog\/fr\/choisir-votre-hotte\/\">Guide pour choisir la hotte aspirante parfaite<\/a><\/p><\/blockquote>\n<p><iframe loading=\"lazy\" class=\"wp-embedded-content\" sandbox=\"allow-scripts\" security=\"restricted\" style=\"position: absolute; clip: rect(1px, 1px, 1px, 1px);\" title=\"\u00ab\u00a0Guide pour choisir la hotte aspirante parfaite\u00a0\u00bb &#8212; Blog de Frecan\" src=\"https:\/\/www.frecan.es\/blog\/fr\/choisir-votre-hotte\/embed\/#?secret=k85BG4RZee#?secret=gYfr0dUGp1\" data-secret=\"gYfr0dUGp1\" width=\"600\" height=\"338\" frameborder=\"0\" marginwidth=\"0\" marginheight=\"0\" scrolling=\"no\"><\/iframe><\/p>\n<blockquote class=\"wp-embedded-content\" data-secret=\"0bziGIeZar\"><p><a href=\"https:\/\/www.frecan.es\/blog\/fr\/systemes-de-recyclage-frecanair\/\">La recirculation bas\u00e9e en technologie plasma, cubes \u00e0 charbon, filtres \u00e0 charbon ou le syst\u00e8me d\u2019extraction ?<\/a><\/p><\/blockquote>\n<p><iframe loading=\"lazy\" class=\"wp-embedded-content\" sandbox=\"allow-scripts\" security=\"restricted\" style=\"position: absolute; clip: rect(1px, 1px, 1px, 1px);\" title=\"\u00ab\u00a0La recirculation bas\u00e9e en technologie plasma, cubes \u00e0 charbon, filtres \u00e0 charbon ou le syst\u00e8me d\u2019extraction ?\u00a0\u00bb &#8212; Blog de Frecan\" src=\"https:\/\/www.frecan.es\/blog\/fr\/systemes-de-recyclage-frecanair\/embed\/#?secret=lh0m3C164F#?secret=0bziGIeZar\" data-secret=\"0bziGIeZar\" width=\"600\" height=\"338\" frameborder=\"0\" marginwidth=\"0\" marginheight=\"0\" scrolling=\"no\"><\/iframe><\/p>\n","protected":false},"excerpt":{"rendered":"<p>Dans le design d\u2019int\u00e9rieur-cuisines, le choix d\u2019une hotte de cuisine de qualit\u00e9 est fondamental pour maintenir l\u2019\u00e9quilibre.<\/p>\n","protected":false},"author":8,"featured_media":10091,"comment_status":"open","ping_status":"open","sticky":false,"template":"","format":"standard","meta":{"footnotes":""},"categories":[65,63,64],"tags":[],"class_list":{"0":"post-10104","1":"post","2":"type-post","3":"status-publish","4":"format-standard","5":"has-post-thumbnail","7":"category-autres","8":"category-recirculation-et-passivhaus","9":"category-hottes"},"yoast_head":"<!-- This site is optimized with the Yoast SEO plugin v24.7 - https:\/\/yoast.com\/wordpress\/plugins\/seo\/ -->\n<title>Les cl\u00e9s pour une ventilation efficace dans votre cuisine - Blog de Frecan<\/title>\n<meta name=\"description\" content=\"Une planification minutieuse de la ventilation, en assurant une entr\u00e9e d&#039;air ad\u00e9quate, contribue \u00e9galement \u00e0 maintenir un environnement confortable et sain.\" \/>\n<meta name=\"robots\" content=\"index, follow, max-snippet:-1, max-image-preview:large, max-video-preview:-1\" \/>\n<link rel=\"canonical\" href=\"https:\/\/www.frecan.es\/blog\/fr\/efficace-ventilation\/\" \/>\n<meta property=\"og:locale\" content=\"fr_FR\" \/>\n<meta property=\"og:type\" content=\"article\" \/>\n<meta property=\"og:title\" content=\"Les cl\u00e9s pour une ventilation efficace dans votre cuisine - Blog de Frecan\" \/>\n<meta property=\"og:description\" content=\"Une planification minutieuse de la ventilation, en assurant une entr\u00e9e d&#039;air ad\u00e9quate, contribue \u00e9galement \u00e0 maintenir un environnement confortable et sain.\" \/>\n<meta property=\"og:url\" content=\"https:\/\/www.frecan.es\/blog\/fr\/efficace-ventilation\/\" \/>\n<meta property=\"og:site_name\" content=\"Blog de Frecan\" \/>\n<meta property=\"article:published_time\" content=\"2024-01-11T08:30:39+00:00\" \/>\n<meta property=\"article:modified_time\" content=\"2024-01-12T12:57:47+00:00\" \/>\n<meta property=\"og:image\" content=\"https:\/\/www.frecan.es\/blog\/wp-content\/uploads\/2024\/01\/Ill.jpg\" \/>\n\t<meta property=\"og:image:width\" content=\"1741\" \/>\n\t<meta property=\"og:image:height\" content=\"1580\" \/>\n\t<meta property=\"og:image:type\" content=\"image\/jpeg\" \/>\n<meta name=\"author\" content=\"Tha\u00efs Alcal\u00e1\" \/>\n<meta name=\"twitter:card\" content=\"summary_large_image\" \/>\n<meta name=\"twitter:label1\" content=\"\u00c9crit par\" \/>\n\t<meta name=\"twitter:data1\" content=\"Tha\u00efs Alcal\u00e1\" \/>\n\t<meta name=\"twitter:label2\" content=\"Dur\u00e9e de lecture estim\u00e9e\" \/>\n\t<meta name=\"twitter:data2\" content=\"4 minutes\" \/>\n<script type=\"application\/ld+json\" class=\"yoast-schema-graph\">{\"@context\":\"https:\/\/schema.org\",\"@graph\":[{\"@type\":\"Article\",\"@id\":\"https:\/\/www.frecan.es\/blog\/fr\/efficace-ventilation\/#article\",\"isPartOf\":{\"@id\":\"https:\/\/www.frecan.es\/blog\/fr\/efficace-ventilation\/\"},\"author\":{\"name\":\"Tha\u00efs Alcal\u00e1\",\"@id\":\"https:\/\/www.frecan.es\/blog\/fr\/#\/schema\/person\/807ea11d2c3f88890ae67a52637b8b3c\"},\"headline\":\"Les cl\u00e9s pour une ventilation efficace dans votre cuisine\",\"datePublished\":\"2024-01-11T08:30:39+00:00\",\"dateModified\":\"2024-01-12T12:57:47+00:00\",\"mainEntityOfPage\":{\"@id\":\"https:\/\/www.frecan.es\/blog\/fr\/efficace-ventilation\/\"},\"wordCount\":679,\"commentCount\":0,\"publisher\":{\"@id\":\"https:\/\/www.frecan.es\/blog\/fr\/#organization\"},\"image\":{\"@id\":\"https:\/\/www.frecan.es\/blog\/fr\/efficace-ventilation\/#primaryimage\"},\"thumbnailUrl\":\"https:\/\/www.frecan.es\/blog\/wp-content\/uploads\/2024\/01\/Ill.jpg\",\"articleSection\":[\"Autres\",\"Recirculacion et Passivhaus\",\"Syst\u00e8mes d'extraction \/ hottes\"],\"inLanguage\":\"fr-FR\",\"potentialAction\":[{\"@type\":\"CommentAction\",\"name\":\"Comment\",\"target\":[\"https:\/\/www.frecan.es\/blog\/fr\/efficace-ventilation\/#respond\"]}]},{\"@type\":\"WebPage\",\"@id\":\"https:\/\/www.frecan.es\/blog\/fr\/efficace-ventilation\/\",\"url\":\"https:\/\/www.frecan.es\/blog\/fr\/efficace-ventilation\/\",\"name\":\"Les cl\u00e9s pour une ventilation efficace dans votre cuisine - Blog de Frecan\",\"isPartOf\":{\"@id\":\"https:\/\/www.frecan.es\/blog\/fr\/#website\"},\"primaryImageOfPage\":{\"@id\":\"https:\/\/www.frecan.es\/blog\/fr\/efficace-ventilation\/#primaryimage\"},\"image\":{\"@id\":\"https:\/\/www.frecan.es\/blog\/fr\/efficace-ventilation\/#primaryimage\"},\"thumbnailUrl\":\"https:\/\/www.frecan.es\/blog\/wp-content\/uploads\/2024\/01\/Ill.jpg\",\"datePublished\":\"2024-01-11T08:30:39+00:00\",\"dateModified\":\"2024-01-12T12:57:47+00:00\",\"description\":\"Une planification minutieuse de la ventilation, en assurant une entr\u00e9e d'air ad\u00e9quate, contribue \u00e9galement \u00e0 maintenir un environnement confortable et sain.\",\"breadcrumb\":{\"@id\":\"https:\/\/www.frecan.es\/blog\/fr\/efficace-ventilation\/#breadcrumb\"},\"inLanguage\":\"fr-FR\",\"potentialAction\":[{\"@type\":\"ReadAction\",\"target\":[\"https:\/\/www.frecan.es\/blog\/fr\/efficace-ventilation\/\"]}]},{\"@type\":\"ImageObject\",\"inLanguage\":\"fr-FR\",\"@id\":\"https:\/\/www.frecan.es\/blog\/fr\/efficace-ventilation\/#primaryimage\",\"url\":\"https:\/\/www.frecan.es\/blog\/wp-content\/uploads\/2024\/01\/Ill.jpg\",\"contentUrl\":\"https:\/\/www.frecan.es\/blog\/wp-content\/uploads\/2024\/01\/Ill.jpg\",\"width\":1741,\"height\":1580,\"caption\":\"ventilaci\u00f3n cocina - frecan\"},{\"@type\":\"BreadcrumbList\",\"@id\":\"https:\/\/www.frecan.es\/blog\/fr\/efficace-ventilation\/#breadcrumb\",\"itemListElement\":[{\"@type\":\"ListItem\",\"position\":1,\"name\":\"Page de Couverture\",\"item\":\"https:\/\/www.frecan.es\/blog\/fr\/\"},{\"@type\":\"ListItem\",\"position\":2,\"name\":\"Les cl\u00e9s pour une ventilation efficace dans votre cuisine\"}]},{\"@type\":\"WebSite\",\"@id\":\"https:\/\/www.frecan.es\/blog\/fr\/#website\",\"url\":\"https:\/\/www.frecan.es\/blog\/fr\/\",\"name\":\"Blog de Frecan\",\"description\":\"Artisanat, technologie et avant-garde au c\u0153ur de votre cuisine\",\"publisher\":{\"@id\":\"https:\/\/www.frecan.es\/blog\/fr\/#organization\"},\"potentialAction\":[{\"@type\":\"SearchAction\",\"target\":{\"@type\":\"EntryPoint\",\"urlTemplate\":\"https:\/\/www.frecan.es\/blog\/fr\/?s={search_term_string}\"},\"query-input\":{\"@type\":\"PropertyValueSpecification\",\"valueRequired\":true,\"valueName\":\"search_term_string\"}}],\"inLanguage\":\"fr-FR\"},{\"@type\":\"Organization\",\"@id\":\"https:\/\/www.frecan.es\/blog\/fr\/#organization\",\"name\":\"Frecan\",\"url\":\"https:\/\/www.frecan.es\/blog\/fr\/\",\"logo\":{\"@type\":\"ImageObject\",\"inLanguage\":\"fr-FR\",\"@id\":\"https:\/\/www.frecan.es\/blog\/fr\/#\/schema\/logo\/image\/\",\"url\":\"https:\/\/www.frecan.es\/blog\/wp-content\/uploads\/2016\/02\/logo-frecan.png\",\"contentUrl\":\"https:\/\/www.frecan.es\/blog\/wp-content\/uploads\/2016\/02\/logo-frecan.png\",\"width\":250,\"height\":27,\"caption\":\"Frecan\"},\"image\":{\"@id\":\"https:\/\/www.frecan.es\/blog\/fr\/#\/schema\/logo\/image\/\"}},{\"@type\":\"Person\",\"@id\":\"https:\/\/www.frecan.es\/blog\/fr\/#\/schema\/person\/807ea11d2c3f88890ae67a52637b8b3c\",\"name\":\"Tha\u00efs Alcal\u00e1\",\"image\":{\"@type\":\"ImageObject\",\"inLanguage\":\"fr-FR\",\"@id\":\"https:\/\/www.frecan.es\/blog\/fr\/#\/schema\/person\/image\/\",\"url\":\"https:\/\/secure.gravatar.com\/avatar\/ad063cd811075f52af0714b5e973cd08?s=96&d=mm&r=g\",\"contentUrl\":\"https:\/\/secure.gravatar.com\/avatar\/ad063cd811075f52af0714b5e973cd08?s=96&d=mm&r=g\",\"caption\":\"Tha\u00efs Alcal\u00e1\"},\"sameAs\":[\"http:\/\/www.frecan.es\"]}]}<\/script>\n<!-- \/ Yoast SEO plugin. -->","yoast_head_json":{"title":"Les cl\u00e9s pour une ventilation efficace dans votre cuisine - Blog de Frecan","description":"Une planification minutieuse de la ventilation, en assurant une entr\u00e9e d'air ad\u00e9quate, contribue \u00e9galement \u00e0 maintenir un environnement confortable et sain.","robots":{"index":"index","follow":"follow","max-snippet":"max-snippet:-1","max-image-preview":"max-image-preview:large","max-video-preview":"max-video-preview:-1"},"canonical":"https:\/\/www.frecan.es\/blog\/fr\/efficace-ventilation\/","og_locale":"fr_FR","og_type":"article","og_title":"Les cl\u00e9s pour une ventilation efficace dans votre cuisine - Blog de Frecan","og_description":"Une planification minutieuse de la ventilation, en assurant une entr\u00e9e d'air ad\u00e9quate, contribue \u00e9galement \u00e0 maintenir un environnement confortable et sain.","og_url":"https:\/\/www.frecan.es\/blog\/fr\/efficace-ventilation\/","og_site_name":"Blog de Frecan","article_published_time":"2024-01-11T08:30:39+00:00","article_modified_time":"2024-01-12T12:57:47+00:00","og_image":[{"width":1741,"height":1580,"url":"https:\/\/www.frecan.es\/blog\/wp-content\/uploads\/2024\/01\/Ill.jpg","type":"image\/jpeg"}],"author":"Tha\u00efs Alcal\u00e1","twitter_card":"summary_large_image","twitter_misc":{"\u00c9crit par":"Tha\u00efs Alcal\u00e1","Dur\u00e9e de lecture estim\u00e9e":"4 minutes"},"schema":{"@context":"https:\/\/schema.org","@graph":[{"@type":"Article","@id":"https:\/\/www.frecan.es\/blog\/fr\/efficace-ventilation\/#article","isPartOf":{"@id":"https:\/\/www.frecan.es\/blog\/fr\/efficace-ventilation\/"},"author":{"name":"Tha\u00efs Alcal\u00e1","@id":"https:\/\/www.frecan.es\/blog\/fr\/#\/schema\/person\/807ea11d2c3f88890ae67a52637b8b3c"},"headline":"Les cl\u00e9s pour une ventilation efficace dans votre cuisine","datePublished":"2024-01-11T08:30:39+00:00","dateModified":"2024-01-12T12:57:47+00:00","mainEntityOfPage":{"@id":"https:\/\/www.frecan.es\/blog\/fr\/efficace-ventilation\/"},"wordCount":679,"commentCount":0,"publisher":{"@id":"https:\/\/www.frecan.es\/blog\/fr\/#organization"},"image":{"@id":"https:\/\/www.frecan.es\/blog\/fr\/efficace-ventilation\/#primaryimage"},"thumbnailUrl":"https:\/\/www.frecan.es\/blog\/wp-content\/uploads\/2024\/01\/Ill.jpg","articleSection":["Autres","Recirculacion et Passivhaus","Syst\u00e8mes d'extraction \/ hottes"],"inLanguage":"fr-FR","potentialAction":[{"@type":"CommentAction","name":"Comment","target":["https:\/\/www.frecan.es\/blog\/fr\/efficace-ventilation\/#respond"]}]},{"@type":"WebPage","@id":"https:\/\/www.frecan.es\/blog\/fr\/efficace-ventilation\/","url":"https:\/\/www.frecan.es\/blog\/fr\/efficace-ventilation\/","name":"Les cl\u00e9s pour une ventilation efficace dans votre cuisine - Blog de Frecan","isPartOf":{"@id":"https:\/\/www.frecan.es\/blog\/fr\/#website"},"primaryImageOfPage":{"@id":"https:\/\/www.frecan.es\/blog\/fr\/efficace-ventilation\/#primaryimage"},"image":{"@id":"https:\/\/www.frecan.es\/blog\/fr\/efficace-ventilation\/#primaryimage"},"thumbnailUrl":"https:\/\/www.frecan.es\/blog\/wp-content\/uploads\/2024\/01\/Ill.jpg","datePublished":"2024-01-11T08:30:39+00:00","dateModified":"2024-01-12T12:57:47+00:00","description":"Une planification minutieuse de la ventilation, en assurant une entr\u00e9e d'air ad\u00e9quate, contribue \u00e9galement \u00e0 maintenir un environnement confortable et sain.","breadcrumb":{"@id":"https:\/\/www.frecan.es\/blog\/fr\/efficace-ventilation\/#breadcrumb"},"inLanguage":"fr-FR","potentialAction":[{"@type":"ReadAction","target":["https:\/\/www.frecan.es\/blog\/fr\/efficace-ventilation\/"]}]},{"@type":"ImageObject","inLanguage":"fr-FR","@id":"https:\/\/www.frecan.es\/blog\/fr\/efficace-ventilation\/#primaryimage","url":"https:\/\/www.frecan.es\/blog\/wp-content\/uploads\/2024\/01\/Ill.jpg","contentUrl":"https:\/\/www.frecan.es\/blog\/wp-content\/uploads\/2024\/01\/Ill.jpg","width":1741,"height":1580,"caption":"ventilaci\u00f3n cocina - frecan"},{"@type":"BreadcrumbList","@id":"https:\/\/www.frecan.es\/blog\/fr\/efficace-ventilation\/#breadcrumb","itemListElement":[{"@type":"ListItem","position":1,"name":"Page de Couverture","item":"https:\/\/www.frecan.es\/blog\/fr\/"},{"@type":"ListItem","position":2,"name":"Les cl\u00e9s pour une ventilation efficace dans votre cuisine"}]},{"@type":"WebSite","@id":"https:\/\/www.frecan.es\/blog\/fr\/#website","url":"https:\/\/www.frecan.es\/blog\/fr\/","name":"Blog de Frecan","description":"Artisanat, technologie et avant-garde au c\u0153ur de votre cuisine","publisher":{"@id":"https:\/\/www.frecan.es\/blog\/fr\/#organization"},"potentialAction":[{"@type":"SearchAction","target":{"@type":"EntryPoint","urlTemplate":"https:\/\/www.frecan.es\/blog\/fr\/?s={search_term_string}"},"query-input":{"@type":"PropertyValueSpecification","valueRequired":true,"valueName":"search_term_string"}}],"inLanguage":"fr-FR"},{"@type":"Organization","@id":"https:\/\/www.frecan.es\/blog\/fr\/#organization","name":"Frecan","url":"https:\/\/www.frecan.es\/blog\/fr\/","logo":{"@type":"ImageObject","inLanguage":"fr-FR","@id":"https:\/\/www.frecan.es\/blog\/fr\/#\/schema\/logo\/image\/","url":"https:\/\/www.frecan.es\/blog\/wp-content\/uploads\/2016\/02\/logo-frecan.png","contentUrl":"https:\/\/www.frecan.es\/blog\/wp-content\/uploads\/2016\/02\/logo-frecan.png","width":250,"height":27,"caption":"Frecan"},"image":{"@id":"https:\/\/www.frecan.es\/blog\/fr\/#\/schema\/logo\/image\/"}},{"@type":"Person","@id":"https:\/\/www.frecan.es\/blog\/fr\/#\/schema\/person\/807ea11d2c3f88890ae67a52637b8b3c","name":"Tha\u00efs Alcal\u00e1","image":{"@type":"ImageObject","inLanguage":"fr-FR","@id":"https:\/\/www.frecan.es\/blog\/fr\/#\/schema\/person\/image\/","url":"https:\/\/secure.gravatar.com\/avatar\/ad063cd811075f52af0714b5e973cd08?s=96&d=mm&r=g","contentUrl":"https:\/\/secure.gravatar.com\/avatar\/ad063cd811075f52af0714b5e973cd08?s=96&d=mm&r=g","caption":"Tha\u00efs Alcal\u00e1"},"sameAs":["http:\/\/www.frecan.es"]}]}},"_links":{"self":[{"href":"https:\/\/www.frecan.es\/blog\/fr\/wp-json\/wp\/v2\/posts\/10104","targetHints":{"allow":["GET"]}}],"collection":[{"href":"https:\/\/www.frecan.es\/blog\/fr\/wp-json\/wp\/v2\/posts"}],"about":[{"href":"https:\/\/www.frecan.es\/blog\/fr\/wp-json\/wp\/v2\/types\/post"}],"author":[{"embeddable":true,"href":"https:\/\/www.frecan.es\/blog\/fr\/wp-json\/wp\/v2\/users\/8"}],"replies":[{"embeddable":true,"href":"https:\/\/www.frecan.es\/blog\/fr\/wp-json\/wp\/v2\/comments?post=10104"}],"version-history":[{"count":3,"href":"https:\/\/www.frecan.es\/blog\/fr\/wp-json\/wp\/v2\/posts\/10104\/revisions"}],"predecessor-version":[{"id":10111,"href":"https:\/\/www.frecan.es\/blog\/fr\/wp-json\/wp\/v2\/posts\/10104\/revisions\/10111"}],"wp:featuredmedia":[{"embeddable":true,"href":"https:\/\/www.frecan.es\/blog\/fr\/wp-json\/wp\/v2\/media\/10091"}],"wp:attachment":[{"href":"https:\/\/www.frecan.es\/blog\/fr\/wp-json\/wp\/v2\/media?parent=10104"}],"wp:term":[{"taxonomy":"category","embeddable":true,"href":"https:\/\/www.frecan.es\/blog\/fr\/wp-json\/wp\/v2\/categories?post=10104"},{"taxonomy":"post_tag","embeddable":true,"href":"https:\/\/www.frecan.es\/blog\/fr\/wp-json\/wp\/v2\/tags?post=10104"}],"curies":[{"name":"wp","href":"https:\/\/api.w.org\/{rel}","templated":true}]}}