{"id":9136,"date":"2023-07-20T10:30:20","date_gmt":"2023-07-20T08:30:20","guid":{"rendered":"https:\/\/www.frecan.es\/blog\/?p=9136"},"modified":"2023-07-19T08:04:56","modified_gmt":"2023-07-19T06:04:56","slug":"sense-360-ceiling-hood","status":"publish","type":"post","link":"https:\/\/www.frecan.es\/blog\/en\/sense-360-ceiling-hood\/","title":{"rendered":"Want to add a touch of magic to your kitchen?"},"content":{"rendered":"<h2 style=\"color: #949494; font-size: 24px; line-height: 26px; margin-top: -20px;\">Introducing the upgraded Sense 360 ceiling hood\u2019s version, a masterpiece of functionality and style!<\/h2>\n<h4><!--more--><\/h4>\n<p data-wp-editing=\"1\"><a href=\"https:\/\/www.frecan.com\/hoods\/ceiling\/sense-360\/\" target=\"_blank\" rel=\"noopener\"><img loading=\"lazy\" decoding=\"async\" width=\"1024\" height=\"714\" class=\"aligncenter wp-image-9045 size-full\" src=\"https:\/\/www.frecan.es\/blog\/wp-content\/uploads\/2023\/07\/sense-360-g1.jpg\" class=\"light\" srcset=\"https:\/\/www.frecan.es\/blog\/wp-content\/uploads\/2023\/07\/sense-360-g1.jpg 1024w, https:\/\/www.frecan.es\/blog\/wp-content\/uploads\/2023\/07\/sense-360-g1-300x209.jpg 300w, https:\/\/www.frecan.es\/blog\/wp-content\/uploads\/2023\/07\/sense-360-g1-768x536.jpg 768w, https:\/\/www.frecan.es\/blog\/wp-content\/uploads\/2023\/07\/sense-360-g1-800x558.jpg 800w\" sizes=\"auto, (max-width: 1024px) 100vw, 1024px\" \/><\/a><\/p>\n<p>The <strong>stylish design and modernity<\/strong> so characteristic of the Sense 360 ceiling hood will make your kitchen the centre of attention while giving you fresh air and<strong> incredibly versatile lighting<\/strong>.<\/p>\n<p>Imagine cooking your favourite dishes under the soft, dimmable light of the Sense 360. This hood is equipped with lighting that allows you to <strong>adjust the brightness and temperature of the light<\/strong> according to your mood or culinary needs. A cosy atmosphere for a romantic dinner? No problem! Bright, clear light to see every detail of your creations? Of course!<\/p>\n<p>But the Sense 360 is not only aesthetically pleasing on the outside, it is also <strong>powerful<\/strong> on the inside. Its extraction system ensures <strong>efficient removal of odours and vapours<\/strong>, keeping your <strong>kitchen fresh and smoke-free<\/strong>. Prepare your delicious dishes without worrying about lingering smells!<\/p>\n<p>And don&#8217;t forget that the Sense 360 is designed with your convenience in mind. With its <strong>intuitive remote control<\/strong>, you can adjust the extraction speed, lighting and many other functions at the touch of a button &#8211; cooking has never been so easy and enjoyable!<\/p>\n<div style=\"float: left;\">\n<div class=\"columns medium-6\" style=\"padding: 0 10px 20px 0; font-size: 13px;\"><a href=\"https:\/\/www.frecan.com\/hoods\/ceiling\/sense-360\/\" target=\"_blank\" rel=\"noopener\"><img loading=\"lazy\" decoding=\"async\" width=\"1200\" height=\"631\" class=\"aligncenter wp-image-9082 size-full\" src=\"https:\/\/www.frecan.es\/blog\/wp-content\/uploads\/2023\/07\/Sense-detalle.jpg\" class=\"light\" srcset=\"https:\/\/www.frecan.es\/blog\/wp-content\/uploads\/2023\/07\/Sense-detalle.jpg 1200w, https:\/\/www.frecan.es\/blog\/wp-content\/uploads\/2023\/07\/Sense-detalle-300x158.jpg 300w, https:\/\/www.frecan.es\/blog\/wp-content\/uploads\/2023\/07\/Sense-detalle-1024x538.jpg 1024w, https:\/\/www.frecan.es\/blog\/wp-content\/uploads\/2023\/07\/Sense-detalle-768x404.jpg 768w, https:\/\/www.frecan.es\/blog\/wp-content\/uploads\/2023\/07\/Sense-detalle-800x421.jpg 800w\" sizes=\"auto, (max-width: 1200px) 100vw, 1200px\" \/><\/a><\/div>\n<div class=\"columns medium-6\" style=\"padding: 0 10px 20px 0; font-size: 13px;\"><a href=\"https:\/\/www.frecan.com\/hoods\/ceiling\/sense-360\/\" target=\"_blank\" rel=\"noopener\"><img loading=\"lazy\" decoding=\"async\" width=\"1200\" height=\"631\" class=\"aligncenter wp-image-9085 size-full\" src=\"https:\/\/www.frecan.es\/blog\/wp-content\/uploads\/2023\/07\/Sense-negra-detalle.jpg\" class=\"light\" srcset=\"https:\/\/www.frecan.es\/blog\/wp-content\/uploads\/2023\/07\/Sense-negra-detalle.jpg 1200w, https:\/\/www.frecan.es\/blog\/wp-content\/uploads\/2023\/07\/Sense-negra-detalle-300x158.jpg 300w, https:\/\/www.frecan.es\/blog\/wp-content\/uploads\/2023\/07\/Sense-negra-detalle-1024x538.jpg 1024w, https:\/\/www.frecan.es\/blog\/wp-content\/uploads\/2023\/07\/Sense-negra-detalle-768x404.jpg 768w, https:\/\/www.frecan.es\/blog\/wp-content\/uploads\/2023\/07\/Sense-negra-detalle-800x421.jpg 800w\" sizes=\"auto, (max-width: 1200px) 100vw, 1200px\" \/><\/a><\/div>\n<p>Whether you&#8217;re cooking for yourself, your family or your guests, the Sense 360 ceiling-mounted cooker hood is ready to be your best ally in the kitchen. Not only will it help you keep the environment clean and fresh, but it will also add a touch of <strong>style and sophistication<\/strong> to your culinary space, as it goes virtually unnoticed and blends seamlessly into your kitchen.<\/p>\n<p>Discover a new dimension of cooking with this ceiling-mounted cooker hood and its adjustable lighting <strong>from 3000K to 6000K<\/strong>! Let magic and functionality merge in your kitchen, creating a unique atmosphere where your culinary skills shine in all their splendour. Are you ready to <strong>experience the difference<\/strong> with the Sense 360?<\/p>\n<p><a href=\"https:\/\/www.frecan.com\/hoods\/ceiling\/sense-360\/\">M\u00e1s informaci\u00f3n en nuestra web<\/a><\/p>\n<p><strong>Discover more<\/strong><\/p>\n<blockquote class=\"wp-embedded-content\" data-secret=\"I4TBrwuVWr\"><p><a href=\"https:\/\/www.frecan.es\/blog\/en\/ice-maker-extraordinary-experience\/\">Ice Maker | The cold, becomes an extraordinary experience<\/a><\/p><\/blockquote>\n<p><iframe loading=\"lazy\" class=\"wp-embedded-content\" sandbox=\"allow-scripts\" security=\"restricted\" style=\"position: absolute; clip: rect(1px, 1px, 1px, 1px);\" title=\"&#8220;Ice Maker | The cold, becomes an extraordinary experience&#8221; &#8212; Blog de Frecan\" src=\"https:\/\/www.frecan.es\/blog\/en\/ice-maker-extraordinary-experience\/embed\/#?secret=7k2nO6j7XP#?secret=I4TBrwuVWr\" data-secret=\"I4TBrwuVWr\" width=\"600\" height=\"338\" frameborder=\"0\" marginwidth=\"0\" marginheight=\"0\" scrolling=\"no\"><\/iframe><\/p>\n<blockquote class=\"wp-embedded-content\" data-secret=\"pbUGH3ONKx\"><p><a href=\"https:\/\/www.frecan.es\/blog\/en\/flow-5-more-than-just-a-cooker-hood\/\">Flow 5 | | Much more than just a cooker hood<\/a><\/p><\/blockquote>\n<p><iframe loading=\"lazy\" class=\"wp-embedded-content\" sandbox=\"allow-scripts\" security=\"restricted\" style=\"position: absolute; clip: rect(1px, 1px, 1px, 1px);\" title=\"&#8220;Flow 5 | | Much more than just a cooker hood&#8221; &#8212; Blog de Frecan\" src=\"https:\/\/www.frecan.es\/blog\/en\/flow-5-more-than-just-a-cooker-hood\/embed\/#?secret=vkosieQhbI#?secret=pbUGH3ONKx\" data-secret=\"pbUGH3ONKx\" width=\"600\" height=\"338\" frameborder=\"0\" marginwidth=\"0\" marginheight=\"0\" scrolling=\"no\"><\/iframe><\/p>\n<\/div>\n","protected":false},"excerpt":{"rendered":"<p>Introducing the upgraded Sense 360 ceiling hood\u2019s version, a masterpiece of functionality and style!<\/p>\n","protected":false},"author":8,"featured_media":9035,"comment_status":"open","ping_status":"open","sticky":false,"template":"","format":"standard","meta":{"footnotes":""},"categories":[48],"tags":[],"class_list":{"0":"post-9136","1":"post","2":"type-post","3":"status-publish","4":"format-standard","5":"has-post-thumbnail","7":"category-extractor-hoods"},"yoast_head":"<!-- This site is optimized with the Yoast SEO plugin v24.7 - https:\/\/yoast.com\/wordpress\/plugins\/seo\/ -->\n<title>Want to add a touch of magic to your kitchen? - Blog de Frecan<\/title>\n<meta name=\"description\" content=\"Today we introducing the upgraded Sense 360 ceiling hood\u2019s version, a masterpiece of functionality and style!\" \/>\n<meta name=\"robots\" content=\"index, follow, max-snippet:-1, max-image-preview:large, max-video-preview:-1\" \/>\n<link rel=\"canonical\" href=\"https:\/\/www.frecan.es\/blog\/en\/sense-360-ceiling-hood\/\" \/>\n<meta property=\"og:locale\" content=\"en_US\" \/>\n<meta property=\"og:type\" content=\"article\" \/>\n<meta property=\"og:title\" content=\"Want to add a touch of magic to your kitchen? - Blog de Frecan\" \/>\n<meta property=\"og:description\" content=\"Today we introducing the upgraded Sense 360 ceiling hood\u2019s version, a masterpiece of functionality and style!\" \/>\n<meta property=\"og:url\" content=\"https:\/\/www.frecan.es\/blog\/en\/sense-360-ceiling-hood\/\" \/>\n<meta property=\"og:site_name\" content=\"Blog de Frecan\" \/>\n<meta property=\"article:published_time\" content=\"2023-07-20T08:30:20+00:00\" \/>\n<meta property=\"og:image\" content=\"https:\/\/www.frecan.es\/blog\/wp-content\/uploads\/2023\/07\/Sense-Ambiente-e1688551316639.jpg\" \/>\n\t<meta property=\"og:image:width\" content=\"1200\" \/>\n\t<meta property=\"og:image:height\" content=\"900\" \/>\n\t<meta property=\"og:image:type\" content=\"image\/jpeg\" \/>\n<meta name=\"author\" content=\"Tha\u00efs Alcal\u00e1\" \/>\n<meta name=\"twitter:card\" content=\"summary_large_image\" \/>\n<meta name=\"twitter:label1\" content=\"Written by\" \/>\n\t<meta name=\"twitter:data1\" content=\"Tha\u00efs Alcal\u00e1\" \/>\n\t<meta name=\"twitter:label2\" content=\"Est. reading time\" \/>\n\t<meta name=\"twitter:data2\" content=\"3 minutes\" \/>\n<script type=\"application\/ld+json\" class=\"yoast-schema-graph\">{\"@context\":\"https:\/\/schema.org\",\"@graph\":[{\"@type\":\"Article\",\"@id\":\"https:\/\/www.frecan.es\/blog\/en\/sense-360-ceiling-hood\/#article\",\"isPartOf\":{\"@id\":\"https:\/\/www.frecan.es\/blog\/en\/sense-360-ceiling-hood\/\"},\"author\":{\"name\":\"Tha\u00efs Alcal\u00e1\",\"@id\":\"https:\/\/www.frecan.es\/blog\/en\/#\/schema\/person\/807ea11d2c3f88890ae67a52637b8b3c\"},\"headline\":\"Want to add a touch of magic to your kitchen?\",\"datePublished\":\"2023-07-20T08:30:20+00:00\",\"mainEntityOfPage\":{\"@id\":\"https:\/\/www.frecan.es\/blog\/en\/sense-360-ceiling-hood\/\"},\"wordCount\":336,\"commentCount\":0,\"publisher\":{\"@id\":\"https:\/\/www.frecan.es\/blog\/en\/#organization\"},\"image\":{\"@id\":\"https:\/\/www.frecan.es\/blog\/en\/sense-360-ceiling-hood\/#primaryimage\"},\"thumbnailUrl\":\"https:\/\/www.frecan.es\/blog\/wp-content\/uploads\/2023\/07\/Sense-Ambiente-e1688551316639.jpg\",\"articleSection\":[\"Extractor hoods\"],\"inLanguage\":\"en-US\",\"potentialAction\":[{\"@type\":\"CommentAction\",\"name\":\"Comment\",\"target\":[\"https:\/\/www.frecan.es\/blog\/en\/sense-360-ceiling-hood\/#respond\"]}]},{\"@type\":\"WebPage\",\"@id\":\"https:\/\/www.frecan.es\/blog\/en\/sense-360-ceiling-hood\/\",\"url\":\"https:\/\/www.frecan.es\/blog\/en\/sense-360-ceiling-hood\/\",\"name\":\"Want to add a touch of magic to your kitchen? - Blog de Frecan\",\"isPartOf\":{\"@id\":\"https:\/\/www.frecan.es\/blog\/en\/#website\"},\"primaryImageOfPage\":{\"@id\":\"https:\/\/www.frecan.es\/blog\/en\/sense-360-ceiling-hood\/#primaryimage\"},\"image\":{\"@id\":\"https:\/\/www.frecan.es\/blog\/en\/sense-360-ceiling-hood\/#primaryimage\"},\"thumbnailUrl\":\"https:\/\/www.frecan.es\/blog\/wp-content\/uploads\/2023\/07\/Sense-Ambiente-e1688551316639.jpg\",\"datePublished\":\"2023-07-20T08:30:20+00:00\",\"description\":\"Today we introducing the upgraded Sense 360 ceiling hood\u2019s version, a masterpiece of functionality and style!\",\"breadcrumb\":{\"@id\":\"https:\/\/www.frecan.es\/blog\/en\/sense-360-ceiling-hood\/#breadcrumb\"},\"inLanguage\":\"en-US\",\"potentialAction\":[{\"@type\":\"ReadAction\",\"target\":[\"https:\/\/www.frecan.es\/blog\/en\/sense-360-ceiling-hood\/\"]}]},{\"@type\":\"ImageObject\",\"inLanguage\":\"en-US\",\"@id\":\"https:\/\/www.frecan.es\/blog\/en\/sense-360-ceiling-hood\/#primaryimage\",\"url\":\"https:\/\/www.frecan.es\/blog\/wp-content\/uploads\/2023\/07\/Sense-Ambiente-e1688551316639.jpg\",\"contentUrl\":\"https:\/\/www.frecan.es\/blog\/wp-content\/uploads\/2023\/07\/Sense-Ambiente-e1688551316639.jpg\",\"width\":1200,\"height\":900,\"caption\":\"Campana de techo Sense 360 de Frecan\"},{\"@type\":\"BreadcrumbList\",\"@id\":\"https:\/\/www.frecan.es\/blog\/en\/sense-360-ceiling-hood\/#breadcrumb\",\"itemListElement\":[{\"@type\":\"ListItem\",\"position\":1,\"name\":\"Cover page\",\"item\":\"https:\/\/www.frecan.es\/blog\/en\/\"},{\"@type\":\"ListItem\",\"position\":2,\"name\":\"Want to add a touch of magic to your kitchen?\"}]},{\"@type\":\"WebSite\",\"@id\":\"https:\/\/www.frecan.es\/blog\/en\/#website\",\"url\":\"https:\/\/www.frecan.es\/blog\/en\/\",\"name\":\"Blog de Frecan\",\"description\":\"Craftsmanship, technology and avant-garde in the heart of your kitchen\",\"publisher\":{\"@id\":\"https:\/\/www.frecan.es\/blog\/en\/#organization\"},\"potentialAction\":[{\"@type\":\"SearchAction\",\"target\":{\"@type\":\"EntryPoint\",\"urlTemplate\":\"https:\/\/www.frecan.es\/blog\/en\/?s={search_term_string}\"},\"query-input\":{\"@type\":\"PropertyValueSpecification\",\"valueRequired\":true,\"valueName\":\"search_term_string\"}}],\"inLanguage\":\"en-US\"},{\"@type\":\"Organization\",\"@id\":\"https:\/\/www.frecan.es\/blog\/en\/#organization\",\"name\":\"Frecan\",\"url\":\"https:\/\/www.frecan.es\/blog\/en\/\",\"logo\":{\"@type\":\"ImageObject\",\"inLanguage\":\"en-US\",\"@id\":\"https:\/\/www.frecan.es\/blog\/en\/#\/schema\/logo\/image\/\",\"url\":\"https:\/\/www.frecan.es\/blog\/wp-content\/uploads\/2016\/02\/logo-frecan.png\",\"contentUrl\":\"https:\/\/www.frecan.es\/blog\/wp-content\/uploads\/2016\/02\/logo-frecan.png\",\"width\":250,\"height\":27,\"caption\":\"Frecan\"},\"image\":{\"@id\":\"https:\/\/www.frecan.es\/blog\/en\/#\/schema\/logo\/image\/\"}},{\"@type\":\"Person\",\"@id\":\"https:\/\/www.frecan.es\/blog\/en\/#\/schema\/person\/807ea11d2c3f88890ae67a52637b8b3c\",\"name\":\"Tha\u00efs Alcal\u00e1\",\"image\":{\"@type\":\"ImageObject\",\"inLanguage\":\"en-US\",\"@id\":\"https:\/\/www.frecan.es\/blog\/en\/#\/schema\/person\/image\/\",\"url\":\"https:\/\/secure.gravatar.com\/avatar\/ad063cd811075f52af0714b5e973cd08?s=96&d=mm&r=g\",\"contentUrl\":\"https:\/\/secure.gravatar.com\/avatar\/ad063cd811075f52af0714b5e973cd08?s=96&d=mm&r=g\",\"caption\":\"Tha\u00efs Alcal\u00e1\"},\"sameAs\":[\"http:\/\/www.frecan.es\"]}]}<\/script>\n<!-- \/ Yoast SEO plugin. -->","yoast_head_json":{"title":"Want to add a touch of magic to your kitchen? - Blog de Frecan","description":"Today we introducing the upgraded Sense 360 ceiling hood\u2019s version, a masterpiece of functionality and style!","robots":{"index":"index","follow":"follow","max-snippet":"max-snippet:-1","max-image-preview":"max-image-preview:large","max-video-preview":"max-video-preview:-1"},"canonical":"https:\/\/www.frecan.es\/blog\/en\/sense-360-ceiling-hood\/","og_locale":"en_US","og_type":"article","og_title":"Want to add a touch of magic to your kitchen? - Blog de Frecan","og_description":"Today we introducing the upgraded Sense 360 ceiling hood\u2019s version, a masterpiece of functionality and style!","og_url":"https:\/\/www.frecan.es\/blog\/en\/sense-360-ceiling-hood\/","og_site_name":"Blog de Frecan","article_published_time":"2023-07-20T08:30:20+00:00","og_image":[{"width":1200,"height":900,"url":"https:\/\/www.frecan.es\/blog\/wp-content\/uploads\/2023\/07\/Sense-Ambiente-e1688551316639.jpg","type":"image\/jpeg"}],"author":"Tha\u00efs Alcal\u00e1","twitter_card":"summary_large_image","twitter_misc":{"Written by":"Tha\u00efs Alcal\u00e1","Est. reading time":"3 minutes"},"schema":{"@context":"https:\/\/schema.org","@graph":[{"@type":"Article","@id":"https:\/\/www.frecan.es\/blog\/en\/sense-360-ceiling-hood\/#article","isPartOf":{"@id":"https:\/\/www.frecan.es\/blog\/en\/sense-360-ceiling-hood\/"},"author":{"name":"Tha\u00efs Alcal\u00e1","@id":"https:\/\/www.frecan.es\/blog\/en\/#\/schema\/person\/807ea11d2c3f88890ae67a52637b8b3c"},"headline":"Want to add a touch of magic to your kitchen?","datePublished":"2023-07-20T08:30:20+00:00","mainEntityOfPage":{"@id":"https:\/\/www.frecan.es\/blog\/en\/sense-360-ceiling-hood\/"},"wordCount":336,"commentCount":0,"publisher":{"@id":"https:\/\/www.frecan.es\/blog\/en\/#organization"},"image":{"@id":"https:\/\/www.frecan.es\/blog\/en\/sense-360-ceiling-hood\/#primaryimage"},"thumbnailUrl":"https:\/\/www.frecan.es\/blog\/wp-content\/uploads\/2023\/07\/Sense-Ambiente-e1688551316639.jpg","articleSection":["Extractor hoods"],"inLanguage":"en-US","potentialAction":[{"@type":"CommentAction","name":"Comment","target":["https:\/\/www.frecan.es\/blog\/en\/sense-360-ceiling-hood\/#respond"]}]},{"@type":"WebPage","@id":"https:\/\/www.frecan.es\/blog\/en\/sense-360-ceiling-hood\/","url":"https:\/\/www.frecan.es\/blog\/en\/sense-360-ceiling-hood\/","name":"Want to add a touch of magic to your kitchen? - Blog de Frecan","isPartOf":{"@id":"https:\/\/www.frecan.es\/blog\/en\/#website"},"primaryImageOfPage":{"@id":"https:\/\/www.frecan.es\/blog\/en\/sense-360-ceiling-hood\/#primaryimage"},"image":{"@id":"https:\/\/www.frecan.es\/blog\/en\/sense-360-ceiling-hood\/#primaryimage"},"thumbnailUrl":"https:\/\/www.frecan.es\/blog\/wp-content\/uploads\/2023\/07\/Sense-Ambiente-e1688551316639.jpg","datePublished":"2023-07-20T08:30:20+00:00","description":"Today we introducing the upgraded Sense 360 ceiling hood\u2019s version, a masterpiece of functionality and style!","breadcrumb":{"@id":"https:\/\/www.frecan.es\/blog\/en\/sense-360-ceiling-hood\/#breadcrumb"},"inLanguage":"en-US","potentialAction":[{"@type":"ReadAction","target":["https:\/\/www.frecan.es\/blog\/en\/sense-360-ceiling-hood\/"]}]},{"@type":"ImageObject","inLanguage":"en-US","@id":"https:\/\/www.frecan.es\/blog\/en\/sense-360-ceiling-hood\/#primaryimage","url":"https:\/\/www.frecan.es\/blog\/wp-content\/uploads\/2023\/07\/Sense-Ambiente-e1688551316639.jpg","contentUrl":"https:\/\/www.frecan.es\/blog\/wp-content\/uploads\/2023\/07\/Sense-Ambiente-e1688551316639.jpg","width":1200,"height":900,"caption":"Campana de techo Sense 360 de Frecan"},{"@type":"BreadcrumbList","@id":"https:\/\/www.frecan.es\/blog\/en\/sense-360-ceiling-hood\/#breadcrumb","itemListElement":[{"@type":"ListItem","position":1,"name":"Cover page","item":"https:\/\/www.frecan.es\/blog\/en\/"},{"@type":"ListItem","position":2,"name":"Want to add a touch of magic to your kitchen?"}]},{"@type":"WebSite","@id":"https:\/\/www.frecan.es\/blog\/en\/#website","url":"https:\/\/www.frecan.es\/blog\/en\/","name":"Blog de Frecan","description":"Craftsmanship, technology and avant-garde in the heart of your kitchen","publisher":{"@id":"https:\/\/www.frecan.es\/blog\/en\/#organization"},"potentialAction":[{"@type":"SearchAction","target":{"@type":"EntryPoint","urlTemplate":"https:\/\/www.frecan.es\/blog\/en\/?s={search_term_string}"},"query-input":{"@type":"PropertyValueSpecification","valueRequired":true,"valueName":"search_term_string"}}],"inLanguage":"en-US"},{"@type":"Organization","@id":"https:\/\/www.frecan.es\/blog\/en\/#organization","name":"Frecan","url":"https:\/\/www.frecan.es\/blog\/en\/","logo":{"@type":"ImageObject","inLanguage":"en-US","@id":"https:\/\/www.frecan.es\/blog\/en\/#\/schema\/logo\/image\/","url":"https:\/\/www.frecan.es\/blog\/wp-content\/uploads\/2016\/02\/logo-frecan.png","contentUrl":"https:\/\/www.frecan.es\/blog\/wp-content\/uploads\/2016\/02\/logo-frecan.png","width":250,"height":27,"caption":"Frecan"},"image":{"@id":"https:\/\/www.frecan.es\/blog\/en\/#\/schema\/logo\/image\/"}},{"@type":"Person","@id":"https:\/\/www.frecan.es\/blog\/en\/#\/schema\/person\/807ea11d2c3f88890ae67a52637b8b3c","name":"Tha\u00efs Alcal\u00e1","image":{"@type":"ImageObject","inLanguage":"en-US","@id":"https:\/\/www.frecan.es\/blog\/en\/#\/schema\/person\/image\/","url":"https:\/\/secure.gravatar.com\/avatar\/ad063cd811075f52af0714b5e973cd08?s=96&d=mm&r=g","contentUrl":"https:\/\/secure.gravatar.com\/avatar\/ad063cd811075f52af0714b5e973cd08?s=96&d=mm&r=g","caption":"Tha\u00efs Alcal\u00e1"},"sameAs":["http:\/\/www.frecan.es"]}]}},"_links":{"self":[{"href":"https:\/\/www.frecan.es\/blog\/en\/wp-json\/wp\/v2\/posts\/9136","targetHints":{"allow":["GET"]}}],"collection":[{"href":"https:\/\/www.frecan.es\/blog\/en\/wp-json\/wp\/v2\/posts"}],"about":[{"href":"https:\/\/www.frecan.es\/blog\/en\/wp-json\/wp\/v2\/types\/post"}],"author":[{"embeddable":true,"href":"https:\/\/www.frecan.es\/blog\/en\/wp-json\/wp\/v2\/users\/8"}],"replies":[{"embeddable":true,"href":"https:\/\/www.frecan.es\/blog\/en\/wp-json\/wp\/v2\/comments?post=9136"}],"version-history":[{"count":2,"href":"https:\/\/www.frecan.es\/blog\/en\/wp-json\/wp\/v2\/posts\/9136\/revisions"}],"predecessor-version":[{"id":9138,"href":"https:\/\/www.frecan.es\/blog\/en\/wp-json\/wp\/v2\/posts\/9136\/revisions\/9138"}],"wp:featuredmedia":[{"embeddable":true,"href":"https:\/\/www.frecan.es\/blog\/en\/wp-json\/wp\/v2\/media\/9035"}],"wp:attachment":[{"href":"https:\/\/www.frecan.es\/blog\/en\/wp-json\/wp\/v2\/media?parent=9136"}],"wp:term":[{"taxonomy":"category","embeddable":true,"href":"https:\/\/www.frecan.es\/blog\/en\/wp-json\/wp\/v2\/categories?post=9136"},{"taxonomy":"post_tag","embeddable":true,"href":"https:\/\/www.frecan.es\/blog\/en\/wp-json\/wp\/v2\/tags?post=9136"}],"curies":[{"name":"wp","href":"https:\/\/api.w.org\/{rel}","templated":true}]}}