{"id":6761,"date":"2022-03-16T08:30:27","date_gmt":"2022-03-16T08:30:27","guid":{"rendered":"https:\/\/www.frecan.es\/blog\/reforma-cocina-industrial-silencio\/"},"modified":"2022-03-09T08:48:44","modified_gmt":"2022-03-09T08:48:44","slug":"industrial-kitchen-silence","status":"publish","type":"post","link":"https:\/\/www.frecan.es\/blog\/en\/industrial-kitchen-silence\/","title":{"rendered":"Never give up silence. It all starts with a good extractor system"},"content":{"rendered":"<h2 style=\"color: #949494; font-size: 24px; line-height: 26px; margin-top: -20px;\">Comes into this kitchen with industrial touches<\/h2>\n<p><!--more--><\/p>\n<p><img loading=\"lazy\" decoding=\"async\" src=\"https:\/\/www.frecan.es\/blog\/wp-content\/uploads\/2022\/03\/reforma-industrial-interiorismo-campana-techo-frecan-sense-1.jpg\" alt=\"Industrial kitchen reform. Sense ceiling hood, Frecan\" width=\"1600\" height=\"1200\" class=\"aligncenter size-full wp-image-6746\" srcset=\"https:\/\/www.frecan.es\/blog\/wp-content\/uploads\/2022\/03\/reforma-industrial-interiorismo-campana-techo-frecan-sense-1.jpg 1600w, https:\/\/www.frecan.es\/blog\/wp-content\/uploads\/2022\/03\/reforma-industrial-interiorismo-campana-techo-frecan-sense-1-300x225.jpg 300w, https:\/\/www.frecan.es\/blog\/wp-content\/uploads\/2022\/03\/reforma-industrial-interiorismo-campana-techo-frecan-sense-1-1024x768.jpg 1024w, https:\/\/www.frecan.es\/blog\/wp-content\/uploads\/2022\/03\/reforma-industrial-interiorismo-campana-techo-frecan-sense-1-768x576.jpg 768w, https:\/\/www.frecan.es\/blog\/wp-content\/uploads\/2022\/03\/reforma-industrial-interiorismo-campana-techo-frecan-sense-1-1536x1152.jpg 1536w, https:\/\/www.frecan.es\/blog\/wp-content\/uploads\/2022\/03\/reforma-industrial-interiorismo-campana-techo-frecan-sense-1-800x600.jpg 800w, https:\/\/www.frecan.es\/blog\/wp-content\/uploads\/2022\/03\/reforma-industrial-interiorismo-campana-techo-frecan-sense-1-1280x960.jpg 1280w\" sizes=\"auto, (max-width: 1600px) 100vw, 1600px\" \/><\/p>\n<p>For the most nostalgic people, industrial style is usually a big hit and are renowned for their spacious layout and functionality.  It&#8217;s a versatile concept that can be tailored to suit individual personal tastes. Part of what makes it such a special style is the fact that old objects can be transformed into something new, creating a room with a nostalgic atmosphere.  <strong>Are you ready to fall in love with this kitchen built inside an industrial warehouse?<\/strong><\/p>\n<p>In modern homes where the kitchen is increasingly acting as the transition zone between the interior and outdoors, a concrete floor makes for the best choice. For this very reason, in this kitchen, the floor has been left uncovered, the cement floor receiving only a glossy finish.<\/p>\n<p>Cold and uncomfortable? Not at all! Modern, innovative, and futuristic \u2013 concrete has a positive new image, and rightly so! <\/p>\n<p>The slanted ceiling taking advantage of the slope of the old industrial warehouse, turns the ceiling into a unique feature and makes the kitchen look bigger and brighter.<\/p>\n<p>The  decoration, a wood wall and a massive wall, painted white warm up in the black kitchen. The fronts of cupboards, appliances, storage space and the island  it&#8217;s totally black<\/p>\n<p>Having cooking facilities built into your kitchen island gives you the option to socialize while preparing food. Which is ideal for those who like to cook for friends, or family<\/p>\n<p><img loading=\"lazy\" decoding=\"async\" src=\"https:\/\/www.frecan.es\/blog\/wp-content\/uploads\/2022\/03\/reforma-industrial-interiorismo-campana-techo-frecan-sense-2.jpg\" alt=\"Industrial kitchen reform. Sense ceiling hood, Frecan\" width=\"1600\" height=\"1200\" class=\"aligncenter size-full wp-image-6749\" srcset=\"https:\/\/www.frecan.es\/blog\/wp-content\/uploads\/2022\/03\/reforma-industrial-interiorismo-campana-techo-frecan-sense-2.jpg 1600w, https:\/\/www.frecan.es\/blog\/wp-content\/uploads\/2022\/03\/reforma-industrial-interiorismo-campana-techo-frecan-sense-2-300x225.jpg 300w, https:\/\/www.frecan.es\/blog\/wp-content\/uploads\/2022\/03\/reforma-industrial-interiorismo-campana-techo-frecan-sense-2-1024x768.jpg 1024w, https:\/\/www.frecan.es\/blog\/wp-content\/uploads\/2022\/03\/reforma-industrial-interiorismo-campana-techo-frecan-sense-2-768x576.jpg 768w, https:\/\/www.frecan.es\/blog\/wp-content\/uploads\/2022\/03\/reforma-industrial-interiorismo-campana-techo-frecan-sense-2-1536x1152.jpg 1536w, https:\/\/www.frecan.es\/blog\/wp-content\/uploads\/2022\/03\/reforma-industrial-interiorismo-campana-techo-frecan-sense-2-800x600.jpg 800w, https:\/\/www.frecan.es\/blog\/wp-content\/uploads\/2022\/03\/reforma-industrial-interiorismo-campana-techo-frecan-sense-2-1280x960.jpg 1280w\" sizes=\"auto, (max-width: 1600px) 100vw, 1600px\" \/><\/p>\n<p><img loading=\"lazy\" decoding=\"async\" src=\"https:\/\/www.frecan.es\/blog\/wp-content\/uploads\/2022\/03\/reforma-industrial-interiorismo-campana-techo-frecan-sense.jpg\" alt=\"Industrial kitchen reform. Sense ceiling hood, Frecan\" width=\"1600\" height=\"1200\" class=\"aligncenter size-full wp-image-6755\" srcset=\"https:\/\/www.frecan.es\/blog\/wp-content\/uploads\/2022\/03\/reforma-industrial-interiorismo-campana-techo-frecan-sense.jpg 1600w, https:\/\/www.frecan.es\/blog\/wp-content\/uploads\/2022\/03\/reforma-industrial-interiorismo-campana-techo-frecan-sense-300x225.jpg 300w, https:\/\/www.frecan.es\/blog\/wp-content\/uploads\/2022\/03\/reforma-industrial-interiorismo-campana-techo-frecan-sense-1024x768.jpg 1024w, https:\/\/www.frecan.es\/blog\/wp-content\/uploads\/2022\/03\/reforma-industrial-interiorismo-campana-techo-frecan-sense-768x576.jpg 768w, https:\/\/www.frecan.es\/blog\/wp-content\/uploads\/2022\/03\/reforma-industrial-interiorismo-campana-techo-frecan-sense-1536x1152.jpg 1536w, https:\/\/www.frecan.es\/blog\/wp-content\/uploads\/2022\/03\/reforma-industrial-interiorismo-campana-techo-frecan-sense-800x600.jpg 800w, https:\/\/www.frecan.es\/blog\/wp-content\/uploads\/2022\/03\/reforma-industrial-interiorismo-campana-techo-frecan-sense-1280x960.jpg 1280w\" sizes=\"auto, (max-width: 1600px) 100vw, 1600px\" \/><\/p>\n<p><a href=\"https:\/\/www.frecan.com\/hoods\/ceiling\/sense-360\/\" rel=\"noopener\" target=\"_blank\">Sense 360, Ceiling hood <\/a>are flat hood that fit flush into your ceiling, so nothing is hanging down at head height above your hob and you don\u2019t have anything blocking views.<\/p>\n<p>Apart <a href=\"https:\/\/www.frecan.com\/hoods\/ceiling\/sense-360\/\" rel=\"noopener\" target=\"_blank\"> The Sense 360\u00b0<\/a> with rotary motor allows the extraction conduits to be installed in any direction, permitting ease of installation even in wall kitchens, were the ceiling hood is installed closer to the wall<\/p>\n<h3>Discover more reforms<\/h3>\n<blockquote class=\"wp-embedded-content\" data-secret=\"JotsfPqgzd\"><p><a href=\"https:\/\/www.frecan.es\/blog\/en\/how-do-i-choose-the-best-cooker-hood\/\">How do I choose the best cooker hood for my kitchen?<\/a><\/p><\/blockquote>\n<p><iframe loading=\"lazy\" class=\"wp-embedded-content\" sandbox=\"allow-scripts\" security=\"restricted\" style=\"position: absolute; clip: rect(1px, 1px, 1px, 1px);\" title=\"&#8220;How do I choose the best cooker hood for my kitchen?&#8221; &#8212; Blog de Frecan\" src=\"https:\/\/www.frecan.es\/blog\/en\/how-do-i-choose-the-best-cooker-hood\/embed\/#?secret=bKz6EaggQX#?secret=JotsfPqgzd\" data-secret=\"JotsfPqgzd\" width=\"600\" height=\"338\" frameborder=\"0\" marginwidth=\"0\" marginheight=\"0\" scrolling=\"no\"><\/iframe><\/p>\n<blockquote class=\"wp-embedded-content\" data-secret=\"a6WwoTPEWH\"><p><a href=\"https:\/\/www.frecan.es\/blog\/en\/overlord-sergi-quilez-marin\/\">Hoy entramos en una cocina reformada por Overlord by Sergi Qu\u00edlez i Marin<\/a><\/p><\/blockquote>\n<p><iframe loading=\"lazy\" class=\"wp-embedded-content\" sandbox=\"allow-scripts\" security=\"restricted\" style=\"position: absolute; clip: rect(1px, 1px, 1px, 1px);\" title=\"&#8220;Hoy entramos en una cocina reformada por Overlord by Sergi Qu\u00edlez i Marin&#8221; &#8212; Blog de Frecan\" src=\"https:\/\/www.frecan.es\/blog\/en\/overlord-sergi-quilez-marin\/embed\/#?secret=8Zs8Vfc5kD#?secret=a6WwoTPEWH\" data-secret=\"a6WwoTPEWH\" width=\"600\" height=\"338\" frameborder=\"0\" marginwidth=\"0\" marginheight=\"0\" scrolling=\"no\"><\/iframe><\/p>\n","protected":false},"excerpt":{"rendered":"<p>Comes into this kitchen with industrial touches<\/p>\n","protected":false},"author":2,"featured_media":6752,"comment_status":"open","ping_status":"open","sticky":false,"template":"","format":"standard","meta":{"footnotes":""},"categories":[43,36],"tags":[],"class_list":{"0":"post-6761","1":"post","2":"type-post","3":"status-publish","4":"format-standard","5":"has-post-thumbnail","7":"category-dealers","8":"category-design-kitchens"},"yoast_head":"<!-- This site is optimized with the Yoast SEO plugin v24.7 - https:\/\/yoast.com\/wordpress\/plugins\/seo\/ -->\n<title>Kitchen with industrial touches |Ceiling hood Sense, Frecan<\/title>\n<meta name=\"description\" content=\"Para los m\u00e1s nost\u00e1lgicos, el estilo industrial suele ser un gran acierto y es reconocido por su dise\u00f1o espacioso y su funcionalidad.\" \/>\n<meta name=\"robots\" content=\"index, follow, max-snippet:-1, max-image-preview:large, max-video-preview:-1\" \/>\n<link rel=\"canonical\" href=\"https:\/\/www.frecan.es\/blog\/en\/industrial-kitchen-silence\/\" \/>\n<meta property=\"og:locale\" content=\"en_US\" \/>\n<meta property=\"og:type\" content=\"article\" \/>\n<meta property=\"og:title\" content=\"Kitchen with industrial touches |Ceiling hood Sense, Frecan\" \/>\n<meta property=\"og:description\" content=\"Para los m\u00e1s nost\u00e1lgicos, el estilo industrial suele ser un gran acierto y es reconocido por su dise\u00f1o espacioso y su funcionalidad.\" \/>\n<meta property=\"og:url\" content=\"https:\/\/www.frecan.es\/blog\/en\/industrial-kitchen-silence\/\" \/>\n<meta property=\"og:site_name\" content=\"Blog de Frecan\" \/>\n<meta property=\"article:published_time\" content=\"2022-03-16T08:30:27+00:00\" \/>\n<meta property=\"og:image\" content=\"https:\/\/www.frecan.es\/blog\/wp-content\/uploads\/2022\/03\/reforma-industrial-interiorismo-campana-techo-frecan-sense-3.jpg\" \/>\n\t<meta property=\"og:image:width\" content=\"1500\" \/>\n\t<meta property=\"og:image:height\" content=\"1500\" \/>\n\t<meta property=\"og:image:type\" content=\"image\/jpeg\" \/>\n<meta name=\"author\" content=\"Frecan\" \/>\n<meta name=\"twitter:card\" content=\"summary_large_image\" \/>\n<meta name=\"twitter:label1\" content=\"Written by\" \/>\n\t<meta name=\"twitter:data1\" content=\"Frecan\" \/>\n\t<meta name=\"twitter:label2\" content=\"Est. reading time\" \/>\n\t<meta name=\"twitter:data2\" content=\"2 minutes\" \/>\n<script type=\"application\/ld+json\" class=\"yoast-schema-graph\">{\"@context\":\"https:\/\/schema.org\",\"@graph\":[{\"@type\":\"Article\",\"@id\":\"https:\/\/www.frecan.es\/blog\/en\/industrial-kitchen-silence\/#article\",\"isPartOf\":{\"@id\":\"https:\/\/www.frecan.es\/blog\/en\/industrial-kitchen-silence\/\"},\"author\":{\"name\":\"Frecan\",\"@id\":\"https:\/\/www.frecan.es\/blog\/en\/#\/schema\/person\/eecbdddf4fc3d5ee61f34db3cfb262a4\"},\"headline\":\"Never give up silence. It all starts with a good extractor system\",\"datePublished\":\"2022-03-16T08:30:27+00:00\",\"mainEntityOfPage\":{\"@id\":\"https:\/\/www.frecan.es\/blog\/en\/industrial-kitchen-silence\/\"},\"wordCount\":331,\"commentCount\":0,\"publisher\":{\"@id\":\"https:\/\/www.frecan.es\/blog\/en\/#organization\"},\"image\":{\"@id\":\"https:\/\/www.frecan.es\/blog\/en\/industrial-kitchen-silence\/#primaryimage\"},\"thumbnailUrl\":\"https:\/\/www.frecan.es\/blog\/wp-content\/uploads\/2022\/03\/reforma-industrial-interiorismo-campana-techo-frecan-sense-3.jpg\",\"articleSection\":[\"Dealers\",\"Design kitchens\"],\"inLanguage\":\"en-US\",\"potentialAction\":[{\"@type\":\"CommentAction\",\"name\":\"Comment\",\"target\":[\"https:\/\/www.frecan.es\/blog\/en\/industrial-kitchen-silence\/#respond\"]}]},{\"@type\":\"WebPage\",\"@id\":\"https:\/\/www.frecan.es\/blog\/en\/industrial-kitchen-silence\/\",\"url\":\"https:\/\/www.frecan.es\/blog\/en\/industrial-kitchen-silence\/\",\"name\":\"Kitchen with industrial touches |Ceiling hood Sense, Frecan\",\"isPartOf\":{\"@id\":\"https:\/\/www.frecan.es\/blog\/en\/#website\"},\"primaryImageOfPage\":{\"@id\":\"https:\/\/www.frecan.es\/blog\/en\/industrial-kitchen-silence\/#primaryimage\"},\"image\":{\"@id\":\"https:\/\/www.frecan.es\/blog\/en\/industrial-kitchen-silence\/#primaryimage\"},\"thumbnailUrl\":\"https:\/\/www.frecan.es\/blog\/wp-content\/uploads\/2022\/03\/reforma-industrial-interiorismo-campana-techo-frecan-sense-3.jpg\",\"datePublished\":\"2022-03-16T08:30:27+00:00\",\"description\":\"Para los m\u00e1s nost\u00e1lgicos, el estilo industrial suele ser un gran acierto y es reconocido por su dise\u00f1o espacioso y su funcionalidad.\",\"breadcrumb\":{\"@id\":\"https:\/\/www.frecan.es\/blog\/en\/industrial-kitchen-silence\/#breadcrumb\"},\"inLanguage\":\"en-US\",\"potentialAction\":[{\"@type\":\"ReadAction\",\"target\":[\"https:\/\/www.frecan.es\/blog\/en\/industrial-kitchen-silence\/\"]}]},{\"@type\":\"ImageObject\",\"inLanguage\":\"en-US\",\"@id\":\"https:\/\/www.frecan.es\/blog\/en\/industrial-kitchen-silence\/#primaryimage\",\"url\":\"https:\/\/www.frecan.es\/blog\/wp-content\/uploads\/2022\/03\/reforma-industrial-interiorismo-campana-techo-frecan-sense-3.jpg\",\"contentUrl\":\"https:\/\/www.frecan.es\/blog\/wp-content\/uploads\/2022\/03\/reforma-industrial-interiorismo-campana-techo-frecan-sense-3.jpg\",\"width\":1500,\"height\":1500,\"caption\":\"Reforma cocina industrial. Campana techo Sense, Frecan\"},{\"@type\":\"BreadcrumbList\",\"@id\":\"https:\/\/www.frecan.es\/blog\/en\/industrial-kitchen-silence\/#breadcrumb\",\"itemListElement\":[{\"@type\":\"ListItem\",\"position\":1,\"name\":\"Cover page\",\"item\":\"https:\/\/www.frecan.es\/blog\/en\/\"},{\"@type\":\"ListItem\",\"position\":2,\"name\":\"Never give up silence. It all starts with a good extractor system\"}]},{\"@type\":\"WebSite\",\"@id\":\"https:\/\/www.frecan.es\/blog\/en\/#website\",\"url\":\"https:\/\/www.frecan.es\/blog\/en\/\",\"name\":\"Blog de Frecan\",\"description\":\"Craftsmanship, technology and avant-garde in the heart of your kitchen\",\"publisher\":{\"@id\":\"https:\/\/www.frecan.es\/blog\/en\/#organization\"},\"potentialAction\":[{\"@type\":\"SearchAction\",\"target\":{\"@type\":\"EntryPoint\",\"urlTemplate\":\"https:\/\/www.frecan.es\/blog\/en\/?s={search_term_string}\"},\"query-input\":{\"@type\":\"PropertyValueSpecification\",\"valueRequired\":true,\"valueName\":\"search_term_string\"}}],\"inLanguage\":\"en-US\"},{\"@type\":\"Organization\",\"@id\":\"https:\/\/www.frecan.es\/blog\/en\/#organization\",\"name\":\"Frecan\",\"url\":\"https:\/\/www.frecan.es\/blog\/en\/\",\"logo\":{\"@type\":\"ImageObject\",\"inLanguage\":\"en-US\",\"@id\":\"https:\/\/www.frecan.es\/blog\/en\/#\/schema\/logo\/image\/\",\"url\":\"https:\/\/www.frecan.es\/blog\/wp-content\/uploads\/2016\/02\/logo-frecan.png\",\"contentUrl\":\"https:\/\/www.frecan.es\/blog\/wp-content\/uploads\/2016\/02\/logo-frecan.png\",\"width\":250,\"height\":27,\"caption\":\"Frecan\"},\"image\":{\"@id\":\"https:\/\/www.frecan.es\/blog\/en\/#\/schema\/logo\/image\/\"}},{\"@type\":\"Person\",\"@id\":\"https:\/\/www.frecan.es\/blog\/en\/#\/schema\/person\/eecbdddf4fc3d5ee61f34db3cfb262a4\",\"name\":\"Frecan\",\"image\":{\"@type\":\"ImageObject\",\"inLanguage\":\"en-US\",\"@id\":\"https:\/\/www.frecan.es\/blog\/en\/#\/schema\/person\/image\/\",\"url\":\"https:\/\/secure.gravatar.com\/avatar\/5f22fe11c8d7e915c3e67301f8a5068f?s=96&d=mm&r=g\",\"contentUrl\":\"https:\/\/secure.gravatar.com\/avatar\/5f22fe11c8d7e915c3e67301f8a5068f?s=96&d=mm&r=g\",\"caption\":\"Frecan\"},\"sameAs\":[\"http:\/\/www.frecan.es\/\"]}]}<\/script>\n<!-- \/ Yoast SEO plugin. -->","yoast_head_json":{"title":"Kitchen with industrial touches |Ceiling hood Sense, Frecan","description":"Para los m\u00e1s nost\u00e1lgicos, el estilo industrial suele ser un gran acierto y es reconocido por su dise\u00f1o espacioso y su funcionalidad.","robots":{"index":"index","follow":"follow","max-snippet":"max-snippet:-1","max-image-preview":"max-image-preview:large","max-video-preview":"max-video-preview:-1"},"canonical":"https:\/\/www.frecan.es\/blog\/en\/industrial-kitchen-silence\/","og_locale":"en_US","og_type":"article","og_title":"Kitchen with industrial touches |Ceiling hood Sense, Frecan","og_description":"Para los m\u00e1s nost\u00e1lgicos, el estilo industrial suele ser un gran acierto y es reconocido por su dise\u00f1o espacioso y su funcionalidad.","og_url":"https:\/\/www.frecan.es\/blog\/en\/industrial-kitchen-silence\/","og_site_name":"Blog de Frecan","article_published_time":"2022-03-16T08:30:27+00:00","og_image":[{"width":1500,"height":1500,"url":"https:\/\/www.frecan.es\/blog\/wp-content\/uploads\/2022\/03\/reforma-industrial-interiorismo-campana-techo-frecan-sense-3.jpg","type":"image\/jpeg"}],"author":"Frecan","twitter_card":"summary_large_image","twitter_misc":{"Written by":"Frecan","Est. reading time":"2 minutes"},"schema":{"@context":"https:\/\/schema.org","@graph":[{"@type":"Article","@id":"https:\/\/www.frecan.es\/blog\/en\/industrial-kitchen-silence\/#article","isPartOf":{"@id":"https:\/\/www.frecan.es\/blog\/en\/industrial-kitchen-silence\/"},"author":{"name":"Frecan","@id":"https:\/\/www.frecan.es\/blog\/en\/#\/schema\/person\/eecbdddf4fc3d5ee61f34db3cfb262a4"},"headline":"Never give up silence. It all starts with a good extractor system","datePublished":"2022-03-16T08:30:27+00:00","mainEntityOfPage":{"@id":"https:\/\/www.frecan.es\/blog\/en\/industrial-kitchen-silence\/"},"wordCount":331,"commentCount":0,"publisher":{"@id":"https:\/\/www.frecan.es\/blog\/en\/#organization"},"image":{"@id":"https:\/\/www.frecan.es\/blog\/en\/industrial-kitchen-silence\/#primaryimage"},"thumbnailUrl":"https:\/\/www.frecan.es\/blog\/wp-content\/uploads\/2022\/03\/reforma-industrial-interiorismo-campana-techo-frecan-sense-3.jpg","articleSection":["Dealers","Design kitchens"],"inLanguage":"en-US","potentialAction":[{"@type":"CommentAction","name":"Comment","target":["https:\/\/www.frecan.es\/blog\/en\/industrial-kitchen-silence\/#respond"]}]},{"@type":"WebPage","@id":"https:\/\/www.frecan.es\/blog\/en\/industrial-kitchen-silence\/","url":"https:\/\/www.frecan.es\/blog\/en\/industrial-kitchen-silence\/","name":"Kitchen with industrial touches |Ceiling hood Sense, Frecan","isPartOf":{"@id":"https:\/\/www.frecan.es\/blog\/en\/#website"},"primaryImageOfPage":{"@id":"https:\/\/www.frecan.es\/blog\/en\/industrial-kitchen-silence\/#primaryimage"},"image":{"@id":"https:\/\/www.frecan.es\/blog\/en\/industrial-kitchen-silence\/#primaryimage"},"thumbnailUrl":"https:\/\/www.frecan.es\/blog\/wp-content\/uploads\/2022\/03\/reforma-industrial-interiorismo-campana-techo-frecan-sense-3.jpg","datePublished":"2022-03-16T08:30:27+00:00","description":"Para los m\u00e1s nost\u00e1lgicos, el estilo industrial suele ser un gran acierto y es reconocido por su dise\u00f1o espacioso y su funcionalidad.","breadcrumb":{"@id":"https:\/\/www.frecan.es\/blog\/en\/industrial-kitchen-silence\/#breadcrumb"},"inLanguage":"en-US","potentialAction":[{"@type":"ReadAction","target":["https:\/\/www.frecan.es\/blog\/en\/industrial-kitchen-silence\/"]}]},{"@type":"ImageObject","inLanguage":"en-US","@id":"https:\/\/www.frecan.es\/blog\/en\/industrial-kitchen-silence\/#primaryimage","url":"https:\/\/www.frecan.es\/blog\/wp-content\/uploads\/2022\/03\/reforma-industrial-interiorismo-campana-techo-frecan-sense-3.jpg","contentUrl":"https:\/\/www.frecan.es\/blog\/wp-content\/uploads\/2022\/03\/reforma-industrial-interiorismo-campana-techo-frecan-sense-3.jpg","width":1500,"height":1500,"caption":"Reforma cocina industrial. Campana techo Sense, Frecan"},{"@type":"BreadcrumbList","@id":"https:\/\/www.frecan.es\/blog\/en\/industrial-kitchen-silence\/#breadcrumb","itemListElement":[{"@type":"ListItem","position":1,"name":"Cover page","item":"https:\/\/www.frecan.es\/blog\/en\/"},{"@type":"ListItem","position":2,"name":"Never give up silence. It all starts with a good extractor system"}]},{"@type":"WebSite","@id":"https:\/\/www.frecan.es\/blog\/en\/#website","url":"https:\/\/www.frecan.es\/blog\/en\/","name":"Blog de Frecan","description":"Craftsmanship, technology and avant-garde in the heart of your kitchen","publisher":{"@id":"https:\/\/www.frecan.es\/blog\/en\/#organization"},"potentialAction":[{"@type":"SearchAction","target":{"@type":"EntryPoint","urlTemplate":"https:\/\/www.frecan.es\/blog\/en\/?s={search_term_string}"},"query-input":{"@type":"PropertyValueSpecification","valueRequired":true,"valueName":"search_term_string"}}],"inLanguage":"en-US"},{"@type":"Organization","@id":"https:\/\/www.frecan.es\/blog\/en\/#organization","name":"Frecan","url":"https:\/\/www.frecan.es\/blog\/en\/","logo":{"@type":"ImageObject","inLanguage":"en-US","@id":"https:\/\/www.frecan.es\/blog\/en\/#\/schema\/logo\/image\/","url":"https:\/\/www.frecan.es\/blog\/wp-content\/uploads\/2016\/02\/logo-frecan.png","contentUrl":"https:\/\/www.frecan.es\/blog\/wp-content\/uploads\/2016\/02\/logo-frecan.png","width":250,"height":27,"caption":"Frecan"},"image":{"@id":"https:\/\/www.frecan.es\/blog\/en\/#\/schema\/logo\/image\/"}},{"@type":"Person","@id":"https:\/\/www.frecan.es\/blog\/en\/#\/schema\/person\/eecbdddf4fc3d5ee61f34db3cfb262a4","name":"Frecan","image":{"@type":"ImageObject","inLanguage":"en-US","@id":"https:\/\/www.frecan.es\/blog\/en\/#\/schema\/person\/image\/","url":"https:\/\/secure.gravatar.com\/avatar\/5f22fe11c8d7e915c3e67301f8a5068f?s=96&d=mm&r=g","contentUrl":"https:\/\/secure.gravatar.com\/avatar\/5f22fe11c8d7e915c3e67301f8a5068f?s=96&d=mm&r=g","caption":"Frecan"},"sameAs":["http:\/\/www.frecan.es\/"]}]}},"_links":{"self":[{"href":"https:\/\/www.frecan.es\/blog\/en\/wp-json\/wp\/v2\/posts\/6761","targetHints":{"allow":["GET"]}}],"collection":[{"href":"https:\/\/www.frecan.es\/blog\/en\/wp-json\/wp\/v2\/posts"}],"about":[{"href":"https:\/\/www.frecan.es\/blog\/en\/wp-json\/wp\/v2\/types\/post"}],"author":[{"embeddable":true,"href":"https:\/\/www.frecan.es\/blog\/en\/wp-json\/wp\/v2\/users\/2"}],"replies":[{"embeddable":true,"href":"https:\/\/www.frecan.es\/blog\/en\/wp-json\/wp\/v2\/comments?post=6761"}],"version-history":[{"count":3,"href":"https:\/\/www.frecan.es\/blog\/en\/wp-json\/wp\/v2\/posts\/6761\/revisions"}],"predecessor-version":[{"id":6765,"href":"https:\/\/www.frecan.es\/blog\/en\/wp-json\/wp\/v2\/posts\/6761\/revisions\/6765"}],"wp:featuredmedia":[{"embeddable":true,"href":"https:\/\/www.frecan.es\/blog\/en\/wp-json\/wp\/v2\/media\/6752"}],"wp:attachment":[{"href":"https:\/\/www.frecan.es\/blog\/en\/wp-json\/wp\/v2\/media?parent=6761"}],"wp:term":[{"taxonomy":"category","embeddable":true,"href":"https:\/\/www.frecan.es\/blog\/en\/wp-json\/wp\/v2\/categories?post=6761"},{"taxonomy":"post_tag","embeddable":true,"href":"https:\/\/www.frecan.es\/blog\/en\/wp-json\/wp\/v2\/tags?post=6761"}],"curies":[{"name":"wp","href":"https:\/\/api.w.org\/{rel}","templated":true}]}}