{"id":12117,"date":"2025-10-23T09:27:04","date_gmt":"2025-10-23T07:27:04","guid":{"rendered":"https:\/\/www.frecan.es\/blog\/la-campana-en-una-cocina-abierta\/"},"modified":"2025-10-23T10:50:10","modified_gmt":"2025-10-23T08:50:10","slug":"the-hood-in-an-open-plan-kitchen","status":"publish","type":"post","link":"https:\/\/www.frecan.es\/blog\/en\/the-hood-in-an-open-plan-kitchen\/","title":{"rendered":"The importance of the hood in an open-plan kitchen"},"content":{"rendered":"<h2 style=\"color: #949494; font-size: 24px; line-height: 26px; margin-top: -20px;\">If you have (or are designing) an open-plan kitchen, there\u2019s one thing you need to know: not all hoods are suitable.<\/h2>\n<p><!--more--><\/p>\n<p><a href=\"http:\/\/www.frecan.com\/\" target=\"_blank\" rel=\"noopener\"><img loading=\"lazy\" decoding=\"async\" width=\"1500\" height=\"780\" class=\"alignnone wp-image-12109 size-full\" src=\"https:\/\/www.frecan.es\/blog\/wp-content\/uploads\/2025\/10\/Frecan-Astro-Persp.jpg\" class=\"light\" srcset=\"https:\/\/www.frecan.es\/blog\/wp-content\/uploads\/2025\/10\/Frecan-Astro-Persp.jpg 1500w, https:\/\/www.frecan.es\/blog\/wp-content\/uploads\/2025\/10\/Frecan-Astro-Persp-300x156.jpg 300w, https:\/\/www.frecan.es\/blog\/wp-content\/uploads\/2025\/10\/Frecan-Astro-Persp-1024x532.jpg 1024w, https:\/\/www.frecan.es\/blog\/wp-content\/uploads\/2025\/10\/Frecan-Astro-Persp-768x399.jpg 768w, https:\/\/www.frecan.es\/blog\/wp-content\/uploads\/2025\/10\/Frecan-Astro-Persp-800x416.jpg 800w, https:\/\/www.frecan.es\/blog\/wp-content\/uploads\/2025\/10\/Frecan-Astro-Persp-1280x666.jpg 1280w\" sizes=\"auto, (max-width: 1500px) 100vw, 1500px\" \/><\/a><\/p>\n<p>Choosing the wrong one means lingering smells, unnecessary noise, and a living room that no longer feels welcoming.<\/p>\n<p>That\u2019s why here are 3 <strong>practical reasons<\/strong> why the hood is a key element in this kind of layout:<\/p>\n<h3>Acoustic comfort<\/h3>\n<p data-start=\"594\" data-end=\"732\">In an open kitchen, every sound is amplified. If the hood roars, it ruins the experience, you can\u2019t talk, enjoy music, or simply relax.<\/p>\n<p>\u2192 A good hood should work discreetly.<\/p>\n<p>That\u2019s why it&#8217;s important to choose a model with low noise levels or one that allows for an external motor installation.<\/p>\n<h3>Design and layout<\/h3>\n<p>The beauty of open kitchens lies in layout freedom. A poorly chosen hood can disrupt the aesthetics of the entire project.<\/p>\n<ul>\n<li aria-level=\"1\">Venting hoods \u2192 Built directly into the cooking zone. Ideal for islands or peninsulas, they offer a clean, streamlined look.<br \/>\n<a href=\"https:\/\/www.frecan.com\/hoods\/venting\/\"><span style=\"color: #0000ff;\"><strong>See models<\/strong><\/span><\/a><\/p>\n<p><a href=\"https:\/\/www.frecan.com\/hoods\/venting\/\" target=\"_blank\" rel=\"noopener\"><img loading=\"lazy\" decoding=\"async\" width=\"1500\" height=\"780\" class=\"alignnone wp-image-12087 size-full\" src=\"https:\/\/www.frecan.es\/blog\/wp-content\/uploads\/2025\/10\/Frecan-Flow-Pour-Front-1.jpg\" class=\"light\" srcset=\"https:\/\/www.frecan.es\/blog\/wp-content\/uploads\/2025\/10\/Frecan-Flow-Pour-Front-1.jpg 1500w, https:\/\/www.frecan.es\/blog\/wp-content\/uploads\/2025\/10\/Frecan-Flow-Pour-Front-1-300x156.jpg 300w, https:\/\/www.frecan.es\/blog\/wp-content\/uploads\/2025\/10\/Frecan-Flow-Pour-Front-1-1024x532.jpg 1024w, https:\/\/www.frecan.es\/blog\/wp-content\/uploads\/2025\/10\/Frecan-Flow-Pour-Front-1-768x399.jpg 768w, https:\/\/www.frecan.es\/blog\/wp-content\/uploads\/2025\/10\/Frecan-Flow-Pour-Front-1-800x416.jpg 800w, https:\/\/www.frecan.es\/blog\/wp-content\/uploads\/2025\/10\/Frecan-Flow-Pour-Front-1-1280x666.jpg 1280w\" sizes=\"auto, (max-width: 1500px) 100vw, 1500px\" \/><\/a><\/li>\n<li aria-level=\"1\">Ceiling hoods \u2192 Maximum discretion. Perfect for open spaces where visual continuity is key.<br \/>\n<a href=\"https:\/\/www.frecan.com\/hoods\/ceiling\/\"><span style=\"color: #0000ff;\"><strong>See models<\/strong><\/span><\/a><\/p>\n<p><a href=\"https:\/\/www.frecan.com\/hoods\/ceiling\/\" target=\"_blank\" rel=\"noopener\"><img loading=\"lazy\" decoding=\"async\" width=\"1500\" height=\"780\" class=\"alignnone wp-image-12090 size-full\" src=\"https:\/\/www.frecan.es\/blog\/wp-content\/uploads\/2025\/10\/Frecan-Bright-Persp.jpg\" class=\"light\" srcset=\"https:\/\/www.frecan.es\/blog\/wp-content\/uploads\/2025\/10\/Frecan-Bright-Persp.jpg 1500w, https:\/\/www.frecan.es\/blog\/wp-content\/uploads\/2025\/10\/Frecan-Bright-Persp-300x156.jpg 300w, https:\/\/www.frecan.es\/blog\/wp-content\/uploads\/2025\/10\/Frecan-Bright-Persp-1024x532.jpg 1024w, https:\/\/www.frecan.es\/blog\/wp-content\/uploads\/2025\/10\/Frecan-Bright-Persp-768x399.jpg 768w, https:\/\/www.frecan.es\/blog\/wp-content\/uploads\/2025\/10\/Frecan-Bright-Persp-800x416.jpg 800w, https:\/\/www.frecan.es\/blog\/wp-content\/uploads\/2025\/10\/Frecan-Bright-Persp-1280x666.jpg 1280w\" sizes=\"auto, (max-width: 1500px) 100vw, 1500px\" \/><\/a><\/li>\n<li aria-level=\"1\">Built-In doods \u2192 Fully concealed in the cabinetry, maintaining design unity without visual clutter.<br \/>\n<a href=\"https:\/\/www.frecan.com\/hoods\/built-in\/\"><span style=\"color: #0000ff;\"><strong>See models<\/strong><\/span><\/a><br \/>\n<a href=\"https:\/\/www.frecan.com\/hoods\/built-in\/\" target=\"_blank\" rel=\"noopener\"><img loading=\"lazy\" decoding=\"async\" width=\"1500\" height=\"780\" class=\"alignnone wp-image-12096 size-full\" src=\"https:\/\/www.frecan.es\/blog\/wp-content\/uploads\/2025\/10\/Frecan-Hit-Persp.jpg\" class=\"light\" srcset=\"https:\/\/www.frecan.es\/blog\/wp-content\/uploads\/2025\/10\/Frecan-Hit-Persp.jpg 1500w, https:\/\/www.frecan.es\/blog\/wp-content\/uploads\/2025\/10\/Frecan-Hit-Persp-300x156.jpg 300w, https:\/\/www.frecan.es\/blog\/wp-content\/uploads\/2025\/10\/Frecan-Hit-Persp-1024x532.jpg 1024w, https:\/\/www.frecan.es\/blog\/wp-content\/uploads\/2025\/10\/Frecan-Hit-Persp-768x399.jpg 768w, https:\/\/www.frecan.es\/blog\/wp-content\/uploads\/2025\/10\/Frecan-Hit-Persp-800x416.jpg 800w, https:\/\/www.frecan.es\/blog\/wp-content\/uploads\/2025\/10\/Frecan-Hit-Persp-1280x666.jpg 1280w\" sizes=\"auto, (max-width: 1500px) 100vw, 1500px\" \/><\/a><\/li>\n<li aria-level=\"1\">Wall-mount hoods \u2192 Practical and versatile, great for open kitchens with a linear layout.<br \/>\n<a href=\"https:\/\/www.frecan.com\/hoods\/wall-mount\/\"><span style=\"color: #0000ff;\"><strong>See models<\/strong><\/span><\/a><\/p>\n<p><a href=\"https:\/\/www.frecan.com\/hoods\/wall-mount\/\" target=\"_blank\" rel=\"noopener\"><img loading=\"lazy\" decoding=\"async\" width=\"1500\" height=\"780\" class=\"alignnone wp-image-12099 size-full\" src=\"https:\/\/www.frecan.es\/blog\/wp-content\/uploads\/2025\/10\/Frecan-Quasar-Persp.jpg\" class=\"light\" srcset=\"https:\/\/www.frecan.es\/blog\/wp-content\/uploads\/2025\/10\/Frecan-Quasar-Persp.jpg 1500w, https:\/\/www.frecan.es\/blog\/wp-content\/uploads\/2025\/10\/Frecan-Quasar-Persp-300x156.jpg 300w, https:\/\/www.frecan.es\/blog\/wp-content\/uploads\/2025\/10\/Frecan-Quasar-Persp-1024x532.jpg 1024w, https:\/\/www.frecan.es\/blog\/wp-content\/uploads\/2025\/10\/Frecan-Quasar-Persp-768x399.jpg 768w, https:\/\/www.frecan.es\/blog\/wp-content\/uploads\/2025\/10\/Frecan-Quasar-Persp-800x416.jpg 800w, https:\/\/www.frecan.es\/blog\/wp-content\/uploads\/2025\/10\/Frecan-Quasar-Persp-1280x666.jpg 1280w\" sizes=\"auto, (max-width: 1500px) 100vw, 1500px\" \/><\/a><\/li>\n<li aria-level=\"1\">Island hoods \u2192 Ideal when the kitchen is the home\u2019s central feature. If visible, they should be elegant and well-proportioned.<br \/>\n<a href=\"https:\/\/www.frecan.com\/hoods\/island\/\"><span style=\"color: #0000ff;\"><strong>See models<\/strong><\/span><\/a><\/p>\n<p><a href=\"https:\/\/www.frecan.com\/hoods\/island\/\" target=\"_blank\" rel=\"noopener\"><img loading=\"lazy\" decoding=\"async\" width=\"1500\" height=\"780\" class=\"alignnone wp-image-12105 size-full\" src=\"https:\/\/www.frecan.es\/blog\/wp-content\/uploads\/2025\/10\/Frecan-QFine-Persp.jpg\" class=\"light\" srcset=\"https:\/\/www.frecan.es\/blog\/wp-content\/uploads\/2025\/10\/Frecan-QFine-Persp.jpg 1500w, https:\/\/www.frecan.es\/blog\/wp-content\/uploads\/2025\/10\/Frecan-QFine-Persp-300x156.jpg 300w, https:\/\/www.frecan.es\/blog\/wp-content\/uploads\/2025\/10\/Frecan-QFine-Persp-1024x532.jpg 1024w, https:\/\/www.frecan.es\/blog\/wp-content\/uploads\/2025\/10\/Frecan-QFine-Persp-768x399.jpg 768w, https:\/\/www.frecan.es\/blog\/wp-content\/uploads\/2025\/10\/Frecan-QFine-Persp-800x416.jpg 800w, https:\/\/www.frecan.es\/blog\/wp-content\/uploads\/2025\/10\/Frecan-QFine-Persp-1280x666.jpg 1280w\" sizes=\"auto, (max-width: 1500px) 100vw, 1500px\" \/><\/a><\/li>\n<\/ul>\n<p>&#8211;\u00a0A good choice enhances spatial design and gives the project flexibility, it doesn\u2019t restrict it.<\/p>\n<h3>Efficiency<\/h3>\n<p>Air behaves differently in open kitchens. Odours and smoke spread faster, and if extraction isn\u2019t efficient, it ends up affecting the whole living area.<\/p>\n<p>\u2192 It\u2019s not about choosing the most powerful one. A good hood should:<\/p>\n<ul>\n<li aria-level=\"1\">Have proper extraction capacity for the space.<\/li>\n<li aria-level=\"1\">Include an efficient recirculation or venting system.<\/li>\n<li aria-level=\"1\">Be correctly sized (air volume, height, cooking distance\u2026).<\/li>\n<\/ul>\n<p>A well-planned open kitchen won\u2019t smell, won\u2019t build up grease, and won\u2019t turn the living room into a frying zone.<\/p>\n<h3>So\u2026 how to choose well?<\/h3>\n<p>Choosing the right hood doesn\u2019t have to be complicated.<\/p>\n<p>\u2192\u00a0Here\u2019s a simple, practical guide to help you choose based on your space, layout and extraction needs: <a href=\"https:\/\/www.frecan.es\/blog\/en\/choose-extractor-hood\/\"><span style=\"color: #0000ff;\"><strong>See guide<\/strong><\/span><\/a><\/p>\n<h3>Final thoughts<\/h3>\n<p data-start=\"2589\" data-end=\"2682\">The most common mistake in open kitchens isn\u2019t the layout\u2026 it\u2019s <strong data-start=\"2653\" data-end=\"2681\">underestimating the hood<\/strong>.<\/p>\n<p data-start=\"2684\" data-end=\"2789\">The smart move is to treat it as what it really is: a <strong data-start=\"2738\" data-end=\"2760\">structural element<\/strong>, not just another appliance.<\/p>\n<p data-start=\"2791\" data-end=\"2901\">When well chosen, it integrates naturally and enhances the daily use of your space.<br data-start=\"2874\" data-end=\"2877\" \/>When it isn\u2019t\u2026 it shows.<\/p>\n<p data-start=\"2903\" data-end=\"2970\">So before deciding, make sure it delivers on the three key pillars:<\/p>\n<ul>\n<li aria-level=\"1\"><strong>Acoustic comfort<\/strong><\/li>\n<li aria-level=\"1\"><strong>Seamless integration<\/strong><\/li>\n<li aria-level=\"1\"><strong>Real efficiency<\/strong><\/li>\n<\/ul>\n<p>If it fails in any of those, it\u2019s probably not the right hood for an open kitchen.<\/p>\n<h4>Discover more<\/h4>\n<blockquote class=\"wp-embedded-content\" data-secret=\"EY7aIAeJMw\"><p><a href=\"https:\/\/www.frecan.es\/blog\/en\/digital-format-frecan\/\">\u00bfSab\u00edas que nuestro cat\u00e1logo tambi\u00e9n est\u00e1 disponible en formato digital?<\/a><\/p><\/blockquote>\n<p><iframe loading=\"lazy\" class=\"wp-embedded-content\" sandbox=\"allow-scripts\" security=\"restricted\" style=\"position: absolute; visibility: hidden;\" title=\"&#8220;\u00bfSab\u00edas que nuestro cat\u00e1logo tambi\u00e9n est\u00e1 disponible en formato digital?&#8221; &#8212; Blog de Frecan\" src=\"https:\/\/www.frecan.es\/blog\/en\/digital-format-frecan\/embed\/#?secret=A0TwLbJ7OW#?secret=EY7aIAeJMw\" data-secret=\"EY7aIAeJMw\" width=\"600\" height=\"338\" frameborder=\"0\" marginwidth=\"0\" marginheight=\"0\" scrolling=\"no\"><\/iframe><\/p>\n<blockquote class=\"wp-embedded-content\" data-secret=\"LJHuLEsNep\"><p><a href=\"https:\/\/www.frecan.es\/blog\/en\/5-recirculation-solutions-frecan-air\/\">FrecanAir: 5 soluciones de recirculaci\u00f3n para tu cocina<\/a><\/p><\/blockquote>\n<p><iframe loading=\"lazy\" class=\"wp-embedded-content\" sandbox=\"allow-scripts\" security=\"restricted\" style=\"position: absolute; visibility: hidden;\" title=\"&#8220;FrecanAir: 5 soluciones de recirculaci\u00f3n para tu cocina&#8221; &#8212; Blog de Frecan\" src=\"https:\/\/www.frecan.es\/blog\/en\/5-recirculation-solutions-frecan-air\/embed\/#?secret=cOPapCKunf#?secret=LJHuLEsNep\" data-secret=\"LJHuLEsNep\" width=\"600\" height=\"338\" frameborder=\"0\" marginwidth=\"0\" marginheight=\"0\" scrolling=\"no\"><\/iframe><\/p>\n","protected":false},"excerpt":{"rendered":"<p>If you have (or are designing) an open-plan kitchen, there\u2019s one thing you need to know: not all hoods are suitable.<\/p>\n","protected":false},"author":8,"featured_media":12114,"comment_status":"open","ping_status":"open","sticky":false,"template":"","format":"standard","meta":{"footnotes":""},"categories":[48],"tags":[],"class_list":{"0":"post-12117","1":"post","2":"type-post","3":"status-publish","4":"format-standard","5":"has-post-thumbnail","7":"category-extractor-hoods"},"yoast_head":"<!-- This site is optimized with the Yoast SEO plugin v24.7 - https:\/\/yoast.com\/wordpress\/plugins\/seo\/ -->\n<title>The importance of the hood in an open-plan kitchen - Blog de Frecan<\/title>\n<meta name=\"description\" content=\"Choosing the wrong hood for an open-plan kitchen means lingering odours, unnecessary noise, and a living room that no longer feels cosy...\" \/>\n<meta name=\"robots\" content=\"index, follow, max-snippet:-1, max-image-preview:large, max-video-preview:-1\" \/>\n<link rel=\"canonical\" href=\"https:\/\/www.frecan.es\/blog\/en\/the-hood-in-an-open-plan-kitchen\/\" \/>\n<meta property=\"og:locale\" content=\"en_US\" \/>\n<meta property=\"og:type\" content=\"article\" \/>\n<meta property=\"og:title\" content=\"The importance of the hood in an open-plan kitchen - Blog de Frecan\" \/>\n<meta property=\"og:description\" content=\"Choosing the wrong hood for an open-plan kitchen means lingering odours, unnecessary noise, and a living room that no longer feels cosy...\" \/>\n<meta property=\"og:url\" content=\"https:\/\/www.frecan.es\/blog\/en\/the-hood-in-an-open-plan-kitchen\/\" \/>\n<meta property=\"og:site_name\" content=\"Blog de Frecan\" \/>\n<meta property=\"article:published_time\" content=\"2025-10-23T07:27:04+00:00\" \/>\n<meta property=\"article:modified_time\" content=\"2025-10-23T08:50:10+00:00\" \/>\n<meta property=\"og:image\" content=\"https:\/\/www.frecan.es\/blog\/wp-content\/uploads\/2025\/10\/portada-cocina-abierta.jpg\" \/>\n\t<meta property=\"og:image:width\" content=\"780\" \/>\n\t<meta property=\"og:image:height\" content=\"780\" \/>\n\t<meta property=\"og:image:type\" content=\"image\/jpeg\" \/>\n<meta name=\"author\" content=\"Tha\u00efs Alcal\u00e1\" \/>\n<meta name=\"twitter:card\" content=\"summary_large_image\" \/>\n<meta name=\"twitter:label1\" content=\"Written by\" \/>\n\t<meta name=\"twitter:data1\" content=\"Tha\u00efs Alcal\u00e1\" \/>\n\t<meta name=\"twitter:label2\" content=\"Est. reading time\" \/>\n\t<meta name=\"twitter:data2\" content=\"4 minutes\" \/>\n<script type=\"application\/ld+json\" class=\"yoast-schema-graph\">{\"@context\":\"https:\/\/schema.org\",\"@graph\":[{\"@type\":\"Article\",\"@id\":\"https:\/\/www.frecan.es\/blog\/en\/the-hood-in-an-open-plan-kitchen\/#article\",\"isPartOf\":{\"@id\":\"https:\/\/www.frecan.es\/blog\/en\/the-hood-in-an-open-plan-kitchen\/\"},\"author\":{\"name\":\"Tha\u00efs Alcal\u00e1\",\"@id\":\"https:\/\/www.frecan.es\/blog\/en\/#\/schema\/person\/807ea11d2c3f88890ae67a52637b8b3c\"},\"headline\":\"The importance of the hood in an open-plan kitchen\",\"datePublished\":\"2025-10-23T07:27:04+00:00\",\"dateModified\":\"2025-10-23T08:50:10+00:00\",\"mainEntityOfPage\":{\"@id\":\"https:\/\/www.frecan.es\/blog\/en\/the-hood-in-an-open-plan-kitchen\/\"},\"wordCount\":478,\"commentCount\":0,\"publisher\":{\"@id\":\"https:\/\/www.frecan.es\/blog\/en\/#organization\"},\"image\":{\"@id\":\"https:\/\/www.frecan.es\/blog\/en\/the-hood-in-an-open-plan-kitchen\/#primaryimage\"},\"thumbnailUrl\":\"https:\/\/www.frecan.es\/blog\/wp-content\/uploads\/2025\/10\/portada-cocina-abierta.jpg\",\"articleSection\":[\"Extractor hoods\"],\"inLanguage\":\"en-US\",\"potentialAction\":[{\"@type\":\"CommentAction\",\"name\":\"Comment\",\"target\":[\"https:\/\/www.frecan.es\/blog\/en\/the-hood-in-an-open-plan-kitchen\/#respond\"]}]},{\"@type\":\"WebPage\",\"@id\":\"https:\/\/www.frecan.es\/blog\/en\/the-hood-in-an-open-plan-kitchen\/\",\"url\":\"https:\/\/www.frecan.es\/blog\/en\/the-hood-in-an-open-plan-kitchen\/\",\"name\":\"The importance of the hood in an open-plan kitchen - Blog de Frecan\",\"isPartOf\":{\"@id\":\"https:\/\/www.frecan.es\/blog\/en\/#website\"},\"primaryImageOfPage\":{\"@id\":\"https:\/\/www.frecan.es\/blog\/en\/the-hood-in-an-open-plan-kitchen\/#primaryimage\"},\"image\":{\"@id\":\"https:\/\/www.frecan.es\/blog\/en\/the-hood-in-an-open-plan-kitchen\/#primaryimage\"},\"thumbnailUrl\":\"https:\/\/www.frecan.es\/blog\/wp-content\/uploads\/2025\/10\/portada-cocina-abierta.jpg\",\"datePublished\":\"2025-10-23T07:27:04+00:00\",\"dateModified\":\"2025-10-23T08:50:10+00:00\",\"description\":\"Choosing the wrong hood for an open-plan kitchen means lingering odours, unnecessary noise, and a living room that no longer feels cosy...\",\"breadcrumb\":{\"@id\":\"https:\/\/www.frecan.es\/blog\/en\/the-hood-in-an-open-plan-kitchen\/#breadcrumb\"},\"inLanguage\":\"en-US\",\"potentialAction\":[{\"@type\":\"ReadAction\",\"target\":[\"https:\/\/www.frecan.es\/blog\/en\/the-hood-in-an-open-plan-kitchen\/\"]}]},{\"@type\":\"ImageObject\",\"inLanguage\":\"en-US\",\"@id\":\"https:\/\/www.frecan.es\/blog\/en\/the-hood-in-an-open-plan-kitchen\/#primaryimage\",\"url\":\"https:\/\/www.frecan.es\/blog\/wp-content\/uploads\/2025\/10\/portada-cocina-abierta.jpg\",\"contentUrl\":\"https:\/\/www.frecan.es\/blog\/wp-content\/uploads\/2025\/10\/portada-cocina-abierta.jpg\",\"width\":780,\"height\":780},{\"@type\":\"BreadcrumbList\",\"@id\":\"https:\/\/www.frecan.es\/blog\/en\/the-hood-in-an-open-plan-kitchen\/#breadcrumb\",\"itemListElement\":[{\"@type\":\"ListItem\",\"position\":1,\"name\":\"Cover page\",\"item\":\"https:\/\/www.frecan.es\/blog\/en\/\"},{\"@type\":\"ListItem\",\"position\":2,\"name\":\"The importance of the hood in an open-plan kitchen\"}]},{\"@type\":\"WebSite\",\"@id\":\"https:\/\/www.frecan.es\/blog\/en\/#website\",\"url\":\"https:\/\/www.frecan.es\/blog\/en\/\",\"name\":\"Blog de Frecan\",\"description\":\"Craftsmanship, technology and avant-garde in the heart of your kitchen\",\"publisher\":{\"@id\":\"https:\/\/www.frecan.es\/blog\/en\/#organization\"},\"potentialAction\":[{\"@type\":\"SearchAction\",\"target\":{\"@type\":\"EntryPoint\",\"urlTemplate\":\"https:\/\/www.frecan.es\/blog\/en\/?s={search_term_string}\"},\"query-input\":{\"@type\":\"PropertyValueSpecification\",\"valueRequired\":true,\"valueName\":\"search_term_string\"}}],\"inLanguage\":\"en-US\"},{\"@type\":\"Organization\",\"@id\":\"https:\/\/www.frecan.es\/blog\/en\/#organization\",\"name\":\"Frecan\",\"url\":\"https:\/\/www.frecan.es\/blog\/en\/\",\"logo\":{\"@type\":\"ImageObject\",\"inLanguage\":\"en-US\",\"@id\":\"https:\/\/www.frecan.es\/blog\/en\/#\/schema\/logo\/image\/\",\"url\":\"https:\/\/www.frecan.es\/blog\/wp-content\/uploads\/2016\/02\/logo-frecan.png\",\"contentUrl\":\"https:\/\/www.frecan.es\/blog\/wp-content\/uploads\/2016\/02\/logo-frecan.png\",\"width\":250,\"height\":27,\"caption\":\"Frecan\"},\"image\":{\"@id\":\"https:\/\/www.frecan.es\/blog\/en\/#\/schema\/logo\/image\/\"}},{\"@type\":\"Person\",\"@id\":\"https:\/\/www.frecan.es\/blog\/en\/#\/schema\/person\/807ea11d2c3f88890ae67a52637b8b3c\",\"name\":\"Tha\u00efs Alcal\u00e1\",\"image\":{\"@type\":\"ImageObject\",\"inLanguage\":\"en-US\",\"@id\":\"https:\/\/www.frecan.es\/blog\/en\/#\/schema\/person\/image\/\",\"url\":\"https:\/\/secure.gravatar.com\/avatar\/ad063cd811075f52af0714b5e973cd08?s=96&d=mm&r=g\",\"contentUrl\":\"https:\/\/secure.gravatar.com\/avatar\/ad063cd811075f52af0714b5e973cd08?s=96&d=mm&r=g\",\"caption\":\"Tha\u00efs Alcal\u00e1\"},\"sameAs\":[\"http:\/\/www.frecan.es\"]}]}<\/script>\n<!-- \/ Yoast SEO plugin. -->","yoast_head_json":{"title":"The importance of the hood in an open-plan kitchen - Blog de Frecan","description":"Choosing the wrong hood for an open-plan kitchen means lingering odours, unnecessary noise, and a living room that no longer feels cosy...","robots":{"index":"index","follow":"follow","max-snippet":"max-snippet:-1","max-image-preview":"max-image-preview:large","max-video-preview":"max-video-preview:-1"},"canonical":"https:\/\/www.frecan.es\/blog\/en\/the-hood-in-an-open-plan-kitchen\/","og_locale":"en_US","og_type":"article","og_title":"The importance of the hood in an open-plan kitchen - Blog de Frecan","og_description":"Choosing the wrong hood for an open-plan kitchen means lingering odours, unnecessary noise, and a living room that no longer feels cosy...","og_url":"https:\/\/www.frecan.es\/blog\/en\/the-hood-in-an-open-plan-kitchen\/","og_site_name":"Blog de Frecan","article_published_time":"2025-10-23T07:27:04+00:00","article_modified_time":"2025-10-23T08:50:10+00:00","og_image":[{"width":780,"height":780,"url":"https:\/\/www.frecan.es\/blog\/wp-content\/uploads\/2025\/10\/portada-cocina-abierta.jpg","type":"image\/jpeg"}],"author":"Tha\u00efs Alcal\u00e1","twitter_card":"summary_large_image","twitter_misc":{"Written by":"Tha\u00efs Alcal\u00e1","Est. reading time":"4 minutes"},"schema":{"@context":"https:\/\/schema.org","@graph":[{"@type":"Article","@id":"https:\/\/www.frecan.es\/blog\/en\/the-hood-in-an-open-plan-kitchen\/#article","isPartOf":{"@id":"https:\/\/www.frecan.es\/blog\/en\/the-hood-in-an-open-plan-kitchen\/"},"author":{"name":"Tha\u00efs Alcal\u00e1","@id":"https:\/\/www.frecan.es\/blog\/en\/#\/schema\/person\/807ea11d2c3f88890ae67a52637b8b3c"},"headline":"The importance of the hood in an open-plan kitchen","datePublished":"2025-10-23T07:27:04+00:00","dateModified":"2025-10-23T08:50:10+00:00","mainEntityOfPage":{"@id":"https:\/\/www.frecan.es\/blog\/en\/the-hood-in-an-open-plan-kitchen\/"},"wordCount":478,"commentCount":0,"publisher":{"@id":"https:\/\/www.frecan.es\/blog\/en\/#organization"},"image":{"@id":"https:\/\/www.frecan.es\/blog\/en\/the-hood-in-an-open-plan-kitchen\/#primaryimage"},"thumbnailUrl":"https:\/\/www.frecan.es\/blog\/wp-content\/uploads\/2025\/10\/portada-cocina-abierta.jpg","articleSection":["Extractor hoods"],"inLanguage":"en-US","potentialAction":[{"@type":"CommentAction","name":"Comment","target":["https:\/\/www.frecan.es\/blog\/en\/the-hood-in-an-open-plan-kitchen\/#respond"]}]},{"@type":"WebPage","@id":"https:\/\/www.frecan.es\/blog\/en\/the-hood-in-an-open-plan-kitchen\/","url":"https:\/\/www.frecan.es\/blog\/en\/the-hood-in-an-open-plan-kitchen\/","name":"The importance of the hood in an open-plan kitchen - Blog de Frecan","isPartOf":{"@id":"https:\/\/www.frecan.es\/blog\/en\/#website"},"primaryImageOfPage":{"@id":"https:\/\/www.frecan.es\/blog\/en\/the-hood-in-an-open-plan-kitchen\/#primaryimage"},"image":{"@id":"https:\/\/www.frecan.es\/blog\/en\/the-hood-in-an-open-plan-kitchen\/#primaryimage"},"thumbnailUrl":"https:\/\/www.frecan.es\/blog\/wp-content\/uploads\/2025\/10\/portada-cocina-abierta.jpg","datePublished":"2025-10-23T07:27:04+00:00","dateModified":"2025-10-23T08:50:10+00:00","description":"Choosing the wrong hood for an open-plan kitchen means lingering odours, unnecessary noise, and a living room that no longer feels cosy...","breadcrumb":{"@id":"https:\/\/www.frecan.es\/blog\/en\/the-hood-in-an-open-plan-kitchen\/#breadcrumb"},"inLanguage":"en-US","potentialAction":[{"@type":"ReadAction","target":["https:\/\/www.frecan.es\/blog\/en\/the-hood-in-an-open-plan-kitchen\/"]}]},{"@type":"ImageObject","inLanguage":"en-US","@id":"https:\/\/www.frecan.es\/blog\/en\/the-hood-in-an-open-plan-kitchen\/#primaryimage","url":"https:\/\/www.frecan.es\/blog\/wp-content\/uploads\/2025\/10\/portada-cocina-abierta.jpg","contentUrl":"https:\/\/www.frecan.es\/blog\/wp-content\/uploads\/2025\/10\/portada-cocina-abierta.jpg","width":780,"height":780},{"@type":"BreadcrumbList","@id":"https:\/\/www.frecan.es\/blog\/en\/the-hood-in-an-open-plan-kitchen\/#breadcrumb","itemListElement":[{"@type":"ListItem","position":1,"name":"Cover page","item":"https:\/\/www.frecan.es\/blog\/en\/"},{"@type":"ListItem","position":2,"name":"The importance of the hood in an open-plan kitchen"}]},{"@type":"WebSite","@id":"https:\/\/www.frecan.es\/blog\/en\/#website","url":"https:\/\/www.frecan.es\/blog\/en\/","name":"Blog de Frecan","description":"Craftsmanship, technology and avant-garde in the heart of your kitchen","publisher":{"@id":"https:\/\/www.frecan.es\/blog\/en\/#organization"},"potentialAction":[{"@type":"SearchAction","target":{"@type":"EntryPoint","urlTemplate":"https:\/\/www.frecan.es\/blog\/en\/?s={search_term_string}"},"query-input":{"@type":"PropertyValueSpecification","valueRequired":true,"valueName":"search_term_string"}}],"inLanguage":"en-US"},{"@type":"Organization","@id":"https:\/\/www.frecan.es\/blog\/en\/#organization","name":"Frecan","url":"https:\/\/www.frecan.es\/blog\/en\/","logo":{"@type":"ImageObject","inLanguage":"en-US","@id":"https:\/\/www.frecan.es\/blog\/en\/#\/schema\/logo\/image\/","url":"https:\/\/www.frecan.es\/blog\/wp-content\/uploads\/2016\/02\/logo-frecan.png","contentUrl":"https:\/\/www.frecan.es\/blog\/wp-content\/uploads\/2016\/02\/logo-frecan.png","width":250,"height":27,"caption":"Frecan"},"image":{"@id":"https:\/\/www.frecan.es\/blog\/en\/#\/schema\/logo\/image\/"}},{"@type":"Person","@id":"https:\/\/www.frecan.es\/blog\/en\/#\/schema\/person\/807ea11d2c3f88890ae67a52637b8b3c","name":"Tha\u00efs Alcal\u00e1","image":{"@type":"ImageObject","inLanguage":"en-US","@id":"https:\/\/www.frecan.es\/blog\/en\/#\/schema\/person\/image\/","url":"https:\/\/secure.gravatar.com\/avatar\/ad063cd811075f52af0714b5e973cd08?s=96&d=mm&r=g","contentUrl":"https:\/\/secure.gravatar.com\/avatar\/ad063cd811075f52af0714b5e973cd08?s=96&d=mm&r=g","caption":"Tha\u00efs Alcal\u00e1"},"sameAs":["http:\/\/www.frecan.es"]}]}},"_links":{"self":[{"href":"https:\/\/www.frecan.es\/blog\/en\/wp-json\/wp\/v2\/posts\/12117","targetHints":{"allow":["GET"]}}],"collection":[{"href":"https:\/\/www.frecan.es\/blog\/en\/wp-json\/wp\/v2\/posts"}],"about":[{"href":"https:\/\/www.frecan.es\/blog\/en\/wp-json\/wp\/v2\/types\/post"}],"author":[{"embeddable":true,"href":"https:\/\/www.frecan.es\/blog\/en\/wp-json\/wp\/v2\/users\/8"}],"replies":[{"embeddable":true,"href":"https:\/\/www.frecan.es\/blog\/en\/wp-json\/wp\/v2\/comments?post=12117"}],"version-history":[{"count":2,"href":"https:\/\/www.frecan.es\/blog\/en\/wp-json\/wp\/v2\/posts\/12117\/revisions"}],"predecessor-version":[{"id":12120,"href":"https:\/\/www.frecan.es\/blog\/en\/wp-json\/wp\/v2\/posts\/12117\/revisions\/12120"}],"wp:featuredmedia":[{"embeddable":true,"href":"https:\/\/www.frecan.es\/blog\/en\/wp-json\/wp\/v2\/media\/12114"}],"wp:attachment":[{"href":"https:\/\/www.frecan.es\/blog\/en\/wp-json\/wp\/v2\/media?parent=12117"}],"wp:term":[{"taxonomy":"category","embeddable":true,"href":"https:\/\/www.frecan.es\/blog\/en\/wp-json\/wp\/v2\/categories?post=12117"},{"taxonomy":"post_tag","embeddable":true,"href":"https:\/\/www.frecan.es\/blog\/en\/wp-json\/wp\/v2\/tags?post=12117"}],"curies":[{"name":"wp","href":"https:\/\/api.w.org\/{rel}","templated":true}]}}