{"id":11637,"date":"2025-05-08T10:00:48","date_gmt":"2025-05-08T08:00:48","guid":{"rendered":"https:\/\/www.frecan.es\/blog\/?p=11637"},"modified":"2025-05-08T08:46:03","modified_gmt":"2025-05-08T06:46:03","slug":"new-proposals-for-the-kitchen-new-arrivals-2025","status":"publish","type":"post","link":"https:\/\/www.frecan.es\/blog\/en\/new-proposals-for-the-kitchen-new-arrivals-2025\/","title":{"rendered":"New proposals for the kitchen | New arrivals 2025"},"content":{"rendered":"<h2><strong><span style=\"color: #808080;\">We continue to introduce solutions that bring both personality and efficiency to the most lived-in space of the home.<\/span><\/strong><!--more--><\/h2>\n<p><a href=\"https:\/\/www.frecan.com\/pdf\/frecan-highlights-2025-agua-en.pdf\" target=\"_blank\" rel=\"noopener\"><img loading=\"lazy\" decoding=\"async\" width=\"2560\" height=\"1440\" class=\"aligncenter wp-image-11646 size-full\" src=\"https:\/\/www.frecan.es\/blog\/wp-content\/uploads\/2025\/05\/Diseno-sin-titulo2-EN-scaled.jpg\" class=\"light\" srcset=\"https:\/\/www.frecan.es\/blog\/wp-content\/uploads\/2025\/05\/Diseno-sin-titulo2-EN-scaled.jpg 2560w, https:\/\/www.frecan.es\/blog\/wp-content\/uploads\/2025\/05\/Diseno-sin-titulo2-EN-300x169.jpg 300w, https:\/\/www.frecan.es\/blog\/wp-content\/uploads\/2025\/05\/Diseno-sin-titulo2-EN-1024x576.jpg 1024w, https:\/\/www.frecan.es\/blog\/wp-content\/uploads\/2025\/05\/Diseno-sin-titulo2-EN-768x432.jpg 768w, https:\/\/www.frecan.es\/blog\/wp-content\/uploads\/2025\/05\/Diseno-sin-titulo2-EN-1536x864.jpg 1536w, https:\/\/www.frecan.es\/blog\/wp-content\/uploads\/2025\/05\/Diseno-sin-titulo2-EN-2048x1152.jpg 2048w, https:\/\/www.frecan.es\/blog\/wp-content\/uploads\/2025\/05\/Diseno-sin-titulo2-EN-800x450.jpg 800w, https:\/\/www.frecan.es\/blog\/wp-content\/uploads\/2025\/05\/Diseno-sin-titulo2-EN-1280x720.jpg 1280w\" sizes=\"auto, (max-width: 2560px) 100vw, 2560px\" \/><\/a><\/p>\n<p>Water is an essential part of the kitchen \u2014 it&#8217;s present in every daily gesture: from washing to preparing food or cooking. That&#8217;s why, at Frecan, we continue to introduce solutions that bring both personality and efficiency to the most lived-in space of the home.<\/p>\n<p>This spring, we present new additions to the water area, designed to adapt to different needs, tastes, and ways of understanding the kitchen.<\/p>\n<p><a href=\"https:\/\/www.frecan.com\/pdf\/frecan-highlights-2025-agua-en.pdf\" target=\"_blank\" rel=\"noopener\"><img loading=\"lazy\" decoding=\"async\" width=\"2560\" height=\"1440\" class=\"alignnone wp-image-11624 size-full\" src=\"https:\/\/www.frecan.es\/blog\/wp-content\/uploads\/2025\/05\/Diseno-sin-titulo3-scaled.jpg\" class=\"light\" srcset=\"https:\/\/www.frecan.es\/blog\/wp-content\/uploads\/2025\/05\/Diseno-sin-titulo3-scaled.jpg 2560w, https:\/\/www.frecan.es\/blog\/wp-content\/uploads\/2025\/05\/Diseno-sin-titulo3-300x169.jpg 300w, https:\/\/www.frecan.es\/blog\/wp-content\/uploads\/2025\/05\/Diseno-sin-titulo3-1024x576.jpg 1024w, https:\/\/www.frecan.es\/blog\/wp-content\/uploads\/2025\/05\/Diseno-sin-titulo3-768x432.jpg 768w, https:\/\/www.frecan.es\/blog\/wp-content\/uploads\/2025\/05\/Diseno-sin-titulo3-1536x864.jpg 1536w, https:\/\/www.frecan.es\/blog\/wp-content\/uploads\/2025\/05\/Diseno-sin-titulo3-2048x1152.jpg 2048w, https:\/\/www.frecan.es\/blog\/wp-content\/uploads\/2025\/05\/Diseno-sin-titulo3-800x450.jpg 800w, https:\/\/www.frecan.es\/blog\/wp-content\/uploads\/2025\/05\/Diseno-sin-titulo3-1280x720.jpg 1280w\" sizes=\"auto, (max-width: 2560px) 100vw, 2560px\" \/><\/a><b><\/b><\/p>\n<p><span style=\"color: #0000ff;\"><a style=\"color: #0000ff;\" href=\"https:\/\/www.frecan.com\/sinks\/undermount\/Ampla\/\/?mod_id=604\"><b>Ampla<\/b><\/a><\/span> is a great example: a sink with a practical yet uncommon size \u2014 <b>60 cm wide<\/b> \u2014 perfect for kitchens that seek a balance between functionality and space.<\/p>\n<p>Also joining the range are finishes like <span style=\"color: #0000ff;\"><a style=\"color: #0000ff;\" href=\"https:\/\/www.frecan.com\/sinks\/Granite\/kera\/\"><b>Kera Cacao<\/b><\/a><\/span> for granite sinks, a great option for creating warm and relaxing environments, and taps like <span style=\"color: #0000ff;\"><a style=\"color: #0000ff;\" href=\"https:\/\/www.frecan.com\/taps\/ligno\/\"><b>Ligno<\/b><\/a><\/span>, a <b>retractable<\/b> model that slides down to free up space when it&#8217;s needed most \u2014 ideal for placing in front of windows or in areas that require total freedom of movement.<\/p>\n<p><a href=\"https:\/\/www.frecan.com\/pdf\/frecan-highlights-2025-agua-en.pdf\" target=\"_blank\" rel=\"noopener\"><img loading=\"lazy\" decoding=\"async\" width=\"2560\" height=\"1204\" class=\"aligncenter wp-image-11627 size-full\" src=\"https:\/\/www.frecan.es\/blog\/wp-content\/uploads\/2025\/05\/Diseno-sin-titulo4-scaled.jpg\" class=\"light\" srcset=\"https:\/\/www.frecan.es\/blog\/wp-content\/uploads\/2025\/05\/Diseno-sin-titulo4-scaled.jpg 2560w, https:\/\/www.frecan.es\/blog\/wp-content\/uploads\/2025\/05\/Diseno-sin-titulo4-300x141.jpg 300w, https:\/\/www.frecan.es\/blog\/wp-content\/uploads\/2025\/05\/Diseno-sin-titulo4-1024x481.jpg 1024w, https:\/\/www.frecan.es\/blog\/wp-content\/uploads\/2025\/05\/Diseno-sin-titulo4-768x361.jpg 768w, https:\/\/www.frecan.es\/blog\/wp-content\/uploads\/2025\/05\/Diseno-sin-titulo4-1536x722.jpg 1536w, https:\/\/www.frecan.es\/blog\/wp-content\/uploads\/2025\/05\/Diseno-sin-titulo4-2048x963.jpg 2048w, https:\/\/www.frecan.es\/blog\/wp-content\/uploads\/2025\/05\/Diseno-sin-titulo4-800x376.jpg 800w, https:\/\/www.frecan.es\/blog\/wp-content\/uploads\/2025\/05\/Diseno-sin-titulo4-1280x602.jpg 1280w, https:\/\/www.frecan.es\/blog\/wp-content\/uploads\/2025\/05\/Diseno-sin-titulo4-440x207.jpg 440w\" sizes=\"auto, (max-width: 2560px) 100vw, 2560px\" \/><\/a><\/p>\n<p>On the other hand, for those who appreciate subtle details, taps like <a href=\"https:\/\/www.frecan.com\/taps\/cross\/\"><b><span style=\"color: #0000ff;\">Cross<\/span><\/b><\/a> or <span style=\"color: #0000ff;\"><a style=\"color: #0000ff;\" href=\"https:\/\/www.frecan.com\/taps\/vita-nua\/\"><b>Vita Nua<\/b><\/a><\/span> offer <b>finishes and accents with strong character<\/b>, designed for kitchens where design matters even when the water isn\u2019t running.<\/p>\n<p>Each of these additions responds to a different way of inhabiting the kitchen: more open, more practical, more aesthetic. Because not all projects are the same \u2014 and neither are the people who enjoy them.<\/p>\n<p>And that\u2019s what we think about when we design: offering options that integrate naturally, but also stand out for their functionality, aesthetics, and ability to adapt to the rhythm of each home.<\/p>\n<p><strong>Want to discover all the details?<\/strong><b><br \/>\n<\/b> Explore the latest launches in our <a href=\"https:\/\/www.frecan.com\/pdf\/frecan-highlights-2025-agua-en.pdf\"><strong>new digital catalogue<\/strong><\/a>.<\/p>\n<h4>Discover more<\/h4>\n<blockquote class=\"wp-embedded-content\" data-secret=\"p6ed8hBQbv\"><p><a href=\"https:\/\/www.frecan.es\/blog\/en\/frecantek-unique-pieces\/\">frecanTEK: piezas \u00fanicas para cocinas \u00fanicas<\/a><\/p><\/blockquote>\n<p><iframe loading=\"lazy\" class=\"wp-embedded-content\" sandbox=\"allow-scripts\" security=\"restricted\" style=\"position: absolute; visibility: hidden;\" title=\"&#8220;frecanTEK: piezas \u00fanicas para cocinas \u00fanicas&#8221; &#8212; Blog de Frecan\" src=\"https:\/\/www.frecan.es\/blog\/en\/frecantek-unique-pieces\/embed\/#?secret=kO1brOnDWx#?secret=p6ed8hBQbv\" data-secret=\"p6ed8hBQbv\" width=\"600\" height=\"338\" frameborder=\"0\" marginwidth=\"0\" marginheight=\"0\" scrolling=\"no\"><\/iframe><\/p>\n<blockquote class=\"wp-embedded-content\" data-secret=\"WXbyQzmyrN\"><p><a href=\"https:\/\/www.frecan.es\/blog\/en\/we-re-bringing-back-the-frecan-ice-maker\/\">Esta primavera, traemos de vuelta el Ice Maker de Frecan<\/a><\/p><\/blockquote>\n<p><iframe loading=\"lazy\" class=\"wp-embedded-content\" sandbox=\"allow-scripts\" security=\"restricted\" style=\"position: absolute; visibility: hidden;\" title=\"&#8220;Esta primavera, traemos de vuelta el Ice Maker de Frecan&#8221; &#8212; Blog de Frecan\" src=\"https:\/\/www.frecan.es\/blog\/en\/we-re-bringing-back-the-frecan-ice-maker\/embed\/#?secret=pCGCC4Tbxq#?secret=WXbyQzmyrN\" data-secret=\"WXbyQzmyrN\" width=\"600\" height=\"338\" frameborder=\"0\" marginwidth=\"0\" marginheight=\"0\" scrolling=\"no\"><\/iframe><\/p>\n","protected":false},"excerpt":{"rendered":"<p>We continue to introduce solutions that bring both personality and efficiency to the most lived-in space of the home.<\/p>\n","protected":false},"author":8,"featured_media":11652,"comment_status":"open","ping_status":"open","sticky":false,"template":"","format":"standard","meta":{"footnotes":""},"categories":[45],"tags":[],"class_list":{"0":"post-11637","1":"post","2":"type-post","3":"status-publish","4":"format-standard","5":"has-post-thumbnail","7":"category-faucets-and-sinks"},"yoast_head":"<!-- This site is optimized with the Yoast SEO plugin v24.7 - https:\/\/yoast.com\/wordpress\/plugins\/seo\/ -->\n<title>New proposals for the kitchen | New arrivals 2025 - Blog de Frecan<\/title>\n<meta name=\"description\" content=\"This spring, we present new additions to the water area... Explore the latest launches in our new digital catalogue...\" \/>\n<meta name=\"robots\" content=\"index, follow, max-snippet:-1, max-image-preview:large, max-video-preview:-1\" \/>\n<link rel=\"canonical\" href=\"https:\/\/www.frecan.es\/blog\/en\/new-proposals-for-the-kitchen-new-arrivals-2025\/\" \/>\n<meta property=\"og:locale\" content=\"en_US\" \/>\n<meta property=\"og:type\" content=\"article\" \/>\n<meta property=\"og:title\" content=\"New proposals for the kitchen | New arrivals 2025 - Blog de Frecan\" \/>\n<meta property=\"og:description\" content=\"This spring, we present new additions to the water area... Explore the latest launches in our new digital catalogue...\" \/>\n<meta property=\"og:url\" content=\"https:\/\/www.frecan.es\/blog\/en\/new-proposals-for-the-kitchen-new-arrivals-2025\/\" \/>\n<meta property=\"og:site_name\" content=\"Blog de Frecan\" \/>\n<meta property=\"article:published_time\" content=\"2025-05-08T08:00:48+00:00\" \/>\n<meta property=\"og:image\" content=\"https:\/\/www.frecan.es\/blog\/wp-content\/uploads\/2025\/05\/Diseno-sin-titulo-EN-1-scaled-e1746535068852.jpg\" \/>\n\t<meta property=\"og:image:width\" content=\"1698\" \/>\n\t<meta property=\"og:image:height\" content=\"1698\" \/>\n\t<meta property=\"og:image:type\" content=\"image\/jpeg\" \/>\n<meta name=\"author\" content=\"Tha\u00efs Alcal\u00e1\" \/>\n<meta name=\"twitter:card\" content=\"summary_large_image\" \/>\n<meta name=\"twitter:label1\" content=\"Written by\" \/>\n\t<meta name=\"twitter:data1\" content=\"Tha\u00efs Alcal\u00e1\" \/>\n\t<meta name=\"twitter:label2\" content=\"Est. reading time\" \/>\n\t<meta name=\"twitter:data2\" content=\"3 minutes\" \/>\n<script type=\"application\/ld+json\" class=\"yoast-schema-graph\">{\"@context\":\"https:\/\/schema.org\",\"@graph\":[{\"@type\":\"Article\",\"@id\":\"https:\/\/www.frecan.es\/blog\/en\/new-proposals-for-the-kitchen-new-arrivals-2025\/#article\",\"isPartOf\":{\"@id\":\"https:\/\/www.frecan.es\/blog\/en\/new-proposals-for-the-kitchen-new-arrivals-2025\/\"},\"author\":{\"name\":\"Tha\u00efs Alcal\u00e1\",\"@id\":\"https:\/\/www.frecan.es\/blog\/en\/#\/schema\/person\/807ea11d2c3f88890ae67a52637b8b3c\"},\"headline\":\"New proposals for the kitchen | New arrivals 2025\",\"datePublished\":\"2025-05-08T08:00:48+00:00\",\"mainEntityOfPage\":{\"@id\":\"https:\/\/www.frecan.es\/blog\/en\/new-proposals-for-the-kitchen-new-arrivals-2025\/\"},\"wordCount\":306,\"commentCount\":0,\"publisher\":{\"@id\":\"https:\/\/www.frecan.es\/blog\/en\/#organization\"},\"image\":{\"@id\":\"https:\/\/www.frecan.es\/blog\/en\/new-proposals-for-the-kitchen-new-arrivals-2025\/#primaryimage\"},\"thumbnailUrl\":\"https:\/\/www.frecan.es\/blog\/wp-content\/uploads\/2025\/05\/Diseno-sin-titulo-EN-1-scaled-e1746535068852.jpg\",\"articleSection\":[\"Faucets and Sinks\"],\"inLanguage\":\"en-US\",\"potentialAction\":[{\"@type\":\"CommentAction\",\"name\":\"Comment\",\"target\":[\"https:\/\/www.frecan.es\/blog\/en\/new-proposals-for-the-kitchen-new-arrivals-2025\/#respond\"]}]},{\"@type\":\"WebPage\",\"@id\":\"https:\/\/www.frecan.es\/blog\/en\/new-proposals-for-the-kitchen-new-arrivals-2025\/\",\"url\":\"https:\/\/www.frecan.es\/blog\/en\/new-proposals-for-the-kitchen-new-arrivals-2025\/\",\"name\":\"New proposals for the kitchen | New arrivals 2025 - Blog de Frecan\",\"isPartOf\":{\"@id\":\"https:\/\/www.frecan.es\/blog\/en\/#website\"},\"primaryImageOfPage\":{\"@id\":\"https:\/\/www.frecan.es\/blog\/en\/new-proposals-for-the-kitchen-new-arrivals-2025\/#primaryimage\"},\"image\":{\"@id\":\"https:\/\/www.frecan.es\/blog\/en\/new-proposals-for-the-kitchen-new-arrivals-2025\/#primaryimage\"},\"thumbnailUrl\":\"https:\/\/www.frecan.es\/blog\/wp-content\/uploads\/2025\/05\/Diseno-sin-titulo-EN-1-scaled-e1746535068852.jpg\",\"datePublished\":\"2025-05-08T08:00:48+00:00\",\"description\":\"This spring, we present new additions to the water area... Explore the latest launches in our new digital catalogue...\",\"breadcrumb\":{\"@id\":\"https:\/\/www.frecan.es\/blog\/en\/new-proposals-for-the-kitchen-new-arrivals-2025\/#breadcrumb\"},\"inLanguage\":\"en-US\",\"potentialAction\":[{\"@type\":\"ReadAction\",\"target\":[\"https:\/\/www.frecan.es\/blog\/en\/new-proposals-for-the-kitchen-new-arrivals-2025\/\"]}]},{\"@type\":\"ImageObject\",\"inLanguage\":\"en-US\",\"@id\":\"https:\/\/www.frecan.es\/blog\/en\/new-proposals-for-the-kitchen-new-arrivals-2025\/#primaryimage\",\"url\":\"https:\/\/www.frecan.es\/blog\/wp-content\/uploads\/2025\/05\/Diseno-sin-titulo-EN-1-scaled-e1746535068852.jpg\",\"contentUrl\":\"https:\/\/www.frecan.es\/blog\/wp-content\/uploads\/2025\/05\/Diseno-sin-titulo-EN-1-scaled-e1746535068852.jpg\",\"width\":1698,\"height\":1698},{\"@type\":\"BreadcrumbList\",\"@id\":\"https:\/\/www.frecan.es\/blog\/en\/new-proposals-for-the-kitchen-new-arrivals-2025\/#breadcrumb\",\"itemListElement\":[{\"@type\":\"ListItem\",\"position\":1,\"name\":\"Cover page\",\"item\":\"https:\/\/www.frecan.es\/blog\/en\/\"},{\"@type\":\"ListItem\",\"position\":2,\"name\":\"New proposals for the kitchen | New arrivals 2025\"}]},{\"@type\":\"WebSite\",\"@id\":\"https:\/\/www.frecan.es\/blog\/en\/#website\",\"url\":\"https:\/\/www.frecan.es\/blog\/en\/\",\"name\":\"Blog de Frecan\",\"description\":\"Craftsmanship, technology and avant-garde in the heart of your kitchen\",\"publisher\":{\"@id\":\"https:\/\/www.frecan.es\/blog\/en\/#organization\"},\"potentialAction\":[{\"@type\":\"SearchAction\",\"target\":{\"@type\":\"EntryPoint\",\"urlTemplate\":\"https:\/\/www.frecan.es\/blog\/en\/?s={search_term_string}\"},\"query-input\":{\"@type\":\"PropertyValueSpecification\",\"valueRequired\":true,\"valueName\":\"search_term_string\"}}],\"inLanguage\":\"en-US\"},{\"@type\":\"Organization\",\"@id\":\"https:\/\/www.frecan.es\/blog\/en\/#organization\",\"name\":\"Frecan\",\"url\":\"https:\/\/www.frecan.es\/blog\/en\/\",\"logo\":{\"@type\":\"ImageObject\",\"inLanguage\":\"en-US\",\"@id\":\"https:\/\/www.frecan.es\/blog\/en\/#\/schema\/logo\/image\/\",\"url\":\"https:\/\/www.frecan.es\/blog\/wp-content\/uploads\/2016\/02\/logo-frecan.png\",\"contentUrl\":\"https:\/\/www.frecan.es\/blog\/wp-content\/uploads\/2016\/02\/logo-frecan.png\",\"width\":250,\"height\":27,\"caption\":\"Frecan\"},\"image\":{\"@id\":\"https:\/\/www.frecan.es\/blog\/en\/#\/schema\/logo\/image\/\"}},{\"@type\":\"Person\",\"@id\":\"https:\/\/www.frecan.es\/blog\/en\/#\/schema\/person\/807ea11d2c3f88890ae67a52637b8b3c\",\"name\":\"Tha\u00efs Alcal\u00e1\",\"image\":{\"@type\":\"ImageObject\",\"inLanguage\":\"en-US\",\"@id\":\"https:\/\/www.frecan.es\/blog\/en\/#\/schema\/person\/image\/\",\"url\":\"https:\/\/secure.gravatar.com\/avatar\/ad063cd811075f52af0714b5e973cd08?s=96&d=mm&r=g\",\"contentUrl\":\"https:\/\/secure.gravatar.com\/avatar\/ad063cd811075f52af0714b5e973cd08?s=96&d=mm&r=g\",\"caption\":\"Tha\u00efs Alcal\u00e1\"},\"sameAs\":[\"http:\/\/www.frecan.es\"]}]}<\/script>\n<!-- \/ Yoast SEO plugin. -->","yoast_head_json":{"title":"New proposals for the kitchen | New arrivals 2025 - Blog de Frecan","description":"This spring, we present new additions to the water area... Explore the latest launches in our new digital catalogue...","robots":{"index":"index","follow":"follow","max-snippet":"max-snippet:-1","max-image-preview":"max-image-preview:large","max-video-preview":"max-video-preview:-1"},"canonical":"https:\/\/www.frecan.es\/blog\/en\/new-proposals-for-the-kitchen-new-arrivals-2025\/","og_locale":"en_US","og_type":"article","og_title":"New proposals for the kitchen | New arrivals 2025 - Blog de Frecan","og_description":"This spring, we present new additions to the water area... Explore the latest launches in our new digital catalogue...","og_url":"https:\/\/www.frecan.es\/blog\/en\/new-proposals-for-the-kitchen-new-arrivals-2025\/","og_site_name":"Blog de Frecan","article_published_time":"2025-05-08T08:00:48+00:00","og_image":[{"width":1698,"height":1698,"url":"https:\/\/www.frecan.es\/blog\/wp-content\/uploads\/2025\/05\/Diseno-sin-titulo-EN-1-scaled-e1746535068852.jpg","type":"image\/jpeg"}],"author":"Tha\u00efs Alcal\u00e1","twitter_card":"summary_large_image","twitter_misc":{"Written by":"Tha\u00efs Alcal\u00e1","Est. reading time":"3 minutes"},"schema":{"@context":"https:\/\/schema.org","@graph":[{"@type":"Article","@id":"https:\/\/www.frecan.es\/blog\/en\/new-proposals-for-the-kitchen-new-arrivals-2025\/#article","isPartOf":{"@id":"https:\/\/www.frecan.es\/blog\/en\/new-proposals-for-the-kitchen-new-arrivals-2025\/"},"author":{"name":"Tha\u00efs Alcal\u00e1","@id":"https:\/\/www.frecan.es\/blog\/en\/#\/schema\/person\/807ea11d2c3f88890ae67a52637b8b3c"},"headline":"New proposals for the kitchen | New arrivals 2025","datePublished":"2025-05-08T08:00:48+00:00","mainEntityOfPage":{"@id":"https:\/\/www.frecan.es\/blog\/en\/new-proposals-for-the-kitchen-new-arrivals-2025\/"},"wordCount":306,"commentCount":0,"publisher":{"@id":"https:\/\/www.frecan.es\/blog\/en\/#organization"},"image":{"@id":"https:\/\/www.frecan.es\/blog\/en\/new-proposals-for-the-kitchen-new-arrivals-2025\/#primaryimage"},"thumbnailUrl":"https:\/\/www.frecan.es\/blog\/wp-content\/uploads\/2025\/05\/Diseno-sin-titulo-EN-1-scaled-e1746535068852.jpg","articleSection":["Faucets and Sinks"],"inLanguage":"en-US","potentialAction":[{"@type":"CommentAction","name":"Comment","target":["https:\/\/www.frecan.es\/blog\/en\/new-proposals-for-the-kitchen-new-arrivals-2025\/#respond"]}]},{"@type":"WebPage","@id":"https:\/\/www.frecan.es\/blog\/en\/new-proposals-for-the-kitchen-new-arrivals-2025\/","url":"https:\/\/www.frecan.es\/blog\/en\/new-proposals-for-the-kitchen-new-arrivals-2025\/","name":"New proposals for the kitchen | New arrivals 2025 - Blog de Frecan","isPartOf":{"@id":"https:\/\/www.frecan.es\/blog\/en\/#website"},"primaryImageOfPage":{"@id":"https:\/\/www.frecan.es\/blog\/en\/new-proposals-for-the-kitchen-new-arrivals-2025\/#primaryimage"},"image":{"@id":"https:\/\/www.frecan.es\/blog\/en\/new-proposals-for-the-kitchen-new-arrivals-2025\/#primaryimage"},"thumbnailUrl":"https:\/\/www.frecan.es\/blog\/wp-content\/uploads\/2025\/05\/Diseno-sin-titulo-EN-1-scaled-e1746535068852.jpg","datePublished":"2025-05-08T08:00:48+00:00","description":"This spring, we present new additions to the water area... Explore the latest launches in our new digital catalogue...","breadcrumb":{"@id":"https:\/\/www.frecan.es\/blog\/en\/new-proposals-for-the-kitchen-new-arrivals-2025\/#breadcrumb"},"inLanguage":"en-US","potentialAction":[{"@type":"ReadAction","target":["https:\/\/www.frecan.es\/blog\/en\/new-proposals-for-the-kitchen-new-arrivals-2025\/"]}]},{"@type":"ImageObject","inLanguage":"en-US","@id":"https:\/\/www.frecan.es\/blog\/en\/new-proposals-for-the-kitchen-new-arrivals-2025\/#primaryimage","url":"https:\/\/www.frecan.es\/blog\/wp-content\/uploads\/2025\/05\/Diseno-sin-titulo-EN-1-scaled-e1746535068852.jpg","contentUrl":"https:\/\/www.frecan.es\/blog\/wp-content\/uploads\/2025\/05\/Diseno-sin-titulo-EN-1-scaled-e1746535068852.jpg","width":1698,"height":1698},{"@type":"BreadcrumbList","@id":"https:\/\/www.frecan.es\/blog\/en\/new-proposals-for-the-kitchen-new-arrivals-2025\/#breadcrumb","itemListElement":[{"@type":"ListItem","position":1,"name":"Cover page","item":"https:\/\/www.frecan.es\/blog\/en\/"},{"@type":"ListItem","position":2,"name":"New proposals for the kitchen | New arrivals 2025"}]},{"@type":"WebSite","@id":"https:\/\/www.frecan.es\/blog\/en\/#website","url":"https:\/\/www.frecan.es\/blog\/en\/","name":"Blog de Frecan","description":"Craftsmanship, technology and avant-garde in the heart of your kitchen","publisher":{"@id":"https:\/\/www.frecan.es\/blog\/en\/#organization"},"potentialAction":[{"@type":"SearchAction","target":{"@type":"EntryPoint","urlTemplate":"https:\/\/www.frecan.es\/blog\/en\/?s={search_term_string}"},"query-input":{"@type":"PropertyValueSpecification","valueRequired":true,"valueName":"search_term_string"}}],"inLanguage":"en-US"},{"@type":"Organization","@id":"https:\/\/www.frecan.es\/blog\/en\/#organization","name":"Frecan","url":"https:\/\/www.frecan.es\/blog\/en\/","logo":{"@type":"ImageObject","inLanguage":"en-US","@id":"https:\/\/www.frecan.es\/blog\/en\/#\/schema\/logo\/image\/","url":"https:\/\/www.frecan.es\/blog\/wp-content\/uploads\/2016\/02\/logo-frecan.png","contentUrl":"https:\/\/www.frecan.es\/blog\/wp-content\/uploads\/2016\/02\/logo-frecan.png","width":250,"height":27,"caption":"Frecan"},"image":{"@id":"https:\/\/www.frecan.es\/blog\/en\/#\/schema\/logo\/image\/"}},{"@type":"Person","@id":"https:\/\/www.frecan.es\/blog\/en\/#\/schema\/person\/807ea11d2c3f88890ae67a52637b8b3c","name":"Tha\u00efs Alcal\u00e1","image":{"@type":"ImageObject","inLanguage":"en-US","@id":"https:\/\/www.frecan.es\/blog\/en\/#\/schema\/person\/image\/","url":"https:\/\/secure.gravatar.com\/avatar\/ad063cd811075f52af0714b5e973cd08?s=96&d=mm&r=g","contentUrl":"https:\/\/secure.gravatar.com\/avatar\/ad063cd811075f52af0714b5e973cd08?s=96&d=mm&r=g","caption":"Tha\u00efs Alcal\u00e1"},"sameAs":["http:\/\/www.frecan.es"]}]}},"_links":{"self":[{"href":"https:\/\/www.frecan.es\/blog\/en\/wp-json\/wp\/v2\/posts\/11637","targetHints":{"allow":["GET"]}}],"collection":[{"href":"https:\/\/www.frecan.es\/blog\/en\/wp-json\/wp\/v2\/posts"}],"about":[{"href":"https:\/\/www.frecan.es\/blog\/en\/wp-json\/wp\/v2\/types\/post"}],"author":[{"embeddable":true,"href":"https:\/\/www.frecan.es\/blog\/en\/wp-json\/wp\/v2\/users\/8"}],"replies":[{"embeddable":true,"href":"https:\/\/www.frecan.es\/blog\/en\/wp-json\/wp\/v2\/comments?post=11637"}],"version-history":[{"count":5,"href":"https:\/\/www.frecan.es\/blog\/en\/wp-json\/wp\/v2\/posts\/11637\/revisions"}],"predecessor-version":[{"id":11665,"href":"https:\/\/www.frecan.es\/blog\/en\/wp-json\/wp\/v2\/posts\/11637\/revisions\/11665"}],"wp:featuredmedia":[{"embeddable":true,"href":"https:\/\/www.frecan.es\/blog\/en\/wp-json\/wp\/v2\/media\/11652"}],"wp:attachment":[{"href":"https:\/\/www.frecan.es\/blog\/en\/wp-json\/wp\/v2\/media?parent=11637"}],"wp:term":[{"taxonomy":"category","embeddable":true,"href":"https:\/\/www.frecan.es\/blog\/en\/wp-json\/wp\/v2\/categories?post=11637"},{"taxonomy":"post_tag","embeddable":true,"href":"https:\/\/www.frecan.es\/blog\/en\/wp-json\/wp\/v2\/tags?post=11637"}],"curies":[{"name":"wp","href":"https:\/\/api.w.org\/{rel}","templated":true}]}}